{"id":6211,"date":"2023-02-01T16:53:36","date_gmt":"2023-02-01T20:53:36","guid":{"rendered":"http:\/\/blogdacondessa.com.br\/?p=6211"},"modified":"2023-02-01T16:53:36","modified_gmt":"2023-02-01T20:53:36","slug":"o-tribunal-de-contas-de-mato-grosso-e-humano-educado-e-respeitador-do-jurisdicionado","status":"publish","type":"post","link":"https:\/\/blogdacondessa.com.br\/blog\/institucional\/o-tribunal-de-contas-de-mato-grosso-e-humano-educado-e-respeitador-do-jurisdicionado\/","title":{"rendered":"\u201cO Tribunal de Contas de Mato Grosso \u00e9 humano, educado e respeitador do jurisdicionado\u201d"},"content":{"rendered":"<p>O conselheiro S\u00e9rgio Ricardo assegurou, em reuni\u00e3o com vereadores e profissionais de sa\u00fade de Sorriso no \u00faltimo dia 31, que o Tribunal de Contas de Mato Grosso (TCE-MT) vai garantir seguran\u00e7a t\u00e9cnico-jur\u00eddica aos gestores dos 141 munic\u00edpios do estado para pagamento do adicional de insalubridade aos agentes de sa\u00fade e de combate a endemias, um direito constitucional.<\/p>\n<p>\u201cH\u00e1 uma Emenda Constitucional que diz que a categoria tem direito \u00e0 insalubridade, mas existe muita d\u00favida em rela\u00e7\u00e3o a interpreta\u00e7\u00e3o da Norma. Sorriso protocolou uma consulta junto ao TCE-MT e vamos auxiliar, esclarecendo o que diz o texto da Constitui\u00e7\u00e3o e proporcionando seguran\u00e7a ao gestor, que muitas vezes fica preocupado em pagar e ser questionado na hora de prestar contas ao Tribunal\u201d, explicou o conselheiro, que \u00e9 relator das contas do munic\u00edpio.<\/p>\n<p>Ainda conforme S\u00e9rgio Ricardo, o TCE-MT vai trabalhar para que todos os munic\u00edpios paguem o adicional \u00e0s duas categorias. \u201cCuiab\u00e1, por exemplo, paga para os agentes de combate a endemias e n\u00e3o paga para os agentes de sa\u00fade, que tamb\u00e9m devem receber. O munic\u00edpio precisa se unir ao que diz a Emenda Constitucional e aos outros munic\u00edpios que j\u00e1 pagam, dar o exemplo\u201d.<\/p>\n<p>Representando os agentes comunit\u00e1rios de Sorriso, Elizandra Maura disse estar surpresa com a recep\u00e7\u00e3o que teve no Tribunal de Contas. \u201cEstou com o cora\u00e7\u00e3o transbordando, jamais imaginei que ter\u00edamos essa recep\u00e7\u00e3o. Para n\u00f3s, foi important\u00edssimo, porque estamos cansados de bater de porta em porta e toda vez encontrar ela fechada. Aqui, encontramos uma luz no fim do t\u00fanel e isso nos motivou muito. Sorriso est\u00e1 sendo um marco para essa demanda que outros munic\u00edpios tamb\u00e9m enfrentam\u201d.<\/p>\n<p>O vereador por Sorriso Leandro Carlos Damiani tamb\u00e9m agradeceu a receptividade do TCE-MT, por meio do conselheiro, e destacou a import\u00e2ncia dessa proximidade do \u00f3rg\u00e3o de controle externo com a comunidade. \u201c\u00c9 muito bom quando temos um conselheiro que j\u00e1 viveu na base, j\u00e1 foi vereador, deputado e hoje est\u00e1 aqui, pois ele sabe do que estamos falando, j\u00e1 viveu isso. Essa orienta\u00e7\u00e3o nos traz seguran\u00e7a como vereador para levar informa\u00e7\u00e3o para o prefeito. Quando somos bem orientados, como fomos aqui, traz seguran\u00e7a para todos e quem ganha com isso \u00e9 a sociedade\u201d.<\/p>\n<p>Da mesma forma se manifestou o parlamentar Maur\u00edcio Gomes, ao destacar o fato de o Tribunal de Contas estar de portas abertas para a popula\u00e7\u00e3o. \u201cMuitas vezes as pessoas t\u00eam medo, acham que o TCE \u00e9 restrito e n\u00e3o \u00e9 assim. O conselheiro abriu o cora\u00e7\u00e3o, abriu as portas para a comunidade para debater pol\u00edticas p\u00fablicas. Os agentes saem daqui agraciados\u201d.<\/p>\n<p>J\u00e1 a vereadora Jane Delalibera destacou outras conquistas do munic\u00edpio junto ao TCE-MT. \u201cEstivemos aqui outras vezes buscando a certifica\u00e7\u00e3o dos agentes e fomos atendidos. Hoje eles t\u00eam dignidade e v\u00e3o ter uma aposentadoria digna, isso \u00e9 valoriza\u00e7\u00e3o das pessoas que servem o cidad\u00e3o. J\u00e1 tivemos essa resposta no ano passado e agora viemos aqui em busca do cumprimento da nova Lei e sa\u00edmos daqui com uma grande satisfa\u00e7\u00e3o\u201d.<\/p>\n<p>Presidente do Sindicato dos Servidores P\u00fablicos Municipais de Sorriso (Sinsems), Leocir Jos\u00e9 Faccio ponderou que o prefeito, Ari Lafin, protocolou a consulta no Tribunal de Contas para sanar d\u00favidas e o conselheiro prontamente os atendeu. \u201cProp\u00f4s para n\u00f3s, dentro da nossa ang\u00fastia, uma solu\u00e7\u00e3o que vai servir para todo o estado\u201d.<\/p>\n<p>Por fim, o conselheiro S\u00e9rgio Ricardo salientou que a quest\u00e3o ser\u00e1 levada para uma mesa t\u00e9cnica, a fim de ser discutida com mais profundidade. \u201cVamos criar uma jurisprud\u00eancia, um entendimento \u00fanico, para que todos os prefeitos possam adotar o que diz a Constitui\u00e7\u00e3o. Esse \u00e9 o papel do TCE-MT. Foi o tempo em que o TCE s\u00f3 queria punir, apontar erros, hoje buscamos orientar, auxiliar, mostrar para o gestor como seguir as determina\u00e7\u00f5es da lei. O Tribunal de Contas de Mato Grosso \u00e9 humano, educado e respeitador do jurisdicionado\u201d.<\/p>\n<p>&nbsp;<\/p>\n<p>&nbsp;<\/p>\n<p>&nbsp;<\/p>\n","protected":false},"excerpt":{"rendered":"<p>O conselheiro S\u00e9rgio Ricardo assegurou, em reuni\u00e3o com vereadores e profissionais de sa\u00fade de Sorriso no \u00faltimo dia 31, que o Tribunal de Contas de Mato Grosso (TCE-MT) vai garantir seguran\u00e7a t\u00e9cnico-jur\u00eddica aos gestores dos 141 munic\u00edpios do estado para pagamento do adicional de insalubridade aos agentes de sa\u00fade e de combate a endemias, um [&hellip;]<\/p>\n","protected":false},"author":2,"featured_media":6212,"comment_status":"closed","ping_status":"closed","sticky":false,"template":"","format":"standard","meta":{"iawp_total_views":0,"footnotes":""},"categories":[13],"tags":[],"class_list":["post-6211","post","type-post","status-publish","format-standard","has-post-thumbnail","hentry","category-institucional"],"yoast_head":"<!-- This site is optimized with the Yoast SEO plugin v27.3 - https:\/\/yoast.com\/product\/yoast-seo-wordpress\/ -->\n<title>\u201cO Tribunal de Contas de Mato Grosso \u00e9 humano, educado e respeitador do jurisdicionado\u201d &#8902; Blog da Condessa<\/title>\n<meta name=\"robots\" content=\"index, follow, max-snippet:-1, max-image-preview:large, max-video-preview:-1\" \/>\n<link rel=\"canonical\" href=\"https:\/\/blogdacondessa.com.br\/blog\/institucional\/o-tribunal-de-contas-de-mato-grosso-e-humano-educado-e-respeitador-do-jurisdicionado\/\" \/>\n<meta property=\"og:locale\" content=\"pt_BR\" \/>\n<meta property=\"og:type\" content=\"article\" \/>\n<meta property=\"og:title\" content=\"\u201cO Tribunal de Contas de Mato Grosso \u00e9 humano, educado e respeitador do jurisdicionado\u201d &#8902; Blog da Condessa\" \/>\n<meta property=\"og:description\" content=\"O conselheiro S\u00e9rgio Ricardo assegurou, em reuni\u00e3o com vereadores e profissionais de sa\u00fade de Sorriso no \u00faltimo dia 31, que o Tribunal de Contas de Mato Grosso (TCE-MT) vai garantir seguran\u00e7a t\u00e9cnico-jur\u00eddica aos gestores dos 141 munic\u00edpios do estado para pagamento do adicional de insalubridade aos agentes de sa\u00fade e de combate a endemias, um [&hellip;]\" \/>\n<meta property=\"og:url\" content=\"https:\/\/blogdacondessa.com.br\/blog\/institucional\/o-tribunal-de-contas-de-mato-grosso-e-humano-educado-e-respeitador-do-jurisdicionado\/\" \/>\n<meta property=\"og:site_name\" content=\"Blog da Condessa\" \/>\n<meta property=\"article:published_time\" content=\"2023-02-01T20:53:36+00:00\" \/>\n<meta property=\"og:image\" content=\"https:\/\/blogdacondessa.com.br\/blog\/wp-content\/uploads\/2023\/02\/TCE-MT.jpg\" \/>\n\t<meta property=\"og:image:width\" content=\"365\" \/>\n\t<meta property=\"og:image:height\" content=\"243\" \/>\n\t<meta property=\"og:image:type\" content=\"image\/jpeg\" \/>\n<meta name=\"author\" content=\"Blog da Condessa\" \/>\n<meta name=\"twitter:card\" content=\"summary_large_image\" \/>\n<meta name=\"twitter:label1\" content=\"Escrito por\" \/>\n\t<meta name=\"twitter:data1\" content=\"Blog da Condessa\" \/>\n\t<meta name=\"twitter:label2\" content=\"Est. tempo de leitura\" \/>\n\t<meta name=\"twitter:data2\" content=\"4 minutos\" \/>\n<script type=\"application\/ld+json\" class=\"yoast-schema-graph\">{\"@context\":\"https:\\\/\\\/schema.org\",\"@graph\":[{\"@type\":\"Article\",\"@id\":\"https:\\\/\\\/blogdacondessa.com.br\\\/blog\\\/institucional\\\/o-tribunal-de-contas-de-mato-grosso-e-humano-educado-e-respeitador-do-jurisdicionado\\\/#article\",\"isPartOf\":{\"@id\":\"https:\\\/\\\/blogdacondessa.com.br\\\/blog\\\/institucional\\\/o-tribunal-de-contas-de-mato-grosso-e-humano-educado-e-respeitador-do-jurisdicionado\\\/\"},\"author\":{\"name\":\"Blog da Condessa\",\"@id\":\"https:\\\/\\\/blogdacondessa.com.br\\\/blog\\\/#\\\/schema\\\/person\\\/1d667ff8b785195b568677489d266035\"},\"headline\":\"\u201cO Tribunal de Contas de Mato Grosso \u00e9 humano, educado e respeitador do jurisdicionado\u201d\",\"datePublished\":\"2023-02-01T20:53:36+00:00\",\"mainEntityOfPage\":{\"@id\":\"https:\\\/\\\/blogdacondessa.com.br\\\/blog\\\/institucional\\\/o-tribunal-de-contas-de-mato-grosso-e-humano-educado-e-respeitador-do-jurisdicionado\\\/\"},\"wordCount\":702,\"image\":{\"@id\":\"https:\\\/\\\/blogdacondessa.com.br\\\/blog\\\/institucional\\\/o-tribunal-de-contas-de-mato-grosso-e-humano-educado-e-respeitador-do-jurisdicionado\\\/#primaryimage\"},\"thumbnailUrl\":\"https:\\\/\\\/blogdacondessa.com.br\\\/blog\\\/wp-content\\\/uploads\\\/2023\\\/02\\\/TCE-MT.jpg\",\"articleSection\":[\"Institucional\"],\"inLanguage\":\"pt-BR\"},{\"@type\":\"WebPage\",\"@id\":\"https:\\\/\\\/blogdacondessa.com.br\\\/blog\\\/institucional\\\/o-tribunal-de-contas-de-mato-grosso-e-humano-educado-e-respeitador-do-jurisdicionado\\\/\",\"url\":\"https:\\\/\\\/blogdacondessa.com.br\\\/blog\\\/institucional\\\/o-tribunal-de-contas-de-mato-grosso-e-humano-educado-e-respeitador-do-jurisdicionado\\\/\",\"name\":\"\u201cO Tribunal de Contas de Mato Grosso \u00e9 humano, educado e respeitador do jurisdicionado\u201d &#8902; Blog da Condessa\",\"isPartOf\":{\"@id\":\"https:\\\/\\\/blogdacondessa.com.br\\\/blog\\\/#website\"},\"primaryImageOfPage\":{\"@id\":\"https:\\\/\\\/blogdacondessa.com.br\\\/blog\\\/institucional\\\/o-tribunal-de-contas-de-mato-grosso-e-humano-educado-e-respeitador-do-jurisdicionado\\\/#primaryimage\"},\"image\":{\"@id\":\"https:\\\/\\\/blogdacondessa.com.br\\\/blog\\\/institucional\\\/o-tribunal-de-contas-de-mato-grosso-e-humano-educado-e-respeitador-do-jurisdicionado\\\/#primaryimage\"},\"thumbnailUrl\":\"https:\\\/\\\/blogdacondessa.com.br\\\/blog\\\/wp-content\\\/uploads\\\/2023\\\/02\\\/TCE-MT.jpg\",\"datePublished\":\"2023-02-01T20:53:36+00:00\",\"author\":{\"@id\":\"https:\\\/\\\/blogdacondessa.com.br\\\/blog\\\/#\\\/schema\\\/person\\\/1d667ff8b785195b568677489d266035\"},\"breadcrumb\":{\"@id\":\"https:\\\/\\\/blogdacondessa.com.br\\\/blog\\\/institucional\\\/o-tribunal-de-contas-de-mato-grosso-e-humano-educado-e-respeitador-do-jurisdicionado\\\/#breadcrumb\"},\"inLanguage\":\"pt-BR\",\"potentialAction\":[{\"@type\":\"ReadAction\",\"target\":[\"https:\\\/\\\/blogdacondessa.com.br\\\/blog\\\/institucional\\\/o-tribunal-de-contas-de-mato-grosso-e-humano-educado-e-respeitador-do-jurisdicionado\\\/\"]}]},{\"@type\":\"ImageObject\",\"inLanguage\":\"pt-BR\",\"@id\":\"https:\\\/\\\/blogdacondessa.com.br\\\/blog\\\/institucional\\\/o-tribunal-de-contas-de-mato-grosso-e-humano-educado-e-respeitador-do-jurisdicionado\\\/#primaryimage\",\"url\":\"https:\\\/\\\/blogdacondessa.com.br\\\/blog\\\/wp-content\\\/uploads\\\/2023\\\/02\\\/TCE-MT.jpg\",\"contentUrl\":\"https:\\\/\\\/blogdacondessa.com.br\\\/blog\\\/wp-content\\\/uploads\\\/2023\\\/02\\\/TCE-MT.jpg\",\"width\":365,\"height\":243,\"caption\":\"Foto: Tony Ribeiro\\\/TCE-MT\"},{\"@type\":\"BreadcrumbList\",\"@id\":\"https:\\\/\\\/blogdacondessa.com.br\\\/blog\\\/institucional\\\/o-tribunal-de-contas-de-mato-grosso-e-humano-educado-e-respeitador-do-jurisdicionado\\\/#breadcrumb\",\"itemListElement\":[{\"@type\":\"ListItem\",\"position\":1,\"name\":\"In\u00edcio\",\"item\":\"https:\\\/\\\/blogdacondessa.com.br\\\/blog\\\/\"},{\"@type\":\"ListItem\",\"position\":2,\"name\":\"\u201cO Tribunal de Contas de Mato Grosso \u00e9 humano, educado e respeitador do jurisdicionado\u201d\"}]},{\"@type\":\"WebSite\",\"@id\":\"https:\\\/\\\/blogdacondessa.com.br\\\/blog\\\/#website\",\"url\":\"https:\\\/\\\/blogdacondessa.com.br\\\/blog\\\/\",\"name\":\"Blog da Condessa\",\"description\":\"Com Shirley de Souza O\u2019Campos\",\"potentialAction\":[{\"@type\":\"SearchAction\",\"target\":{\"@type\":\"EntryPoint\",\"urlTemplate\":\"https:\\\/\\\/blogdacondessa.com.br\\\/blog\\\/?s={search_term_string}\"},\"query-input\":{\"@type\":\"PropertyValueSpecification\",\"valueRequired\":true,\"valueName\":\"search_term_string\"}}],\"inLanguage\":\"pt-BR\"},{\"@type\":\"Person\",\"@id\":\"https:\\\/\\\/blogdacondessa.com.br\\\/blog\\\/#\\\/schema\\\/person\\\/1d667ff8b785195b568677489d266035\",\"name\":\"Blog da Condessa\",\"image\":{\"@type\":\"ImageObject\",\"inLanguage\":\"pt-BR\",\"@id\":\"https:\\\/\\\/secure.gravatar.com\\\/avatar\\\/377c0eb8b4ad2bfc25461b41564b5971e721ca34a57642868fc7b0c8ac7b52c5?s=96&d=mm&r=g\",\"url\":\"https:\\\/\\\/secure.gravatar.com\\\/avatar\\\/377c0eb8b4ad2bfc25461b41564b5971e721ca34a57642868fc7b0c8ac7b52c5?s=96&d=mm&r=g\",\"contentUrl\":\"https:\\\/\\\/secure.gravatar.com\\\/avatar\\\/377c0eb8b4ad2bfc25461b41564b5971e721ca34a57642868fc7b0c8ac7b52c5?s=96&d=mm&r=g\",\"caption\":\"Blog da Condessa\"},\"url\":\"https:\\\/\\\/blogdacondessa.com.br\\\/blog\\\/author\\\/beatriz\\\/\"}]}<\/script>\n<!-- \/ Yoast SEO plugin. -->","yoast_head_json":{"title":"\u201cO Tribunal de Contas de Mato Grosso \u00e9 humano, educado e respeitador do jurisdicionado\u201d &#8902; Blog da Condessa","robots":{"index":"index","follow":"follow","max-snippet":"max-snippet:-1","max-image-preview":"max-image-preview:large","max-video-preview":"max-video-preview:-1"},"canonical":"https:\/\/blogdacondessa.com.br\/blog\/institucional\/o-tribunal-de-contas-de-mato-grosso-e-humano-educado-e-respeitador-do-jurisdicionado\/","og_locale":"pt_BR","og_type":"article","og_title":"\u201cO Tribunal de Contas de Mato Grosso \u00e9 humano, educado e respeitador do jurisdicionado\u201d &#8902; Blog da Condessa","og_description":"O conselheiro S\u00e9rgio Ricardo assegurou, em reuni\u00e3o com vereadores e profissionais de sa\u00fade de Sorriso no \u00faltimo dia 31, que o Tribunal de Contas de Mato Grosso (TCE-MT) vai garantir seguran\u00e7a t\u00e9cnico-jur\u00eddica aos gestores dos 141 munic\u00edpios do estado para pagamento do adicional de insalubridade aos agentes de sa\u00fade e de combate a endemias, um [&hellip;]","og_url":"https:\/\/blogdacondessa.com.br\/blog\/institucional\/o-tribunal-de-contas-de-mato-grosso-e-humano-educado-e-respeitador-do-jurisdicionado\/","og_site_name":"Blog da Condessa","article_published_time":"2023-02-01T20:53:36+00:00","og_image":[{"width":365,"height":243,"url":"https:\/\/blogdacondessa.com.br\/blog\/wp-content\/uploads\/2023\/02\/TCE-MT.jpg","type":"image\/jpeg"}],"author":"Blog da Condessa","twitter_card":"summary_large_image","twitter_misc":{"Escrito por":"Blog da Condessa","Est. tempo de leitura":"4 minutos"},"schema":{"@context":"https:\/\/schema.org","@graph":[{"@type":"Article","@id":"https:\/\/blogdacondessa.com.br\/blog\/institucional\/o-tribunal-de-contas-de-mato-grosso-e-humano-educado-e-respeitador-do-jurisdicionado\/#article","isPartOf":{"@id":"https:\/\/blogdacondessa.com.br\/blog\/institucional\/o-tribunal-de-contas-de-mato-grosso-e-humano-educado-e-respeitador-do-jurisdicionado\/"},"author":{"name":"Blog da Condessa","@id":"https:\/\/blogdacondessa.com.br\/blog\/#\/schema\/person\/1d667ff8b785195b568677489d266035"},"headline":"\u201cO Tribunal de Contas de Mato Grosso \u00e9 humano, educado e respeitador do jurisdicionado\u201d","datePublished":"2023-02-01T20:53:36+00:00","mainEntityOfPage":{"@id":"https:\/\/blogdacondessa.com.br\/blog\/institucional\/o-tribunal-de-contas-de-mato-grosso-e-humano-educado-e-respeitador-do-jurisdicionado\/"},"wordCount":702,"image":{"@id":"https:\/\/blogdacondessa.com.br\/blog\/institucional\/o-tribunal-de-contas-de-mato-grosso-e-humano-educado-e-respeitador-do-jurisdicionado\/#primaryimage"},"thumbnailUrl":"https:\/\/blogdacondessa.com.br\/blog\/wp-content\/uploads\/2023\/02\/TCE-MT.jpg","articleSection":["Institucional"],"inLanguage":"pt-BR"},{"@type":"WebPage","@id":"https:\/\/blogdacondessa.com.br\/blog\/institucional\/o-tribunal-de-contas-de-mato-grosso-e-humano-educado-e-respeitador-do-jurisdicionado\/","url":"https:\/\/blogdacondessa.com.br\/blog\/institucional\/o-tribunal-de-contas-de-mato-grosso-e-humano-educado-e-respeitador-do-jurisdicionado\/","name":"\u201cO Tribunal de Contas de Mato Grosso \u00e9 humano, educado e respeitador do jurisdicionado\u201d &#8902; Blog da Condessa","isPartOf":{"@id":"https:\/\/blogdacondessa.com.br\/blog\/#website"},"primaryImageOfPage":{"@id":"https:\/\/blogdacondessa.com.br\/blog\/institucional\/o-tribunal-de-contas-de-mato-grosso-e-humano-educado-e-respeitador-do-jurisdicionado\/#primaryimage"},"image":{"@id":"https:\/\/blogdacondessa.com.br\/blog\/institucional\/o-tribunal-de-contas-de-mato-grosso-e-humano-educado-e-respeitador-do-jurisdicionado\/#primaryimage"},"thumbnailUrl":"https:\/\/blogdacondessa.com.br\/blog\/wp-content\/uploads\/2023\/02\/TCE-MT.jpg","datePublished":"2023-02-01T20:53:36+00:00","author":{"@id":"https:\/\/blogdacondessa.com.br\/blog\/#\/schema\/person\/1d667ff8b785195b568677489d266035"},"breadcrumb":{"@id":"https:\/\/blogdacondessa.com.br\/blog\/institucional\/o-tribunal-de-contas-de-mato-grosso-e-humano-educado-e-respeitador-do-jurisdicionado\/#breadcrumb"},"inLanguage":"pt-BR","potentialAction":[{"@type":"ReadAction","target":["https:\/\/blogdacondessa.com.br\/blog\/institucional\/o-tribunal-de-contas-de-mato-grosso-e-humano-educado-e-respeitador-do-jurisdicionado\/"]}]},{"@type":"ImageObject","inLanguage":"pt-BR","@id":"https:\/\/blogdacondessa.com.br\/blog\/institucional\/o-tribunal-de-contas-de-mato-grosso-e-humano-educado-e-respeitador-do-jurisdicionado\/#primaryimage","url":"https:\/\/blogdacondessa.com.br\/blog\/wp-content\/uploads\/2023\/02\/TCE-MT.jpg","contentUrl":"https:\/\/blogdacondessa.com.br\/blog\/wp-content\/uploads\/2023\/02\/TCE-MT.jpg","width":365,"height":243,"caption":"Foto: Tony Ribeiro\/TCE-MT"},{"@type":"BreadcrumbList","@id":"https:\/\/blogdacondessa.com.br\/blog\/institucional\/o-tribunal-de-contas-de-mato-grosso-e-humano-educado-e-respeitador-do-jurisdicionado\/#breadcrumb","itemListElement":[{"@type":"ListItem","position":1,"name":"In\u00edcio","item":"https:\/\/blogdacondessa.com.br\/blog\/"},{"@type":"ListItem","position":2,"name":"\u201cO Tribunal de Contas de Mato Grosso \u00e9 humano, educado e respeitador do jurisdicionado\u201d"}]},{"@type":"WebSite","@id":"https:\/\/blogdacondessa.com.br\/blog\/#website","url":"https:\/\/blogdacondessa.com.br\/blog\/","name":"Blog da Condessa","description":"Com Shirley de Souza O\u2019Campos","potentialAction":[{"@type":"SearchAction","target":{"@type":"EntryPoint","urlTemplate":"https:\/\/blogdacondessa.com.br\/blog\/?s={search_term_string}"},"query-input":{"@type":"PropertyValueSpecification","valueRequired":true,"valueName":"search_term_string"}}],"inLanguage":"pt-BR"},{"@type":"Person","@id":"https:\/\/blogdacondessa.com.br\/blog\/#\/schema\/person\/1d667ff8b785195b568677489d266035","name":"Blog da Condessa","image":{"@type":"ImageObject","inLanguage":"pt-BR","@id":"https:\/\/secure.gravatar.com\/avatar\/377c0eb8b4ad2bfc25461b41564b5971e721ca34a57642868fc7b0c8ac7b52c5?s=96&d=mm&r=g","url":"https:\/\/secure.gravatar.com\/avatar\/377c0eb8b4ad2bfc25461b41564b5971e721ca34a57642868fc7b0c8ac7b52c5?s=96&d=mm&r=g","contentUrl":"https:\/\/secure.gravatar.com\/avatar\/377c0eb8b4ad2bfc25461b41564b5971e721ca34a57642868fc7b0c8ac7b52c5?s=96&d=mm&r=g","caption":"Blog da Condessa"},"url":"https:\/\/blogdacondessa.com.br\/blog\/author\/beatriz\/"}]}},"_links":{"self":[{"href":"https:\/\/blogdacondessa.com.br\/blog\/wp-json\/wp\/v2\/posts\/6211","targetHints":{"allow":["GET"]}}],"collection":[{"href":"https:\/\/blogdacondessa.com.br\/blog\/wp-json\/wp\/v2\/posts"}],"about":[{"href":"https:\/\/blogdacondessa.com.br\/blog\/wp-json\/wp\/v2\/types\/post"}],"author":[{"embeddable":true,"href":"https:\/\/blogdacondessa.com.br\/blog\/wp-json\/wp\/v2\/users\/2"}],"replies":[{"embeddable":true,"href":"https:\/\/blogdacondessa.com.br\/blog\/wp-json\/wp\/v2\/comments?post=6211"}],"version-history":[{"count":0,"href":"https:\/\/blogdacondessa.com.br\/blog\/wp-json\/wp\/v2\/posts\/6211\/revisions"}],"wp:featuredmedia":[{"embeddable":true,"href":"https:\/\/blogdacondessa.com.br\/blog\/wp-json\/wp\/v2\/media\/6212"}],"wp:attachment":[{"href":"https:\/\/blogdacondessa.com.br\/blog\/wp-json\/wp\/v2\/media?parent=6211"}],"wp:term":[{"taxonomy":"category","embeddable":true,"href":"https:\/\/blogdacondessa.com.br\/blog\/wp-json\/wp\/v2\/categories?post=6211"},{"taxonomy":"post_tag","embeddable":true,"href":"https:\/\/blogdacondessa.com.br\/blog\/wp-json\/wp\/v2\/tags?post=6211"}],"curies":[{"name":"wp","href":"https:\/\/api.w.org\/{rel}","templated":true}]}}