{"id":6200,"date":"2023-02-01T09:19:08","date_gmt":"2023-02-01T13:19:08","guid":{"rendered":"http:\/\/blogdacondessa.com.br\/?p=6200"},"modified":"2023-02-01T09:19:08","modified_gmt":"2023-02-01T13:19:08","slug":"folia-no-museu","status":"publish","type":"post","link":"https:\/\/blogdacondessa.com.br\/blog\/cidades\/folia-no-museu\/","title":{"rendered":"\u201cFolia no Museu\u201d"},"content":{"rendered":"<p>O Museu de Hist\u00f3ria Natural de Mato Grosso abre, nesta quarta-feira (1\u00ba), as inscri\u00e7\u00f5es para a agenda de atividades educativas do m\u00eas de fevereiro.<\/p>\n<p>Durante todos os s\u00e1bados do m\u00eas ser\u00e1 realizada a\u00a0\u201cFolia no Museu\u201d, na \u00e1rea verde, que\u00a0contar\u00e1 com oficinas de lettering em caderno, de m\u00e1scara com papietagem, o Carnaval no Museu e concurso de fantasia, e oficina de pintura fant\u00e1stica com guache.<\/p>\n<p>As atividades s\u00e3o abertas para todas as idades\u00a0e as inscri\u00e7\u00f5es, gratuitas. O\u00a0n\u00famero de vagas \u00e9 limitado, por isso\u00a0os interessados devem se cadastrar para as oficinas no link\u00a0<a href=\"https:\/\/linktr.ee\/mhnmt\">https:\/\/linktr.ee\/mhnmt<\/a>. As inscri\u00e7\u00f5es ser\u00e3o ser liberadas nas quartas-feiras que antecedem a realiza\u00e7\u00e3o das oficinas.<\/p>\n<p>A curadora do Museu, Vit\u00f3ria Ramirez Zanquetta, explica que o objetivo\u00a0\u00e9 oferecer \u00e0 comunidade uma op\u00e7\u00e3o gratuita de lazer para aumentar a criatividade e a intera\u00e7\u00e3o social.<\/p>\n<p>\u201cPropomos aos participantes um espa\u00e7o de imers\u00e3o e divers\u00e3o atrav\u00e9s de dispositivos art\u00edstico-pedag\u00f3gicos\u201d, conta.<\/p>\n<p><strong>Confira a programa\u00e7\u00e3o:<\/strong><\/p>\n<p><strong>Oficina de Lettering para volta as aulas em caderno<br \/>\n<\/strong>Quando: 04.02 (s\u00e1bado)<br \/>\nHor\u00e1rio: 9h \u00e0s 11h<br \/>\nInstrutora: Eloiza Santos (desenhista e artista de hand lettering)<br \/>\nAbertura das inscri\u00e7\u00f5es: 01\/02 (<a href=\"https:\/\/linktr.ee\/mhnmt\">https:\/\/linktr.ee\/mhnmt<\/a>)<\/p>\n<p>Com formas b\u00e1sicas e canetas de ponta fina, o participante poder\u00e1 criar desenhos repletos de detalhes e dar um toque \u00fanico \u00e0s formas das letras. Esta oficina ser\u00e1 um \u00f3timo exerc\u00edcio para a volta \u00e0s aulas, para quem quer enfeitar cadernos ou organizar suas \u00e1reas de estudo usando letterings incr\u00edveis.<\/p>\n<p><strong>Oficina de M\u00e1scara de Carnaval com Papietagem<br \/>\n<\/strong>Quando: 11.02 (s\u00e1bado)<br \/>\nHor\u00e1rio: 9h \u00e0s 11h<br \/>\nInstrutor: Danilo Barreto (artista e comunic\u00f3logo)<br \/>\nAbertura das inscri\u00e7\u00f5es: 08\/02 (<a href=\"https:\/\/linktr.ee\/mhnmt\">https:\/\/linktr.ee\/mhnmt<\/a>)<\/p>\n<p>Com a t\u00e9cnica de papietagem e alguns poucos materiais de f\u00e1cil acesso, \u00e9 poss\u00edvel dar vida a obras de arte tridimensionais com acabamentos \u00fanicos. Nesta oficina, os participantes aprender\u00e3o todos os passos para criar m\u00e1scaras de carnaval repletas de personalidade.<\/p>\n<p><strong>Carnaval no Museu e concurso de fantasia<br \/>\n<\/strong>Quando: 18.02 (s\u00e1bado)<br \/>\nHor\u00e1rio: 9h \u00e0s 11h<br \/>\nInstrutor: Danilo Barreto (artista e comunic\u00f3logo)<br \/>\nAbertura das inscri\u00e7\u00f5es: 15\/02 (<a href=\"https:\/\/linktr.ee\/mhnmt\">https:\/\/linktr.ee\/mhnmt<\/a>)<\/p>\n<p>O carnaval vai contagiar o Museu com um baile de fantasia. Vai acontecer atividades com muita m\u00fasica, pintura e brincadeiras. Haver\u00e1 um concurso de fantasia para os participantes.<\/p>\n<p><strong>Oficina de Pintura Fant\u00e1stica com guache<br \/>\n<\/strong>Quando: 25.02 (s\u00e1bado)<br \/>\nHor\u00e1rio: 9h \u00e0s 11h<br \/>\nInstrutor: Danilo Barreto (artista e comunic\u00f3logo)<br \/>\nAbertura das inscri\u00e7\u00f5es: 22\/02 (<a href=\"https:\/\/linktr.ee\/mhnmt\">https:\/\/linktr.ee\/mhnmt<\/a>)<\/p>\n<p>Com t\u00e9cnicas de aquarela e guache, os participantes poder\u00e3o criar o seu pr\u00f3prio o\u00e1sis imagin\u00e1rio \u2013 ilustra\u00e7\u00f5es evocativas, com cores e formas que conduzem o espectador por caminhos que transcendem a realidade.<\/p>\n<p><strong>Servi\u00e7o<br \/>\n<\/strong>O Museu de Hist\u00f3ria Natural de Mato Grosso \u00e9 um dos equipamentos culturais da Secretaria de Estado de Cultura, Esporte e Lazer (Secel, em funcionamento sob gest\u00e3o compartilhada, desde 2006, pelo Instituto Ecossistemas e Popula\u00e7\u00f5es Tradicionais (Instituto Ecoss).<\/p>\n<p>Funcionamento: de quarta a sexta-feira, das 8h \u00e0s 18h<br \/>\nEntrada: R$ 12 (inteira) e R$ 6 (meia). Aos domingos a entrada \u00e9 gratuita<br \/>\nEndere\u00e7o: Avenida Manoel Jos\u00e9 de Arruda (Beira Rio), n\u00ba 2000, bairro Jardim Europa, Cuiab\u00e1-MT<br \/>\nContato:\u00a0<a href=\"https:\/\/linktr.ee\/mhnmt\">https:\/\/linktr.ee\/mhnmt<\/a><br \/>\nInforma\u00e7\u00f5es: (65) 3634-4858 ou (65) 99686-7701 WhatsApp<\/p>\n<p>&nbsp;<\/p>\n","protected":false},"excerpt":{"rendered":"<p>O Museu de Hist\u00f3ria Natural de Mato Grosso abre, nesta quarta-feira (1\u00ba), as inscri\u00e7\u00f5es para a agenda de atividades educativas do m\u00eas de fevereiro. Durante todos os s\u00e1bados do m\u00eas ser\u00e1 realizada a\u00a0\u201cFolia no Museu\u201d, na \u00e1rea verde, que\u00a0contar\u00e1 com oficinas de lettering em caderno, de m\u00e1scara com papietagem, o Carnaval no Museu e concurso [&hellip;]<\/p>\n","protected":false},"author":2,"featured_media":6201,"comment_status":"closed","ping_status":"closed","sticky":false,"template":"","format":"standard","meta":{"iawp_total_views":0,"footnotes":""},"categories":[12],"tags":[],"class_list":["post-6200","post","type-post","status-publish","format-standard","has-post-thumbnail","hentry","category-cidades"],"yoast_head":"<!-- This site is optimized with the Yoast SEO plugin v27.3 - https:\/\/yoast.com\/product\/yoast-seo-wordpress\/ -->\n<title>\u201cFolia no Museu\u201d &#8902; Blog da Condessa<\/title>\n<meta name=\"robots\" content=\"index, follow, max-snippet:-1, max-image-preview:large, max-video-preview:-1\" \/>\n<link rel=\"canonical\" href=\"https:\/\/blogdacondessa.com.br\/blog\/cidades\/folia-no-museu\/\" \/>\n<meta property=\"og:locale\" content=\"pt_BR\" \/>\n<meta property=\"og:type\" content=\"article\" \/>\n<meta property=\"og:title\" content=\"\u201cFolia no Museu\u201d &#8902; Blog da Condessa\" \/>\n<meta property=\"og:description\" content=\"O Museu de Hist\u00f3ria Natural de Mato Grosso abre, nesta quarta-feira (1\u00ba), as inscri\u00e7\u00f5es para a agenda de atividades educativas do m\u00eas de fevereiro. Durante todos os s\u00e1bados do m\u00eas ser\u00e1 realizada a\u00a0\u201cFolia no Museu\u201d, na \u00e1rea verde, que\u00a0contar\u00e1 com oficinas de lettering em caderno, de m\u00e1scara com papietagem, o Carnaval no Museu e concurso [&hellip;]\" \/>\n<meta property=\"og:url\" content=\"https:\/\/blogdacondessa.com.br\/blog\/cidades\/folia-no-museu\/\" \/>\n<meta property=\"og:site_name\" content=\"Blog da Condessa\" \/>\n<meta property=\"article:published_time\" content=\"2023-02-01T13:19:08+00:00\" \/>\n<meta property=\"og:image\" content=\"https:\/\/blogdacondessa.com.br\/blog\/wp-content\/uploads\/2023\/02\/FOLIA-NO-MUSEU.jpg\" \/>\n\t<meta property=\"og:image:width\" content=\"1024\" \/>\n\t<meta property=\"og:image:height\" content=\"768\" \/>\n\t<meta property=\"og:image:type\" content=\"image\/jpeg\" \/>\n<meta name=\"author\" content=\"Blog da Condessa\" \/>\n<meta name=\"twitter:card\" content=\"summary_large_image\" \/>\n<meta name=\"twitter:label1\" content=\"Escrito por\" \/>\n\t<meta name=\"twitter:data1\" content=\"Blog da Condessa\" \/>\n\t<meta name=\"twitter:label2\" content=\"Est. tempo de leitura\" \/>\n\t<meta name=\"twitter:data2\" content=\"3 minutos\" \/>\n<script type=\"application\/ld+json\" class=\"yoast-schema-graph\">{\"@context\":\"https:\\\/\\\/schema.org\",\"@graph\":[{\"@type\":\"Article\",\"@id\":\"https:\\\/\\\/blogdacondessa.com.br\\\/blog\\\/cidades\\\/folia-no-museu\\\/#article\",\"isPartOf\":{\"@id\":\"https:\\\/\\\/blogdacondessa.com.br\\\/blog\\\/cidades\\\/folia-no-museu\\\/\"},\"author\":{\"name\":\"Blog da Condessa\",\"@id\":\"https:\\\/\\\/blogdacondessa.com.br\\\/blog\\\/#\\\/schema\\\/person\\\/1d667ff8b785195b568677489d266035\"},\"headline\":\"\u201cFolia no Museu\u201d\",\"datePublished\":\"2023-02-01T13:19:08+00:00\",\"mainEntityOfPage\":{\"@id\":\"https:\\\/\\\/blogdacondessa.com.br\\\/blog\\\/cidades\\\/folia-no-museu\\\/\"},\"wordCount\":556,\"image\":{\"@id\":\"https:\\\/\\\/blogdacondessa.com.br\\\/blog\\\/cidades\\\/folia-no-museu\\\/#primaryimage\"},\"thumbnailUrl\":\"https:\\\/\\\/blogdacondessa.com.br\\\/blog\\\/wp-content\\\/uploads\\\/2023\\\/02\\\/FOLIA-NO-MUSEU.jpg\",\"articleSection\":[\"Cidades\"],\"inLanguage\":\"pt-BR\"},{\"@type\":\"WebPage\",\"@id\":\"https:\\\/\\\/blogdacondessa.com.br\\\/blog\\\/cidades\\\/folia-no-museu\\\/\",\"url\":\"https:\\\/\\\/blogdacondessa.com.br\\\/blog\\\/cidades\\\/folia-no-museu\\\/\",\"name\":\"\u201cFolia no Museu\u201d &#8902; Blog da Condessa\",\"isPartOf\":{\"@id\":\"https:\\\/\\\/blogdacondessa.com.br\\\/blog\\\/#website\"},\"primaryImageOfPage\":{\"@id\":\"https:\\\/\\\/blogdacondessa.com.br\\\/blog\\\/cidades\\\/folia-no-museu\\\/#primaryimage\"},\"image\":{\"@id\":\"https:\\\/\\\/blogdacondessa.com.br\\\/blog\\\/cidades\\\/folia-no-museu\\\/#primaryimage\"},\"thumbnailUrl\":\"https:\\\/\\\/blogdacondessa.com.br\\\/blog\\\/wp-content\\\/uploads\\\/2023\\\/02\\\/FOLIA-NO-MUSEU.jpg\",\"datePublished\":\"2023-02-01T13:19:08+00:00\",\"author\":{\"@id\":\"https:\\\/\\\/blogdacondessa.com.br\\\/blog\\\/#\\\/schema\\\/person\\\/1d667ff8b785195b568677489d266035\"},\"breadcrumb\":{\"@id\":\"https:\\\/\\\/blogdacondessa.com.br\\\/blog\\\/cidades\\\/folia-no-museu\\\/#breadcrumb\"},\"inLanguage\":\"pt-BR\",\"potentialAction\":[{\"@type\":\"ReadAction\",\"target\":[\"https:\\\/\\\/blogdacondessa.com.br\\\/blog\\\/cidades\\\/folia-no-museu\\\/\"]}]},{\"@type\":\"ImageObject\",\"inLanguage\":\"pt-BR\",\"@id\":\"https:\\\/\\\/blogdacondessa.com.br\\\/blog\\\/cidades\\\/folia-no-museu\\\/#primaryimage\",\"url\":\"https:\\\/\\\/blogdacondessa.com.br\\\/blog\\\/wp-content\\\/uploads\\\/2023\\\/02\\\/FOLIA-NO-MUSEU.jpg\",\"contentUrl\":\"https:\\\/\\\/blogdacondessa.com.br\\\/blog\\\/wp-content\\\/uploads\\\/2023\\\/02\\\/FOLIA-NO-MUSEU.jpg\",\"width\":1024,\"height\":768,\"caption\":\"\u201cFolia no Museu\u201d\"},{\"@type\":\"BreadcrumbList\",\"@id\":\"https:\\\/\\\/blogdacondessa.com.br\\\/blog\\\/cidades\\\/folia-no-museu\\\/#breadcrumb\",\"itemListElement\":[{\"@type\":\"ListItem\",\"position\":1,\"name\":\"In\u00edcio\",\"item\":\"https:\\\/\\\/blogdacondessa.com.br\\\/blog\\\/\"},{\"@type\":\"ListItem\",\"position\":2,\"name\":\"\u201cFolia no Museu\u201d\"}]},{\"@type\":\"WebSite\",\"@id\":\"https:\\\/\\\/blogdacondessa.com.br\\\/blog\\\/#website\",\"url\":\"https:\\\/\\\/blogdacondessa.com.br\\\/blog\\\/\",\"name\":\"Blog da Condessa\",\"description\":\"Com Shirley de Souza O\u2019Campos\",\"potentialAction\":[{\"@type\":\"SearchAction\",\"target\":{\"@type\":\"EntryPoint\",\"urlTemplate\":\"https:\\\/\\\/blogdacondessa.com.br\\\/blog\\\/?s={search_term_string}\"},\"query-input\":{\"@type\":\"PropertyValueSpecification\",\"valueRequired\":true,\"valueName\":\"search_term_string\"}}],\"inLanguage\":\"pt-BR\"},{\"@type\":\"Person\",\"@id\":\"https:\\\/\\\/blogdacondessa.com.br\\\/blog\\\/#\\\/schema\\\/person\\\/1d667ff8b785195b568677489d266035\",\"name\":\"Blog da Condessa\",\"image\":{\"@type\":\"ImageObject\",\"inLanguage\":\"pt-BR\",\"@id\":\"https:\\\/\\\/secure.gravatar.com\\\/avatar\\\/377c0eb8b4ad2bfc25461b41564b5971e721ca34a57642868fc7b0c8ac7b52c5?s=96&d=mm&r=g\",\"url\":\"https:\\\/\\\/secure.gravatar.com\\\/avatar\\\/377c0eb8b4ad2bfc25461b41564b5971e721ca34a57642868fc7b0c8ac7b52c5?s=96&d=mm&r=g\",\"contentUrl\":\"https:\\\/\\\/secure.gravatar.com\\\/avatar\\\/377c0eb8b4ad2bfc25461b41564b5971e721ca34a57642868fc7b0c8ac7b52c5?s=96&d=mm&r=g\",\"caption\":\"Blog da Condessa\"},\"url\":\"https:\\\/\\\/blogdacondessa.com.br\\\/blog\\\/author\\\/beatriz\\\/\"}]}<\/script>\n<!-- \/ Yoast SEO plugin. -->","yoast_head_json":{"title":"\u201cFolia no Museu\u201d &#8902; Blog da Condessa","robots":{"index":"index","follow":"follow","max-snippet":"max-snippet:-1","max-image-preview":"max-image-preview:large","max-video-preview":"max-video-preview:-1"},"canonical":"https:\/\/blogdacondessa.com.br\/blog\/cidades\/folia-no-museu\/","og_locale":"pt_BR","og_type":"article","og_title":"\u201cFolia no Museu\u201d &#8902; Blog da Condessa","og_description":"O Museu de Hist\u00f3ria Natural de Mato Grosso abre, nesta quarta-feira (1\u00ba), as inscri\u00e7\u00f5es para a agenda de atividades educativas do m\u00eas de fevereiro. Durante todos os s\u00e1bados do m\u00eas ser\u00e1 realizada a\u00a0\u201cFolia no Museu\u201d, na \u00e1rea verde, que\u00a0contar\u00e1 com oficinas de lettering em caderno, de m\u00e1scara com papietagem, o Carnaval no Museu e concurso [&hellip;]","og_url":"https:\/\/blogdacondessa.com.br\/blog\/cidades\/folia-no-museu\/","og_site_name":"Blog da Condessa","article_published_time":"2023-02-01T13:19:08+00:00","og_image":[{"width":1024,"height":768,"url":"https:\/\/blogdacondessa.com.br\/blog\/wp-content\/uploads\/2023\/02\/FOLIA-NO-MUSEU.jpg","type":"image\/jpeg"}],"author":"Blog da Condessa","twitter_card":"summary_large_image","twitter_misc":{"Escrito por":"Blog da Condessa","Est. tempo de leitura":"3 minutos"},"schema":{"@context":"https:\/\/schema.org","@graph":[{"@type":"Article","@id":"https:\/\/blogdacondessa.com.br\/blog\/cidades\/folia-no-museu\/#article","isPartOf":{"@id":"https:\/\/blogdacondessa.com.br\/blog\/cidades\/folia-no-museu\/"},"author":{"name":"Blog da Condessa","@id":"https:\/\/blogdacondessa.com.br\/blog\/#\/schema\/person\/1d667ff8b785195b568677489d266035"},"headline":"\u201cFolia no Museu\u201d","datePublished":"2023-02-01T13:19:08+00:00","mainEntityOfPage":{"@id":"https:\/\/blogdacondessa.com.br\/blog\/cidades\/folia-no-museu\/"},"wordCount":556,"image":{"@id":"https:\/\/blogdacondessa.com.br\/blog\/cidades\/folia-no-museu\/#primaryimage"},"thumbnailUrl":"https:\/\/blogdacondessa.com.br\/blog\/wp-content\/uploads\/2023\/02\/FOLIA-NO-MUSEU.jpg","articleSection":["Cidades"],"inLanguage":"pt-BR"},{"@type":"WebPage","@id":"https:\/\/blogdacondessa.com.br\/blog\/cidades\/folia-no-museu\/","url":"https:\/\/blogdacondessa.com.br\/blog\/cidades\/folia-no-museu\/","name":"\u201cFolia no Museu\u201d &#8902; Blog da Condessa","isPartOf":{"@id":"https:\/\/blogdacondessa.com.br\/blog\/#website"},"primaryImageOfPage":{"@id":"https:\/\/blogdacondessa.com.br\/blog\/cidades\/folia-no-museu\/#primaryimage"},"image":{"@id":"https:\/\/blogdacondessa.com.br\/blog\/cidades\/folia-no-museu\/#primaryimage"},"thumbnailUrl":"https:\/\/blogdacondessa.com.br\/blog\/wp-content\/uploads\/2023\/02\/FOLIA-NO-MUSEU.jpg","datePublished":"2023-02-01T13:19:08+00:00","author":{"@id":"https:\/\/blogdacondessa.com.br\/blog\/#\/schema\/person\/1d667ff8b785195b568677489d266035"},"breadcrumb":{"@id":"https:\/\/blogdacondessa.com.br\/blog\/cidades\/folia-no-museu\/#breadcrumb"},"inLanguage":"pt-BR","potentialAction":[{"@type":"ReadAction","target":["https:\/\/blogdacondessa.com.br\/blog\/cidades\/folia-no-museu\/"]}]},{"@type":"ImageObject","inLanguage":"pt-BR","@id":"https:\/\/blogdacondessa.com.br\/blog\/cidades\/folia-no-museu\/#primaryimage","url":"https:\/\/blogdacondessa.com.br\/blog\/wp-content\/uploads\/2023\/02\/FOLIA-NO-MUSEU.jpg","contentUrl":"https:\/\/blogdacondessa.com.br\/blog\/wp-content\/uploads\/2023\/02\/FOLIA-NO-MUSEU.jpg","width":1024,"height":768,"caption":"\u201cFolia no Museu\u201d"},{"@type":"BreadcrumbList","@id":"https:\/\/blogdacondessa.com.br\/blog\/cidades\/folia-no-museu\/#breadcrumb","itemListElement":[{"@type":"ListItem","position":1,"name":"In\u00edcio","item":"https:\/\/blogdacondessa.com.br\/blog\/"},{"@type":"ListItem","position":2,"name":"\u201cFolia no Museu\u201d"}]},{"@type":"WebSite","@id":"https:\/\/blogdacondessa.com.br\/blog\/#website","url":"https:\/\/blogdacondessa.com.br\/blog\/","name":"Blog da Condessa","description":"Com Shirley de Souza O\u2019Campos","potentialAction":[{"@type":"SearchAction","target":{"@type":"EntryPoint","urlTemplate":"https:\/\/blogdacondessa.com.br\/blog\/?s={search_term_string}"},"query-input":{"@type":"PropertyValueSpecification","valueRequired":true,"valueName":"search_term_string"}}],"inLanguage":"pt-BR"},{"@type":"Person","@id":"https:\/\/blogdacondessa.com.br\/blog\/#\/schema\/person\/1d667ff8b785195b568677489d266035","name":"Blog da Condessa","image":{"@type":"ImageObject","inLanguage":"pt-BR","@id":"https:\/\/secure.gravatar.com\/avatar\/377c0eb8b4ad2bfc25461b41564b5971e721ca34a57642868fc7b0c8ac7b52c5?s=96&d=mm&r=g","url":"https:\/\/secure.gravatar.com\/avatar\/377c0eb8b4ad2bfc25461b41564b5971e721ca34a57642868fc7b0c8ac7b52c5?s=96&d=mm&r=g","contentUrl":"https:\/\/secure.gravatar.com\/avatar\/377c0eb8b4ad2bfc25461b41564b5971e721ca34a57642868fc7b0c8ac7b52c5?s=96&d=mm&r=g","caption":"Blog da Condessa"},"url":"https:\/\/blogdacondessa.com.br\/blog\/author\/beatriz\/"}]}},"_links":{"self":[{"href":"https:\/\/blogdacondessa.com.br\/blog\/wp-json\/wp\/v2\/posts\/6200","targetHints":{"allow":["GET"]}}],"collection":[{"href":"https:\/\/blogdacondessa.com.br\/blog\/wp-json\/wp\/v2\/posts"}],"about":[{"href":"https:\/\/blogdacondessa.com.br\/blog\/wp-json\/wp\/v2\/types\/post"}],"author":[{"embeddable":true,"href":"https:\/\/blogdacondessa.com.br\/blog\/wp-json\/wp\/v2\/users\/2"}],"replies":[{"embeddable":true,"href":"https:\/\/blogdacondessa.com.br\/blog\/wp-json\/wp\/v2\/comments?post=6200"}],"version-history":[{"count":0,"href":"https:\/\/blogdacondessa.com.br\/blog\/wp-json\/wp\/v2\/posts\/6200\/revisions"}],"wp:featuredmedia":[{"embeddable":true,"href":"https:\/\/blogdacondessa.com.br\/blog\/wp-json\/wp\/v2\/media\/6201"}],"wp:attachment":[{"href":"https:\/\/blogdacondessa.com.br\/blog\/wp-json\/wp\/v2\/media?parent=6200"}],"wp:term":[{"taxonomy":"category","embeddable":true,"href":"https:\/\/blogdacondessa.com.br\/blog\/wp-json\/wp\/v2\/categories?post=6200"},{"taxonomy":"post_tag","embeddable":true,"href":"https:\/\/blogdacondessa.com.br\/blog\/wp-json\/wp\/v2\/tags?post=6200"}],"curies":[{"name":"wp","href":"https:\/\/api.w.org\/{rel}","templated":true}]}}