{"id":6195,"date":"2023-02-01T05:00:00","date_gmt":"2023-02-01T09:00:00","guid":{"rendered":"http:\/\/blogdacondessa.com.br\/?p=6195"},"modified":"2023-02-01T16:57:26","modified_gmt":"2023-02-01T20:57:26","slug":"kalil-entrega-unidade-escolar-revitalizada-e-ampliada","status":"publish","type":"post","link":"https:\/\/blogdacondessa.com.br\/blog\/educacao\/kalil-entrega-unidade-escolar-revitalizada-e-ampliada\/","title":{"rendered":"Kalil entrega unidade escolar revitalizada e ampliada"},"content":{"rendered":"<p>Reafirmando o compromisso de garantir acesso a todos que necessitam de Educa\u00e7\u00e3o P\u00fablica\u00a0 de n\u00edvel e a meta de estar com todas as unidades escolares ampliadas e melhoradas at\u00e9 o final de 2024, o prefeito Kalil Baracat, acompanhado do vice-prefeito, Jos\u00e9 Hazama, do presidente da C\u00e2mara Municipal, Pedro Paulo Tolares e do secret\u00e1rio Municipal de Educa\u00e7\u00e3o, Cultura, Esporte e Lazer, Silvio Fid\u00e9lis, fez a entrega das obras de revitaliza\u00e7\u00e3o, amplia\u00e7\u00e3o e melhoria da Escola Municipal de Educa\u00e7\u00e3o B\u00e1sica (EMEB) Maria de Lourdes Toledo Areias, uma unidade que existe desde o ano de 1977, portanto com 46 anos de funcionamento, no Distrito de Praia Grande.<\/p>\n<p>O prefeito aproveitou a solenidade para anunciar a defini\u00e7\u00e3o do Calend\u00e1rio de Sal\u00e1rios do funcionalismo p\u00fablico para 2023 e o pagamento do sal\u00e1rio de janeiro dentro do m\u00eas trabalhado e frisou que vai continuar trabalhando com sua equipe para manter a valoriza\u00e7\u00e3o de todos os servidores p\u00fablicos municipais que s\u00e3o \u201ca m\u00e3o do Poder P\u00fablico Municipal na Educa\u00e7\u00e3o que ensina; na sa\u00fade que cuida; na obras que valoriza; no social que atende; na seguran\u00e7a que protege, enfim na constru\u00e7\u00e3o de uma V\u00e1rzea Grande melhor para todos\u201d, disse Kalil Baracat.<\/p>\n<p>Para realizar as obras, a Prefeitura de V\u00e1rzea Grande, investiu um total de R$ 1,150 milh\u00e3o em obras e mais R$ 889 mil em equipamentos como ar-condicionado, mobili\u00e1rio, computadores entre outros benef\u00edcios adquiridos com recursos pr\u00f3prios que somam mais de 2,039 milh\u00f5es. A escola aguardava pelas obras por mais de 20 anos, j\u00e1 que sua \u00faltima reforma foi no ano de 2000. \u00a0A EMEB foi totalmente revitalizada com amplia\u00e7\u00e3o de tr\u00eas salas de aula climatizadas, secretaria, cozinha, refeit\u00f3rio, despensa; banheiro para PCD, recebendo nova mob\u00edlia, novos utens\u00edlios e equipamentos. A escola ganhou tamb\u00e9m um novo parquinho externo, a revitaliza\u00e7\u00e3o da quadra de esportes e novo paisagismo.<\/p>\n<p>\u201cA comunidade de Praia Grande faz parte da minha inf\u00e2ncia e juventude, pois quase todos os finais de semana eu estava por aqui juntamente com meu pai e hoje \u00e9 uma honra para mim poder entregar as obras dessa escola\u201d declarou Kalil, refor\u00e7ando que sua administra\u00e7\u00e3o est\u00e1 pautada em levar infraestrutura, promover o conhecimento e gerar oportunidade para toda comunidade.<\/p>\n<p>Kalil destacou que \u201ch\u00e1 obras da prefeitura nos quatro cantos de V\u00e1rzea Grande\u201d, lembrando que no dia 2 de fevereiro ser\u00e1 inaugurado o novo Centro Municipal de Educa\u00e7\u00e3o Infantil (CMEI) Maria Ign\u00eas Fran\u00e7a Auad, na Vila Arthur. \u201cNo in\u00edcio do ano, entregamos as obras da Policl\u00ednica do bairro Imperial, toda reformada e equipada para melhor atender a popula\u00e7\u00e3o daquela localidade\u201d<\/p>\n<p>O prefeito lembrou que a gest\u00e3o est\u00e1 fazendo investimentos em materiais did\u00e1ticos, investimentos na capacita\u00e7\u00e3o e qualifica\u00e7\u00e3o dos profissionais, na valoriza\u00e7\u00e3o dos servidores com o enquadramento em n\u00edvel e em classe, al\u00e9m do centro tecnol\u00f3gico que vai possibilitar o aprendizado de tecnologias, rob\u00f3tica e outras ferramentas que ir\u00e3o acrescentar conhecimento, buscando sempre a melhoria da qualidade do ensino e permitindo que as crian\u00e7as e jovens de hoje tenham uma profiss\u00e3o no amanh\u00e3.<\/p>\n<p>\u201cQuero passar pelo meu mandato deixando um legado para contribuir com as futuras gera\u00e7\u00f5es de v\u00e1rzea-grandenses, que se diga de passagem desde maio de 2021 j\u00e1 s\u00e3o mais de 2.500 nascidos na Maternidade Municipal, outra obra de nossa gest\u00e3o\u201d declarou.<\/p>\n<p>Muito emocionada, a diretora da escola, professora Vilma Auxiliadora de Souza, apresentou ao p\u00fablico as professoras Leonilda do Esp\u00edrito Santo e Flauzina Pereira, pioneiras da escola Maria de Lourdes Toledo Areias. \u201cFui alfabetizada por elas e hoje com muito orgulho estou como gestora na mesma escola onde comecei meus estudos\u201d disse.<\/p>\n<p>O secret\u00e1rio Silvio Fidelis lembrou que a escola n\u00e3o tinha refeit\u00f3rio e poucas salas. Com a reforma, a unidade ampliou a sua capacidade para o atendimento de at\u00e9 170 alunos a partir dos 4 anos at\u00e9 o 5\u00ba ano dos anos iniciais, al\u00e9m da revitaliza\u00e7\u00e3o da quadra de esportes. \u201cResgatamos um espa\u00e7o da escola que estava abandonado e como resultado criamos um grande complexo onde esse espa\u00e7o vai se transformar em um estacionamento e em uma horta para que os alunos possam cultivar verduras para o pr\u00f3prio consumo na escola\u201d informou.<\/p>\n<p>O secret\u00e1rio revelou tamb\u00e9m que, atrav\u00e9s da Educa\u00e7\u00e3o Ambiental da SMECEL, ser\u00e1 realizado todo um trabalho em conjunto com os alunos para a recupera\u00e7\u00e3o da vegeta\u00e7\u00e3o da orla em frente \u00e0 escola. \u201cA partir do in\u00edcio das aulas, a equipe da Educa\u00e7\u00e3o Ambiental ir\u00e1 realizar esse trabalho diferenciado, tornado a escola um modelo de sustentabilidade com o meio ambiente\u201d finalizou.<\/p>\n<p>O presidente da C\u00e2mara Municipal, Pedro Paulo Tolares, mais conhecido como Pedrinho sinalizou que uma gest\u00e3o de resultados n\u00e3o se pauta apenas por belas obras, mas tamb\u00e9m pelos resultados que ela promove junto a vida das pessoas e por uma cidade melhor para se viver, com justi\u00e7a social.<\/p>\n<p>\u201cResultados se presencia a cada momento em uma gest\u00e3o que consegue ensinar, consegue cuidar e atender as demandas de todos indistintamente. Isto \u00e9 o que importa. O prefeito Kalil Baracat conta com o apoio integral dos vereadores porque trabalha em prol de toda a cidade e sua gente e isto \u00e9 o que interesse aos representantes do povo\u201d, disse o presidente da C\u00e2mara Municipal.<\/p>\n<p>A fala do presidente levou o prefeito a lembrar que o muito que tem conseguido realizar \u00e9 gra\u00e7as a boa rela\u00e7\u00e3o que construiu com todas as esferas administrativas e de governos. \u201cNossa rela\u00e7\u00e3o com os Governos Federal e Estadual \u00e9 a melhor poss\u00edvel tanto que estamos conseguindo apoio e recursos para diversas a\u00e7\u00f5es. Temos parcerias de resultados com o governo Mauro Mendes, com os senadores, deputados federais e deputados estaduais e essa parceira \u00e9 coroada pelos resultados e pelo apoio incondicional dos vereadores de V\u00e1rzea Grande que trabalham pela cidade e sua gente\u201d, frisou Kalil Baracat.<\/p>\n<p>&nbsp;<\/p>\n","protected":false},"excerpt":{"rendered":"<p>Reafirmando o compromisso de garantir acesso a todos que necessitam de Educa\u00e7\u00e3o P\u00fablica\u00a0 de n\u00edvel e a meta de estar com todas as unidades escolares ampliadas e melhoradas at\u00e9 o final de 2024, o prefeito Kalil Baracat, acompanhado do vice-prefeito, Jos\u00e9 Hazama, do presidente da C\u00e2mara Municipal, Pedro Paulo Tolares e do secret\u00e1rio Municipal de [&hellip;]<\/p>\n","protected":false},"author":2,"featured_media":6214,"comment_status":"closed","ping_status":"closed","sticky":false,"template":"","format":"standard","meta":{"iawp_total_views":0,"footnotes":""},"categories":[20],"tags":[],"class_list":["post-6195","post","type-post","status-publish","format-standard","has-post-thumbnail","hentry","category-educacao"],"yoast_head":"<!-- This site is optimized with the Yoast SEO plugin v27.3 - https:\/\/yoast.com\/product\/yoast-seo-wordpress\/ -->\n<title>Kalil entrega unidade escolar revitalizada e ampliada &#8902; Blog da Condessa<\/title>\n<meta name=\"robots\" content=\"index, follow, max-snippet:-1, max-image-preview:large, max-video-preview:-1\" \/>\n<link rel=\"canonical\" href=\"https:\/\/blogdacondessa.com.br\/blog\/educacao\/kalil-entrega-unidade-escolar-revitalizada-e-ampliada\/\" \/>\n<meta property=\"og:locale\" content=\"pt_BR\" \/>\n<meta property=\"og:type\" content=\"article\" \/>\n<meta property=\"og:title\" content=\"Kalil entrega unidade escolar revitalizada e ampliada &#8902; Blog da Condessa\" \/>\n<meta property=\"og:description\" content=\"Reafirmando o compromisso de garantir acesso a todos que necessitam de Educa\u00e7\u00e3o P\u00fablica\u00a0 de n\u00edvel e a meta de estar com todas as unidades escolares ampliadas e melhoradas at\u00e9 o final de 2024, o prefeito Kalil Baracat, acompanhado do vice-prefeito, Jos\u00e9 Hazama, do presidente da C\u00e2mara Municipal, Pedro Paulo Tolares e do secret\u00e1rio Municipal de [&hellip;]\" \/>\n<meta property=\"og:url\" content=\"https:\/\/blogdacondessa.com.br\/blog\/educacao\/kalil-entrega-unidade-escolar-revitalizada-e-ampliada\/\" \/>\n<meta property=\"og:site_name\" content=\"Blog da Condessa\" \/>\n<meta property=\"article:published_time\" content=\"2023-02-01T09:00:00+00:00\" \/>\n<meta property=\"article:modified_time\" content=\"2023-02-01T20:57:26+00:00\" \/>\n<meta property=\"og:image\" content=\"https:\/\/blogdacondessa.com.br\/blog\/wp-content\/uploads\/2023\/02\/emeb-maria-de-lourdes.jpeg\" \/>\n\t<meta property=\"og:image:width\" content=\"1600\" \/>\n\t<meta property=\"og:image:height\" content=\"1127\" \/>\n\t<meta property=\"og:image:type\" content=\"image\/jpeg\" \/>\n<meta name=\"author\" content=\"Blog da Condessa\" \/>\n<meta name=\"twitter:card\" content=\"summary_large_image\" \/>\n<meta name=\"twitter:label1\" content=\"Escrito por\" \/>\n\t<meta name=\"twitter:data1\" content=\"Blog da Condessa\" \/>\n\t<meta name=\"twitter:label2\" content=\"Est. tempo de leitura\" \/>\n\t<meta name=\"twitter:data2\" content=\"6 minutos\" \/>\n<script type=\"application\/ld+json\" class=\"yoast-schema-graph\">{\"@context\":\"https:\\\/\\\/schema.org\",\"@graph\":[{\"@type\":\"Article\",\"@id\":\"https:\\\/\\\/blogdacondessa.com.br\\\/blog\\\/educacao\\\/kalil-entrega-unidade-escolar-revitalizada-e-ampliada\\\/#article\",\"isPartOf\":{\"@id\":\"https:\\\/\\\/blogdacondessa.com.br\\\/blog\\\/educacao\\\/kalil-entrega-unidade-escolar-revitalizada-e-ampliada\\\/\"},\"author\":{\"name\":\"Blog da Condessa\",\"@id\":\"https:\\\/\\\/blogdacondessa.com.br\\\/blog\\\/#\\\/schema\\\/person\\\/1d667ff8b785195b568677489d266035\"},\"headline\":\"Kalil entrega unidade escolar revitalizada e ampliada\",\"datePublished\":\"2023-02-01T09:00:00+00:00\",\"dateModified\":\"2023-02-01T20:57:26+00:00\",\"mainEntityOfPage\":{\"@id\":\"https:\\\/\\\/blogdacondessa.com.br\\\/blog\\\/educacao\\\/kalil-entrega-unidade-escolar-revitalizada-e-ampliada\\\/\"},\"wordCount\":1024,\"image\":{\"@id\":\"https:\\\/\\\/blogdacondessa.com.br\\\/blog\\\/educacao\\\/kalil-entrega-unidade-escolar-revitalizada-e-ampliada\\\/#primaryimage\"},\"thumbnailUrl\":\"https:\\\/\\\/blogdacondessa.com.br\\\/blog\\\/wp-content\\\/uploads\\\/2023\\\/02\\\/emeb-maria-de-lourdes.jpeg\",\"articleSection\":[\"Educa\u00e7\u00e3o\"],\"inLanguage\":\"pt-BR\"},{\"@type\":\"WebPage\",\"@id\":\"https:\\\/\\\/blogdacondessa.com.br\\\/blog\\\/educacao\\\/kalil-entrega-unidade-escolar-revitalizada-e-ampliada\\\/\",\"url\":\"https:\\\/\\\/blogdacondessa.com.br\\\/blog\\\/educacao\\\/kalil-entrega-unidade-escolar-revitalizada-e-ampliada\\\/\",\"name\":\"Kalil entrega unidade escolar revitalizada e ampliada &#8902; Blog da Condessa\",\"isPartOf\":{\"@id\":\"https:\\\/\\\/blogdacondessa.com.br\\\/blog\\\/#website\"},\"primaryImageOfPage\":{\"@id\":\"https:\\\/\\\/blogdacondessa.com.br\\\/blog\\\/educacao\\\/kalil-entrega-unidade-escolar-revitalizada-e-ampliada\\\/#primaryimage\"},\"image\":{\"@id\":\"https:\\\/\\\/blogdacondessa.com.br\\\/blog\\\/educacao\\\/kalil-entrega-unidade-escolar-revitalizada-e-ampliada\\\/#primaryimage\"},\"thumbnailUrl\":\"https:\\\/\\\/blogdacondessa.com.br\\\/blog\\\/wp-content\\\/uploads\\\/2023\\\/02\\\/emeb-maria-de-lourdes.jpeg\",\"datePublished\":\"2023-02-01T09:00:00+00:00\",\"dateModified\":\"2023-02-01T20:57:26+00:00\",\"author\":{\"@id\":\"https:\\\/\\\/blogdacondessa.com.br\\\/blog\\\/#\\\/schema\\\/person\\\/1d667ff8b785195b568677489d266035\"},\"breadcrumb\":{\"@id\":\"https:\\\/\\\/blogdacondessa.com.br\\\/blog\\\/educacao\\\/kalil-entrega-unidade-escolar-revitalizada-e-ampliada\\\/#breadcrumb\"},\"inLanguage\":\"pt-BR\",\"potentialAction\":[{\"@type\":\"ReadAction\",\"target\":[\"https:\\\/\\\/blogdacondessa.com.br\\\/blog\\\/educacao\\\/kalil-entrega-unidade-escolar-revitalizada-e-ampliada\\\/\"]}]},{\"@type\":\"ImageObject\",\"inLanguage\":\"pt-BR\",\"@id\":\"https:\\\/\\\/blogdacondessa.com.br\\\/blog\\\/educacao\\\/kalil-entrega-unidade-escolar-revitalizada-e-ampliada\\\/#primaryimage\",\"url\":\"https:\\\/\\\/blogdacondessa.com.br\\\/blog\\\/wp-content\\\/uploads\\\/2023\\\/02\\\/emeb-maria-de-lourdes.jpeg\",\"contentUrl\":\"https:\\\/\\\/blogdacondessa.com.br\\\/blog\\\/wp-content\\\/uploads\\\/2023\\\/02\\\/emeb-maria-de-lourdes.jpeg\",\"width\":1600,\"height\":1127},{\"@type\":\"BreadcrumbList\",\"@id\":\"https:\\\/\\\/blogdacondessa.com.br\\\/blog\\\/educacao\\\/kalil-entrega-unidade-escolar-revitalizada-e-ampliada\\\/#breadcrumb\",\"itemListElement\":[{\"@type\":\"ListItem\",\"position\":1,\"name\":\"In\u00edcio\",\"item\":\"https:\\\/\\\/blogdacondessa.com.br\\\/blog\\\/\"},{\"@type\":\"ListItem\",\"position\":2,\"name\":\"Kalil entrega unidade escolar revitalizada e ampliada\"}]},{\"@type\":\"WebSite\",\"@id\":\"https:\\\/\\\/blogdacondessa.com.br\\\/blog\\\/#website\",\"url\":\"https:\\\/\\\/blogdacondessa.com.br\\\/blog\\\/\",\"name\":\"Blog da Condessa\",\"description\":\"Com Shirley de Souza O\u2019Campos\",\"potentialAction\":[{\"@type\":\"SearchAction\",\"target\":{\"@type\":\"EntryPoint\",\"urlTemplate\":\"https:\\\/\\\/blogdacondessa.com.br\\\/blog\\\/?s={search_term_string}\"},\"query-input\":{\"@type\":\"PropertyValueSpecification\",\"valueRequired\":true,\"valueName\":\"search_term_string\"}}],\"inLanguage\":\"pt-BR\"},{\"@type\":\"Person\",\"@id\":\"https:\\\/\\\/blogdacondessa.com.br\\\/blog\\\/#\\\/schema\\\/person\\\/1d667ff8b785195b568677489d266035\",\"name\":\"Blog da Condessa\",\"image\":{\"@type\":\"ImageObject\",\"inLanguage\":\"pt-BR\",\"@id\":\"https:\\\/\\\/secure.gravatar.com\\\/avatar\\\/377c0eb8b4ad2bfc25461b41564b5971e721ca34a57642868fc7b0c8ac7b52c5?s=96&d=mm&r=g\",\"url\":\"https:\\\/\\\/secure.gravatar.com\\\/avatar\\\/377c0eb8b4ad2bfc25461b41564b5971e721ca34a57642868fc7b0c8ac7b52c5?s=96&d=mm&r=g\",\"contentUrl\":\"https:\\\/\\\/secure.gravatar.com\\\/avatar\\\/377c0eb8b4ad2bfc25461b41564b5971e721ca34a57642868fc7b0c8ac7b52c5?s=96&d=mm&r=g\",\"caption\":\"Blog da Condessa\"},\"url\":\"https:\\\/\\\/blogdacondessa.com.br\\\/blog\\\/author\\\/beatriz\\\/\"}]}<\/script>\n<!-- \/ Yoast SEO plugin. -->","yoast_head_json":{"title":"Kalil entrega unidade escolar revitalizada e ampliada &#8902; Blog da Condessa","robots":{"index":"index","follow":"follow","max-snippet":"max-snippet:-1","max-image-preview":"max-image-preview:large","max-video-preview":"max-video-preview:-1"},"canonical":"https:\/\/blogdacondessa.com.br\/blog\/educacao\/kalil-entrega-unidade-escolar-revitalizada-e-ampliada\/","og_locale":"pt_BR","og_type":"article","og_title":"Kalil entrega unidade escolar revitalizada e ampliada &#8902; Blog da Condessa","og_description":"Reafirmando o compromisso de garantir acesso a todos que necessitam de Educa\u00e7\u00e3o P\u00fablica\u00a0 de n\u00edvel e a meta de estar com todas as unidades escolares ampliadas e melhoradas at\u00e9 o final de 2024, o prefeito Kalil Baracat, acompanhado do vice-prefeito, Jos\u00e9 Hazama, do presidente da C\u00e2mara Municipal, Pedro Paulo Tolares e do secret\u00e1rio Municipal de [&hellip;]","og_url":"https:\/\/blogdacondessa.com.br\/blog\/educacao\/kalil-entrega-unidade-escolar-revitalizada-e-ampliada\/","og_site_name":"Blog da Condessa","article_published_time":"2023-02-01T09:00:00+00:00","article_modified_time":"2023-02-01T20:57:26+00:00","og_image":[{"width":1600,"height":1127,"url":"https:\/\/blogdacondessa.com.br\/blog\/wp-content\/uploads\/2023\/02\/emeb-maria-de-lourdes.jpeg","type":"image\/jpeg"}],"author":"Blog da Condessa","twitter_card":"summary_large_image","twitter_misc":{"Escrito por":"Blog da Condessa","Est. tempo de leitura":"6 minutos"},"schema":{"@context":"https:\/\/schema.org","@graph":[{"@type":"Article","@id":"https:\/\/blogdacondessa.com.br\/blog\/educacao\/kalil-entrega-unidade-escolar-revitalizada-e-ampliada\/#article","isPartOf":{"@id":"https:\/\/blogdacondessa.com.br\/blog\/educacao\/kalil-entrega-unidade-escolar-revitalizada-e-ampliada\/"},"author":{"name":"Blog da Condessa","@id":"https:\/\/blogdacondessa.com.br\/blog\/#\/schema\/person\/1d667ff8b785195b568677489d266035"},"headline":"Kalil entrega unidade escolar revitalizada e ampliada","datePublished":"2023-02-01T09:00:00+00:00","dateModified":"2023-02-01T20:57:26+00:00","mainEntityOfPage":{"@id":"https:\/\/blogdacondessa.com.br\/blog\/educacao\/kalil-entrega-unidade-escolar-revitalizada-e-ampliada\/"},"wordCount":1024,"image":{"@id":"https:\/\/blogdacondessa.com.br\/blog\/educacao\/kalil-entrega-unidade-escolar-revitalizada-e-ampliada\/#primaryimage"},"thumbnailUrl":"https:\/\/blogdacondessa.com.br\/blog\/wp-content\/uploads\/2023\/02\/emeb-maria-de-lourdes.jpeg","articleSection":["Educa\u00e7\u00e3o"],"inLanguage":"pt-BR"},{"@type":"WebPage","@id":"https:\/\/blogdacondessa.com.br\/blog\/educacao\/kalil-entrega-unidade-escolar-revitalizada-e-ampliada\/","url":"https:\/\/blogdacondessa.com.br\/blog\/educacao\/kalil-entrega-unidade-escolar-revitalizada-e-ampliada\/","name":"Kalil entrega unidade escolar revitalizada e ampliada &#8902; Blog da Condessa","isPartOf":{"@id":"https:\/\/blogdacondessa.com.br\/blog\/#website"},"primaryImageOfPage":{"@id":"https:\/\/blogdacondessa.com.br\/blog\/educacao\/kalil-entrega-unidade-escolar-revitalizada-e-ampliada\/#primaryimage"},"image":{"@id":"https:\/\/blogdacondessa.com.br\/blog\/educacao\/kalil-entrega-unidade-escolar-revitalizada-e-ampliada\/#primaryimage"},"thumbnailUrl":"https:\/\/blogdacondessa.com.br\/blog\/wp-content\/uploads\/2023\/02\/emeb-maria-de-lourdes.jpeg","datePublished":"2023-02-01T09:00:00+00:00","dateModified":"2023-02-01T20:57:26+00:00","author":{"@id":"https:\/\/blogdacondessa.com.br\/blog\/#\/schema\/person\/1d667ff8b785195b568677489d266035"},"breadcrumb":{"@id":"https:\/\/blogdacondessa.com.br\/blog\/educacao\/kalil-entrega-unidade-escolar-revitalizada-e-ampliada\/#breadcrumb"},"inLanguage":"pt-BR","potentialAction":[{"@type":"ReadAction","target":["https:\/\/blogdacondessa.com.br\/blog\/educacao\/kalil-entrega-unidade-escolar-revitalizada-e-ampliada\/"]}]},{"@type":"ImageObject","inLanguage":"pt-BR","@id":"https:\/\/blogdacondessa.com.br\/blog\/educacao\/kalil-entrega-unidade-escolar-revitalizada-e-ampliada\/#primaryimage","url":"https:\/\/blogdacondessa.com.br\/blog\/wp-content\/uploads\/2023\/02\/emeb-maria-de-lourdes.jpeg","contentUrl":"https:\/\/blogdacondessa.com.br\/blog\/wp-content\/uploads\/2023\/02\/emeb-maria-de-lourdes.jpeg","width":1600,"height":1127},{"@type":"BreadcrumbList","@id":"https:\/\/blogdacondessa.com.br\/blog\/educacao\/kalil-entrega-unidade-escolar-revitalizada-e-ampliada\/#breadcrumb","itemListElement":[{"@type":"ListItem","position":1,"name":"In\u00edcio","item":"https:\/\/blogdacondessa.com.br\/blog\/"},{"@type":"ListItem","position":2,"name":"Kalil entrega unidade escolar revitalizada e ampliada"}]},{"@type":"WebSite","@id":"https:\/\/blogdacondessa.com.br\/blog\/#website","url":"https:\/\/blogdacondessa.com.br\/blog\/","name":"Blog da Condessa","description":"Com Shirley de Souza O\u2019Campos","potentialAction":[{"@type":"SearchAction","target":{"@type":"EntryPoint","urlTemplate":"https:\/\/blogdacondessa.com.br\/blog\/?s={search_term_string}"},"query-input":{"@type":"PropertyValueSpecification","valueRequired":true,"valueName":"search_term_string"}}],"inLanguage":"pt-BR"},{"@type":"Person","@id":"https:\/\/blogdacondessa.com.br\/blog\/#\/schema\/person\/1d667ff8b785195b568677489d266035","name":"Blog da Condessa","image":{"@type":"ImageObject","inLanguage":"pt-BR","@id":"https:\/\/secure.gravatar.com\/avatar\/377c0eb8b4ad2bfc25461b41564b5971e721ca34a57642868fc7b0c8ac7b52c5?s=96&d=mm&r=g","url":"https:\/\/secure.gravatar.com\/avatar\/377c0eb8b4ad2bfc25461b41564b5971e721ca34a57642868fc7b0c8ac7b52c5?s=96&d=mm&r=g","contentUrl":"https:\/\/secure.gravatar.com\/avatar\/377c0eb8b4ad2bfc25461b41564b5971e721ca34a57642868fc7b0c8ac7b52c5?s=96&d=mm&r=g","caption":"Blog da Condessa"},"url":"https:\/\/blogdacondessa.com.br\/blog\/author\/beatriz\/"}]}},"_links":{"self":[{"href":"https:\/\/blogdacondessa.com.br\/blog\/wp-json\/wp\/v2\/posts\/6195","targetHints":{"allow":["GET"]}}],"collection":[{"href":"https:\/\/blogdacondessa.com.br\/blog\/wp-json\/wp\/v2\/posts"}],"about":[{"href":"https:\/\/blogdacondessa.com.br\/blog\/wp-json\/wp\/v2\/types\/post"}],"author":[{"embeddable":true,"href":"https:\/\/blogdacondessa.com.br\/blog\/wp-json\/wp\/v2\/users\/2"}],"replies":[{"embeddable":true,"href":"https:\/\/blogdacondessa.com.br\/blog\/wp-json\/wp\/v2\/comments?post=6195"}],"version-history":[{"count":0,"href":"https:\/\/blogdacondessa.com.br\/blog\/wp-json\/wp\/v2\/posts\/6195\/revisions"}],"wp:featuredmedia":[{"embeddable":true,"href":"https:\/\/blogdacondessa.com.br\/blog\/wp-json\/wp\/v2\/media\/6214"}],"wp:attachment":[{"href":"https:\/\/blogdacondessa.com.br\/blog\/wp-json\/wp\/v2\/media?parent=6195"}],"wp:term":[{"taxonomy":"category","embeddable":true,"href":"https:\/\/blogdacondessa.com.br\/blog\/wp-json\/wp\/v2\/categories?post=6195"},{"taxonomy":"post_tag","embeddable":true,"href":"https:\/\/blogdacondessa.com.br\/blog\/wp-json\/wp\/v2\/tags?post=6195"}],"curies":[{"name":"wp","href":"https:\/\/api.w.org\/{rel}","templated":true}]}}