{"id":6192,"date":"2023-02-01T05:05:41","date_gmt":"2023-02-01T09:05:41","guid":{"rendered":"http:\/\/blogdacondessa.com.br\/?p=6192"},"modified":"2023-01-31T19:12:14","modified_gmt":"2023-01-31T23:12:14","slug":"servico-de-psicologia-da-ufmt-abre-inscricoes-para-atendimentos","status":"publish","type":"post","link":"https:\/\/blogdacondessa.com.br\/blog\/saude\/servico-de-psicologia-da-ufmt-abre-inscricoes-para-atendimentos\/","title":{"rendered":"Servi\u00e7o de psicologia da UFMT abre inscri\u00e7\u00f5es para atendimentos"},"content":{"rendered":"<p>O Servi\u00e7o de Psicologia Aplicada (S.P.A.)\u00a0da Universidade Federal de Mato Grosso (UFMT) abre, pela primeira vez desde a pandemia, vagas para psicoterapia individual e em grupo. As inscri\u00e7\u00f5es acontecem nos dias 9 e 10 de fevereiro, presencialmente, com disponibiliza\u00e7\u00e3o de 130 vagas para adultos, 20 para adolescentes e 20 infantis.<\/p>\n<p>Os atendimentos s\u00e3o realizados por estudantes do curso de Psicologia da UFMT, com supervis\u00e3o de seus professores. \u201cAs demandas que envolvem sa\u00fade mental s\u00e3o gigantescas e n\u00e3o existem servi\u00e7os gratuitos dispon\u00edveis para todos. Neste sentido, enquanto campo de forma\u00e7\u00e3o para novos profissionais conseguimos ofertar algumas vagas, que beneficiam algumas pessoas\u201d,\u00a0 explica a coordenadora e respons\u00e1vel t\u00e9cnica pelo servi\u00e7o, Helen Santana de Souza.<\/p>\n<p>O S.P.A. \u00e9 um espa\u00e7o de articula\u00e7\u00e3o entre teoria e pr\u00e1tica, fundamentais para a forma\u00e7\u00e3o do psic\u00f3logo. Al\u00e9m disso, abriga atividades de pesquisa e extens\u00e3o voltadas para as demandas e \u00e1reas do conhecimento em Psicologia.<\/p>\n<p>\u201cVivemos em uma sociedade com ritmos cada vez mais intensos que exigem respostas r\u00e1pidas em tempos distintos da nossa organiza\u00e7\u00e3o subjetiva. Al\u00e9m disso, o desafio humano de lidar com os diferentes contextos relacionais e os pr\u00f3prios sentimentos \u00e9 impactado pelo mundo em que vivemos. Por isso, a psicologia se prop\u00f5e a auxiliar nesses desenvolvimentos, considerando todas as especificidades que comp\u00f5em a complexidade humana\u201d, completa.<\/p>\n<p><strong>Inscri\u00e7\u00f5es s\u00e3o abertas a comunidade\u00a0<\/strong><\/p>\n<p>Qualquer pessoa pode se inscrever, independente de sua liga\u00e7\u00e3o com a UFMT, desde que tenham disponibilidade para comparecer semanalmente aos atendimentos.<\/p>\n<p>A sele\u00e7\u00e3o dos participantes \u00e9 feita a partir de um atendimento inicial para triagem, realizado nas semanas consecutivas \u00e0 inscri\u00e7\u00e3o, onde s\u00e3o avaliadas as queixas e urg\u00eancia para in\u00edcio do atendimento. Os casos mais graves s\u00e3o priorizados e, em seguida, \u00e9 seguido um crit\u00e9rio de ordem de inscri\u00e7\u00e3o e disponibilidade de hor\u00e1rios.<\/p>\n<p>\u201cOs pacientes que passam por processos psicoter\u00e1picos geralmente relatam que tiveram sua vida transformada, isso porque tal espa\u00e7o, de autoconhecimento, de reflex\u00e3o e transforma\u00e7\u00e3o, possibilitado pela rela\u00e7\u00e3o emp\u00e1tica e escuta qualificada, permite que as subjetividades se reconstruam e assim s\u00e3o estabelecidos encontros consigo e com os outros. Os resultados mais relatados envolvem melhoria nas rela\u00e7\u00f5es afetivas e de trabalho, no sentimento de auto-estima, impactando a vida profissional e familiar positivamente\u201d, conclui.<\/p>\n<p>As inscri\u00e7\u00f5es devem ser feitas entre os dias 9 e 10, das 8h \u00e0s 12h ou das 14h \u00e0s 18h, presencialmente no\u00a0<a href=\"https:\/\/maps.app.goo.gl\/dwhP8X1CLqtF2sUXA?g_st=ic\">S.P.A.<\/a>, localizado no C\u00e2mpus de Cuiab\u00e1 da UFMT, ao lado do Parque Aqu\u00e1tico.<\/p>\n<p>&nbsp;<\/p>\n","protected":false},"excerpt":{"rendered":"<p>O Servi\u00e7o de Psicologia Aplicada (S.P.A.)\u00a0da Universidade Federal de Mato Grosso (UFMT) abre, pela primeira vez desde a pandemia, vagas para psicoterapia individual e em grupo. As inscri\u00e7\u00f5es acontecem nos dias 9 e 10 de fevereiro, presencialmente, com disponibiliza\u00e7\u00e3o de 130 vagas para adultos, 20 para adolescentes e 20 infantis. Os atendimentos s\u00e3o realizados por [&hellip;]<\/p>\n","protected":false},"author":2,"featured_media":6193,"comment_status":"closed","ping_status":"closed","sticky":false,"template":"","format":"standard","meta":{"iawp_total_views":2,"footnotes":""},"categories":[5],"tags":[],"class_list":["post-6192","post","type-post","status-publish","format-standard","has-post-thumbnail","hentry","category-saude"],"yoast_head":"<!-- This site is optimized with the Yoast SEO plugin v27.3 - https:\/\/yoast.com\/product\/yoast-seo-wordpress\/ -->\n<title>Servi\u00e7o de psicologia da UFMT abre inscri\u00e7\u00f5es para atendimentos &#8902; Blog da Condessa<\/title>\n<meta name=\"robots\" content=\"index, follow, max-snippet:-1, max-image-preview:large, max-video-preview:-1\" \/>\n<link rel=\"canonical\" href=\"https:\/\/blogdacondessa.com.br\/blog\/saude\/servico-de-psicologia-da-ufmt-abre-inscricoes-para-atendimentos\/\" \/>\n<meta property=\"og:locale\" content=\"pt_BR\" \/>\n<meta property=\"og:type\" content=\"article\" \/>\n<meta property=\"og:title\" content=\"Servi\u00e7o de psicologia da UFMT abre inscri\u00e7\u00f5es para atendimentos &#8902; Blog da Condessa\" \/>\n<meta property=\"og:description\" content=\"O Servi\u00e7o de Psicologia Aplicada (S.P.A.)\u00a0da Universidade Federal de Mato Grosso (UFMT) abre, pela primeira vez desde a pandemia, vagas para psicoterapia individual e em grupo. As inscri\u00e7\u00f5es acontecem nos dias 9 e 10 de fevereiro, presencialmente, com disponibiliza\u00e7\u00e3o de 130 vagas para adultos, 20 para adolescentes e 20 infantis. Os atendimentos s\u00e3o realizados por [&hellip;]\" \/>\n<meta property=\"og:url\" content=\"https:\/\/blogdacondessa.com.br\/blog\/saude\/servico-de-psicologia-da-ufmt-abre-inscricoes-para-atendimentos\/\" \/>\n<meta property=\"og:site_name\" content=\"Blog da Condessa\" \/>\n<meta property=\"article:published_time\" content=\"2023-02-01T09:05:41+00:00\" \/>\n<meta property=\"og:image\" content=\"https:\/\/blogdacondessa.com.br\/blog\/wp-content\/uploads\/2023\/01\/atendimento-psicologico-gratis.jpg\" \/>\n\t<meta property=\"og:image:width\" content=\"1266\" \/>\n\t<meta property=\"og:image:height\" content=\"829\" \/>\n\t<meta property=\"og:image:type\" content=\"image\/jpeg\" \/>\n<meta name=\"author\" content=\"Blog da Condessa\" \/>\n<meta name=\"twitter:card\" content=\"summary_large_image\" \/>\n<meta name=\"twitter:label1\" content=\"Escrito por\" \/>\n\t<meta name=\"twitter:data1\" content=\"Blog da Condessa\" \/>\n\t<meta name=\"twitter:label2\" content=\"Est. tempo de leitura\" \/>\n\t<meta name=\"twitter:data2\" content=\"3 minutos\" \/>\n<script type=\"application\/ld+json\" class=\"yoast-schema-graph\">{\"@context\":\"https:\\\/\\\/schema.org\",\"@graph\":[{\"@type\":\"Article\",\"@id\":\"https:\\\/\\\/blogdacondessa.com.br\\\/blog\\\/saude\\\/servico-de-psicologia-da-ufmt-abre-inscricoes-para-atendimentos\\\/#article\",\"isPartOf\":{\"@id\":\"https:\\\/\\\/blogdacondessa.com.br\\\/blog\\\/saude\\\/servico-de-psicologia-da-ufmt-abre-inscricoes-para-atendimentos\\\/\"},\"author\":{\"name\":\"Blog da Condessa\",\"@id\":\"https:\\\/\\\/blogdacondessa.com.br\\\/blog\\\/#\\\/schema\\\/person\\\/1d667ff8b785195b568677489d266035\"},\"headline\":\"Servi\u00e7o de psicologia da UFMT abre inscri\u00e7\u00f5es para atendimentos\",\"datePublished\":\"2023-02-01T09:05:41+00:00\",\"mainEntityOfPage\":{\"@id\":\"https:\\\/\\\/blogdacondessa.com.br\\\/blog\\\/saude\\\/servico-de-psicologia-da-ufmt-abre-inscricoes-para-atendimentos\\\/\"},\"wordCount\":452,\"image\":{\"@id\":\"https:\\\/\\\/blogdacondessa.com.br\\\/blog\\\/saude\\\/servico-de-psicologia-da-ufmt-abre-inscricoes-para-atendimentos\\\/#primaryimage\"},\"thumbnailUrl\":\"https:\\\/\\\/blogdacondessa.com.br\\\/blog\\\/wp-content\\\/uploads\\\/2023\\\/01\\\/atendimento-psicologico-gratis.jpg\",\"articleSection\":[\"Sa\u00fade\"],\"inLanguage\":\"pt-BR\"},{\"@type\":\"WebPage\",\"@id\":\"https:\\\/\\\/blogdacondessa.com.br\\\/blog\\\/saude\\\/servico-de-psicologia-da-ufmt-abre-inscricoes-para-atendimentos\\\/\",\"url\":\"https:\\\/\\\/blogdacondessa.com.br\\\/blog\\\/saude\\\/servico-de-psicologia-da-ufmt-abre-inscricoes-para-atendimentos\\\/\",\"name\":\"Servi\u00e7o de psicologia da UFMT abre inscri\u00e7\u00f5es para atendimentos &#8902; Blog da Condessa\",\"isPartOf\":{\"@id\":\"https:\\\/\\\/blogdacondessa.com.br\\\/blog\\\/#website\"},\"primaryImageOfPage\":{\"@id\":\"https:\\\/\\\/blogdacondessa.com.br\\\/blog\\\/saude\\\/servico-de-psicologia-da-ufmt-abre-inscricoes-para-atendimentos\\\/#primaryimage\"},\"image\":{\"@id\":\"https:\\\/\\\/blogdacondessa.com.br\\\/blog\\\/saude\\\/servico-de-psicologia-da-ufmt-abre-inscricoes-para-atendimentos\\\/#primaryimage\"},\"thumbnailUrl\":\"https:\\\/\\\/blogdacondessa.com.br\\\/blog\\\/wp-content\\\/uploads\\\/2023\\\/01\\\/atendimento-psicologico-gratis.jpg\",\"datePublished\":\"2023-02-01T09:05:41+00:00\",\"author\":{\"@id\":\"https:\\\/\\\/blogdacondessa.com.br\\\/blog\\\/#\\\/schema\\\/person\\\/1d667ff8b785195b568677489d266035\"},\"breadcrumb\":{\"@id\":\"https:\\\/\\\/blogdacondessa.com.br\\\/blog\\\/saude\\\/servico-de-psicologia-da-ufmt-abre-inscricoes-para-atendimentos\\\/#breadcrumb\"},\"inLanguage\":\"pt-BR\",\"potentialAction\":[{\"@type\":\"ReadAction\",\"target\":[\"https:\\\/\\\/blogdacondessa.com.br\\\/blog\\\/saude\\\/servico-de-psicologia-da-ufmt-abre-inscricoes-para-atendimentos\\\/\"]}]},{\"@type\":\"ImageObject\",\"inLanguage\":\"pt-BR\",\"@id\":\"https:\\\/\\\/blogdacondessa.com.br\\\/blog\\\/saude\\\/servico-de-psicologia-da-ufmt-abre-inscricoes-para-atendimentos\\\/#primaryimage\",\"url\":\"https:\\\/\\\/blogdacondessa.com.br\\\/blog\\\/wp-content\\\/uploads\\\/2023\\\/01\\\/atendimento-psicologico-gratis.jpg\",\"contentUrl\":\"https:\\\/\\\/blogdacondessa.com.br\\\/blog\\\/wp-content\\\/uploads\\\/2023\\\/01\\\/atendimento-psicologico-gratis.jpg\",\"width\":1266,\"height\":829},{\"@type\":\"BreadcrumbList\",\"@id\":\"https:\\\/\\\/blogdacondessa.com.br\\\/blog\\\/saude\\\/servico-de-psicologia-da-ufmt-abre-inscricoes-para-atendimentos\\\/#breadcrumb\",\"itemListElement\":[{\"@type\":\"ListItem\",\"position\":1,\"name\":\"In\u00edcio\",\"item\":\"https:\\\/\\\/blogdacondessa.com.br\\\/blog\\\/\"},{\"@type\":\"ListItem\",\"position\":2,\"name\":\"Servi\u00e7o de psicologia da UFMT abre inscri\u00e7\u00f5es para atendimentos\"}]},{\"@type\":\"WebSite\",\"@id\":\"https:\\\/\\\/blogdacondessa.com.br\\\/blog\\\/#website\",\"url\":\"https:\\\/\\\/blogdacondessa.com.br\\\/blog\\\/\",\"name\":\"Blog da Condessa\",\"description\":\"Com Shirley de Souza O\u2019Campos\",\"potentialAction\":[{\"@type\":\"SearchAction\",\"target\":{\"@type\":\"EntryPoint\",\"urlTemplate\":\"https:\\\/\\\/blogdacondessa.com.br\\\/blog\\\/?s={search_term_string}\"},\"query-input\":{\"@type\":\"PropertyValueSpecification\",\"valueRequired\":true,\"valueName\":\"search_term_string\"}}],\"inLanguage\":\"pt-BR\"},{\"@type\":\"Person\",\"@id\":\"https:\\\/\\\/blogdacondessa.com.br\\\/blog\\\/#\\\/schema\\\/person\\\/1d667ff8b785195b568677489d266035\",\"name\":\"Blog da Condessa\",\"image\":{\"@type\":\"ImageObject\",\"inLanguage\":\"pt-BR\",\"@id\":\"https:\\\/\\\/secure.gravatar.com\\\/avatar\\\/377c0eb8b4ad2bfc25461b41564b5971e721ca34a57642868fc7b0c8ac7b52c5?s=96&d=mm&r=g\",\"url\":\"https:\\\/\\\/secure.gravatar.com\\\/avatar\\\/377c0eb8b4ad2bfc25461b41564b5971e721ca34a57642868fc7b0c8ac7b52c5?s=96&d=mm&r=g\",\"contentUrl\":\"https:\\\/\\\/secure.gravatar.com\\\/avatar\\\/377c0eb8b4ad2bfc25461b41564b5971e721ca34a57642868fc7b0c8ac7b52c5?s=96&d=mm&r=g\",\"caption\":\"Blog da Condessa\"},\"url\":\"https:\\\/\\\/blogdacondessa.com.br\\\/blog\\\/author\\\/beatriz\\\/\"}]}<\/script>\n<!-- \/ Yoast SEO plugin. -->","yoast_head_json":{"title":"Servi\u00e7o de psicologia da UFMT abre inscri\u00e7\u00f5es para atendimentos &#8902; Blog da Condessa","robots":{"index":"index","follow":"follow","max-snippet":"max-snippet:-1","max-image-preview":"max-image-preview:large","max-video-preview":"max-video-preview:-1"},"canonical":"https:\/\/blogdacondessa.com.br\/blog\/saude\/servico-de-psicologia-da-ufmt-abre-inscricoes-para-atendimentos\/","og_locale":"pt_BR","og_type":"article","og_title":"Servi\u00e7o de psicologia da UFMT abre inscri\u00e7\u00f5es para atendimentos &#8902; Blog da Condessa","og_description":"O Servi\u00e7o de Psicologia Aplicada (S.P.A.)\u00a0da Universidade Federal de Mato Grosso (UFMT) abre, pela primeira vez desde a pandemia, vagas para psicoterapia individual e em grupo. As inscri\u00e7\u00f5es acontecem nos dias 9 e 10 de fevereiro, presencialmente, com disponibiliza\u00e7\u00e3o de 130 vagas para adultos, 20 para adolescentes e 20 infantis. Os atendimentos s\u00e3o realizados por [&hellip;]","og_url":"https:\/\/blogdacondessa.com.br\/blog\/saude\/servico-de-psicologia-da-ufmt-abre-inscricoes-para-atendimentos\/","og_site_name":"Blog da Condessa","article_published_time":"2023-02-01T09:05:41+00:00","og_image":[{"width":1266,"height":829,"url":"https:\/\/blogdacondessa.com.br\/blog\/wp-content\/uploads\/2023\/01\/atendimento-psicologico-gratis.jpg","type":"image\/jpeg"}],"author":"Blog da Condessa","twitter_card":"summary_large_image","twitter_misc":{"Escrito por":"Blog da Condessa","Est. tempo de leitura":"3 minutos"},"schema":{"@context":"https:\/\/schema.org","@graph":[{"@type":"Article","@id":"https:\/\/blogdacondessa.com.br\/blog\/saude\/servico-de-psicologia-da-ufmt-abre-inscricoes-para-atendimentos\/#article","isPartOf":{"@id":"https:\/\/blogdacondessa.com.br\/blog\/saude\/servico-de-psicologia-da-ufmt-abre-inscricoes-para-atendimentos\/"},"author":{"name":"Blog da Condessa","@id":"https:\/\/blogdacondessa.com.br\/blog\/#\/schema\/person\/1d667ff8b785195b568677489d266035"},"headline":"Servi\u00e7o de psicologia da UFMT abre inscri\u00e7\u00f5es para atendimentos","datePublished":"2023-02-01T09:05:41+00:00","mainEntityOfPage":{"@id":"https:\/\/blogdacondessa.com.br\/blog\/saude\/servico-de-psicologia-da-ufmt-abre-inscricoes-para-atendimentos\/"},"wordCount":452,"image":{"@id":"https:\/\/blogdacondessa.com.br\/blog\/saude\/servico-de-psicologia-da-ufmt-abre-inscricoes-para-atendimentos\/#primaryimage"},"thumbnailUrl":"https:\/\/blogdacondessa.com.br\/blog\/wp-content\/uploads\/2023\/01\/atendimento-psicologico-gratis.jpg","articleSection":["Sa\u00fade"],"inLanguage":"pt-BR"},{"@type":"WebPage","@id":"https:\/\/blogdacondessa.com.br\/blog\/saude\/servico-de-psicologia-da-ufmt-abre-inscricoes-para-atendimentos\/","url":"https:\/\/blogdacondessa.com.br\/blog\/saude\/servico-de-psicologia-da-ufmt-abre-inscricoes-para-atendimentos\/","name":"Servi\u00e7o de psicologia da UFMT abre inscri\u00e7\u00f5es para atendimentos &#8902; Blog da Condessa","isPartOf":{"@id":"https:\/\/blogdacondessa.com.br\/blog\/#website"},"primaryImageOfPage":{"@id":"https:\/\/blogdacondessa.com.br\/blog\/saude\/servico-de-psicologia-da-ufmt-abre-inscricoes-para-atendimentos\/#primaryimage"},"image":{"@id":"https:\/\/blogdacondessa.com.br\/blog\/saude\/servico-de-psicologia-da-ufmt-abre-inscricoes-para-atendimentos\/#primaryimage"},"thumbnailUrl":"https:\/\/blogdacondessa.com.br\/blog\/wp-content\/uploads\/2023\/01\/atendimento-psicologico-gratis.jpg","datePublished":"2023-02-01T09:05:41+00:00","author":{"@id":"https:\/\/blogdacondessa.com.br\/blog\/#\/schema\/person\/1d667ff8b785195b568677489d266035"},"breadcrumb":{"@id":"https:\/\/blogdacondessa.com.br\/blog\/saude\/servico-de-psicologia-da-ufmt-abre-inscricoes-para-atendimentos\/#breadcrumb"},"inLanguage":"pt-BR","potentialAction":[{"@type":"ReadAction","target":["https:\/\/blogdacondessa.com.br\/blog\/saude\/servico-de-psicologia-da-ufmt-abre-inscricoes-para-atendimentos\/"]}]},{"@type":"ImageObject","inLanguage":"pt-BR","@id":"https:\/\/blogdacondessa.com.br\/blog\/saude\/servico-de-psicologia-da-ufmt-abre-inscricoes-para-atendimentos\/#primaryimage","url":"https:\/\/blogdacondessa.com.br\/blog\/wp-content\/uploads\/2023\/01\/atendimento-psicologico-gratis.jpg","contentUrl":"https:\/\/blogdacondessa.com.br\/blog\/wp-content\/uploads\/2023\/01\/atendimento-psicologico-gratis.jpg","width":1266,"height":829},{"@type":"BreadcrumbList","@id":"https:\/\/blogdacondessa.com.br\/blog\/saude\/servico-de-psicologia-da-ufmt-abre-inscricoes-para-atendimentos\/#breadcrumb","itemListElement":[{"@type":"ListItem","position":1,"name":"In\u00edcio","item":"https:\/\/blogdacondessa.com.br\/blog\/"},{"@type":"ListItem","position":2,"name":"Servi\u00e7o de psicologia da UFMT abre inscri\u00e7\u00f5es para atendimentos"}]},{"@type":"WebSite","@id":"https:\/\/blogdacondessa.com.br\/blog\/#website","url":"https:\/\/blogdacondessa.com.br\/blog\/","name":"Blog da Condessa","description":"Com Shirley de Souza O\u2019Campos","potentialAction":[{"@type":"SearchAction","target":{"@type":"EntryPoint","urlTemplate":"https:\/\/blogdacondessa.com.br\/blog\/?s={search_term_string}"},"query-input":{"@type":"PropertyValueSpecification","valueRequired":true,"valueName":"search_term_string"}}],"inLanguage":"pt-BR"},{"@type":"Person","@id":"https:\/\/blogdacondessa.com.br\/blog\/#\/schema\/person\/1d667ff8b785195b568677489d266035","name":"Blog da Condessa","image":{"@type":"ImageObject","inLanguage":"pt-BR","@id":"https:\/\/secure.gravatar.com\/avatar\/377c0eb8b4ad2bfc25461b41564b5971e721ca34a57642868fc7b0c8ac7b52c5?s=96&d=mm&r=g","url":"https:\/\/secure.gravatar.com\/avatar\/377c0eb8b4ad2bfc25461b41564b5971e721ca34a57642868fc7b0c8ac7b52c5?s=96&d=mm&r=g","contentUrl":"https:\/\/secure.gravatar.com\/avatar\/377c0eb8b4ad2bfc25461b41564b5971e721ca34a57642868fc7b0c8ac7b52c5?s=96&d=mm&r=g","caption":"Blog da Condessa"},"url":"https:\/\/blogdacondessa.com.br\/blog\/author\/beatriz\/"}]}},"_links":{"self":[{"href":"https:\/\/blogdacondessa.com.br\/blog\/wp-json\/wp\/v2\/posts\/6192","targetHints":{"allow":["GET"]}}],"collection":[{"href":"https:\/\/blogdacondessa.com.br\/blog\/wp-json\/wp\/v2\/posts"}],"about":[{"href":"https:\/\/blogdacondessa.com.br\/blog\/wp-json\/wp\/v2\/types\/post"}],"author":[{"embeddable":true,"href":"https:\/\/blogdacondessa.com.br\/blog\/wp-json\/wp\/v2\/users\/2"}],"replies":[{"embeddable":true,"href":"https:\/\/blogdacondessa.com.br\/blog\/wp-json\/wp\/v2\/comments?post=6192"}],"version-history":[{"count":0,"href":"https:\/\/blogdacondessa.com.br\/blog\/wp-json\/wp\/v2\/posts\/6192\/revisions"}],"wp:featuredmedia":[{"embeddable":true,"href":"https:\/\/blogdacondessa.com.br\/blog\/wp-json\/wp\/v2\/media\/6193"}],"wp:attachment":[{"href":"https:\/\/blogdacondessa.com.br\/blog\/wp-json\/wp\/v2\/media?parent=6192"}],"wp:term":[{"taxonomy":"category","embeddable":true,"href":"https:\/\/blogdacondessa.com.br\/blog\/wp-json\/wp\/v2\/categories?post=6192"},{"taxonomy":"post_tag","embeddable":true,"href":"https:\/\/blogdacondessa.com.br\/blog\/wp-json\/wp\/v2\/tags?post=6192"}],"curies":[{"name":"wp","href":"https:\/\/api.w.org\/{rel}","templated":true}]}}