{"id":6154,"date":"2023-01-27T05:00:13","date_gmt":"2023-01-27T09:00:13","guid":{"rendered":"http:\/\/blogdacondessa.com.br\/?p=6154"},"modified":"2023-01-26T13:37:54","modified_gmt":"2023-01-26T17:37:54","slug":"uma-em-cada-3-criancas-atendidas-na-atencao-basica-tem-vacina-atrasada","status":"publish","type":"post","link":"https:\/\/blogdacondessa.com.br\/blog\/saude\/uma-em-cada-3-criancas-atendidas-na-atencao-basica-tem-vacina-atrasada\/","title":{"rendered":"Uma em cada 3 crian\u00e7as atendidas na aten\u00e7\u00e3o b\u00e1sica tem vacina atrasada"},"content":{"rendered":"<p>A vida escolar vai, aos poucos, voltando ao normal. Ap\u00f3s quase 3 anos entre aulas virtuais, h\u00edbridas ou presenciais ainda cheia de protocolos, escolas, alunos e pais se preparam para um ano com aulas presenciais em quase todos os estados do pa\u00eds. Ainda \u00e9 preciso continuar com alguns cuidados necess\u00e1rios em tempo de pandemia e especialistas t\u00eam chamado aten\u00e7\u00e3o para a atualiza\u00e7\u00e3o dos cart\u00f5es de vacina\u00e7\u00e3o.<\/p>\n<p>Mas n\u00e3o \u00e9 apenas a vacina cont.ra a Covid-19 que deve ser observada pelos pais ou respons\u00e1veis dos alunos. Para um retorno prudente \u00e0s aulas, \u00e9 preciso que todo o cart\u00e3o esteja atualizado. Afinal, os casos de diversas doen\u00e7as para as quais j\u00e1 existem vacinas aumentaram em 2022. Entre elas a dengue, com um aumento de 184,6%, da chikungunya, com aumento de 86,9% e de zika, com aumento de 92,6%.<\/p>\n<p>Em contrapartida, a cobertura vacinal de outra enfermidade grave erradicada desde 1989 no pa\u00eds, a poliomielite, vem caindo significativamente e por isso, a doen\u00e7a que havia sido erradicada, corre o risco do retorno. De acordo com o Minist\u00e9rio da Sa\u00fade, em 2021, a cobertura com as tr\u00eas doses iniciais da vacina foi de 67%; com as doses de refor\u00e7o, 52%. At\u00e9 outubro, apenas 60% do p\u00fablico-alvo havia sido imunizado.<\/p>\n<p>Quando se trata de sarampo, doen\u00e7a que havia sido eliminada, a situa\u00e7\u00e3o tamb\u00e9m n\u00e3o \u00e9 boa. Entre 2018 e 2021, houve quase 40 mil casos no pa\u00eds, com 40 \u00f3bitos. A taxa de efic\u00e1cia contra a infec\u00e7\u00e3o \u00e9 de 97% ap\u00f3s a vacina\u00e7\u00e3o. O dado, contudo, revela outro aspecto: desde 2015, o Brasil apresenta queda da cobertura vacinal de todas as vacinas.<\/p>\n<p>Como a maioria das escolas n\u00e3o exige o documento, a atualiza\u00e7\u00e3o do cart\u00e3o de vacina acaba ficando de lado, especialmente nestes \u00faltimos anos de pandemia. Segundo dados do Minist\u00e9rio da Sa\u00fade, a cobertura vacinal vem em queda h\u00e1 cinco anos, mas em 2020 atingiu as piores m\u00e9dias. Entre os motivos para os resultados baixos, pode estar o receio da transmiss\u00e3o da Covid-19.<\/p>\n<p>Entretanto, apesar desses dados, \u00e9 importante destacar a necessidade de medidas preventivas quando o assunto \u00e9 vacina\u00e7\u00e3o. \u201cA queda e a estagna\u00e7\u00e3o dos \u00edndices de vacina\u00e7\u00e3o s\u00e3o fen\u00f4menos mundiais. \u00c9 um cen\u00e1rio extremamente preocupante, uma vez que, tratam-se de males graves que podem causar \u00f3bito. Grande parte desses imunizantes podem atingir uma prote\u00e7\u00e3o de mais de 80%\u201d, disse a infectologista e gerente de Vacinas do Grupo Sabin, Ana Rosa dos Santos. A m\u00e9dica acrescenta que a ci\u00eancia n\u00e3o para e a cada dia mais e melhores tecnologias avan\u00e7am para o desenvolvimento de novas vacinas. As vacinas h\u00e1 muitos anos v\u00eam salvando muitas vidas e aumentando consideravelmente a longevidade da popula\u00e7\u00e3o. \u00c9 um ato coletivo.<\/p>\n<p><strong>Baixa cobertura vacinal<\/strong><\/p>\n<p>De acordo com o Minist\u00e9rio da Sa\u00fade (MS), em 2021, menos de 59% dos brasileiros haviam completado o esquema vacinal com os imunizantes oferecidos pelo Programa Nacional de Imuniza\u00e7\u00f5es (PNI). Em 2019, a cobertura vacinal no pa\u00eds j\u00e1 estava em 73%, bem abaixo do patamar de 95% preconizado pelo MS. Ainda de acordo com o \u00f3rg\u00e3o, entre janeiro e novembro de 2022, 33,1% de beb\u00eas e crian\u00e7as (at\u00e9 11 anos) atendidos em consultas na aten\u00e7\u00e3o b\u00e1sica pelo pa\u00eds estavam sem a vacina\u00e7\u00e3o em dia.<\/p>\n<p>A Organiza\u00e7\u00e3o Mundial da Sa\u00fade (OMS) afirmou, em 2022, que o Brasil est\u00e1 entre os dez pa\u00edses com maior quantidade de crian\u00e7as com as doses das vacinas que previne difteria, t\u00e9tano e coqueluche atrasadas. O imunizante conhecido pela sigla DPT3 exige 3 doses, que devem ser aplicadas nos primeiros meses de vida.\u00a0 \u00a0(Fonte: Assessoria)<\/p>\n","protected":false},"excerpt":{"rendered":"<p>A vida escolar vai, aos poucos, voltando ao normal. Ap\u00f3s quase 3 anos entre aulas virtuais, h\u00edbridas ou presenciais ainda cheia de protocolos, escolas, alunos e pais se preparam para um ano com aulas presenciais em quase todos os estados do pa\u00eds. Ainda \u00e9 preciso continuar com alguns cuidados necess\u00e1rios em tempo de pandemia e [&hellip;]<\/p>\n","protected":false},"author":2,"featured_media":6156,"comment_status":"closed","ping_status":"closed","sticky":false,"template":"","format":"standard","meta":{"iawp_total_views":0,"footnotes":""},"categories":[5],"tags":[],"class_list":["post-6154","post","type-post","status-publish","format-standard","has-post-thumbnail","hentry","category-saude"],"yoast_head":"<!-- This site is optimized with the Yoast SEO plugin v27.3 - https:\/\/yoast.com\/product\/yoast-seo-wordpress\/ -->\n<title>Uma em cada 3 crian\u00e7as atendidas na aten\u00e7\u00e3o b\u00e1sica tem vacina atrasada &#8902; Blog da Condessa<\/title>\n<meta name=\"robots\" content=\"index, follow, max-snippet:-1, max-image-preview:large, max-video-preview:-1\" \/>\n<link rel=\"canonical\" href=\"https:\/\/blogdacondessa.com.br\/blog\/saude\/uma-em-cada-3-criancas-atendidas-na-atencao-basica-tem-vacina-atrasada\/\" \/>\n<meta property=\"og:locale\" content=\"pt_BR\" \/>\n<meta property=\"og:type\" content=\"article\" \/>\n<meta property=\"og:title\" content=\"Uma em cada 3 crian\u00e7as atendidas na aten\u00e7\u00e3o b\u00e1sica tem vacina atrasada &#8902; Blog da Condessa\" \/>\n<meta property=\"og:description\" content=\"A vida escolar vai, aos poucos, voltando ao normal. Ap\u00f3s quase 3 anos entre aulas virtuais, h\u00edbridas ou presenciais ainda cheia de protocolos, escolas, alunos e pais se preparam para um ano com aulas presenciais em quase todos os estados do pa\u00eds. Ainda \u00e9 preciso continuar com alguns cuidados necess\u00e1rios em tempo de pandemia e [&hellip;]\" \/>\n<meta property=\"og:url\" content=\"https:\/\/blogdacondessa.com.br\/blog\/saude\/uma-em-cada-3-criancas-atendidas-na-atencao-basica-tem-vacina-atrasada\/\" \/>\n<meta property=\"og:site_name\" content=\"Blog da Condessa\" \/>\n<meta property=\"article:published_time\" content=\"2023-01-27T09:00:13+00:00\" \/>\n<meta property=\"og:image\" content=\"https:\/\/blogdacondessa.com.br\/blog\/wp-content\/uploads\/2023\/01\/vacinacao-infantil-1.jpg\" \/>\n\t<meta property=\"og:image:width\" content=\"1280\" \/>\n\t<meta property=\"og:image:height\" content=\"853\" \/>\n\t<meta property=\"og:image:type\" content=\"image\/jpeg\" \/>\n<meta name=\"author\" content=\"Blog da Condessa\" \/>\n<meta name=\"twitter:card\" content=\"summary_large_image\" \/>\n<meta name=\"twitter:label1\" content=\"Escrito por\" \/>\n\t<meta name=\"twitter:data1\" content=\"Blog da Condessa\" \/>\n\t<meta name=\"twitter:label2\" content=\"Est. tempo de leitura\" \/>\n\t<meta name=\"twitter:data2\" content=\"4 minutos\" \/>\n<script type=\"application\/ld+json\" class=\"yoast-schema-graph\">{\"@context\":\"https:\\\/\\\/schema.org\",\"@graph\":[{\"@type\":\"Article\",\"@id\":\"https:\\\/\\\/blogdacondessa.com.br\\\/blog\\\/saude\\\/uma-em-cada-3-criancas-atendidas-na-atencao-basica-tem-vacina-atrasada\\\/#article\",\"isPartOf\":{\"@id\":\"https:\\\/\\\/blogdacondessa.com.br\\\/blog\\\/saude\\\/uma-em-cada-3-criancas-atendidas-na-atencao-basica-tem-vacina-atrasada\\\/\"},\"author\":{\"name\":\"Blog da Condessa\",\"@id\":\"https:\\\/\\\/blogdacondessa.com.br\\\/blog\\\/#\\\/schema\\\/person\\\/1d667ff8b785195b568677489d266035\"},\"headline\":\"Uma em cada 3 crian\u00e7as atendidas na aten\u00e7\u00e3o b\u00e1sica tem vacina atrasada\",\"datePublished\":\"2023-01-27T09:00:13+00:00\",\"mainEntityOfPage\":{\"@id\":\"https:\\\/\\\/blogdacondessa.com.br\\\/blog\\\/saude\\\/uma-em-cada-3-criancas-atendidas-na-atencao-basica-tem-vacina-atrasada\\\/\"},\"wordCount\":627,\"image\":{\"@id\":\"https:\\\/\\\/blogdacondessa.com.br\\\/blog\\\/saude\\\/uma-em-cada-3-criancas-atendidas-na-atencao-basica-tem-vacina-atrasada\\\/#primaryimage\"},\"thumbnailUrl\":\"https:\\\/\\\/blogdacondessa.com.br\\\/blog\\\/wp-content\\\/uploads\\\/2023\\\/01\\\/vacinacao-infantil-1.jpg\",\"articleSection\":[\"Sa\u00fade\"],\"inLanguage\":\"pt-BR\"},{\"@type\":\"WebPage\",\"@id\":\"https:\\\/\\\/blogdacondessa.com.br\\\/blog\\\/saude\\\/uma-em-cada-3-criancas-atendidas-na-atencao-basica-tem-vacina-atrasada\\\/\",\"url\":\"https:\\\/\\\/blogdacondessa.com.br\\\/blog\\\/saude\\\/uma-em-cada-3-criancas-atendidas-na-atencao-basica-tem-vacina-atrasada\\\/\",\"name\":\"Uma em cada 3 crian\u00e7as atendidas na aten\u00e7\u00e3o b\u00e1sica tem vacina atrasada &#8902; Blog da Condessa\",\"isPartOf\":{\"@id\":\"https:\\\/\\\/blogdacondessa.com.br\\\/blog\\\/#website\"},\"primaryImageOfPage\":{\"@id\":\"https:\\\/\\\/blogdacondessa.com.br\\\/blog\\\/saude\\\/uma-em-cada-3-criancas-atendidas-na-atencao-basica-tem-vacina-atrasada\\\/#primaryimage\"},\"image\":{\"@id\":\"https:\\\/\\\/blogdacondessa.com.br\\\/blog\\\/saude\\\/uma-em-cada-3-criancas-atendidas-na-atencao-basica-tem-vacina-atrasada\\\/#primaryimage\"},\"thumbnailUrl\":\"https:\\\/\\\/blogdacondessa.com.br\\\/blog\\\/wp-content\\\/uploads\\\/2023\\\/01\\\/vacinacao-infantil-1.jpg\",\"datePublished\":\"2023-01-27T09:00:13+00:00\",\"author\":{\"@id\":\"https:\\\/\\\/blogdacondessa.com.br\\\/blog\\\/#\\\/schema\\\/person\\\/1d667ff8b785195b568677489d266035\"},\"breadcrumb\":{\"@id\":\"https:\\\/\\\/blogdacondessa.com.br\\\/blog\\\/saude\\\/uma-em-cada-3-criancas-atendidas-na-atencao-basica-tem-vacina-atrasada\\\/#breadcrumb\"},\"inLanguage\":\"pt-BR\",\"potentialAction\":[{\"@type\":\"ReadAction\",\"target\":[\"https:\\\/\\\/blogdacondessa.com.br\\\/blog\\\/saude\\\/uma-em-cada-3-criancas-atendidas-na-atencao-basica-tem-vacina-atrasada\\\/\"]}]},{\"@type\":\"ImageObject\",\"inLanguage\":\"pt-BR\",\"@id\":\"https:\\\/\\\/blogdacondessa.com.br\\\/blog\\\/saude\\\/uma-em-cada-3-criancas-atendidas-na-atencao-basica-tem-vacina-atrasada\\\/#primaryimage\",\"url\":\"https:\\\/\\\/blogdacondessa.com.br\\\/blog\\\/wp-content\\\/uploads\\\/2023\\\/01\\\/vacinacao-infantil-1.jpg\",\"contentUrl\":\"https:\\\/\\\/blogdacondessa.com.br\\\/blog\\\/wp-content\\\/uploads\\\/2023\\\/01\\\/vacinacao-infantil-1.jpg\",\"width\":1280,\"height\":853},{\"@type\":\"BreadcrumbList\",\"@id\":\"https:\\\/\\\/blogdacondessa.com.br\\\/blog\\\/saude\\\/uma-em-cada-3-criancas-atendidas-na-atencao-basica-tem-vacina-atrasada\\\/#breadcrumb\",\"itemListElement\":[{\"@type\":\"ListItem\",\"position\":1,\"name\":\"In\u00edcio\",\"item\":\"https:\\\/\\\/blogdacondessa.com.br\\\/blog\\\/\"},{\"@type\":\"ListItem\",\"position\":2,\"name\":\"Uma em cada 3 crian\u00e7as atendidas na aten\u00e7\u00e3o b\u00e1sica tem vacina atrasada\"}]},{\"@type\":\"WebSite\",\"@id\":\"https:\\\/\\\/blogdacondessa.com.br\\\/blog\\\/#website\",\"url\":\"https:\\\/\\\/blogdacondessa.com.br\\\/blog\\\/\",\"name\":\"Blog da Condessa\",\"description\":\"Com Shirley de Souza O\u2019Campos\",\"potentialAction\":[{\"@type\":\"SearchAction\",\"target\":{\"@type\":\"EntryPoint\",\"urlTemplate\":\"https:\\\/\\\/blogdacondessa.com.br\\\/blog\\\/?s={search_term_string}\"},\"query-input\":{\"@type\":\"PropertyValueSpecification\",\"valueRequired\":true,\"valueName\":\"search_term_string\"}}],\"inLanguage\":\"pt-BR\"},{\"@type\":\"Person\",\"@id\":\"https:\\\/\\\/blogdacondessa.com.br\\\/blog\\\/#\\\/schema\\\/person\\\/1d667ff8b785195b568677489d266035\",\"name\":\"Blog da Condessa\",\"image\":{\"@type\":\"ImageObject\",\"inLanguage\":\"pt-BR\",\"@id\":\"https:\\\/\\\/secure.gravatar.com\\\/avatar\\\/377c0eb8b4ad2bfc25461b41564b5971e721ca34a57642868fc7b0c8ac7b52c5?s=96&d=mm&r=g\",\"url\":\"https:\\\/\\\/secure.gravatar.com\\\/avatar\\\/377c0eb8b4ad2bfc25461b41564b5971e721ca34a57642868fc7b0c8ac7b52c5?s=96&d=mm&r=g\",\"contentUrl\":\"https:\\\/\\\/secure.gravatar.com\\\/avatar\\\/377c0eb8b4ad2bfc25461b41564b5971e721ca34a57642868fc7b0c8ac7b52c5?s=96&d=mm&r=g\",\"caption\":\"Blog da Condessa\"},\"url\":\"https:\\\/\\\/blogdacondessa.com.br\\\/blog\\\/author\\\/beatriz\\\/\"}]}<\/script>\n<!-- \/ Yoast SEO plugin. -->","yoast_head_json":{"title":"Uma em cada 3 crian\u00e7as atendidas na aten\u00e7\u00e3o b\u00e1sica tem vacina atrasada &#8902; Blog da Condessa","robots":{"index":"index","follow":"follow","max-snippet":"max-snippet:-1","max-image-preview":"max-image-preview:large","max-video-preview":"max-video-preview:-1"},"canonical":"https:\/\/blogdacondessa.com.br\/blog\/saude\/uma-em-cada-3-criancas-atendidas-na-atencao-basica-tem-vacina-atrasada\/","og_locale":"pt_BR","og_type":"article","og_title":"Uma em cada 3 crian\u00e7as atendidas na aten\u00e7\u00e3o b\u00e1sica tem vacina atrasada &#8902; Blog da Condessa","og_description":"A vida escolar vai, aos poucos, voltando ao normal. Ap\u00f3s quase 3 anos entre aulas virtuais, h\u00edbridas ou presenciais ainda cheia de protocolos, escolas, alunos e pais se preparam para um ano com aulas presenciais em quase todos os estados do pa\u00eds. Ainda \u00e9 preciso continuar com alguns cuidados necess\u00e1rios em tempo de pandemia e [&hellip;]","og_url":"https:\/\/blogdacondessa.com.br\/blog\/saude\/uma-em-cada-3-criancas-atendidas-na-atencao-basica-tem-vacina-atrasada\/","og_site_name":"Blog da Condessa","article_published_time":"2023-01-27T09:00:13+00:00","og_image":[{"width":1280,"height":853,"url":"https:\/\/blogdacondessa.com.br\/blog\/wp-content\/uploads\/2023\/01\/vacinacao-infantil-1.jpg","type":"image\/jpeg"}],"author":"Blog da Condessa","twitter_card":"summary_large_image","twitter_misc":{"Escrito por":"Blog da Condessa","Est. tempo de leitura":"4 minutos"},"schema":{"@context":"https:\/\/schema.org","@graph":[{"@type":"Article","@id":"https:\/\/blogdacondessa.com.br\/blog\/saude\/uma-em-cada-3-criancas-atendidas-na-atencao-basica-tem-vacina-atrasada\/#article","isPartOf":{"@id":"https:\/\/blogdacondessa.com.br\/blog\/saude\/uma-em-cada-3-criancas-atendidas-na-atencao-basica-tem-vacina-atrasada\/"},"author":{"name":"Blog da Condessa","@id":"https:\/\/blogdacondessa.com.br\/blog\/#\/schema\/person\/1d667ff8b785195b568677489d266035"},"headline":"Uma em cada 3 crian\u00e7as atendidas na aten\u00e7\u00e3o b\u00e1sica tem vacina atrasada","datePublished":"2023-01-27T09:00:13+00:00","mainEntityOfPage":{"@id":"https:\/\/blogdacondessa.com.br\/blog\/saude\/uma-em-cada-3-criancas-atendidas-na-atencao-basica-tem-vacina-atrasada\/"},"wordCount":627,"image":{"@id":"https:\/\/blogdacondessa.com.br\/blog\/saude\/uma-em-cada-3-criancas-atendidas-na-atencao-basica-tem-vacina-atrasada\/#primaryimage"},"thumbnailUrl":"https:\/\/blogdacondessa.com.br\/blog\/wp-content\/uploads\/2023\/01\/vacinacao-infantil-1.jpg","articleSection":["Sa\u00fade"],"inLanguage":"pt-BR"},{"@type":"WebPage","@id":"https:\/\/blogdacondessa.com.br\/blog\/saude\/uma-em-cada-3-criancas-atendidas-na-atencao-basica-tem-vacina-atrasada\/","url":"https:\/\/blogdacondessa.com.br\/blog\/saude\/uma-em-cada-3-criancas-atendidas-na-atencao-basica-tem-vacina-atrasada\/","name":"Uma em cada 3 crian\u00e7as atendidas na aten\u00e7\u00e3o b\u00e1sica tem vacina atrasada &#8902; Blog da Condessa","isPartOf":{"@id":"https:\/\/blogdacondessa.com.br\/blog\/#website"},"primaryImageOfPage":{"@id":"https:\/\/blogdacondessa.com.br\/blog\/saude\/uma-em-cada-3-criancas-atendidas-na-atencao-basica-tem-vacina-atrasada\/#primaryimage"},"image":{"@id":"https:\/\/blogdacondessa.com.br\/blog\/saude\/uma-em-cada-3-criancas-atendidas-na-atencao-basica-tem-vacina-atrasada\/#primaryimage"},"thumbnailUrl":"https:\/\/blogdacondessa.com.br\/blog\/wp-content\/uploads\/2023\/01\/vacinacao-infantil-1.jpg","datePublished":"2023-01-27T09:00:13+00:00","author":{"@id":"https:\/\/blogdacondessa.com.br\/blog\/#\/schema\/person\/1d667ff8b785195b568677489d266035"},"breadcrumb":{"@id":"https:\/\/blogdacondessa.com.br\/blog\/saude\/uma-em-cada-3-criancas-atendidas-na-atencao-basica-tem-vacina-atrasada\/#breadcrumb"},"inLanguage":"pt-BR","potentialAction":[{"@type":"ReadAction","target":["https:\/\/blogdacondessa.com.br\/blog\/saude\/uma-em-cada-3-criancas-atendidas-na-atencao-basica-tem-vacina-atrasada\/"]}]},{"@type":"ImageObject","inLanguage":"pt-BR","@id":"https:\/\/blogdacondessa.com.br\/blog\/saude\/uma-em-cada-3-criancas-atendidas-na-atencao-basica-tem-vacina-atrasada\/#primaryimage","url":"https:\/\/blogdacondessa.com.br\/blog\/wp-content\/uploads\/2023\/01\/vacinacao-infantil-1.jpg","contentUrl":"https:\/\/blogdacondessa.com.br\/blog\/wp-content\/uploads\/2023\/01\/vacinacao-infantil-1.jpg","width":1280,"height":853},{"@type":"BreadcrumbList","@id":"https:\/\/blogdacondessa.com.br\/blog\/saude\/uma-em-cada-3-criancas-atendidas-na-atencao-basica-tem-vacina-atrasada\/#breadcrumb","itemListElement":[{"@type":"ListItem","position":1,"name":"In\u00edcio","item":"https:\/\/blogdacondessa.com.br\/blog\/"},{"@type":"ListItem","position":2,"name":"Uma em cada 3 crian\u00e7as atendidas na aten\u00e7\u00e3o b\u00e1sica tem vacina atrasada"}]},{"@type":"WebSite","@id":"https:\/\/blogdacondessa.com.br\/blog\/#website","url":"https:\/\/blogdacondessa.com.br\/blog\/","name":"Blog da Condessa","description":"Com Shirley de Souza O\u2019Campos","potentialAction":[{"@type":"SearchAction","target":{"@type":"EntryPoint","urlTemplate":"https:\/\/blogdacondessa.com.br\/blog\/?s={search_term_string}"},"query-input":{"@type":"PropertyValueSpecification","valueRequired":true,"valueName":"search_term_string"}}],"inLanguage":"pt-BR"},{"@type":"Person","@id":"https:\/\/blogdacondessa.com.br\/blog\/#\/schema\/person\/1d667ff8b785195b568677489d266035","name":"Blog da Condessa","image":{"@type":"ImageObject","inLanguage":"pt-BR","@id":"https:\/\/secure.gravatar.com\/avatar\/377c0eb8b4ad2bfc25461b41564b5971e721ca34a57642868fc7b0c8ac7b52c5?s=96&d=mm&r=g","url":"https:\/\/secure.gravatar.com\/avatar\/377c0eb8b4ad2bfc25461b41564b5971e721ca34a57642868fc7b0c8ac7b52c5?s=96&d=mm&r=g","contentUrl":"https:\/\/secure.gravatar.com\/avatar\/377c0eb8b4ad2bfc25461b41564b5971e721ca34a57642868fc7b0c8ac7b52c5?s=96&d=mm&r=g","caption":"Blog da Condessa"},"url":"https:\/\/blogdacondessa.com.br\/blog\/author\/beatriz\/"}]}},"_links":{"self":[{"href":"https:\/\/blogdacondessa.com.br\/blog\/wp-json\/wp\/v2\/posts\/6154","targetHints":{"allow":["GET"]}}],"collection":[{"href":"https:\/\/blogdacondessa.com.br\/blog\/wp-json\/wp\/v2\/posts"}],"about":[{"href":"https:\/\/blogdacondessa.com.br\/blog\/wp-json\/wp\/v2\/types\/post"}],"author":[{"embeddable":true,"href":"https:\/\/blogdacondessa.com.br\/blog\/wp-json\/wp\/v2\/users\/2"}],"replies":[{"embeddable":true,"href":"https:\/\/blogdacondessa.com.br\/blog\/wp-json\/wp\/v2\/comments?post=6154"}],"version-history":[{"count":0,"href":"https:\/\/blogdacondessa.com.br\/blog\/wp-json\/wp\/v2\/posts\/6154\/revisions"}],"wp:featuredmedia":[{"embeddable":true,"href":"https:\/\/blogdacondessa.com.br\/blog\/wp-json\/wp\/v2\/media\/6156"}],"wp:attachment":[{"href":"https:\/\/blogdacondessa.com.br\/blog\/wp-json\/wp\/v2\/media?parent=6154"}],"wp:term":[{"taxonomy":"category","embeddable":true,"href":"https:\/\/blogdacondessa.com.br\/blog\/wp-json\/wp\/v2\/categories?post=6154"},{"taxonomy":"post_tag","embeddable":true,"href":"https:\/\/blogdacondessa.com.br\/blog\/wp-json\/wp\/v2\/tags?post=6154"}],"curies":[{"name":"wp","href":"https:\/\/api.w.org\/{rel}","templated":true}]}}