{"id":61,"date":"2020-01-19T04:00:00","date_gmt":"2020-01-19T04:00:00","guid":{"rendered":"https:\/\/blogdacondessa.local\/para-eles\/"},"modified":"2021-06-24T14:40:58","modified_gmt":"2021-06-24T14:40:58","slug":"para-eles","status":"publish","type":"post","link":"https:\/\/blogdacondessa.com.br\/blog\/moda\/para-eles\/","title":{"rendered":"Para eles"},"content":{"rendered":"<p>Cabelo descolorido \u00e9 a febre deste ver\u00e3o entre adultos e crian\u00e7as. Tend\u00eancia \u00e9 inspirada em famosos como Gabigol e Neymar. Em 2020 temos uma grande diversidade de tend\u00eancias capilares em alta, atendendo a todos os gostos e estilos de cabelos. O in\u00edcio do ano \u00e9 uma \u00e9poca perfeita para investir em um novo corte de cabelo. Se voc\u00ea est\u00e1 em d\u00favida em qual visual adotar, continue lendo que selecionamos algumas tend\u00eancias.<\/p>\n<p>Sejam naturais ou descoloridos a verdade \u00e9 que os fios brancos seguem em alta e entre os visuais favoritos dos homens.\u00a0Os cabelos longos tamb\u00e9m est\u00e3o voltando com tudo. Homens com comprimento mais longo s\u00e3o uma das principais apostas e ideais para quem gosta de um estilo mais ousado. Uma boa maneira de texturizar esse comprimento maior \u00e9 apostar nos coques, conseguindo um visual estiloso e pr\u00e1tico de fazer.<\/p>\n<p>O\u00a0cabelo descolorido masculino\u00a0\u00e9 um dos estilos mais desejados pelos homens porque \u00e9 moderno, diferente e sempre chama muita aten\u00e7\u00e3o. Mas antes de sair clareando os fios \u00e9 fundamental entender melhor como funciona a descolora\u00e7\u00e3o e buscar ajuda de um profissional.<\/p>\n<p>O cabelo descolorido masculino fica bem em qualquer homem, incluindo os que ostentam fios\u00a0ondulados, cacheados e crespos. A \u00fanica restri\u00e7\u00e3o diz respeito \u00e0 sa\u00fade capilar.<br \/> A descolora\u00e7\u00e3o \u00e9 um processo altamente agressivo para os cabelos e, por isso, eles precisam estar fortes e saud\u00e1veis para passar por ele. Se notar que a cabeleira est\u00e1 com aspecto seco, quebradi\u00e7o e fr\u00e1gil, ele n\u00e3o est\u00e1 pronto para ser descolorido. (Fonte: #praparadopravaler) <\/p>\n","protected":false},"excerpt":{"rendered":"<p>Cabelo descolorido \u00e9 a febre deste ver\u00e3o entre adultos e crian\u00e7as. Tend\u00eancia \u00e9 inspirada em famosos como Gabigol e Neymar. Em 2020 temos uma grande diversidade de tend\u00eancias capilares em alta, atendendo a todos os gostos e estilos de cabelos. O in\u00edcio do ano \u00e9 uma \u00e9poca perfeita para investir em um novo corte de [&hellip;]<\/p>\n","protected":false},"author":7,"featured_media":1663,"comment_status":"open","ping_status":"closed","sticky":false,"template":"","format":"standard","meta":{"iawp_total_views":2,"footnotes":""},"categories":[21],"tags":[],"class_list":["post-61","post","type-post","status-publish","format-standard","has-post-thumbnail","hentry","category-moda"],"yoast_head":"<!-- This site is optimized with the Yoast SEO plugin v27.3 - https:\/\/yoast.com\/product\/yoast-seo-wordpress\/ -->\n<title>Para eles &#8902; Blog da Condessa<\/title>\n<meta name=\"robots\" content=\"index, follow, max-snippet:-1, max-image-preview:large, max-video-preview:-1\" \/>\n<link rel=\"canonical\" href=\"https:\/\/blogdacondessa.com.br\/blog\/moda\/para-eles\/\" \/>\n<meta property=\"og:locale\" content=\"pt_BR\" \/>\n<meta property=\"og:type\" content=\"article\" \/>\n<meta property=\"og:title\" content=\"Para eles &#8902; Blog da Condessa\" \/>\n<meta property=\"og:description\" content=\"Cabelo descolorido \u00e9 a febre deste ver\u00e3o entre adultos e crian\u00e7as. Tend\u00eancia \u00e9 inspirada em famosos como Gabigol e Neymar. Em 2020 temos uma grande diversidade de tend\u00eancias capilares em alta, atendendo a todos os gostos e estilos de cabelos. O in\u00edcio do ano \u00e9 uma \u00e9poca perfeita para investir em um novo corte de [&hellip;]\" \/>\n<meta property=\"og:url\" content=\"https:\/\/blogdacondessa.com.br\/blog\/moda\/para-eles\/\" \/>\n<meta property=\"og:site_name\" content=\"Blog da Condessa\" \/>\n<meta property=\"article:published_time\" content=\"2020-01-19T04:00:00+00:00\" \/>\n<meta property=\"article:modified_time\" content=\"2021-06-24T14:40:58+00:00\" \/>\n<meta property=\"og:image\" content=\"https:\/\/blogdacondessa.com.br\/blog\/wp-content\/uploads\/2021\/06\/339a0e1449b6b4062056bc300d87e893_L.jpg\" \/>\n\t<meta property=\"og:image:width\" content=\"600\" \/>\n\t<meta property=\"og:image:height\" content=\"600\" \/>\n\t<meta property=\"og:image:type\" content=\"image\/jpeg\" \/>\n<meta name=\"author\" content=\"airton\" \/>\n<meta name=\"twitter:card\" content=\"summary_large_image\" \/>\n<meta name=\"twitter:label1\" content=\"Escrito por\" \/>\n\t<meta name=\"twitter:data1\" content=\"airton\" \/>\n\t<meta name=\"twitter:label2\" content=\"Est. tempo de leitura\" \/>\n\t<meta name=\"twitter:data2\" content=\"1 minuto\" \/>\n<script type=\"application\/ld+json\" class=\"yoast-schema-graph\">{\"@context\":\"https:\\\/\\\/schema.org\",\"@graph\":[{\"@type\":\"Article\",\"@id\":\"https:\\\/\\\/blogdacondessa.com.br\\\/blog\\\/moda\\\/para-eles\\\/#article\",\"isPartOf\":{\"@id\":\"https:\\\/\\\/blogdacondessa.com.br\\\/blog\\\/moda\\\/para-eles\\\/\"},\"author\":{\"name\":\"airton\",\"@id\":\"https:\\\/\\\/blogdacondessa.com.br\\\/blog\\\/#\\\/schema\\\/person\\\/292c4cb5acb8adfc928179eb6157de30\"},\"headline\":\"Para eles\",\"datePublished\":\"2020-01-19T04:00:00+00:00\",\"dateModified\":\"2021-06-24T14:40:58+00:00\",\"mainEntityOfPage\":{\"@id\":\"https:\\\/\\\/blogdacondessa.com.br\\\/blog\\\/moda\\\/para-eles\\\/\"},\"wordCount\":263,\"commentCount\":0,\"image\":{\"@id\":\"https:\\\/\\\/blogdacondessa.com.br\\\/blog\\\/moda\\\/para-eles\\\/#primaryimage\"},\"thumbnailUrl\":\"https:\\\/\\\/blogdacondessa.com.br\\\/blog\\\/wp-content\\\/uploads\\\/2021\\\/06\\\/339a0e1449b6b4062056bc300d87e893_L.jpg\",\"articleSection\":[\"Moda\"],\"inLanguage\":\"pt-BR\",\"potentialAction\":[{\"@type\":\"CommentAction\",\"name\":\"Comment\",\"target\":[\"https:\\\/\\\/blogdacondessa.com.br\\\/blog\\\/moda\\\/para-eles\\\/#respond\"]}]},{\"@type\":\"WebPage\",\"@id\":\"https:\\\/\\\/blogdacondessa.com.br\\\/blog\\\/moda\\\/para-eles\\\/\",\"url\":\"https:\\\/\\\/blogdacondessa.com.br\\\/blog\\\/moda\\\/para-eles\\\/\",\"name\":\"Para eles &#8902; Blog da Condessa\",\"isPartOf\":{\"@id\":\"https:\\\/\\\/blogdacondessa.com.br\\\/blog\\\/#website\"},\"primaryImageOfPage\":{\"@id\":\"https:\\\/\\\/blogdacondessa.com.br\\\/blog\\\/moda\\\/para-eles\\\/#primaryimage\"},\"image\":{\"@id\":\"https:\\\/\\\/blogdacondessa.com.br\\\/blog\\\/moda\\\/para-eles\\\/#primaryimage\"},\"thumbnailUrl\":\"https:\\\/\\\/blogdacondessa.com.br\\\/blog\\\/wp-content\\\/uploads\\\/2021\\\/06\\\/339a0e1449b6b4062056bc300d87e893_L.jpg\",\"datePublished\":\"2020-01-19T04:00:00+00:00\",\"dateModified\":\"2021-06-24T14:40:58+00:00\",\"author\":{\"@id\":\"https:\\\/\\\/blogdacondessa.com.br\\\/blog\\\/#\\\/schema\\\/person\\\/292c4cb5acb8adfc928179eb6157de30\"},\"breadcrumb\":{\"@id\":\"https:\\\/\\\/blogdacondessa.com.br\\\/blog\\\/moda\\\/para-eles\\\/#breadcrumb\"},\"inLanguage\":\"pt-BR\",\"potentialAction\":[{\"@type\":\"ReadAction\",\"target\":[\"https:\\\/\\\/blogdacondessa.com.br\\\/blog\\\/moda\\\/para-eles\\\/\"]}]},{\"@type\":\"ImageObject\",\"inLanguage\":\"pt-BR\",\"@id\":\"https:\\\/\\\/blogdacondessa.com.br\\\/blog\\\/moda\\\/para-eles\\\/#primaryimage\",\"url\":\"https:\\\/\\\/blogdacondessa.com.br\\\/blog\\\/wp-content\\\/uploads\\\/2021\\\/06\\\/339a0e1449b6b4062056bc300d87e893_L.jpg\",\"contentUrl\":\"https:\\\/\\\/blogdacondessa.com.br\\\/blog\\\/wp-content\\\/uploads\\\/2021\\\/06\\\/339a0e1449b6b4062056bc300d87e893_L.jpg\",\"width\":600,\"height\":600},{\"@type\":\"BreadcrumbList\",\"@id\":\"https:\\\/\\\/blogdacondessa.com.br\\\/blog\\\/moda\\\/para-eles\\\/#breadcrumb\",\"itemListElement\":[{\"@type\":\"ListItem\",\"position\":1,\"name\":\"In\u00edcio\",\"item\":\"https:\\\/\\\/blogdacondessa.com.br\\\/blog\\\/\"},{\"@type\":\"ListItem\",\"position\":2,\"name\":\"Para eles\"}]},{\"@type\":\"WebSite\",\"@id\":\"https:\\\/\\\/blogdacondessa.com.br\\\/blog\\\/#website\",\"url\":\"https:\\\/\\\/blogdacondessa.com.br\\\/blog\\\/\",\"name\":\"Blog da Condessa\",\"description\":\"Com Shirley de Souza O\u2019Campos\",\"potentialAction\":[{\"@type\":\"SearchAction\",\"target\":{\"@type\":\"EntryPoint\",\"urlTemplate\":\"https:\\\/\\\/blogdacondessa.com.br\\\/blog\\\/?s={search_term_string}\"},\"query-input\":{\"@type\":\"PropertyValueSpecification\",\"valueRequired\":true,\"valueName\":\"search_term_string\"}}],\"inLanguage\":\"pt-BR\"},{\"@type\":\"Person\",\"@id\":\"https:\\\/\\\/blogdacondessa.com.br\\\/blog\\\/#\\\/schema\\\/person\\\/292c4cb5acb8adfc928179eb6157de30\",\"name\":\"airton\",\"image\":{\"@type\":\"ImageObject\",\"inLanguage\":\"pt-BR\",\"@id\":\"https:\\\/\\\/secure.gravatar.com\\\/avatar\\\/fff439d242b57aadc9897c7a757d12f6a9c2c282667e036a6f7b3ab0e701799c?s=96&d=mm&r=g\",\"url\":\"https:\\\/\\\/secure.gravatar.com\\\/avatar\\\/fff439d242b57aadc9897c7a757d12f6a9c2c282667e036a6f7b3ab0e701799c?s=96&d=mm&r=g\",\"contentUrl\":\"https:\\\/\\\/secure.gravatar.com\\\/avatar\\\/fff439d242b57aadc9897c7a757d12f6a9c2c282667e036a6f7b3ab0e701799c?s=96&d=mm&r=g\",\"caption\":\"airton\"},\"url\":\"https:\\\/\\\/blogdacondessa.com.br\\\/blog\\\/author\\\/airton\\\/\"}]}<\/script>\n<!-- \/ Yoast SEO plugin. -->","yoast_head_json":{"title":"Para eles &#8902; Blog da Condessa","robots":{"index":"index","follow":"follow","max-snippet":"max-snippet:-1","max-image-preview":"max-image-preview:large","max-video-preview":"max-video-preview:-1"},"canonical":"https:\/\/blogdacondessa.com.br\/blog\/moda\/para-eles\/","og_locale":"pt_BR","og_type":"article","og_title":"Para eles &#8902; Blog da Condessa","og_description":"Cabelo descolorido \u00e9 a febre deste ver\u00e3o entre adultos e crian\u00e7as. Tend\u00eancia \u00e9 inspirada em famosos como Gabigol e Neymar. Em 2020 temos uma grande diversidade de tend\u00eancias capilares em alta, atendendo a todos os gostos e estilos de cabelos. O in\u00edcio do ano \u00e9 uma \u00e9poca perfeita para investir em um novo corte de [&hellip;]","og_url":"https:\/\/blogdacondessa.com.br\/blog\/moda\/para-eles\/","og_site_name":"Blog da Condessa","article_published_time":"2020-01-19T04:00:00+00:00","article_modified_time":"2021-06-24T14:40:58+00:00","og_image":[{"width":600,"height":600,"url":"https:\/\/blogdacondessa.com.br\/blog\/wp-content\/uploads\/2021\/06\/339a0e1449b6b4062056bc300d87e893_L.jpg","type":"image\/jpeg"}],"author":"airton","twitter_card":"summary_large_image","twitter_misc":{"Escrito por":"airton","Est. tempo de leitura":"1 minuto"},"schema":{"@context":"https:\/\/schema.org","@graph":[{"@type":"Article","@id":"https:\/\/blogdacondessa.com.br\/blog\/moda\/para-eles\/#article","isPartOf":{"@id":"https:\/\/blogdacondessa.com.br\/blog\/moda\/para-eles\/"},"author":{"name":"airton","@id":"https:\/\/blogdacondessa.com.br\/blog\/#\/schema\/person\/292c4cb5acb8adfc928179eb6157de30"},"headline":"Para eles","datePublished":"2020-01-19T04:00:00+00:00","dateModified":"2021-06-24T14:40:58+00:00","mainEntityOfPage":{"@id":"https:\/\/blogdacondessa.com.br\/blog\/moda\/para-eles\/"},"wordCount":263,"commentCount":0,"image":{"@id":"https:\/\/blogdacondessa.com.br\/blog\/moda\/para-eles\/#primaryimage"},"thumbnailUrl":"https:\/\/blogdacondessa.com.br\/blog\/wp-content\/uploads\/2021\/06\/339a0e1449b6b4062056bc300d87e893_L.jpg","articleSection":["Moda"],"inLanguage":"pt-BR","potentialAction":[{"@type":"CommentAction","name":"Comment","target":["https:\/\/blogdacondessa.com.br\/blog\/moda\/para-eles\/#respond"]}]},{"@type":"WebPage","@id":"https:\/\/blogdacondessa.com.br\/blog\/moda\/para-eles\/","url":"https:\/\/blogdacondessa.com.br\/blog\/moda\/para-eles\/","name":"Para eles &#8902; Blog da Condessa","isPartOf":{"@id":"https:\/\/blogdacondessa.com.br\/blog\/#website"},"primaryImageOfPage":{"@id":"https:\/\/blogdacondessa.com.br\/blog\/moda\/para-eles\/#primaryimage"},"image":{"@id":"https:\/\/blogdacondessa.com.br\/blog\/moda\/para-eles\/#primaryimage"},"thumbnailUrl":"https:\/\/blogdacondessa.com.br\/blog\/wp-content\/uploads\/2021\/06\/339a0e1449b6b4062056bc300d87e893_L.jpg","datePublished":"2020-01-19T04:00:00+00:00","dateModified":"2021-06-24T14:40:58+00:00","author":{"@id":"https:\/\/blogdacondessa.com.br\/blog\/#\/schema\/person\/292c4cb5acb8adfc928179eb6157de30"},"breadcrumb":{"@id":"https:\/\/blogdacondessa.com.br\/blog\/moda\/para-eles\/#breadcrumb"},"inLanguage":"pt-BR","potentialAction":[{"@type":"ReadAction","target":["https:\/\/blogdacondessa.com.br\/blog\/moda\/para-eles\/"]}]},{"@type":"ImageObject","inLanguage":"pt-BR","@id":"https:\/\/blogdacondessa.com.br\/blog\/moda\/para-eles\/#primaryimage","url":"https:\/\/blogdacondessa.com.br\/blog\/wp-content\/uploads\/2021\/06\/339a0e1449b6b4062056bc300d87e893_L.jpg","contentUrl":"https:\/\/blogdacondessa.com.br\/blog\/wp-content\/uploads\/2021\/06\/339a0e1449b6b4062056bc300d87e893_L.jpg","width":600,"height":600},{"@type":"BreadcrumbList","@id":"https:\/\/blogdacondessa.com.br\/blog\/moda\/para-eles\/#breadcrumb","itemListElement":[{"@type":"ListItem","position":1,"name":"In\u00edcio","item":"https:\/\/blogdacondessa.com.br\/blog\/"},{"@type":"ListItem","position":2,"name":"Para eles"}]},{"@type":"WebSite","@id":"https:\/\/blogdacondessa.com.br\/blog\/#website","url":"https:\/\/blogdacondessa.com.br\/blog\/","name":"Blog da Condessa","description":"Com Shirley de Souza O\u2019Campos","potentialAction":[{"@type":"SearchAction","target":{"@type":"EntryPoint","urlTemplate":"https:\/\/blogdacondessa.com.br\/blog\/?s={search_term_string}"},"query-input":{"@type":"PropertyValueSpecification","valueRequired":true,"valueName":"search_term_string"}}],"inLanguage":"pt-BR"},{"@type":"Person","@id":"https:\/\/blogdacondessa.com.br\/blog\/#\/schema\/person\/292c4cb5acb8adfc928179eb6157de30","name":"airton","image":{"@type":"ImageObject","inLanguage":"pt-BR","@id":"https:\/\/secure.gravatar.com\/avatar\/fff439d242b57aadc9897c7a757d12f6a9c2c282667e036a6f7b3ab0e701799c?s=96&d=mm&r=g","url":"https:\/\/secure.gravatar.com\/avatar\/fff439d242b57aadc9897c7a757d12f6a9c2c282667e036a6f7b3ab0e701799c?s=96&d=mm&r=g","contentUrl":"https:\/\/secure.gravatar.com\/avatar\/fff439d242b57aadc9897c7a757d12f6a9c2c282667e036a6f7b3ab0e701799c?s=96&d=mm&r=g","caption":"airton"},"url":"https:\/\/blogdacondessa.com.br\/blog\/author\/airton\/"}]}},"_links":{"self":[{"href":"https:\/\/blogdacondessa.com.br\/blog\/wp-json\/wp\/v2\/posts\/61","targetHints":{"allow":["GET"]}}],"collection":[{"href":"https:\/\/blogdacondessa.com.br\/blog\/wp-json\/wp\/v2\/posts"}],"about":[{"href":"https:\/\/blogdacondessa.com.br\/blog\/wp-json\/wp\/v2\/types\/post"}],"author":[{"embeddable":true,"href":"https:\/\/blogdacondessa.com.br\/blog\/wp-json\/wp\/v2\/users\/7"}],"replies":[{"embeddable":true,"href":"https:\/\/blogdacondessa.com.br\/blog\/wp-json\/wp\/v2\/comments?post=61"}],"version-history":[{"count":0,"href":"https:\/\/blogdacondessa.com.br\/blog\/wp-json\/wp\/v2\/posts\/61\/revisions"}],"wp:featuredmedia":[{"embeddable":true,"href":"https:\/\/blogdacondessa.com.br\/blog\/wp-json\/wp\/v2\/media\/1663"}],"wp:attachment":[{"href":"https:\/\/blogdacondessa.com.br\/blog\/wp-json\/wp\/v2\/media?parent=61"}],"wp:term":[{"taxonomy":"category","embeddable":true,"href":"https:\/\/blogdacondessa.com.br\/blog\/wp-json\/wp\/v2\/categories?post=61"},{"taxonomy":"post_tag","embeddable":true,"href":"https:\/\/blogdacondessa.com.br\/blog\/wp-json\/wp\/v2\/tags?post=61"}],"curies":[{"name":"wp","href":"https:\/\/api.w.org\/{rel}","templated":true}]}}