{"id":60,"date":"2020-01-19T04:00:00","date_gmt":"2020-01-19T04:00:00","guid":{"rendered":"https:\/\/blogdacondessa.local\/suino-vivo-em-alta-no-mato-grosso\/"},"modified":"2021-06-24T13:08:35","modified_gmt":"2021-06-24T13:08:35","slug":"suino-vivo-em-alta-no-mato-grosso","status":"publish","type":"post","link":"https:\/\/blogdacondessa.com.br\/blog\/agronegocio\/suino-vivo-em-alta-no-mato-grosso\/","title":{"rendered":"Su\u00edno vivo em alta no Mato Grosso"},"content":{"rendered":"<p>Tamb\u00e9m no PR e SC e queda em SP, RS, MG e GO. Os pre\u00e7os do su\u00edno vivo no mercado independente come\u00e7aram a recuar em parte dos estados produtores e a subir em outros. Em S\u00e3o Paulo, onde o quilo do animal vivo custava R$ 6,51 na primeira semana do ano, houve recuo para R$ 6,39. \u00c9 uma retra\u00e7\u00e3o de 1,84%.<\/p>\n<p>Houve queda no pre\u00e7o tamb\u00e9m no Rio Grande do Sul. No fim de dezembro, o quilo do su\u00edno vivo valia R$ 5,68 e agora est\u00e1 em R$ 5,59, o que representa queda de 1,58% no pre\u00e7o.<\/p>\n<p>No fim de dezembro, nos estados de Minas Gerais e Goi\u00e1s, o su\u00edno comercializado vivo custava R$ 6,50. No come\u00e7o deste ano, recuou 10 centavos. Na \u00faltima quinta-feira (9), a Associa\u00e7\u00e3o dos Suinocultores do Estado de Minas Gerais (Asemg) acordou em manter a bolsa de su\u00ednos no patamar de R$ 6,40. O mesmo valor vale para Goi\u00e1s.<\/p>\n<p><strong>VALORIZA\u00c7\u00c3O<\/strong><\/p>\n<p>Por outro lado, os pre\u00e7os do animal vivo tiveram valoriza\u00e7\u00e3o nos dois principais produtores de pa\u00eds. No Paran\u00e1, o quilo do su\u00edno vivo chegou a R$ 6,10. Ocorreu um avan\u00e7o de 1,67% sobre os R$ 6 pagos at\u00e9 a primeira semana de 2020.<\/p>\n<p>Em Santa Catarina, novamente houve valoriza\u00e7\u00e3o. Desta vez, o pre\u00e7o do animal vivo chegou a R$ 5,76 o quilo. At\u00e9 o fim de dezembro, o valor era R$ 5,73.<\/p>\n<p>Tamb\u00e9m no Mato Grosso ocorreu valoriza\u00e7\u00e3o, com o su\u00edno vivo comercializado agora a R$ 4,85. \u00c9 uma alta de 1,68% sobre os R$ 4,77 praticados at\u00e9 dezembro do ano passado. (Fonte: Suinocultura Industrial)<\/p>\n","protected":false},"excerpt":{"rendered":"<p>Tamb\u00e9m no PR e SC e queda em SP, RS, MG e GO. Os pre\u00e7os do su\u00edno vivo no mercado independente come\u00e7aram a recuar em parte dos estados produtores e a subir em outros. Em S\u00e3o Paulo, onde o quilo do animal vivo custava R$ 6,51 na primeira semana do ano, houve recuo para R$ [&hellip;]<\/p>\n","protected":false},"author":7,"featured_media":1365,"comment_status":"open","ping_status":"closed","sticky":false,"template":"","format":"standard","meta":{"iawp_total_views":0,"footnotes":""},"categories":[11],"tags":[],"class_list":["post-60","post","type-post","status-publish","format-standard","has-post-thumbnail","hentry","category-agronegocio"],"yoast_head":"<!-- This site is optimized with the Yoast SEO plugin v27.3 - https:\/\/yoast.com\/product\/yoast-seo-wordpress\/ -->\n<title>Su\u00edno vivo em alta no Mato Grosso &#8902; Blog da Condessa<\/title>\n<meta name=\"robots\" content=\"index, follow, max-snippet:-1, max-image-preview:large, max-video-preview:-1\" \/>\n<link rel=\"canonical\" href=\"https:\/\/blogdacondessa.com.br\/blog\/agronegocio\/suino-vivo-em-alta-no-mato-grosso\/\" \/>\n<meta property=\"og:locale\" content=\"pt_BR\" \/>\n<meta property=\"og:type\" content=\"article\" \/>\n<meta property=\"og:title\" content=\"Su\u00edno vivo em alta no Mato Grosso &#8902; Blog da Condessa\" \/>\n<meta property=\"og:description\" content=\"Tamb\u00e9m no PR e SC e queda em SP, RS, MG e GO. Os pre\u00e7os do su\u00edno vivo no mercado independente come\u00e7aram a recuar em parte dos estados produtores e a subir em outros. Em S\u00e3o Paulo, onde o quilo do animal vivo custava R$ 6,51 na primeira semana do ano, houve recuo para R$ [&hellip;]\" \/>\n<meta property=\"og:url\" content=\"https:\/\/blogdacondessa.com.br\/blog\/agronegocio\/suino-vivo-em-alta-no-mato-grosso\/\" \/>\n<meta property=\"og:site_name\" content=\"Blog da Condessa\" \/>\n<meta property=\"article:published_time\" content=\"2020-01-19T04:00:00+00:00\" \/>\n<meta property=\"article:modified_time\" content=\"2021-06-24T13:08:35+00:00\" \/>\n<meta property=\"og:image\" content=\"https:\/\/blogdacondessa.com.br\/blog\/wp-content\/uploads\/2021\/06\/954fb0ebf1d84fb921bfb0b6e045d57f_L.jpg\" \/>\n\t<meta property=\"og:image:width\" content=\"600\" \/>\n\t<meta property=\"og:image:height\" content=\"362\" \/>\n\t<meta property=\"og:image:type\" content=\"image\/jpeg\" \/>\n<meta name=\"author\" content=\"airton\" \/>\n<meta name=\"twitter:card\" content=\"summary_large_image\" \/>\n<meta name=\"twitter:label1\" content=\"Escrito por\" \/>\n\t<meta name=\"twitter:data1\" content=\"airton\" \/>\n\t<meta name=\"twitter:label2\" content=\"Est. tempo de leitura\" \/>\n\t<meta name=\"twitter:data2\" content=\"1 minuto\" \/>\n<script type=\"application\/ld+json\" class=\"yoast-schema-graph\">{\"@context\":\"https:\\\/\\\/schema.org\",\"@graph\":[{\"@type\":\"Article\",\"@id\":\"https:\\\/\\\/blogdacondessa.com.br\\\/blog\\\/agronegocio\\\/suino-vivo-em-alta-no-mato-grosso\\\/#article\",\"isPartOf\":{\"@id\":\"https:\\\/\\\/blogdacondessa.com.br\\\/blog\\\/agronegocio\\\/suino-vivo-em-alta-no-mato-grosso\\\/\"},\"author\":{\"name\":\"airton\",\"@id\":\"https:\\\/\\\/blogdacondessa.com.br\\\/blog\\\/#\\\/schema\\\/person\\\/292c4cb5acb8adfc928179eb6157de30\"},\"headline\":\"Su\u00edno vivo em alta no Mato Grosso\",\"datePublished\":\"2020-01-19T04:00:00+00:00\",\"dateModified\":\"2021-06-24T13:08:35+00:00\",\"mainEntityOfPage\":{\"@id\":\"https:\\\/\\\/blogdacondessa.com.br\\\/blog\\\/agronegocio\\\/suino-vivo-em-alta-no-mato-grosso\\\/\"},\"wordCount\":274,\"commentCount\":0,\"image\":{\"@id\":\"https:\\\/\\\/blogdacondessa.com.br\\\/blog\\\/agronegocio\\\/suino-vivo-em-alta-no-mato-grosso\\\/#primaryimage\"},\"thumbnailUrl\":\"https:\\\/\\\/blogdacondessa.com.br\\\/blog\\\/wp-content\\\/uploads\\\/2021\\\/06\\\/954fb0ebf1d84fb921bfb0b6e045d57f_L.jpg\",\"articleSection\":[\"Agroneg\u00f3cio\"],\"inLanguage\":\"pt-BR\",\"potentialAction\":[{\"@type\":\"CommentAction\",\"name\":\"Comment\",\"target\":[\"https:\\\/\\\/blogdacondessa.com.br\\\/blog\\\/agronegocio\\\/suino-vivo-em-alta-no-mato-grosso\\\/#respond\"]}]},{\"@type\":\"WebPage\",\"@id\":\"https:\\\/\\\/blogdacondessa.com.br\\\/blog\\\/agronegocio\\\/suino-vivo-em-alta-no-mato-grosso\\\/\",\"url\":\"https:\\\/\\\/blogdacondessa.com.br\\\/blog\\\/agronegocio\\\/suino-vivo-em-alta-no-mato-grosso\\\/\",\"name\":\"Su\u00edno vivo em alta no Mato Grosso &#8902; Blog da Condessa\",\"isPartOf\":{\"@id\":\"https:\\\/\\\/blogdacondessa.com.br\\\/blog\\\/#website\"},\"primaryImageOfPage\":{\"@id\":\"https:\\\/\\\/blogdacondessa.com.br\\\/blog\\\/agronegocio\\\/suino-vivo-em-alta-no-mato-grosso\\\/#primaryimage\"},\"image\":{\"@id\":\"https:\\\/\\\/blogdacondessa.com.br\\\/blog\\\/agronegocio\\\/suino-vivo-em-alta-no-mato-grosso\\\/#primaryimage\"},\"thumbnailUrl\":\"https:\\\/\\\/blogdacondessa.com.br\\\/blog\\\/wp-content\\\/uploads\\\/2021\\\/06\\\/954fb0ebf1d84fb921bfb0b6e045d57f_L.jpg\",\"datePublished\":\"2020-01-19T04:00:00+00:00\",\"dateModified\":\"2021-06-24T13:08:35+00:00\",\"author\":{\"@id\":\"https:\\\/\\\/blogdacondessa.com.br\\\/blog\\\/#\\\/schema\\\/person\\\/292c4cb5acb8adfc928179eb6157de30\"},\"breadcrumb\":{\"@id\":\"https:\\\/\\\/blogdacondessa.com.br\\\/blog\\\/agronegocio\\\/suino-vivo-em-alta-no-mato-grosso\\\/#breadcrumb\"},\"inLanguage\":\"pt-BR\",\"potentialAction\":[{\"@type\":\"ReadAction\",\"target\":[\"https:\\\/\\\/blogdacondessa.com.br\\\/blog\\\/agronegocio\\\/suino-vivo-em-alta-no-mato-grosso\\\/\"]}]},{\"@type\":\"ImageObject\",\"inLanguage\":\"pt-BR\",\"@id\":\"https:\\\/\\\/blogdacondessa.com.br\\\/blog\\\/agronegocio\\\/suino-vivo-em-alta-no-mato-grosso\\\/#primaryimage\",\"url\":\"https:\\\/\\\/blogdacondessa.com.br\\\/blog\\\/wp-content\\\/uploads\\\/2021\\\/06\\\/954fb0ebf1d84fb921bfb0b6e045d57f_L.jpg\",\"contentUrl\":\"https:\\\/\\\/blogdacondessa.com.br\\\/blog\\\/wp-content\\\/uploads\\\/2021\\\/06\\\/954fb0ebf1d84fb921bfb0b6e045d57f_L.jpg\",\"width\":600,\"height\":362},{\"@type\":\"BreadcrumbList\",\"@id\":\"https:\\\/\\\/blogdacondessa.com.br\\\/blog\\\/agronegocio\\\/suino-vivo-em-alta-no-mato-grosso\\\/#breadcrumb\",\"itemListElement\":[{\"@type\":\"ListItem\",\"position\":1,\"name\":\"In\u00edcio\",\"item\":\"https:\\\/\\\/blogdacondessa.com.br\\\/blog\\\/\"},{\"@type\":\"ListItem\",\"position\":2,\"name\":\"Su\u00edno vivo em alta no Mato Grosso\"}]},{\"@type\":\"WebSite\",\"@id\":\"https:\\\/\\\/blogdacondessa.com.br\\\/blog\\\/#website\",\"url\":\"https:\\\/\\\/blogdacondessa.com.br\\\/blog\\\/\",\"name\":\"Blog da Condessa\",\"description\":\"Com Shirley de Souza O\u2019Campos\",\"potentialAction\":[{\"@type\":\"SearchAction\",\"target\":{\"@type\":\"EntryPoint\",\"urlTemplate\":\"https:\\\/\\\/blogdacondessa.com.br\\\/blog\\\/?s={search_term_string}\"},\"query-input\":{\"@type\":\"PropertyValueSpecification\",\"valueRequired\":true,\"valueName\":\"search_term_string\"}}],\"inLanguage\":\"pt-BR\"},{\"@type\":\"Person\",\"@id\":\"https:\\\/\\\/blogdacondessa.com.br\\\/blog\\\/#\\\/schema\\\/person\\\/292c4cb5acb8adfc928179eb6157de30\",\"name\":\"airton\",\"image\":{\"@type\":\"ImageObject\",\"inLanguage\":\"pt-BR\",\"@id\":\"https:\\\/\\\/secure.gravatar.com\\\/avatar\\\/fff439d242b57aadc9897c7a757d12f6a9c2c282667e036a6f7b3ab0e701799c?s=96&d=mm&r=g\",\"url\":\"https:\\\/\\\/secure.gravatar.com\\\/avatar\\\/fff439d242b57aadc9897c7a757d12f6a9c2c282667e036a6f7b3ab0e701799c?s=96&d=mm&r=g\",\"contentUrl\":\"https:\\\/\\\/secure.gravatar.com\\\/avatar\\\/fff439d242b57aadc9897c7a757d12f6a9c2c282667e036a6f7b3ab0e701799c?s=96&d=mm&r=g\",\"caption\":\"airton\"},\"url\":\"https:\\\/\\\/blogdacondessa.com.br\\\/blog\\\/author\\\/airton\\\/\"}]}<\/script>\n<!-- \/ Yoast SEO plugin. -->","yoast_head_json":{"title":"Su\u00edno vivo em alta no Mato Grosso &#8902; Blog da Condessa","robots":{"index":"index","follow":"follow","max-snippet":"max-snippet:-1","max-image-preview":"max-image-preview:large","max-video-preview":"max-video-preview:-1"},"canonical":"https:\/\/blogdacondessa.com.br\/blog\/agronegocio\/suino-vivo-em-alta-no-mato-grosso\/","og_locale":"pt_BR","og_type":"article","og_title":"Su\u00edno vivo em alta no Mato Grosso &#8902; Blog da Condessa","og_description":"Tamb\u00e9m no PR e SC e queda em SP, RS, MG e GO. Os pre\u00e7os do su\u00edno vivo no mercado independente come\u00e7aram a recuar em parte dos estados produtores e a subir em outros. Em S\u00e3o Paulo, onde o quilo do animal vivo custava R$ 6,51 na primeira semana do ano, houve recuo para R$ [&hellip;]","og_url":"https:\/\/blogdacondessa.com.br\/blog\/agronegocio\/suino-vivo-em-alta-no-mato-grosso\/","og_site_name":"Blog da Condessa","article_published_time":"2020-01-19T04:00:00+00:00","article_modified_time":"2021-06-24T13:08:35+00:00","og_image":[{"width":600,"height":362,"url":"https:\/\/blogdacondessa.com.br\/blog\/wp-content\/uploads\/2021\/06\/954fb0ebf1d84fb921bfb0b6e045d57f_L.jpg","type":"image\/jpeg"}],"author":"airton","twitter_card":"summary_large_image","twitter_misc":{"Escrito por":"airton","Est. tempo de leitura":"1 minuto"},"schema":{"@context":"https:\/\/schema.org","@graph":[{"@type":"Article","@id":"https:\/\/blogdacondessa.com.br\/blog\/agronegocio\/suino-vivo-em-alta-no-mato-grosso\/#article","isPartOf":{"@id":"https:\/\/blogdacondessa.com.br\/blog\/agronegocio\/suino-vivo-em-alta-no-mato-grosso\/"},"author":{"name":"airton","@id":"https:\/\/blogdacondessa.com.br\/blog\/#\/schema\/person\/292c4cb5acb8adfc928179eb6157de30"},"headline":"Su\u00edno vivo em alta no Mato Grosso","datePublished":"2020-01-19T04:00:00+00:00","dateModified":"2021-06-24T13:08:35+00:00","mainEntityOfPage":{"@id":"https:\/\/blogdacondessa.com.br\/blog\/agronegocio\/suino-vivo-em-alta-no-mato-grosso\/"},"wordCount":274,"commentCount":0,"image":{"@id":"https:\/\/blogdacondessa.com.br\/blog\/agronegocio\/suino-vivo-em-alta-no-mato-grosso\/#primaryimage"},"thumbnailUrl":"https:\/\/blogdacondessa.com.br\/blog\/wp-content\/uploads\/2021\/06\/954fb0ebf1d84fb921bfb0b6e045d57f_L.jpg","articleSection":["Agroneg\u00f3cio"],"inLanguage":"pt-BR","potentialAction":[{"@type":"CommentAction","name":"Comment","target":["https:\/\/blogdacondessa.com.br\/blog\/agronegocio\/suino-vivo-em-alta-no-mato-grosso\/#respond"]}]},{"@type":"WebPage","@id":"https:\/\/blogdacondessa.com.br\/blog\/agronegocio\/suino-vivo-em-alta-no-mato-grosso\/","url":"https:\/\/blogdacondessa.com.br\/blog\/agronegocio\/suino-vivo-em-alta-no-mato-grosso\/","name":"Su\u00edno vivo em alta no Mato Grosso &#8902; Blog da Condessa","isPartOf":{"@id":"https:\/\/blogdacondessa.com.br\/blog\/#website"},"primaryImageOfPage":{"@id":"https:\/\/blogdacondessa.com.br\/blog\/agronegocio\/suino-vivo-em-alta-no-mato-grosso\/#primaryimage"},"image":{"@id":"https:\/\/blogdacondessa.com.br\/blog\/agronegocio\/suino-vivo-em-alta-no-mato-grosso\/#primaryimage"},"thumbnailUrl":"https:\/\/blogdacondessa.com.br\/blog\/wp-content\/uploads\/2021\/06\/954fb0ebf1d84fb921bfb0b6e045d57f_L.jpg","datePublished":"2020-01-19T04:00:00+00:00","dateModified":"2021-06-24T13:08:35+00:00","author":{"@id":"https:\/\/blogdacondessa.com.br\/blog\/#\/schema\/person\/292c4cb5acb8adfc928179eb6157de30"},"breadcrumb":{"@id":"https:\/\/blogdacondessa.com.br\/blog\/agronegocio\/suino-vivo-em-alta-no-mato-grosso\/#breadcrumb"},"inLanguage":"pt-BR","potentialAction":[{"@type":"ReadAction","target":["https:\/\/blogdacondessa.com.br\/blog\/agronegocio\/suino-vivo-em-alta-no-mato-grosso\/"]}]},{"@type":"ImageObject","inLanguage":"pt-BR","@id":"https:\/\/blogdacondessa.com.br\/blog\/agronegocio\/suino-vivo-em-alta-no-mato-grosso\/#primaryimage","url":"https:\/\/blogdacondessa.com.br\/blog\/wp-content\/uploads\/2021\/06\/954fb0ebf1d84fb921bfb0b6e045d57f_L.jpg","contentUrl":"https:\/\/blogdacondessa.com.br\/blog\/wp-content\/uploads\/2021\/06\/954fb0ebf1d84fb921bfb0b6e045d57f_L.jpg","width":600,"height":362},{"@type":"BreadcrumbList","@id":"https:\/\/blogdacondessa.com.br\/blog\/agronegocio\/suino-vivo-em-alta-no-mato-grosso\/#breadcrumb","itemListElement":[{"@type":"ListItem","position":1,"name":"In\u00edcio","item":"https:\/\/blogdacondessa.com.br\/blog\/"},{"@type":"ListItem","position":2,"name":"Su\u00edno vivo em alta no Mato Grosso"}]},{"@type":"WebSite","@id":"https:\/\/blogdacondessa.com.br\/blog\/#website","url":"https:\/\/blogdacondessa.com.br\/blog\/","name":"Blog da Condessa","description":"Com Shirley de Souza O\u2019Campos","potentialAction":[{"@type":"SearchAction","target":{"@type":"EntryPoint","urlTemplate":"https:\/\/blogdacondessa.com.br\/blog\/?s={search_term_string}"},"query-input":{"@type":"PropertyValueSpecification","valueRequired":true,"valueName":"search_term_string"}}],"inLanguage":"pt-BR"},{"@type":"Person","@id":"https:\/\/blogdacondessa.com.br\/blog\/#\/schema\/person\/292c4cb5acb8adfc928179eb6157de30","name":"airton","image":{"@type":"ImageObject","inLanguage":"pt-BR","@id":"https:\/\/secure.gravatar.com\/avatar\/fff439d242b57aadc9897c7a757d12f6a9c2c282667e036a6f7b3ab0e701799c?s=96&d=mm&r=g","url":"https:\/\/secure.gravatar.com\/avatar\/fff439d242b57aadc9897c7a757d12f6a9c2c282667e036a6f7b3ab0e701799c?s=96&d=mm&r=g","contentUrl":"https:\/\/secure.gravatar.com\/avatar\/fff439d242b57aadc9897c7a757d12f6a9c2c282667e036a6f7b3ab0e701799c?s=96&d=mm&r=g","caption":"airton"},"url":"https:\/\/blogdacondessa.com.br\/blog\/author\/airton\/"}]}},"_links":{"self":[{"href":"https:\/\/blogdacondessa.com.br\/blog\/wp-json\/wp\/v2\/posts\/60","targetHints":{"allow":["GET"]}}],"collection":[{"href":"https:\/\/blogdacondessa.com.br\/blog\/wp-json\/wp\/v2\/posts"}],"about":[{"href":"https:\/\/blogdacondessa.com.br\/blog\/wp-json\/wp\/v2\/types\/post"}],"author":[{"embeddable":true,"href":"https:\/\/blogdacondessa.com.br\/blog\/wp-json\/wp\/v2\/users\/7"}],"replies":[{"embeddable":true,"href":"https:\/\/blogdacondessa.com.br\/blog\/wp-json\/wp\/v2\/comments?post=60"}],"version-history":[{"count":0,"href":"https:\/\/blogdacondessa.com.br\/blog\/wp-json\/wp\/v2\/posts\/60\/revisions"}],"wp:featuredmedia":[{"embeddable":true,"href":"https:\/\/blogdacondessa.com.br\/blog\/wp-json\/wp\/v2\/media\/1365"}],"wp:attachment":[{"href":"https:\/\/blogdacondessa.com.br\/blog\/wp-json\/wp\/v2\/media?parent=60"}],"wp:term":[{"taxonomy":"category","embeddable":true,"href":"https:\/\/blogdacondessa.com.br\/blog\/wp-json\/wp\/v2\/categories?post=60"},{"taxonomy":"post_tag","embeddable":true,"href":"https:\/\/blogdacondessa.com.br\/blog\/wp-json\/wp\/v2\/tags?post=60"}],"curies":[{"name":"wp","href":"https:\/\/api.w.org\/{rel}","templated":true}]}}