{"id":5835,"date":"2023-01-02T05:00:27","date_gmt":"2023-01-02T09:00:27","guid":{"rendered":"http:\/\/blogdacondessa.com.br\/?p=5835"},"modified":"2023-01-01T19:31:24","modified_gmt":"2023-01-01T23:31:24","slug":"as-acoes-previstas-para-o-fortalecimento-do-setor-cultural","status":"publish","type":"post","link":"https:\/\/blogdacondessa.com.br\/blog\/cultura\/as-acoes-previstas-para-o-fortalecimento-do-setor-cultural\/","title":{"rendered":"As a\u00e7\u00f5es previstas para o fortalecimento do setor cultural"},"content":{"rendered":"<p>Em continuidade \u00e0s pol\u00edticas p\u00fablicas que possibilitaram o maior programa de fomento \u00e0 cultura da hist\u00f3ria do Estado, o Governo de Mato Grosso, por meio da Secretaria de Estado de\u00a0Cultura, Esporte e Lazer (Secel-MT), prev\u00ea ainda mais a\u00e7\u00f5es direcionadas ao setor em 2023.<\/p>\n<p>\u201cDaremos sequ\u00eancia \u00e0 atua\u00e7\u00e3o que tem fortalecido o setor cultural mato-grossense. Vamos ainda ampliar as a\u00e7\u00f5es, inclusive com valores maiores nos editais, e outras medidas que reconhecem a for\u00e7a econ\u00f4mica do setor. Queremos um forte Sistema Estadual de Cultura, para que as pol\u00edticas culturais cheguem \u00e0 popula\u00e7\u00e3o de todos os cantos de Mato Grosso\u201d, destaca o titular da Secel, Jefferson Carvalho Neves.<\/p>\n<p>At\u00e9 o momento, destacam-se como novidades a realiza\u00e7\u00e3o da V Confer\u00eancia Estadual de Cultura e a expectativa de regulamenta\u00e7\u00e3o das leis Aldir Blanc 2 e Paulo Gustavo. Tamb\u00e9m est\u00e3o programadas uma s\u00e9rie de atividades para impulsionamento da economia criativa e a reedi\u00e7\u00e3o de importantes editais, como o MOVE_MT e o MT Preservar, al\u00e9m da divulga\u00e7\u00e3o de resultados das sele\u00e7\u00f5es em andamento.<\/p>\n<p><strong>Economia Criativa<\/strong><\/p>\n<p>A agenda de atividades de fomento \u00e0 economia criativa recome\u00e7a logo em janeiro, dando prosseguimento ao B\u00e1y\u00f2, projeto de desenvolvimento do empreendedorismo negro. Junto com as palestras do MT Criativo na Estrada, o B\u00e1y\u00f2 est\u00e1 na fase de pesquisa diagn\u00f3stica, que deve ser finalizada at\u00e9 abril em mais sete munic\u00edpios. At\u00e9 agora, a pesquisa foi realizada em Chapada dos Guimar\u00e3es, C\u00e1ceres e Vila Bela da Sant\u00edssima Trindade.<\/p>\n<p>Ap\u00f3s o resultado do diagn\u00f3stico sobre afro-empreendedorismo, est\u00e3o previstas capacita\u00e7\u00f5es e a\u00e7\u00f5es de est\u00edmulo ao mercado e de valoriza\u00e7\u00e3o da identidade cultural do povo negro, que incluem a realiza\u00e7\u00e3o de uma grande feira com atra\u00e7\u00f5es art\u00edsticas e uma exposi\u00e7\u00e3o hist\u00f3rica.<\/p>\n<p>Promovido em parceria com a Oi Futuro, o edital MOVE_MT ter\u00e1 uma segunda edi\u00e7\u00e3o em 2023. O programa, que acelera neg\u00f3cios criativos e sustent\u00e1veis por meio de uma jornada de aprendizados, deve ter a nova sele\u00e7\u00e3o p\u00fablica lan\u00e7ada entre os meses de mar\u00e7o e abril.<\/p>\n<p>Tamb\u00e9m est\u00e3o programadas duas maratonas de Neg\u00f3cios Criativos, a serem realizadas em Cuiab\u00e1 &#8211; uma no primeiro e outra no segundo semestre do ano. Os encontros ir\u00e3o oferecer forma\u00e7\u00e3o coletiva e individual direcionada \u00e0 arte c\u00eanica e m\u00fasica.<\/p>\n<p>Outras qualifica\u00e7\u00f5es importantes ao desenvolvimento do setor est\u00e3o na lista de atividades, no decorrer do ano, como forma\u00e7\u00e3o em gest\u00e3o e sustentabilidade aos Pontos de Cultura, capacita\u00e7\u00e3o de gestores municipais para economia criativa, laborat\u00f3rio de m\u00eddias digitais e uma palestra nacional sobre educa\u00e7\u00e3o empreendedora.<\/p>\n<p><strong>Patrim\u00f4nio Hist\u00f3rico e Cultural<br \/>\n<\/strong><br \/>\nAs a\u00e7\u00f5es para preservar o patrim\u00f4nio hist\u00f3rico e cultural mato-grossense tamb\u00e9m avan\u00e7am em 2023. Uma das medidas ser\u00e1 a reedi\u00e7\u00e3o do edital MT Preservar, visando\u00a0a recupera\u00e7\u00e3o de bens im\u00f3veis tombados em v\u00e1rias regi\u00f5es de Mato Grosso.<\/p>\n<p>Tamb\u00e9m est\u00e3o previstos a reabertura de importantes museus na capital e investimentos em equipamentos do interior.<\/p>\n<p><strong>Editais em andamento<br \/>\n<\/strong><br \/>\nCom investimento de R$ 10 milh\u00f5es, o edital Viver Cultura foi lan\u00e7ado em 2022 e, at\u00e9 o fim de janeiro, ser\u00e1 divulgado o resultado da fase de sele\u00e7\u00e3o. Ser\u00e3o contempladas 261 propostas de variadas \u00e1reas art\u00edstico-culturais.<\/p>\n<p>Em sua segunda edi\u00e7\u00e3o, o edital Estev\u00e3o de Mendon\u00e7a de Incentivo \u00e0 Literatura disponibiliza R$ 2 milh\u00f5es que ser\u00e3o investidos em publica\u00e7\u00e3o de obras, projetos de fomento \u00e0 leitura e de incentivo \u00e0 escrita. A publica\u00e7\u00e3o do resultado da fase de sele\u00e7\u00e3o deve ocorrer at\u00e9 o fim de fevereiro.<\/p>\n<p>J\u00e1 com os contemplados definidos, o edital Pontos de Cultura est\u00e1 em fase de formaliza\u00e7\u00e3o e pagamento. Foram selecionados 38 projetos, que recebem R$ 50 mil cada, para impulsionar as a\u00e7\u00f5es culturais j\u00e1 existentes nas comunidades.<\/p>\n<p><strong>Confer\u00eancia Estadual de Cultura<br \/>\n<\/strong><br \/>\nEm sua quinta edi\u00e7\u00e3o, a Confer\u00eancia Estadual de Cultura deve ocorrer no primeiro semestre do ano. O encontro re\u00fane representantes dos munic\u00edpios mato-grossenses para debater os rumos das pol\u00edticas culturais do Estado. \u00c9 a inst\u00e2ncia de participa\u00e7\u00e3o social com o objetivo de propor diretrizes, estrat\u00e9gias, programas e a\u00e7\u00f5es para as pol\u00edticas culturais, numa articula\u00e7\u00e3o entre os governos estadual e municipais e a sociedade civil organizada.<\/p>\n<p><strong>Sistema Estadual de Cultura<br \/>\n<\/strong><br \/>\nPara fortalecer ainda mais o Sistema Estadual de Cultura, a Secel continuar\u00e1 apoiando os munic\u00edpios mato-grossenses. O suporte ser\u00e1 permanente, por meio de qualifica\u00e7\u00e3o de gestores, apoio na operacionaliza\u00e7\u00e3o de recursos de conv\u00eanios, reuni\u00f5es e outros contatos diretos.<\/p>\n<p>Os principais objetivos ser\u00e3o garantir que mais munic\u00edpios estejam organizados com Conselho, Plano e Fundo (o CPF da Cultura) e que o processo de gest\u00e3o e promo\u00e7\u00e3o das pol\u00edticas p\u00fablicas culturais seja efetivado em todo o Estado.<\/p>\n","protected":false},"excerpt":{"rendered":"<p>Em continuidade \u00e0s pol\u00edticas p\u00fablicas que possibilitaram o maior programa de fomento \u00e0 cultura da hist\u00f3ria do Estado, o Governo de Mato Grosso, por meio da Secretaria de Estado de\u00a0Cultura, Esporte e Lazer (Secel-MT), prev\u00ea ainda mais a\u00e7\u00f5es direcionadas ao setor em 2023. \u201cDaremos sequ\u00eancia \u00e0 atua\u00e7\u00e3o que tem fortalecido o setor cultural mato-grossense. Vamos [&hellip;]<\/p>\n","protected":false},"author":2,"featured_media":5836,"comment_status":"closed","ping_status":"closed","sticky":false,"template":"","format":"standard","meta":{"iawp_total_views":0,"footnotes":""},"categories":[18],"tags":[],"class_list":["post-5835","post","type-post","status-publish","format-standard","has-post-thumbnail","hentry","category-cultura"],"yoast_head":"<!-- This site is optimized with the Yoast SEO plugin v27.3 - https:\/\/yoast.com\/product\/yoast-seo-wordpress\/ -->\n<title>As a\u00e7\u00f5es previstas para o fortalecimento do setor cultural &#8902; Blog da Condessa<\/title>\n<meta name=\"robots\" content=\"index, follow, max-snippet:-1, max-image-preview:large, max-video-preview:-1\" \/>\n<link rel=\"canonical\" href=\"https:\/\/blogdacondessa.com.br\/blog\/cultura\/as-acoes-previstas-para-o-fortalecimento-do-setor-cultural\/\" \/>\n<meta property=\"og:locale\" content=\"pt_BR\" \/>\n<meta property=\"og:type\" content=\"article\" \/>\n<meta property=\"og:title\" content=\"As a\u00e7\u00f5es previstas para o fortalecimento do setor cultural &#8902; Blog da Condessa\" \/>\n<meta property=\"og:description\" content=\"Em continuidade \u00e0s pol\u00edticas p\u00fablicas que possibilitaram o maior programa de fomento \u00e0 cultura da hist\u00f3ria do Estado, o Governo de Mato Grosso, por meio da Secretaria de Estado de\u00a0Cultura, Esporte e Lazer (Secel-MT), prev\u00ea ainda mais a\u00e7\u00f5es direcionadas ao setor em 2023. \u201cDaremos sequ\u00eancia \u00e0 atua\u00e7\u00e3o que tem fortalecido o setor cultural mato-grossense. Vamos [&hellip;]\" \/>\n<meta property=\"og:url\" content=\"https:\/\/blogdacondessa.com.br\/blog\/cultura\/as-acoes-previstas-para-o-fortalecimento-do-setor-cultural\/\" \/>\n<meta property=\"og:site_name\" content=\"Blog da Condessa\" \/>\n<meta property=\"article:published_time\" content=\"2023-01-02T09:00:27+00:00\" \/>\n<meta property=\"og:image\" content=\"https:\/\/blogdacondessa.com.br\/blog\/wp-content\/uploads\/2023\/01\/cultura-MT.jpg\" \/>\n\t<meta property=\"og:image:width\" content=\"920\" \/>\n\t<meta property=\"og:image:height\" content=\"614\" \/>\n\t<meta property=\"og:image:type\" content=\"image\/jpeg\" \/>\n<meta name=\"author\" content=\"Blog da Condessa\" \/>\n<meta name=\"twitter:card\" content=\"summary_large_image\" \/>\n<meta name=\"twitter:label1\" content=\"Escrito por\" \/>\n\t<meta name=\"twitter:data1\" content=\"Blog da Condessa\" \/>\n\t<meta name=\"twitter:label2\" content=\"Est. tempo de leitura\" \/>\n\t<meta name=\"twitter:data2\" content=\"5 minutos\" \/>\n<script type=\"application\/ld+json\" class=\"yoast-schema-graph\">{\"@context\":\"https:\\\/\\\/schema.org\",\"@graph\":[{\"@type\":\"Article\",\"@id\":\"https:\\\/\\\/blogdacondessa.com.br\\\/blog\\\/cultura\\\/as-acoes-previstas-para-o-fortalecimento-do-setor-cultural\\\/#article\",\"isPartOf\":{\"@id\":\"https:\\\/\\\/blogdacondessa.com.br\\\/blog\\\/cultura\\\/as-acoes-previstas-para-o-fortalecimento-do-setor-cultural\\\/\"},\"author\":{\"name\":\"Blog da Condessa\",\"@id\":\"https:\\\/\\\/blogdacondessa.com.br\\\/blog\\\/#\\\/schema\\\/person\\\/1d667ff8b785195b568677489d266035\"},\"headline\":\"As a\u00e7\u00f5es previstas para o fortalecimento do setor cultural\",\"datePublished\":\"2023-01-02T09:00:27+00:00\",\"mainEntityOfPage\":{\"@id\":\"https:\\\/\\\/blogdacondessa.com.br\\\/blog\\\/cultura\\\/as-acoes-previstas-para-o-fortalecimento-do-setor-cultural\\\/\"},\"wordCount\":840,\"image\":{\"@id\":\"https:\\\/\\\/blogdacondessa.com.br\\\/blog\\\/cultura\\\/as-acoes-previstas-para-o-fortalecimento-do-setor-cultural\\\/#primaryimage\"},\"thumbnailUrl\":\"https:\\\/\\\/blogdacondessa.com.br\\\/blog\\\/wp-content\\\/uploads\\\/2023\\\/01\\\/cultura-MT.jpg\",\"articleSection\":[\"Cultura\"],\"inLanguage\":\"pt-BR\"},{\"@type\":\"WebPage\",\"@id\":\"https:\\\/\\\/blogdacondessa.com.br\\\/blog\\\/cultura\\\/as-acoes-previstas-para-o-fortalecimento-do-setor-cultural\\\/\",\"url\":\"https:\\\/\\\/blogdacondessa.com.br\\\/blog\\\/cultura\\\/as-acoes-previstas-para-o-fortalecimento-do-setor-cultural\\\/\",\"name\":\"As a\u00e7\u00f5es previstas para o fortalecimento do setor cultural &#8902; Blog da Condessa\",\"isPartOf\":{\"@id\":\"https:\\\/\\\/blogdacondessa.com.br\\\/blog\\\/#website\"},\"primaryImageOfPage\":{\"@id\":\"https:\\\/\\\/blogdacondessa.com.br\\\/blog\\\/cultura\\\/as-acoes-previstas-para-o-fortalecimento-do-setor-cultural\\\/#primaryimage\"},\"image\":{\"@id\":\"https:\\\/\\\/blogdacondessa.com.br\\\/blog\\\/cultura\\\/as-acoes-previstas-para-o-fortalecimento-do-setor-cultural\\\/#primaryimage\"},\"thumbnailUrl\":\"https:\\\/\\\/blogdacondessa.com.br\\\/blog\\\/wp-content\\\/uploads\\\/2023\\\/01\\\/cultura-MT.jpg\",\"datePublished\":\"2023-01-02T09:00:27+00:00\",\"author\":{\"@id\":\"https:\\\/\\\/blogdacondessa.com.br\\\/blog\\\/#\\\/schema\\\/person\\\/1d667ff8b785195b568677489d266035\"},\"breadcrumb\":{\"@id\":\"https:\\\/\\\/blogdacondessa.com.br\\\/blog\\\/cultura\\\/as-acoes-previstas-para-o-fortalecimento-do-setor-cultural\\\/#breadcrumb\"},\"inLanguage\":\"pt-BR\",\"potentialAction\":[{\"@type\":\"ReadAction\",\"target\":[\"https:\\\/\\\/blogdacondessa.com.br\\\/blog\\\/cultura\\\/as-acoes-previstas-para-o-fortalecimento-do-setor-cultural\\\/\"]}]},{\"@type\":\"ImageObject\",\"inLanguage\":\"pt-BR\",\"@id\":\"https:\\\/\\\/blogdacondessa.com.br\\\/blog\\\/cultura\\\/as-acoes-previstas-para-o-fortalecimento-do-setor-cultural\\\/#primaryimage\",\"url\":\"https:\\\/\\\/blogdacondessa.com.br\\\/blog\\\/wp-content\\\/uploads\\\/2023\\\/01\\\/cultura-MT.jpg\",\"contentUrl\":\"https:\\\/\\\/blogdacondessa.com.br\\\/blog\\\/wp-content\\\/uploads\\\/2023\\\/01\\\/cultura-MT.jpg\",\"width\":920,\"height\":614},{\"@type\":\"BreadcrumbList\",\"@id\":\"https:\\\/\\\/blogdacondessa.com.br\\\/blog\\\/cultura\\\/as-acoes-previstas-para-o-fortalecimento-do-setor-cultural\\\/#breadcrumb\",\"itemListElement\":[{\"@type\":\"ListItem\",\"position\":1,\"name\":\"In\u00edcio\",\"item\":\"https:\\\/\\\/blogdacondessa.com.br\\\/blog\\\/\"},{\"@type\":\"ListItem\",\"position\":2,\"name\":\"As a\u00e7\u00f5es previstas para o fortalecimento do setor cultural\"}]},{\"@type\":\"WebSite\",\"@id\":\"https:\\\/\\\/blogdacondessa.com.br\\\/blog\\\/#website\",\"url\":\"https:\\\/\\\/blogdacondessa.com.br\\\/blog\\\/\",\"name\":\"Blog da Condessa\",\"description\":\"Com Shirley de Souza O\u2019Campos\",\"potentialAction\":[{\"@type\":\"SearchAction\",\"target\":{\"@type\":\"EntryPoint\",\"urlTemplate\":\"https:\\\/\\\/blogdacondessa.com.br\\\/blog\\\/?s={search_term_string}\"},\"query-input\":{\"@type\":\"PropertyValueSpecification\",\"valueRequired\":true,\"valueName\":\"search_term_string\"}}],\"inLanguage\":\"pt-BR\"},{\"@type\":\"Person\",\"@id\":\"https:\\\/\\\/blogdacondessa.com.br\\\/blog\\\/#\\\/schema\\\/person\\\/1d667ff8b785195b568677489d266035\",\"name\":\"Blog da Condessa\",\"image\":{\"@type\":\"ImageObject\",\"inLanguage\":\"pt-BR\",\"@id\":\"https:\\\/\\\/secure.gravatar.com\\\/avatar\\\/377c0eb8b4ad2bfc25461b41564b5971e721ca34a57642868fc7b0c8ac7b52c5?s=96&d=mm&r=g\",\"url\":\"https:\\\/\\\/secure.gravatar.com\\\/avatar\\\/377c0eb8b4ad2bfc25461b41564b5971e721ca34a57642868fc7b0c8ac7b52c5?s=96&d=mm&r=g\",\"contentUrl\":\"https:\\\/\\\/secure.gravatar.com\\\/avatar\\\/377c0eb8b4ad2bfc25461b41564b5971e721ca34a57642868fc7b0c8ac7b52c5?s=96&d=mm&r=g\",\"caption\":\"Blog da Condessa\"},\"url\":\"https:\\\/\\\/blogdacondessa.com.br\\\/blog\\\/author\\\/beatriz\\\/\"}]}<\/script>\n<!-- \/ Yoast SEO plugin. -->","yoast_head_json":{"title":"As a\u00e7\u00f5es previstas para o fortalecimento do setor cultural &#8902; Blog da Condessa","robots":{"index":"index","follow":"follow","max-snippet":"max-snippet:-1","max-image-preview":"max-image-preview:large","max-video-preview":"max-video-preview:-1"},"canonical":"https:\/\/blogdacondessa.com.br\/blog\/cultura\/as-acoes-previstas-para-o-fortalecimento-do-setor-cultural\/","og_locale":"pt_BR","og_type":"article","og_title":"As a\u00e7\u00f5es previstas para o fortalecimento do setor cultural &#8902; Blog da Condessa","og_description":"Em continuidade \u00e0s pol\u00edticas p\u00fablicas que possibilitaram o maior programa de fomento \u00e0 cultura da hist\u00f3ria do Estado, o Governo de Mato Grosso, por meio da Secretaria de Estado de\u00a0Cultura, Esporte e Lazer (Secel-MT), prev\u00ea ainda mais a\u00e7\u00f5es direcionadas ao setor em 2023. \u201cDaremos sequ\u00eancia \u00e0 atua\u00e7\u00e3o que tem fortalecido o setor cultural mato-grossense. Vamos [&hellip;]","og_url":"https:\/\/blogdacondessa.com.br\/blog\/cultura\/as-acoes-previstas-para-o-fortalecimento-do-setor-cultural\/","og_site_name":"Blog da Condessa","article_published_time":"2023-01-02T09:00:27+00:00","og_image":[{"width":920,"height":614,"url":"https:\/\/blogdacondessa.com.br\/blog\/wp-content\/uploads\/2023\/01\/cultura-MT.jpg","type":"image\/jpeg"}],"author":"Blog da Condessa","twitter_card":"summary_large_image","twitter_misc":{"Escrito por":"Blog da Condessa","Est. tempo de leitura":"5 minutos"},"schema":{"@context":"https:\/\/schema.org","@graph":[{"@type":"Article","@id":"https:\/\/blogdacondessa.com.br\/blog\/cultura\/as-acoes-previstas-para-o-fortalecimento-do-setor-cultural\/#article","isPartOf":{"@id":"https:\/\/blogdacondessa.com.br\/blog\/cultura\/as-acoes-previstas-para-o-fortalecimento-do-setor-cultural\/"},"author":{"name":"Blog da Condessa","@id":"https:\/\/blogdacondessa.com.br\/blog\/#\/schema\/person\/1d667ff8b785195b568677489d266035"},"headline":"As a\u00e7\u00f5es previstas para o fortalecimento do setor cultural","datePublished":"2023-01-02T09:00:27+00:00","mainEntityOfPage":{"@id":"https:\/\/blogdacondessa.com.br\/blog\/cultura\/as-acoes-previstas-para-o-fortalecimento-do-setor-cultural\/"},"wordCount":840,"image":{"@id":"https:\/\/blogdacondessa.com.br\/blog\/cultura\/as-acoes-previstas-para-o-fortalecimento-do-setor-cultural\/#primaryimage"},"thumbnailUrl":"https:\/\/blogdacondessa.com.br\/blog\/wp-content\/uploads\/2023\/01\/cultura-MT.jpg","articleSection":["Cultura"],"inLanguage":"pt-BR"},{"@type":"WebPage","@id":"https:\/\/blogdacondessa.com.br\/blog\/cultura\/as-acoes-previstas-para-o-fortalecimento-do-setor-cultural\/","url":"https:\/\/blogdacondessa.com.br\/blog\/cultura\/as-acoes-previstas-para-o-fortalecimento-do-setor-cultural\/","name":"As a\u00e7\u00f5es previstas para o fortalecimento do setor cultural &#8902; Blog da Condessa","isPartOf":{"@id":"https:\/\/blogdacondessa.com.br\/blog\/#website"},"primaryImageOfPage":{"@id":"https:\/\/blogdacondessa.com.br\/blog\/cultura\/as-acoes-previstas-para-o-fortalecimento-do-setor-cultural\/#primaryimage"},"image":{"@id":"https:\/\/blogdacondessa.com.br\/blog\/cultura\/as-acoes-previstas-para-o-fortalecimento-do-setor-cultural\/#primaryimage"},"thumbnailUrl":"https:\/\/blogdacondessa.com.br\/blog\/wp-content\/uploads\/2023\/01\/cultura-MT.jpg","datePublished":"2023-01-02T09:00:27+00:00","author":{"@id":"https:\/\/blogdacondessa.com.br\/blog\/#\/schema\/person\/1d667ff8b785195b568677489d266035"},"breadcrumb":{"@id":"https:\/\/blogdacondessa.com.br\/blog\/cultura\/as-acoes-previstas-para-o-fortalecimento-do-setor-cultural\/#breadcrumb"},"inLanguage":"pt-BR","potentialAction":[{"@type":"ReadAction","target":["https:\/\/blogdacondessa.com.br\/blog\/cultura\/as-acoes-previstas-para-o-fortalecimento-do-setor-cultural\/"]}]},{"@type":"ImageObject","inLanguage":"pt-BR","@id":"https:\/\/blogdacondessa.com.br\/blog\/cultura\/as-acoes-previstas-para-o-fortalecimento-do-setor-cultural\/#primaryimage","url":"https:\/\/blogdacondessa.com.br\/blog\/wp-content\/uploads\/2023\/01\/cultura-MT.jpg","contentUrl":"https:\/\/blogdacondessa.com.br\/blog\/wp-content\/uploads\/2023\/01\/cultura-MT.jpg","width":920,"height":614},{"@type":"BreadcrumbList","@id":"https:\/\/blogdacondessa.com.br\/blog\/cultura\/as-acoes-previstas-para-o-fortalecimento-do-setor-cultural\/#breadcrumb","itemListElement":[{"@type":"ListItem","position":1,"name":"In\u00edcio","item":"https:\/\/blogdacondessa.com.br\/blog\/"},{"@type":"ListItem","position":2,"name":"As a\u00e7\u00f5es previstas para o fortalecimento do setor cultural"}]},{"@type":"WebSite","@id":"https:\/\/blogdacondessa.com.br\/blog\/#website","url":"https:\/\/blogdacondessa.com.br\/blog\/","name":"Blog da Condessa","description":"Com Shirley de Souza O\u2019Campos","potentialAction":[{"@type":"SearchAction","target":{"@type":"EntryPoint","urlTemplate":"https:\/\/blogdacondessa.com.br\/blog\/?s={search_term_string}"},"query-input":{"@type":"PropertyValueSpecification","valueRequired":true,"valueName":"search_term_string"}}],"inLanguage":"pt-BR"},{"@type":"Person","@id":"https:\/\/blogdacondessa.com.br\/blog\/#\/schema\/person\/1d667ff8b785195b568677489d266035","name":"Blog da Condessa","image":{"@type":"ImageObject","inLanguage":"pt-BR","@id":"https:\/\/secure.gravatar.com\/avatar\/377c0eb8b4ad2bfc25461b41564b5971e721ca34a57642868fc7b0c8ac7b52c5?s=96&d=mm&r=g","url":"https:\/\/secure.gravatar.com\/avatar\/377c0eb8b4ad2bfc25461b41564b5971e721ca34a57642868fc7b0c8ac7b52c5?s=96&d=mm&r=g","contentUrl":"https:\/\/secure.gravatar.com\/avatar\/377c0eb8b4ad2bfc25461b41564b5971e721ca34a57642868fc7b0c8ac7b52c5?s=96&d=mm&r=g","caption":"Blog da Condessa"},"url":"https:\/\/blogdacondessa.com.br\/blog\/author\/beatriz\/"}]}},"_links":{"self":[{"href":"https:\/\/blogdacondessa.com.br\/blog\/wp-json\/wp\/v2\/posts\/5835","targetHints":{"allow":["GET"]}}],"collection":[{"href":"https:\/\/blogdacondessa.com.br\/blog\/wp-json\/wp\/v2\/posts"}],"about":[{"href":"https:\/\/blogdacondessa.com.br\/blog\/wp-json\/wp\/v2\/types\/post"}],"author":[{"embeddable":true,"href":"https:\/\/blogdacondessa.com.br\/blog\/wp-json\/wp\/v2\/users\/2"}],"replies":[{"embeddable":true,"href":"https:\/\/blogdacondessa.com.br\/blog\/wp-json\/wp\/v2\/comments?post=5835"}],"version-history":[{"count":0,"href":"https:\/\/blogdacondessa.com.br\/blog\/wp-json\/wp\/v2\/posts\/5835\/revisions"}],"wp:featuredmedia":[{"embeddable":true,"href":"https:\/\/blogdacondessa.com.br\/blog\/wp-json\/wp\/v2\/media\/5836"}],"wp:attachment":[{"href":"https:\/\/blogdacondessa.com.br\/blog\/wp-json\/wp\/v2\/media?parent=5835"}],"wp:term":[{"taxonomy":"category","embeddable":true,"href":"https:\/\/blogdacondessa.com.br\/blog\/wp-json\/wp\/v2\/categories?post=5835"},{"taxonomy":"post_tag","embeddable":true,"href":"https:\/\/blogdacondessa.com.br\/blog\/wp-json\/wp\/v2\/tags?post=5835"}],"curies":[{"name":"wp","href":"https:\/\/api.w.org\/{rel}","templated":true}]}}