{"id":5632,"date":"2022-12-07T05:00:42","date_gmt":"2022-12-07T09:00:42","guid":{"rendered":"http:\/\/blogdacondessa.com.br\/?p=5632"},"modified":"2022-12-06T15:24:31","modified_gmt":"2022-12-06T19:24:31","slug":"fernando-tadeu-de-miranda-borges-recebe-o-titulo-de-socio-benemerito-da-academia-de-medicina-de-mt","status":"publish","type":"post","link":"https:\/\/blogdacondessa.com.br\/blog\/institucional\/fernando-tadeu-de-miranda-borges-recebe-o-titulo-de-socio-benemerito-da-academia-de-medicina-de-mt\/","title":{"rendered":"Fernando Tadeu de Miranda Borges recebe o t\u00edtulo de S\u00f3cio Benem\u00e9rito da Academia de Medicina de MT"},"content":{"rendered":"<p>No \u00faltimo dia 2, o professor Fernando Tadeu de Miranda Borges, da Universidade Federal de Mato Grosso (UFMT), foi agraciado pela Academia de Medicina de Mato Grosso com o t\u00edtulo de S\u00f3cio Benem\u00e9rito. Fernando Tadeu \u00e9 doutor em Hist\u00f3ria Social pela FFLCH\/USP, mestre em Economia pela FEA\/USP e bacharel em Economia pela FE\/UFMT.<\/p>\n<p>A cerim\u00f4nia foi organizada pelo presidente da Academia de Medicina de Mato Grosso, Dr. Alberto Carvalho de Almeida Lebrinha, que fez a entrega do t\u00edtulo acompanhado do ex-presidente e atual presidente da Federa\u00e7\u00e3o Brasileira das Academias de Medicina, Dr. Vicente Herculano da Silva.<\/p>\n<p>A Academia de Medicina de Mato Grosso completou recentemente 15 anos de relevantes trabalhos.<\/p>\n<p>O primeiro presidente da Academia de Medicina de Mato Grosso foi o m\u00e9dico cuiabano, Dr. Gabriel Novis Neves, reitor-fundador da Universidade Federal de Mato Grosso.<\/p>\n<p>Os m\u00e9dicos Dr. M\u00e1rcio Canavarros Serra, Dr.\u00a0 Gabriel Novis Neves, Dr. Luiz C\u00e9sar Naz\u00e1rio Scala, Dr. Jo\u00e3o Bosco Duarte, Dr. Fernando de Arruda, Dr. Jos\u00e9 Almir Adena e Dr. Vicente Herculano da Silva comp\u00f5em a trajet\u00f3ria profissional do agraciado.<\/p>\n<p>Para Borges, foi a concretiza\u00e7\u00e3o de um sonho antigo. \u201cQueria ser m\u00e9dico, ali\u00e1s, m\u00e9dico psiquiatra com forma\u00e7\u00e3o\u00a0 em psican\u00e1lise. Como naquela \u00e9poca o curso de medicina, embora criado, ainda n\u00e3o tinha sido implantado na UFMT, optei por um curso parecido com a medicina, que \u00e9 o curso de economia, pelo fato de dissecar o corpo social, e porque tem uma proximidade grande com a hist\u00f3ria econ\u00f4mica. Nesta nova fase da minha trajet\u00f3ria de vida, venho dedicando-me com afinco a alguns importantes trabalhos que vem sendo realizados na \u00e1rea da sa\u00fade, mas mais como aprendiz e curioso, tendo o Dr. Luiz C\u00e9sar Naz\u00e1rio Scala na coordena\u00e7\u00e3o. Al\u00e9m disso, escrevi em co-autoria com as professoras doutoras e escritoras Maria Adenir Peraro e Maria Carolina de Almeida Duarte, o livro &#8220;Notas sobre M\u00e9dicos do Passado Mato-Grossense&#8221;, que foi publicado pela Editora Scortecci, e encontra-se na segunda edi\u00e7\u00e3o\u201d, disse Borges.<\/p>\n<p>O professor ressaltou ainda que o reconhecimento da Academia de Medicina de Mato Grosso lhe trouxe uma maior responsabilidade e agradeceu ao Presidente da Federa\u00e7\u00e3o Brasileira das Academias de Medicina, Dr. Vicente Herculano da Silva, a indica\u00e7\u00e3o do importante t\u00edtulo, e a todos os integrantes membros da jovem e forte Academia de Medicina de Mato Grosso.<\/p>\n<p>&nbsp;<\/p>\n","protected":false},"excerpt":{"rendered":"<p>No \u00faltimo dia 2, o professor Fernando Tadeu de Miranda Borges, da Universidade Federal de Mato Grosso (UFMT), foi agraciado pela Academia de Medicina de Mato Grosso com o t\u00edtulo de S\u00f3cio Benem\u00e9rito. Fernando Tadeu \u00e9 doutor em Hist\u00f3ria Social pela FFLCH\/USP, mestre em Economia pela FEA\/USP e bacharel em Economia pela FE\/UFMT. A cerim\u00f4nia [&hellip;]<\/p>\n","protected":false},"author":2,"featured_media":5633,"comment_status":"closed","ping_status":"closed","sticky":false,"template":"","format":"standard","meta":{"iawp_total_views":0,"footnotes":""},"categories":[13],"tags":[],"class_list":["post-5632","post","type-post","status-publish","format-standard","has-post-thumbnail","hentry","category-institucional"],"yoast_head":"<!-- This site is optimized with the Yoast SEO plugin v27.3 - https:\/\/yoast.com\/product\/yoast-seo-wordpress\/ -->\n<title>Fernando Tadeu de Miranda Borges recebe o t\u00edtulo de S\u00f3cio Benem\u00e9rito da Academia de Medicina de MT &#8902; Blog da Condessa<\/title>\n<meta name=\"robots\" content=\"index, follow, max-snippet:-1, max-image-preview:large, max-video-preview:-1\" \/>\n<link rel=\"canonical\" href=\"https:\/\/blogdacondessa.com.br\/blog\/institucional\/fernando-tadeu-de-miranda-borges-recebe-o-titulo-de-socio-benemerito-da-academia-de-medicina-de-mt\/\" \/>\n<meta property=\"og:locale\" content=\"pt_BR\" \/>\n<meta property=\"og:type\" content=\"article\" \/>\n<meta property=\"og:title\" content=\"Fernando Tadeu de Miranda Borges recebe o t\u00edtulo de S\u00f3cio Benem\u00e9rito da Academia de Medicina de MT &#8902; Blog da Condessa\" \/>\n<meta property=\"og:description\" content=\"No \u00faltimo dia 2, o professor Fernando Tadeu de Miranda Borges, da Universidade Federal de Mato Grosso (UFMT), foi agraciado pela Academia de Medicina de Mato Grosso com o t\u00edtulo de S\u00f3cio Benem\u00e9rito. Fernando Tadeu \u00e9 doutor em Hist\u00f3ria Social pela FFLCH\/USP, mestre em Economia pela FEA\/USP e bacharel em Economia pela FE\/UFMT. A cerim\u00f4nia [&hellip;]\" \/>\n<meta property=\"og:url\" content=\"https:\/\/blogdacondessa.com.br\/blog\/institucional\/fernando-tadeu-de-miranda-borges-recebe-o-titulo-de-socio-benemerito-da-academia-de-medicina-de-mt\/\" \/>\n<meta property=\"og:site_name\" content=\"Blog da Condessa\" \/>\n<meta property=\"article:published_time\" content=\"2022-12-07T09:00:42+00:00\" \/>\n<meta property=\"og:image\" content=\"https:\/\/blogdacondessa.com.br\/blog\/wp-content\/uploads\/2022\/12\/prof-fernando-.jpg\" \/>\n\t<meta property=\"og:image:width\" content=\"1600\" \/>\n\t<meta property=\"og:image:height\" content=\"1593\" \/>\n\t<meta property=\"og:image:type\" content=\"image\/jpeg\" \/>\n<meta name=\"author\" content=\"Blog da Condessa\" \/>\n<meta name=\"twitter:card\" content=\"summary_large_image\" \/>\n<meta name=\"twitter:label1\" content=\"Escrito por\" \/>\n\t<meta name=\"twitter:data1\" content=\"Blog da Condessa\" \/>\n\t<meta name=\"twitter:label2\" content=\"Est. tempo de leitura\" \/>\n\t<meta name=\"twitter:data2\" content=\"3 minutos\" \/>\n<script type=\"application\/ld+json\" class=\"yoast-schema-graph\">{\"@context\":\"https:\\\/\\\/schema.org\",\"@graph\":[{\"@type\":\"Article\",\"@id\":\"https:\\\/\\\/blogdacondessa.com.br\\\/blog\\\/institucional\\\/fernando-tadeu-de-miranda-borges-recebe-o-titulo-de-socio-benemerito-da-academia-de-medicina-de-mt\\\/#article\",\"isPartOf\":{\"@id\":\"https:\\\/\\\/blogdacondessa.com.br\\\/blog\\\/institucional\\\/fernando-tadeu-de-miranda-borges-recebe-o-titulo-de-socio-benemerito-da-academia-de-medicina-de-mt\\\/\"},\"author\":{\"name\":\"Blog da Condessa\",\"@id\":\"https:\\\/\\\/blogdacondessa.com.br\\\/blog\\\/#\\\/schema\\\/person\\\/1d667ff8b785195b568677489d266035\"},\"headline\":\"Fernando Tadeu de Miranda Borges recebe o t\u00edtulo de S\u00f3cio Benem\u00e9rito da Academia de Medicina de MT\",\"datePublished\":\"2022-12-07T09:00:42+00:00\",\"mainEntityOfPage\":{\"@id\":\"https:\\\/\\\/blogdacondessa.com.br\\\/blog\\\/institucional\\\/fernando-tadeu-de-miranda-borges-recebe-o-titulo-de-socio-benemerito-da-academia-de-medicina-de-mt\\\/\"},\"wordCount\":431,\"image\":{\"@id\":\"https:\\\/\\\/blogdacondessa.com.br\\\/blog\\\/institucional\\\/fernando-tadeu-de-miranda-borges-recebe-o-titulo-de-socio-benemerito-da-academia-de-medicina-de-mt\\\/#primaryimage\"},\"thumbnailUrl\":\"https:\\\/\\\/blogdacondessa.com.br\\\/blog\\\/wp-content\\\/uploads\\\/2022\\\/12\\\/prof-fernando-.jpg\",\"articleSection\":[\"Institucional\"],\"inLanguage\":\"pt-BR\"},{\"@type\":\"WebPage\",\"@id\":\"https:\\\/\\\/blogdacondessa.com.br\\\/blog\\\/institucional\\\/fernando-tadeu-de-miranda-borges-recebe-o-titulo-de-socio-benemerito-da-academia-de-medicina-de-mt\\\/\",\"url\":\"https:\\\/\\\/blogdacondessa.com.br\\\/blog\\\/institucional\\\/fernando-tadeu-de-miranda-borges-recebe-o-titulo-de-socio-benemerito-da-academia-de-medicina-de-mt\\\/\",\"name\":\"Fernando Tadeu de Miranda Borges recebe o t\u00edtulo de S\u00f3cio Benem\u00e9rito da Academia de Medicina de MT &#8902; Blog da Condessa\",\"isPartOf\":{\"@id\":\"https:\\\/\\\/blogdacondessa.com.br\\\/blog\\\/#website\"},\"primaryImageOfPage\":{\"@id\":\"https:\\\/\\\/blogdacondessa.com.br\\\/blog\\\/institucional\\\/fernando-tadeu-de-miranda-borges-recebe-o-titulo-de-socio-benemerito-da-academia-de-medicina-de-mt\\\/#primaryimage\"},\"image\":{\"@id\":\"https:\\\/\\\/blogdacondessa.com.br\\\/blog\\\/institucional\\\/fernando-tadeu-de-miranda-borges-recebe-o-titulo-de-socio-benemerito-da-academia-de-medicina-de-mt\\\/#primaryimage\"},\"thumbnailUrl\":\"https:\\\/\\\/blogdacondessa.com.br\\\/blog\\\/wp-content\\\/uploads\\\/2022\\\/12\\\/prof-fernando-.jpg\",\"datePublished\":\"2022-12-07T09:00:42+00:00\",\"author\":{\"@id\":\"https:\\\/\\\/blogdacondessa.com.br\\\/blog\\\/#\\\/schema\\\/person\\\/1d667ff8b785195b568677489d266035\"},\"breadcrumb\":{\"@id\":\"https:\\\/\\\/blogdacondessa.com.br\\\/blog\\\/institucional\\\/fernando-tadeu-de-miranda-borges-recebe-o-titulo-de-socio-benemerito-da-academia-de-medicina-de-mt\\\/#breadcrumb\"},\"inLanguage\":\"pt-BR\",\"potentialAction\":[{\"@type\":\"ReadAction\",\"target\":[\"https:\\\/\\\/blogdacondessa.com.br\\\/blog\\\/institucional\\\/fernando-tadeu-de-miranda-borges-recebe-o-titulo-de-socio-benemerito-da-academia-de-medicina-de-mt\\\/\"]}]},{\"@type\":\"ImageObject\",\"inLanguage\":\"pt-BR\",\"@id\":\"https:\\\/\\\/blogdacondessa.com.br\\\/blog\\\/institucional\\\/fernando-tadeu-de-miranda-borges-recebe-o-titulo-de-socio-benemerito-da-academia-de-medicina-de-mt\\\/#primaryimage\",\"url\":\"https:\\\/\\\/blogdacondessa.com.br\\\/blog\\\/wp-content\\\/uploads\\\/2022\\\/12\\\/prof-fernando-.jpg\",\"contentUrl\":\"https:\\\/\\\/blogdacondessa.com.br\\\/blog\\\/wp-content\\\/uploads\\\/2022\\\/12\\\/prof-fernando-.jpg\",\"width\":1600,\"height\":1593,\"caption\":\"Foto: Divulga\u00e7\u00e3o\"},{\"@type\":\"BreadcrumbList\",\"@id\":\"https:\\\/\\\/blogdacondessa.com.br\\\/blog\\\/institucional\\\/fernando-tadeu-de-miranda-borges-recebe-o-titulo-de-socio-benemerito-da-academia-de-medicina-de-mt\\\/#breadcrumb\",\"itemListElement\":[{\"@type\":\"ListItem\",\"position\":1,\"name\":\"In\u00edcio\",\"item\":\"https:\\\/\\\/blogdacondessa.com.br\\\/blog\\\/\"},{\"@type\":\"ListItem\",\"position\":2,\"name\":\"Fernando Tadeu de Miranda Borges recebe o t\u00edtulo de S\u00f3cio Benem\u00e9rito da Academia de Medicina de MT\"}]},{\"@type\":\"WebSite\",\"@id\":\"https:\\\/\\\/blogdacondessa.com.br\\\/blog\\\/#website\",\"url\":\"https:\\\/\\\/blogdacondessa.com.br\\\/blog\\\/\",\"name\":\"Blog da Condessa\",\"description\":\"Com Shirley de Souza O\u2019Campos\",\"potentialAction\":[{\"@type\":\"SearchAction\",\"target\":{\"@type\":\"EntryPoint\",\"urlTemplate\":\"https:\\\/\\\/blogdacondessa.com.br\\\/blog\\\/?s={search_term_string}\"},\"query-input\":{\"@type\":\"PropertyValueSpecification\",\"valueRequired\":true,\"valueName\":\"search_term_string\"}}],\"inLanguage\":\"pt-BR\"},{\"@type\":\"Person\",\"@id\":\"https:\\\/\\\/blogdacondessa.com.br\\\/blog\\\/#\\\/schema\\\/person\\\/1d667ff8b785195b568677489d266035\",\"name\":\"Blog da Condessa\",\"image\":{\"@type\":\"ImageObject\",\"inLanguage\":\"pt-BR\",\"@id\":\"https:\\\/\\\/secure.gravatar.com\\\/avatar\\\/377c0eb8b4ad2bfc25461b41564b5971e721ca34a57642868fc7b0c8ac7b52c5?s=96&d=mm&r=g\",\"url\":\"https:\\\/\\\/secure.gravatar.com\\\/avatar\\\/377c0eb8b4ad2bfc25461b41564b5971e721ca34a57642868fc7b0c8ac7b52c5?s=96&d=mm&r=g\",\"contentUrl\":\"https:\\\/\\\/secure.gravatar.com\\\/avatar\\\/377c0eb8b4ad2bfc25461b41564b5971e721ca34a57642868fc7b0c8ac7b52c5?s=96&d=mm&r=g\",\"caption\":\"Blog da Condessa\"},\"url\":\"https:\\\/\\\/blogdacondessa.com.br\\\/blog\\\/author\\\/beatriz\\\/\"}]}<\/script>\n<!-- \/ Yoast SEO plugin. -->","yoast_head_json":{"title":"Fernando Tadeu de Miranda Borges recebe o t\u00edtulo de S\u00f3cio Benem\u00e9rito da Academia de Medicina de MT &#8902; Blog da Condessa","robots":{"index":"index","follow":"follow","max-snippet":"max-snippet:-1","max-image-preview":"max-image-preview:large","max-video-preview":"max-video-preview:-1"},"canonical":"https:\/\/blogdacondessa.com.br\/blog\/institucional\/fernando-tadeu-de-miranda-borges-recebe-o-titulo-de-socio-benemerito-da-academia-de-medicina-de-mt\/","og_locale":"pt_BR","og_type":"article","og_title":"Fernando Tadeu de Miranda Borges recebe o t\u00edtulo de S\u00f3cio Benem\u00e9rito da Academia de Medicina de MT &#8902; Blog da Condessa","og_description":"No \u00faltimo dia 2, o professor Fernando Tadeu de Miranda Borges, da Universidade Federal de Mato Grosso (UFMT), foi agraciado pela Academia de Medicina de Mato Grosso com o t\u00edtulo de S\u00f3cio Benem\u00e9rito. Fernando Tadeu \u00e9 doutor em Hist\u00f3ria Social pela FFLCH\/USP, mestre em Economia pela FEA\/USP e bacharel em Economia pela FE\/UFMT. A cerim\u00f4nia [&hellip;]","og_url":"https:\/\/blogdacondessa.com.br\/blog\/institucional\/fernando-tadeu-de-miranda-borges-recebe-o-titulo-de-socio-benemerito-da-academia-de-medicina-de-mt\/","og_site_name":"Blog da Condessa","article_published_time":"2022-12-07T09:00:42+00:00","og_image":[{"width":1600,"height":1593,"url":"https:\/\/blogdacondessa.com.br\/blog\/wp-content\/uploads\/2022\/12\/prof-fernando-.jpg","type":"image\/jpeg"}],"author":"Blog da Condessa","twitter_card":"summary_large_image","twitter_misc":{"Escrito por":"Blog da Condessa","Est. tempo de leitura":"3 minutos"},"schema":{"@context":"https:\/\/schema.org","@graph":[{"@type":"Article","@id":"https:\/\/blogdacondessa.com.br\/blog\/institucional\/fernando-tadeu-de-miranda-borges-recebe-o-titulo-de-socio-benemerito-da-academia-de-medicina-de-mt\/#article","isPartOf":{"@id":"https:\/\/blogdacondessa.com.br\/blog\/institucional\/fernando-tadeu-de-miranda-borges-recebe-o-titulo-de-socio-benemerito-da-academia-de-medicina-de-mt\/"},"author":{"name":"Blog da Condessa","@id":"https:\/\/blogdacondessa.com.br\/blog\/#\/schema\/person\/1d667ff8b785195b568677489d266035"},"headline":"Fernando Tadeu de Miranda Borges recebe o t\u00edtulo de S\u00f3cio Benem\u00e9rito da Academia de Medicina de MT","datePublished":"2022-12-07T09:00:42+00:00","mainEntityOfPage":{"@id":"https:\/\/blogdacondessa.com.br\/blog\/institucional\/fernando-tadeu-de-miranda-borges-recebe-o-titulo-de-socio-benemerito-da-academia-de-medicina-de-mt\/"},"wordCount":431,"image":{"@id":"https:\/\/blogdacondessa.com.br\/blog\/institucional\/fernando-tadeu-de-miranda-borges-recebe-o-titulo-de-socio-benemerito-da-academia-de-medicina-de-mt\/#primaryimage"},"thumbnailUrl":"https:\/\/blogdacondessa.com.br\/blog\/wp-content\/uploads\/2022\/12\/prof-fernando-.jpg","articleSection":["Institucional"],"inLanguage":"pt-BR"},{"@type":"WebPage","@id":"https:\/\/blogdacondessa.com.br\/blog\/institucional\/fernando-tadeu-de-miranda-borges-recebe-o-titulo-de-socio-benemerito-da-academia-de-medicina-de-mt\/","url":"https:\/\/blogdacondessa.com.br\/blog\/institucional\/fernando-tadeu-de-miranda-borges-recebe-o-titulo-de-socio-benemerito-da-academia-de-medicina-de-mt\/","name":"Fernando Tadeu de Miranda Borges recebe o t\u00edtulo de S\u00f3cio Benem\u00e9rito da Academia de Medicina de MT &#8902; Blog da Condessa","isPartOf":{"@id":"https:\/\/blogdacondessa.com.br\/blog\/#website"},"primaryImageOfPage":{"@id":"https:\/\/blogdacondessa.com.br\/blog\/institucional\/fernando-tadeu-de-miranda-borges-recebe-o-titulo-de-socio-benemerito-da-academia-de-medicina-de-mt\/#primaryimage"},"image":{"@id":"https:\/\/blogdacondessa.com.br\/blog\/institucional\/fernando-tadeu-de-miranda-borges-recebe-o-titulo-de-socio-benemerito-da-academia-de-medicina-de-mt\/#primaryimage"},"thumbnailUrl":"https:\/\/blogdacondessa.com.br\/blog\/wp-content\/uploads\/2022\/12\/prof-fernando-.jpg","datePublished":"2022-12-07T09:00:42+00:00","author":{"@id":"https:\/\/blogdacondessa.com.br\/blog\/#\/schema\/person\/1d667ff8b785195b568677489d266035"},"breadcrumb":{"@id":"https:\/\/blogdacondessa.com.br\/blog\/institucional\/fernando-tadeu-de-miranda-borges-recebe-o-titulo-de-socio-benemerito-da-academia-de-medicina-de-mt\/#breadcrumb"},"inLanguage":"pt-BR","potentialAction":[{"@type":"ReadAction","target":["https:\/\/blogdacondessa.com.br\/blog\/institucional\/fernando-tadeu-de-miranda-borges-recebe-o-titulo-de-socio-benemerito-da-academia-de-medicina-de-mt\/"]}]},{"@type":"ImageObject","inLanguage":"pt-BR","@id":"https:\/\/blogdacondessa.com.br\/blog\/institucional\/fernando-tadeu-de-miranda-borges-recebe-o-titulo-de-socio-benemerito-da-academia-de-medicina-de-mt\/#primaryimage","url":"https:\/\/blogdacondessa.com.br\/blog\/wp-content\/uploads\/2022\/12\/prof-fernando-.jpg","contentUrl":"https:\/\/blogdacondessa.com.br\/blog\/wp-content\/uploads\/2022\/12\/prof-fernando-.jpg","width":1600,"height":1593,"caption":"Foto: Divulga\u00e7\u00e3o"},{"@type":"BreadcrumbList","@id":"https:\/\/blogdacondessa.com.br\/blog\/institucional\/fernando-tadeu-de-miranda-borges-recebe-o-titulo-de-socio-benemerito-da-academia-de-medicina-de-mt\/#breadcrumb","itemListElement":[{"@type":"ListItem","position":1,"name":"In\u00edcio","item":"https:\/\/blogdacondessa.com.br\/blog\/"},{"@type":"ListItem","position":2,"name":"Fernando Tadeu de Miranda Borges recebe o t\u00edtulo de S\u00f3cio Benem\u00e9rito da Academia de Medicina de MT"}]},{"@type":"WebSite","@id":"https:\/\/blogdacondessa.com.br\/blog\/#website","url":"https:\/\/blogdacondessa.com.br\/blog\/","name":"Blog da Condessa","description":"Com Shirley de Souza O\u2019Campos","potentialAction":[{"@type":"SearchAction","target":{"@type":"EntryPoint","urlTemplate":"https:\/\/blogdacondessa.com.br\/blog\/?s={search_term_string}"},"query-input":{"@type":"PropertyValueSpecification","valueRequired":true,"valueName":"search_term_string"}}],"inLanguage":"pt-BR"},{"@type":"Person","@id":"https:\/\/blogdacondessa.com.br\/blog\/#\/schema\/person\/1d667ff8b785195b568677489d266035","name":"Blog da Condessa","image":{"@type":"ImageObject","inLanguage":"pt-BR","@id":"https:\/\/secure.gravatar.com\/avatar\/377c0eb8b4ad2bfc25461b41564b5971e721ca34a57642868fc7b0c8ac7b52c5?s=96&d=mm&r=g","url":"https:\/\/secure.gravatar.com\/avatar\/377c0eb8b4ad2bfc25461b41564b5971e721ca34a57642868fc7b0c8ac7b52c5?s=96&d=mm&r=g","contentUrl":"https:\/\/secure.gravatar.com\/avatar\/377c0eb8b4ad2bfc25461b41564b5971e721ca34a57642868fc7b0c8ac7b52c5?s=96&d=mm&r=g","caption":"Blog da Condessa"},"url":"https:\/\/blogdacondessa.com.br\/blog\/author\/beatriz\/"}]}},"_links":{"self":[{"href":"https:\/\/blogdacondessa.com.br\/blog\/wp-json\/wp\/v2\/posts\/5632","targetHints":{"allow":["GET"]}}],"collection":[{"href":"https:\/\/blogdacondessa.com.br\/blog\/wp-json\/wp\/v2\/posts"}],"about":[{"href":"https:\/\/blogdacondessa.com.br\/blog\/wp-json\/wp\/v2\/types\/post"}],"author":[{"embeddable":true,"href":"https:\/\/blogdacondessa.com.br\/blog\/wp-json\/wp\/v2\/users\/2"}],"replies":[{"embeddable":true,"href":"https:\/\/blogdacondessa.com.br\/blog\/wp-json\/wp\/v2\/comments?post=5632"}],"version-history":[{"count":0,"href":"https:\/\/blogdacondessa.com.br\/blog\/wp-json\/wp\/v2\/posts\/5632\/revisions"}],"wp:featuredmedia":[{"embeddable":true,"href":"https:\/\/blogdacondessa.com.br\/blog\/wp-json\/wp\/v2\/media\/5633"}],"wp:attachment":[{"href":"https:\/\/blogdacondessa.com.br\/blog\/wp-json\/wp\/v2\/media?parent=5632"}],"wp:term":[{"taxonomy":"category","embeddable":true,"href":"https:\/\/blogdacondessa.com.br\/blog\/wp-json\/wp\/v2\/categories?post=5632"},{"taxonomy":"post_tag","embeddable":true,"href":"https:\/\/blogdacondessa.com.br\/blog\/wp-json\/wp\/v2\/tags?post=5632"}],"curies":[{"name":"wp","href":"https:\/\/api.w.org\/{rel}","templated":true}]}}