{"id":5591,"date":"2022-12-01T11:55:50","date_gmt":"2022-12-01T15:55:50","guid":{"rendered":"http:\/\/blogdacondessa.com.br\/?p=5591"},"modified":"2022-12-01T11:55:50","modified_gmt":"2022-12-01T15:55:50","slug":"projeto-movimenta-comemora-75-anos-do-sesc-e-senac-em-mato-grosso","status":"publish","type":"post","link":"https:\/\/blogdacondessa.com.br\/blog\/cidades\/projeto-movimenta-comemora-75-anos-do-sesc-e-senac-em-mato-grosso\/","title":{"rendered":"Projeto \u2018Movimenta\u2019 comemora 75 anos do Sesc e Senac em Mato Grosso"},"content":{"rendered":"<p>A Pra\u00e7a Cultural do CPA II, em Cuiab\u00e1, receber\u00e1 o projeto \u2018Movimenta\u2019, neste s\u00e1bado (03.12), a partir das 16h. A iniciativa promovida pelo Sistema Fecom\u00e9rcio-MT, marca o in\u00edcio das comemora\u00e7\u00f5es dos 75 anos do Sesc e Senac em Mato Grosso, realizadoras do projeto. Al\u00e9m de atividades culturais, a popula\u00e7\u00e3o cuiabana contar\u00e1 com servi\u00e7os de sa\u00fade, cidadania, beleza, vacina\u00e7\u00e3o para pets e apresenta\u00e7\u00e3o musical com o grupo de forr\u00f3 Zabumba Beat. Todos os servi\u00e7os s\u00e3o gratuitos.<\/p>\n<p>A edi\u00e7\u00e3o em Cuiab\u00e1 encerra o projeto em 2022, que percorreu 17 munic\u00edpios no ano: Nossa Senhora do Livramento, Tangar\u00e1 da Serra, Sorriso, Sinop, Nova Mutum, Col\u00edder, Barra do Gar\u00e7as, \u00c1gua Boa, Primavera do Leste, Poxor\u00e9u, Barra do Bugres, C\u00e1ceres, Mirassol d\u2019Oeste, Acorizal, Lucas do Rio Verde, Alta Floresta e Jaciara.<\/p>\n<p>O presidente do Sistema Fecom\u00e9rcio-MT, Jos\u00e9 Wenceslau de Souza J\u00fanior, comemora o resultado do projeto e a finaliza\u00e7\u00e3o de mais um circuito. \u201c\u00c9 uma iniciativa que transforma os lugares por onde passa com muitas atividades culturais, art\u00edsticas e educativas, proporcionando, inclusive, acesso a servi\u00e7os de cidadania. O feedback da popula\u00e7\u00e3o \u00e9 sempre positivo e muito satisfat\u00f3rio\u201d, enfatiza.<\/p>\n<p>A grande novidade do circuito na Capital \u00e9 a realiza\u00e7\u00e3o do \u2018Bazar de Utens\u00edlios\u2019 com itens de cozinha. A a\u00e7\u00e3o in\u00e9dita tem como moeda de troca a doa\u00e7\u00e3o de alimentos n\u00e3o perec\u00edveis para o projeto Sesc Mesa Brasil. Os donativos ser\u00e3o encaminhados a entidades sociais da regi\u00e3o cadastradas no projeto voltado ao combate \u00e0 fome e desperd\u00edcio de alimentos.<\/p>\n<p>O Palha\u00e7o Zabilim Plim Plim e sua trupe ir\u00e3o garantir bastante entretenimento para a crian\u00e7ada durante o evento. O p\u00fablico infantil ainda poder\u00e1 aprender a fazer seu pr\u00f3prio brinquedo na Oficina de Pipas e se divertir com jogos e brincadeiras mediadas por recreadores do Sesc. Al\u00e9m disso, tamb\u00e9m haver\u00e1 a distribui\u00e7\u00e3o de sacol\u00e9s, bolo de pote e pipoca.<\/p>\n<p>Arenas distribu\u00eddas na Pra\u00e7a Cultural formam o Espa\u00e7o Beleza, Espa\u00e7o Sa\u00fade e Espa\u00e7o Cidad\u00e3o. No Espa\u00e7o Beleza ser\u00e3o ofertados corte de cabelo, atendimento com barbeiro, quick massage, tran\u00e7as art\u00edsticas e designer de sobrancelhas. J\u00e1 no Espa\u00e7o Sa\u00fade haver\u00e1 orienta\u00e7\u00e3o em sa\u00fade bucal, aferi\u00e7\u00e3o de press\u00e3o e teste de glicemia.<\/p>\n<p>O Espa\u00e7o do Cidad\u00e3o contar\u00e1 com o atendimento da equipe do Senac-MT que ir\u00e1 sanar d\u00favidas sobre cursos gratuitos do Programa de Comprometimento e Gratuidade (PCG), al\u00e9m dos profissionais da Central de Relacionamento do Sesc que explicar\u00e3o o passo a passo para se tornar um cliente Sesc. Atendentes da concession\u00e1ria \u00c1guas Cuiab\u00e1 tamb\u00e9m estar\u00e3o no local para fazer renegocia\u00e7\u00f5es de contas em atraso e cadastro da tarifa social.<\/p>\n<p>O \u2018Movimenta\u2019 tamb\u00e9m conta com a parceria da Prefeitura Municipal de Cuiab\u00e1 que disponibilizou uma equipe da Unidade de Vigil\u00e2ncia em Zoonoses de Cuiab\u00e1, que estar\u00e1 aplicando vacinas em c\u00e3es e gatos, das 16h \u00e0s 17h.<\/p>\n<p>Em apoio ao evento, a Pol\u00edcia Militar de Mato Grosso (PMMT) marcar\u00e1 presen\u00e7a com stand para visita\u00e7\u00e3o.<\/p>\n<p><strong>SERVI\u00c7O<\/strong><\/p>\n<p><strong><em><u>PROJETO \u2018MOVIMENTA\u2019\u00a0<\/u><\/em><\/strong><\/p>\n<p>Quando: 3 de dezembro, das 16h \u00e0s 20h<\/p>\n<p>Onde: Pra\u00e7a Cultura CPA II (Avenida Brasil &#8211; CPA II, Cuiab\u00e1 \u2013 MT)<\/p>\n<p>Entrada gratuita<\/p>\n<p>PROGRAMA\u00c7\u00c3O<\/p>\n<p>A partir das 16h00<\/p>\n<p>&#8211; Bazar de utilidades &#8211; doa\u00e7\u00e3o de 1 kg de alimento n\u00e3o perec\u00edvel para o programa Sesc Mesa Brasil<\/p>\n<p>&#8211; Espa\u00e7o Beleza: corte de cabelo, barbeiro, quick massage, tran\u00e7as art\u00edsticas e designer de sobrancelhas<\/p>\n<p>&#8211; Espa\u00e7o Sa\u00fade: orienta\u00e7\u00e3o em sa\u00fade bucal, aferi\u00e7\u00e3o de press\u00e3o, teste de glicemia<\/p>\n<p>&#8211; Espa\u00e7o Cidad\u00e3o: equipe comercial do Senac ofertando cursos por meio do Programa de Comprometimento e Gratuidade (PCG), Central de relacionamento do Sesc com orienta\u00e7\u00f5es para ades\u00e3o ao cart\u00e3o Sesc<\/p>\n<p>&#8211; Palha\u00e7o Zabilim Plim Plim e sua trupe<\/p>\n<p>&#8211; Brincadeiras<\/p>\n<p>&#8211; Oficina de pipa<\/p>\n<p>&#8211; Distribui\u00e7\u00e3o de sacol\u00e9s, bolo de pote e pipoca<\/p>\n<p>&#8211; Stands da PMMT para visita\u00e7\u00e3o<\/p>\n<p>&#8211; Zoonoses: vacina\u00e7\u00e3o para c\u00e3es e gatos das 16h \u00e0s 17h<\/p>\n<p>&#8211; 18h00: apresenta\u00e7\u00e3o com o grupo Zabumba Beat<\/p>\n<p>&nbsp;<\/p>\n","protected":false},"excerpt":{"rendered":"<p>A Pra\u00e7a Cultural do CPA II, em Cuiab\u00e1, receber\u00e1 o projeto \u2018Movimenta\u2019, neste s\u00e1bado (03.12), a partir das 16h. A iniciativa promovida pelo Sistema Fecom\u00e9rcio-MT, marca o in\u00edcio das comemora\u00e7\u00f5es dos 75 anos do Sesc e Senac em Mato Grosso, realizadoras do projeto. Al\u00e9m de atividades culturais, a popula\u00e7\u00e3o cuiabana contar\u00e1 com servi\u00e7os de sa\u00fade, [&hellip;]<\/p>\n","protected":false},"author":2,"featured_media":5593,"comment_status":"closed","ping_status":"closed","sticky":false,"template":"","format":"standard","meta":{"iawp_total_views":0,"footnotes":""},"categories":[12],"tags":[],"class_list":["post-5591","post","type-post","status-publish","format-standard","has-post-thumbnail","hentry","category-cidades"],"yoast_head":"<!-- This site is optimized with the Yoast SEO plugin v27.3 - https:\/\/yoast.com\/product\/yoast-seo-wordpress\/ -->\n<title>Projeto \u2018Movimenta\u2019 comemora 75 anos do Sesc e Senac em Mato Grosso &#8902; Blog da Condessa<\/title>\n<meta name=\"robots\" content=\"index, follow, max-snippet:-1, max-image-preview:large, max-video-preview:-1\" \/>\n<link rel=\"canonical\" href=\"https:\/\/blogdacondessa.com.br\/blog\/cidades\/projeto-movimenta-comemora-75-anos-do-sesc-e-senac-em-mato-grosso\/\" \/>\n<meta property=\"og:locale\" content=\"pt_BR\" \/>\n<meta property=\"og:type\" content=\"article\" \/>\n<meta property=\"og:title\" content=\"Projeto \u2018Movimenta\u2019 comemora 75 anos do Sesc e Senac em Mato Grosso &#8902; Blog da Condessa\" \/>\n<meta property=\"og:description\" content=\"A Pra\u00e7a Cultural do CPA II, em Cuiab\u00e1, receber\u00e1 o projeto \u2018Movimenta\u2019, neste s\u00e1bado (03.12), a partir das 16h. A iniciativa promovida pelo Sistema Fecom\u00e9rcio-MT, marca o in\u00edcio das comemora\u00e7\u00f5es dos 75 anos do Sesc e Senac em Mato Grosso, realizadoras do projeto. Al\u00e9m de atividades culturais, a popula\u00e7\u00e3o cuiabana contar\u00e1 com servi\u00e7os de sa\u00fade, [&hellip;]\" \/>\n<meta property=\"og:url\" content=\"https:\/\/blogdacondessa.com.br\/blog\/cidades\/projeto-movimenta-comemora-75-anos-do-sesc-e-senac-em-mato-grosso\/\" \/>\n<meta property=\"og:site_name\" content=\"Blog da Condessa\" \/>\n<meta property=\"article:published_time\" content=\"2022-12-01T15:55:50+00:00\" \/>\n<meta property=\"og:image\" content=\"https:\/\/blogdacondessa.com.br\/blog\/wp-content\/uploads\/2022\/12\/projeto-movimenta-1.jpg\" \/>\n\t<meta property=\"og:image:width\" content=\"1280\" \/>\n\t<meta property=\"og:image:height\" content=\"852\" \/>\n\t<meta property=\"og:image:type\" content=\"image\/jpeg\" \/>\n<meta name=\"author\" content=\"Blog da Condessa\" \/>\n<meta name=\"twitter:card\" content=\"summary_large_image\" \/>\n<meta name=\"twitter:label1\" content=\"Escrito por\" \/>\n\t<meta name=\"twitter:data1\" content=\"Blog da Condessa\" \/>\n\t<meta name=\"twitter:label2\" content=\"Est. tempo de leitura\" \/>\n\t<meta name=\"twitter:data2\" content=\"4 minutos\" \/>\n<script type=\"application\/ld+json\" class=\"yoast-schema-graph\">{\"@context\":\"https:\\\/\\\/schema.org\",\"@graph\":[{\"@type\":\"Article\",\"@id\":\"https:\\\/\\\/blogdacondessa.com.br\\\/blog\\\/cidades\\\/projeto-movimenta-comemora-75-anos-do-sesc-e-senac-em-mato-grosso\\\/#article\",\"isPartOf\":{\"@id\":\"https:\\\/\\\/blogdacondessa.com.br\\\/blog\\\/cidades\\\/projeto-movimenta-comemora-75-anos-do-sesc-e-senac-em-mato-grosso\\\/\"},\"author\":{\"name\":\"Blog da Condessa\",\"@id\":\"https:\\\/\\\/blogdacondessa.com.br\\\/blog\\\/#\\\/schema\\\/person\\\/1d667ff8b785195b568677489d266035\"},\"headline\":\"Projeto \u2018Movimenta\u2019 comemora 75 anos do Sesc e Senac em Mato Grosso\",\"datePublished\":\"2022-12-01T15:55:50+00:00\",\"mainEntityOfPage\":{\"@id\":\"https:\\\/\\\/blogdacondessa.com.br\\\/blog\\\/cidades\\\/projeto-movimenta-comemora-75-anos-do-sesc-e-senac-em-mato-grosso\\\/\"},\"wordCount\":732,\"image\":{\"@id\":\"https:\\\/\\\/blogdacondessa.com.br\\\/blog\\\/cidades\\\/projeto-movimenta-comemora-75-anos-do-sesc-e-senac-em-mato-grosso\\\/#primaryimage\"},\"thumbnailUrl\":\"https:\\\/\\\/blogdacondessa.com.br\\\/blog\\\/wp-content\\\/uploads\\\/2022\\\/12\\\/projeto-movimenta-1.jpg\",\"articleSection\":[\"Cidades\"],\"inLanguage\":\"pt-BR\"},{\"@type\":\"WebPage\",\"@id\":\"https:\\\/\\\/blogdacondessa.com.br\\\/blog\\\/cidades\\\/projeto-movimenta-comemora-75-anos-do-sesc-e-senac-em-mato-grosso\\\/\",\"url\":\"https:\\\/\\\/blogdacondessa.com.br\\\/blog\\\/cidades\\\/projeto-movimenta-comemora-75-anos-do-sesc-e-senac-em-mato-grosso\\\/\",\"name\":\"Projeto \u2018Movimenta\u2019 comemora 75 anos do Sesc e Senac em Mato Grosso &#8902; Blog da Condessa\",\"isPartOf\":{\"@id\":\"https:\\\/\\\/blogdacondessa.com.br\\\/blog\\\/#website\"},\"primaryImageOfPage\":{\"@id\":\"https:\\\/\\\/blogdacondessa.com.br\\\/blog\\\/cidades\\\/projeto-movimenta-comemora-75-anos-do-sesc-e-senac-em-mato-grosso\\\/#primaryimage\"},\"image\":{\"@id\":\"https:\\\/\\\/blogdacondessa.com.br\\\/blog\\\/cidades\\\/projeto-movimenta-comemora-75-anos-do-sesc-e-senac-em-mato-grosso\\\/#primaryimage\"},\"thumbnailUrl\":\"https:\\\/\\\/blogdacondessa.com.br\\\/blog\\\/wp-content\\\/uploads\\\/2022\\\/12\\\/projeto-movimenta-1.jpg\",\"datePublished\":\"2022-12-01T15:55:50+00:00\",\"author\":{\"@id\":\"https:\\\/\\\/blogdacondessa.com.br\\\/blog\\\/#\\\/schema\\\/person\\\/1d667ff8b785195b568677489d266035\"},\"breadcrumb\":{\"@id\":\"https:\\\/\\\/blogdacondessa.com.br\\\/blog\\\/cidades\\\/projeto-movimenta-comemora-75-anos-do-sesc-e-senac-em-mato-grosso\\\/#breadcrumb\"},\"inLanguage\":\"pt-BR\",\"potentialAction\":[{\"@type\":\"ReadAction\",\"target\":[\"https:\\\/\\\/blogdacondessa.com.br\\\/blog\\\/cidades\\\/projeto-movimenta-comemora-75-anos-do-sesc-e-senac-em-mato-grosso\\\/\"]}]},{\"@type\":\"ImageObject\",\"inLanguage\":\"pt-BR\",\"@id\":\"https:\\\/\\\/blogdacondessa.com.br\\\/blog\\\/cidades\\\/projeto-movimenta-comemora-75-anos-do-sesc-e-senac-em-mato-grosso\\\/#primaryimage\",\"url\":\"https:\\\/\\\/blogdacondessa.com.br\\\/blog\\\/wp-content\\\/uploads\\\/2022\\\/12\\\/projeto-movimenta-1.jpg\",\"contentUrl\":\"https:\\\/\\\/blogdacondessa.com.br\\\/blog\\\/wp-content\\\/uploads\\\/2022\\\/12\\\/projeto-movimenta-1.jpg\",\"width\":1280,\"height\":852},{\"@type\":\"BreadcrumbList\",\"@id\":\"https:\\\/\\\/blogdacondessa.com.br\\\/blog\\\/cidades\\\/projeto-movimenta-comemora-75-anos-do-sesc-e-senac-em-mato-grosso\\\/#breadcrumb\",\"itemListElement\":[{\"@type\":\"ListItem\",\"position\":1,\"name\":\"In\u00edcio\",\"item\":\"https:\\\/\\\/blogdacondessa.com.br\\\/blog\\\/\"},{\"@type\":\"ListItem\",\"position\":2,\"name\":\"Projeto \u2018Movimenta\u2019 comemora 75 anos do Sesc e Senac em Mato Grosso\"}]},{\"@type\":\"WebSite\",\"@id\":\"https:\\\/\\\/blogdacondessa.com.br\\\/blog\\\/#website\",\"url\":\"https:\\\/\\\/blogdacondessa.com.br\\\/blog\\\/\",\"name\":\"Blog da Condessa\",\"description\":\"Com Shirley de Souza O\u2019Campos\",\"potentialAction\":[{\"@type\":\"SearchAction\",\"target\":{\"@type\":\"EntryPoint\",\"urlTemplate\":\"https:\\\/\\\/blogdacondessa.com.br\\\/blog\\\/?s={search_term_string}\"},\"query-input\":{\"@type\":\"PropertyValueSpecification\",\"valueRequired\":true,\"valueName\":\"search_term_string\"}}],\"inLanguage\":\"pt-BR\"},{\"@type\":\"Person\",\"@id\":\"https:\\\/\\\/blogdacondessa.com.br\\\/blog\\\/#\\\/schema\\\/person\\\/1d667ff8b785195b568677489d266035\",\"name\":\"Blog da Condessa\",\"image\":{\"@type\":\"ImageObject\",\"inLanguage\":\"pt-BR\",\"@id\":\"https:\\\/\\\/secure.gravatar.com\\\/avatar\\\/377c0eb8b4ad2bfc25461b41564b5971e721ca34a57642868fc7b0c8ac7b52c5?s=96&d=mm&r=g\",\"url\":\"https:\\\/\\\/secure.gravatar.com\\\/avatar\\\/377c0eb8b4ad2bfc25461b41564b5971e721ca34a57642868fc7b0c8ac7b52c5?s=96&d=mm&r=g\",\"contentUrl\":\"https:\\\/\\\/secure.gravatar.com\\\/avatar\\\/377c0eb8b4ad2bfc25461b41564b5971e721ca34a57642868fc7b0c8ac7b52c5?s=96&d=mm&r=g\",\"caption\":\"Blog da Condessa\"},\"url\":\"https:\\\/\\\/blogdacondessa.com.br\\\/blog\\\/author\\\/beatriz\\\/\"}]}<\/script>\n<!-- \/ Yoast SEO plugin. -->","yoast_head_json":{"title":"Projeto \u2018Movimenta\u2019 comemora 75 anos do Sesc e Senac em Mato Grosso &#8902; Blog da Condessa","robots":{"index":"index","follow":"follow","max-snippet":"max-snippet:-1","max-image-preview":"max-image-preview:large","max-video-preview":"max-video-preview:-1"},"canonical":"https:\/\/blogdacondessa.com.br\/blog\/cidades\/projeto-movimenta-comemora-75-anos-do-sesc-e-senac-em-mato-grosso\/","og_locale":"pt_BR","og_type":"article","og_title":"Projeto \u2018Movimenta\u2019 comemora 75 anos do Sesc e Senac em Mato Grosso &#8902; Blog da Condessa","og_description":"A Pra\u00e7a Cultural do CPA II, em Cuiab\u00e1, receber\u00e1 o projeto \u2018Movimenta\u2019, neste s\u00e1bado (03.12), a partir das 16h. A iniciativa promovida pelo Sistema Fecom\u00e9rcio-MT, marca o in\u00edcio das comemora\u00e7\u00f5es dos 75 anos do Sesc e Senac em Mato Grosso, realizadoras do projeto. Al\u00e9m de atividades culturais, a popula\u00e7\u00e3o cuiabana contar\u00e1 com servi\u00e7os de sa\u00fade, [&hellip;]","og_url":"https:\/\/blogdacondessa.com.br\/blog\/cidades\/projeto-movimenta-comemora-75-anos-do-sesc-e-senac-em-mato-grosso\/","og_site_name":"Blog da Condessa","article_published_time":"2022-12-01T15:55:50+00:00","og_image":[{"width":1280,"height":852,"url":"https:\/\/blogdacondessa.com.br\/blog\/wp-content\/uploads\/2022\/12\/projeto-movimenta-1.jpg","type":"image\/jpeg"}],"author":"Blog da Condessa","twitter_card":"summary_large_image","twitter_misc":{"Escrito por":"Blog da Condessa","Est. tempo de leitura":"4 minutos"},"schema":{"@context":"https:\/\/schema.org","@graph":[{"@type":"Article","@id":"https:\/\/blogdacondessa.com.br\/blog\/cidades\/projeto-movimenta-comemora-75-anos-do-sesc-e-senac-em-mato-grosso\/#article","isPartOf":{"@id":"https:\/\/blogdacondessa.com.br\/blog\/cidades\/projeto-movimenta-comemora-75-anos-do-sesc-e-senac-em-mato-grosso\/"},"author":{"name":"Blog da Condessa","@id":"https:\/\/blogdacondessa.com.br\/blog\/#\/schema\/person\/1d667ff8b785195b568677489d266035"},"headline":"Projeto \u2018Movimenta\u2019 comemora 75 anos do Sesc e Senac em Mato Grosso","datePublished":"2022-12-01T15:55:50+00:00","mainEntityOfPage":{"@id":"https:\/\/blogdacondessa.com.br\/blog\/cidades\/projeto-movimenta-comemora-75-anos-do-sesc-e-senac-em-mato-grosso\/"},"wordCount":732,"image":{"@id":"https:\/\/blogdacondessa.com.br\/blog\/cidades\/projeto-movimenta-comemora-75-anos-do-sesc-e-senac-em-mato-grosso\/#primaryimage"},"thumbnailUrl":"https:\/\/blogdacondessa.com.br\/blog\/wp-content\/uploads\/2022\/12\/projeto-movimenta-1.jpg","articleSection":["Cidades"],"inLanguage":"pt-BR"},{"@type":"WebPage","@id":"https:\/\/blogdacondessa.com.br\/blog\/cidades\/projeto-movimenta-comemora-75-anos-do-sesc-e-senac-em-mato-grosso\/","url":"https:\/\/blogdacondessa.com.br\/blog\/cidades\/projeto-movimenta-comemora-75-anos-do-sesc-e-senac-em-mato-grosso\/","name":"Projeto \u2018Movimenta\u2019 comemora 75 anos do Sesc e Senac em Mato Grosso &#8902; Blog da Condessa","isPartOf":{"@id":"https:\/\/blogdacondessa.com.br\/blog\/#website"},"primaryImageOfPage":{"@id":"https:\/\/blogdacondessa.com.br\/blog\/cidades\/projeto-movimenta-comemora-75-anos-do-sesc-e-senac-em-mato-grosso\/#primaryimage"},"image":{"@id":"https:\/\/blogdacondessa.com.br\/blog\/cidades\/projeto-movimenta-comemora-75-anos-do-sesc-e-senac-em-mato-grosso\/#primaryimage"},"thumbnailUrl":"https:\/\/blogdacondessa.com.br\/blog\/wp-content\/uploads\/2022\/12\/projeto-movimenta-1.jpg","datePublished":"2022-12-01T15:55:50+00:00","author":{"@id":"https:\/\/blogdacondessa.com.br\/blog\/#\/schema\/person\/1d667ff8b785195b568677489d266035"},"breadcrumb":{"@id":"https:\/\/blogdacondessa.com.br\/blog\/cidades\/projeto-movimenta-comemora-75-anos-do-sesc-e-senac-em-mato-grosso\/#breadcrumb"},"inLanguage":"pt-BR","potentialAction":[{"@type":"ReadAction","target":["https:\/\/blogdacondessa.com.br\/blog\/cidades\/projeto-movimenta-comemora-75-anos-do-sesc-e-senac-em-mato-grosso\/"]}]},{"@type":"ImageObject","inLanguage":"pt-BR","@id":"https:\/\/blogdacondessa.com.br\/blog\/cidades\/projeto-movimenta-comemora-75-anos-do-sesc-e-senac-em-mato-grosso\/#primaryimage","url":"https:\/\/blogdacondessa.com.br\/blog\/wp-content\/uploads\/2022\/12\/projeto-movimenta-1.jpg","contentUrl":"https:\/\/blogdacondessa.com.br\/blog\/wp-content\/uploads\/2022\/12\/projeto-movimenta-1.jpg","width":1280,"height":852},{"@type":"BreadcrumbList","@id":"https:\/\/blogdacondessa.com.br\/blog\/cidades\/projeto-movimenta-comemora-75-anos-do-sesc-e-senac-em-mato-grosso\/#breadcrumb","itemListElement":[{"@type":"ListItem","position":1,"name":"In\u00edcio","item":"https:\/\/blogdacondessa.com.br\/blog\/"},{"@type":"ListItem","position":2,"name":"Projeto \u2018Movimenta\u2019 comemora 75 anos do Sesc e Senac em Mato Grosso"}]},{"@type":"WebSite","@id":"https:\/\/blogdacondessa.com.br\/blog\/#website","url":"https:\/\/blogdacondessa.com.br\/blog\/","name":"Blog da Condessa","description":"Com Shirley de Souza O\u2019Campos","potentialAction":[{"@type":"SearchAction","target":{"@type":"EntryPoint","urlTemplate":"https:\/\/blogdacondessa.com.br\/blog\/?s={search_term_string}"},"query-input":{"@type":"PropertyValueSpecification","valueRequired":true,"valueName":"search_term_string"}}],"inLanguage":"pt-BR"},{"@type":"Person","@id":"https:\/\/blogdacondessa.com.br\/blog\/#\/schema\/person\/1d667ff8b785195b568677489d266035","name":"Blog da Condessa","image":{"@type":"ImageObject","inLanguage":"pt-BR","@id":"https:\/\/secure.gravatar.com\/avatar\/377c0eb8b4ad2bfc25461b41564b5971e721ca34a57642868fc7b0c8ac7b52c5?s=96&d=mm&r=g","url":"https:\/\/secure.gravatar.com\/avatar\/377c0eb8b4ad2bfc25461b41564b5971e721ca34a57642868fc7b0c8ac7b52c5?s=96&d=mm&r=g","contentUrl":"https:\/\/secure.gravatar.com\/avatar\/377c0eb8b4ad2bfc25461b41564b5971e721ca34a57642868fc7b0c8ac7b52c5?s=96&d=mm&r=g","caption":"Blog da Condessa"},"url":"https:\/\/blogdacondessa.com.br\/blog\/author\/beatriz\/"}]}},"_links":{"self":[{"href":"https:\/\/blogdacondessa.com.br\/blog\/wp-json\/wp\/v2\/posts\/5591","targetHints":{"allow":["GET"]}}],"collection":[{"href":"https:\/\/blogdacondessa.com.br\/blog\/wp-json\/wp\/v2\/posts"}],"about":[{"href":"https:\/\/blogdacondessa.com.br\/blog\/wp-json\/wp\/v2\/types\/post"}],"author":[{"embeddable":true,"href":"https:\/\/blogdacondessa.com.br\/blog\/wp-json\/wp\/v2\/users\/2"}],"replies":[{"embeddable":true,"href":"https:\/\/blogdacondessa.com.br\/blog\/wp-json\/wp\/v2\/comments?post=5591"}],"version-history":[{"count":0,"href":"https:\/\/blogdacondessa.com.br\/blog\/wp-json\/wp\/v2\/posts\/5591\/revisions"}],"wp:featuredmedia":[{"embeddable":true,"href":"https:\/\/blogdacondessa.com.br\/blog\/wp-json\/wp\/v2\/media\/5593"}],"wp:attachment":[{"href":"https:\/\/blogdacondessa.com.br\/blog\/wp-json\/wp\/v2\/media?parent=5591"}],"wp:term":[{"taxonomy":"category","embeddable":true,"href":"https:\/\/blogdacondessa.com.br\/blog\/wp-json\/wp\/v2\/categories?post=5591"},{"taxonomy":"post_tag","embeddable":true,"href":"https:\/\/blogdacondessa.com.br\/blog\/wp-json\/wp\/v2\/tags?post=5591"}],"curies":[{"name":"wp","href":"https:\/\/api.w.org\/{rel}","templated":true}]}}