{"id":5583,"date":"2022-12-01T05:00:01","date_gmt":"2022-12-01T09:00:01","guid":{"rendered":"http:\/\/blogdacondessa.com.br\/?p=5583"},"modified":"2022-11-30T17:55:28","modified_gmt":"2022-11-30T21:55:28","slug":"espaco-conquista-prepara-estrutura-para-celebrar-reveillon","status":"publish","type":"post","link":"https:\/\/blogdacondessa.com.br\/blog\/geral\/espaco-conquista-prepara-estrutura-para-celebrar-reveillon\/","title":{"rendered":"Espa\u00e7o Conquista prepara estrutura para celebrar R\u00e9veillon"},"content":{"rendered":"<p>Neste momento \u00fanico onde se encerra uma fase\u00a0e celebra-se a vinda de um novo e esperan\u00e7oso ano, a tristeza deve passar longe e vibrar uma boa energia \u00e9 obriga\u00e7\u00e3o para celebrar a vida.\u00a0Segundo Adelisa Arruda, gerente comercial do Espa\u00e7o Conquista, o local est\u00e1 preparando uma festa incr\u00edvel, divertida, com um cen\u00e1rio charmoso e um buffet delicioso.\u00a0\u201cA festa de fim de ano no Espa\u00e7o Conquista oferece o ambiente perfeito para voc\u00ea e sua fam\u00edlia\u201d, garante.<\/p>\n<p>O Espa\u00e7o Conquista\u00a0nasceu em 2016 com uma estrutura planejada, ampla, elegante e um design moderno.<\/p>\n<p>\u201cO nosso R\u00e9veillon sem d\u00favida \u00e9 uma excelente op\u00e7\u00e3o para quem quer passar uma virada animada, com muito conforto e saboreando pratos deliciosos\u201d, assegura a gerente.<\/p>\n<p>O espa\u00e7o destaca-se pelo conforto e versatilidade. Oferece in\u00fameras possibilidades e um cen\u00e1rio fascinante para eventos. Uma refer\u00eancia no Estado de Mato Grosso na realiza\u00e7\u00e3o de eventos com eleg\u00e2ncia e excel\u00eancia no atendimento.<\/p>\n<p>Conforme conta Adelisa Arruda, que comanda o Espa\u00e7o Conquista, o espa\u00e7o \u00e9 confort\u00e1vel, vers\u00e1til e elegante. \u201cA localiza\u00e7\u00e3o \u00e9 excelente. Fica atr\u00e1s do Centro de Eventos do Pantanal, em Cuiab\u00e1. Tamb\u00e9m disponibilizamos estacionamento\u201d, observou Adelisa.<\/p>\n<p>A premissa \u00e9 oferecer muito mais que uma festa. Uma experi\u00eancia completa. \u201cA proposta \u00e9 uma festa com muita energia boa, drinks deliciosos, cerveja original e comida gostosa do in\u00edcio ao fim. Banda de Jorge tocando todos os ritmos e o super vibrante DJ Charles Pitter que promete n\u00e3o deixar ningu\u00e9m parado\u201d, conta Adelisa.<\/p>\n<p>J\u00e1 o card\u00e1pio \u00e9 elaborado com excel\u00eancia, com destaque pela qualidade. \u201cCome\u00e7aremos com uma ilha de frios e quentes. Na sequ\u00eancia, uma ceia muito bem elaborada com a nossa famosa lentilha da sorte &#8211; para 2023 chegar com muita fartura. H\u00e1 ainda uma esta\u00e7\u00e3o de caldos na madrugada e as sobremesas . Nossos pratos s\u00e3o saborosos e fazem com que os convidados tenham uma experi\u00eancia gastron\u00f4mica muito positiva\u201d, ressaltou.<\/p>\n<p><strong>Criatividade e afeto<\/strong><\/p>\n<p>Para Adelisa, o que n\u00e3o pode faltar numa festa \u00e9 afeto desde a sua produ\u00e7\u00e3o. Segundo ela, tamb\u00e9m n\u00e3o pode faltar anima\u00e7\u00e3o, bebidas geladas e comida de boa qualidade.<\/p>\n<p>O Espa\u00e7o Conquista realiza um trabalho s\u00e9rio e comprometido. \u201cAcredito que colheremos excelentes frutos. Porque comemorar \u00e9 sempre maravilhoso\u201d, conclui Adelisa Arruda.<\/p>\n<p><strong>SERVI\u00c7O:<\/strong><\/p>\n<p><em>Festa de R\u00e9veillon no Espa\u00e7o Conquista \u00a0<\/em><\/p>\n<p>2\u00ba lote 280.00 (at\u00e9 15 de dez)<\/p>\n<p>Crian\u00e7a de 6 a 11 anos \u2013 R$ 120.00<\/p>\n<p>Endere\u00e7o: \u00a0Rua projetada S 100 &#8211; Ribeir\u00e3o do Lipa<\/p>\n<p>Reservas e informa\u00e7\u00f5es : 65 98114 8945<\/p>\n<p>&nbsp;<\/p>\n","protected":false},"excerpt":{"rendered":"<p>Neste momento \u00fanico onde se encerra uma fase\u00a0e celebra-se a vinda de um novo e esperan\u00e7oso ano, a tristeza deve passar longe e vibrar uma boa energia \u00e9 obriga\u00e7\u00e3o para celebrar a vida.\u00a0Segundo Adelisa Arruda, gerente comercial do Espa\u00e7o Conquista, o local est\u00e1 preparando uma festa incr\u00edvel, divertida, com um cen\u00e1rio charmoso e um buffet [&hellip;]<\/p>\n","protected":false},"author":2,"featured_media":5584,"comment_status":"closed","ping_status":"closed","sticky":false,"template":"","format":"standard","meta":{"iawp_total_views":3,"footnotes":""},"categories":[16],"tags":[],"class_list":["post-5583","post","type-post","status-publish","format-standard","has-post-thumbnail","hentry","category-geral"],"yoast_head":"<!-- This site is optimized with the Yoast SEO plugin v27.3 - https:\/\/yoast.com\/product\/yoast-seo-wordpress\/ -->\n<title>Espa\u00e7o Conquista prepara estrutura para celebrar R\u00e9veillon &#8902; Blog da Condessa<\/title>\n<meta name=\"robots\" content=\"index, follow, max-snippet:-1, max-image-preview:large, max-video-preview:-1\" \/>\n<link rel=\"canonical\" href=\"https:\/\/blogdacondessa.com.br\/blog\/geral\/espaco-conquista-prepara-estrutura-para-celebrar-reveillon\/\" \/>\n<meta property=\"og:locale\" content=\"pt_BR\" \/>\n<meta property=\"og:type\" content=\"article\" \/>\n<meta property=\"og:title\" content=\"Espa\u00e7o Conquista prepara estrutura para celebrar R\u00e9veillon &#8902; Blog da Condessa\" \/>\n<meta property=\"og:description\" content=\"Neste momento \u00fanico onde se encerra uma fase\u00a0e celebra-se a vinda de um novo e esperan\u00e7oso ano, a tristeza deve passar longe e vibrar uma boa energia \u00e9 obriga\u00e7\u00e3o para celebrar a vida.\u00a0Segundo Adelisa Arruda, gerente comercial do Espa\u00e7o Conquista, o local est\u00e1 preparando uma festa incr\u00edvel, divertida, com um cen\u00e1rio charmoso e um buffet [&hellip;]\" \/>\n<meta property=\"og:url\" content=\"https:\/\/blogdacondessa.com.br\/blog\/geral\/espaco-conquista-prepara-estrutura-para-celebrar-reveillon\/\" \/>\n<meta property=\"og:site_name\" content=\"Blog da Condessa\" \/>\n<meta property=\"article:published_time\" content=\"2022-12-01T09:00:01+00:00\" \/>\n<meta property=\"og:image\" content=\"https:\/\/blogdacondessa.com.br\/blog\/wp-content\/uploads\/2022\/11\/reveillon.webp\" \/>\n\t<meta property=\"og:image:width\" content=\"675\" \/>\n\t<meta property=\"og:image:height\" content=\"450\" \/>\n\t<meta property=\"og:image:type\" content=\"image\/webp\" \/>\n<meta name=\"author\" content=\"Blog da Condessa\" \/>\n<meta name=\"twitter:card\" content=\"summary_large_image\" \/>\n<meta name=\"twitter:label1\" content=\"Escrito por\" \/>\n\t<meta name=\"twitter:data1\" content=\"Blog da Condessa\" \/>\n\t<meta name=\"twitter:label2\" content=\"Est. tempo de leitura\" \/>\n\t<meta name=\"twitter:data2\" content=\"3 minutos\" \/>\n<script type=\"application\/ld+json\" class=\"yoast-schema-graph\">{\"@context\":\"https:\\\/\\\/schema.org\",\"@graph\":[{\"@type\":\"Article\",\"@id\":\"https:\\\/\\\/blogdacondessa.com.br\\\/blog\\\/geral\\\/espaco-conquista-prepara-estrutura-para-celebrar-reveillon\\\/#article\",\"isPartOf\":{\"@id\":\"https:\\\/\\\/blogdacondessa.com.br\\\/blog\\\/geral\\\/espaco-conquista-prepara-estrutura-para-celebrar-reveillon\\\/\"},\"author\":{\"name\":\"Blog da Condessa\",\"@id\":\"https:\\\/\\\/blogdacondessa.com.br\\\/blog\\\/#\\\/schema\\\/person\\\/1d667ff8b785195b568677489d266035\"},\"headline\":\"Espa\u00e7o Conquista prepara estrutura para celebrar R\u00e9veillon\",\"datePublished\":\"2022-12-01T09:00:01+00:00\",\"mainEntityOfPage\":{\"@id\":\"https:\\\/\\\/blogdacondessa.com.br\\\/blog\\\/geral\\\/espaco-conquista-prepara-estrutura-para-celebrar-reveillon\\\/\"},\"wordCount\":440,\"image\":{\"@id\":\"https:\\\/\\\/blogdacondessa.com.br\\\/blog\\\/geral\\\/espaco-conquista-prepara-estrutura-para-celebrar-reveillon\\\/#primaryimage\"},\"thumbnailUrl\":\"https:\\\/\\\/blogdacondessa.com.br\\\/blog\\\/wp-content\\\/uploads\\\/2022\\\/11\\\/reveillon.webp\",\"articleSection\":[\"Variedades\"],\"inLanguage\":\"pt-BR\"},{\"@type\":\"WebPage\",\"@id\":\"https:\\\/\\\/blogdacondessa.com.br\\\/blog\\\/geral\\\/espaco-conquista-prepara-estrutura-para-celebrar-reveillon\\\/\",\"url\":\"https:\\\/\\\/blogdacondessa.com.br\\\/blog\\\/geral\\\/espaco-conquista-prepara-estrutura-para-celebrar-reveillon\\\/\",\"name\":\"Espa\u00e7o Conquista prepara estrutura para celebrar R\u00e9veillon &#8902; Blog da Condessa\",\"isPartOf\":{\"@id\":\"https:\\\/\\\/blogdacondessa.com.br\\\/blog\\\/#website\"},\"primaryImageOfPage\":{\"@id\":\"https:\\\/\\\/blogdacondessa.com.br\\\/blog\\\/geral\\\/espaco-conquista-prepara-estrutura-para-celebrar-reveillon\\\/#primaryimage\"},\"image\":{\"@id\":\"https:\\\/\\\/blogdacondessa.com.br\\\/blog\\\/geral\\\/espaco-conquista-prepara-estrutura-para-celebrar-reveillon\\\/#primaryimage\"},\"thumbnailUrl\":\"https:\\\/\\\/blogdacondessa.com.br\\\/blog\\\/wp-content\\\/uploads\\\/2022\\\/11\\\/reveillon.webp\",\"datePublished\":\"2022-12-01T09:00:01+00:00\",\"author\":{\"@id\":\"https:\\\/\\\/blogdacondessa.com.br\\\/blog\\\/#\\\/schema\\\/person\\\/1d667ff8b785195b568677489d266035\"},\"breadcrumb\":{\"@id\":\"https:\\\/\\\/blogdacondessa.com.br\\\/blog\\\/geral\\\/espaco-conquista-prepara-estrutura-para-celebrar-reveillon\\\/#breadcrumb\"},\"inLanguage\":\"pt-BR\",\"potentialAction\":[{\"@type\":\"ReadAction\",\"target\":[\"https:\\\/\\\/blogdacondessa.com.br\\\/blog\\\/geral\\\/espaco-conquista-prepara-estrutura-para-celebrar-reveillon\\\/\"]}]},{\"@type\":\"ImageObject\",\"inLanguage\":\"pt-BR\",\"@id\":\"https:\\\/\\\/blogdacondessa.com.br\\\/blog\\\/geral\\\/espaco-conquista-prepara-estrutura-para-celebrar-reveillon\\\/#primaryimage\",\"url\":\"https:\\\/\\\/blogdacondessa.com.br\\\/blog\\\/wp-content\\\/uploads\\\/2022\\\/11\\\/reveillon.webp\",\"contentUrl\":\"https:\\\/\\\/blogdacondessa.com.br\\\/blog\\\/wp-content\\\/uploads\\\/2022\\\/11\\\/reveillon.webp\",\"width\":675,\"height\":450},{\"@type\":\"BreadcrumbList\",\"@id\":\"https:\\\/\\\/blogdacondessa.com.br\\\/blog\\\/geral\\\/espaco-conquista-prepara-estrutura-para-celebrar-reveillon\\\/#breadcrumb\",\"itemListElement\":[{\"@type\":\"ListItem\",\"position\":1,\"name\":\"In\u00edcio\",\"item\":\"https:\\\/\\\/blogdacondessa.com.br\\\/blog\\\/\"},{\"@type\":\"ListItem\",\"position\":2,\"name\":\"Espa\u00e7o Conquista prepara estrutura para celebrar R\u00e9veillon\"}]},{\"@type\":\"WebSite\",\"@id\":\"https:\\\/\\\/blogdacondessa.com.br\\\/blog\\\/#website\",\"url\":\"https:\\\/\\\/blogdacondessa.com.br\\\/blog\\\/\",\"name\":\"Blog da Condessa\",\"description\":\"Com Shirley de Souza O\u2019Campos\",\"potentialAction\":[{\"@type\":\"SearchAction\",\"target\":{\"@type\":\"EntryPoint\",\"urlTemplate\":\"https:\\\/\\\/blogdacondessa.com.br\\\/blog\\\/?s={search_term_string}\"},\"query-input\":{\"@type\":\"PropertyValueSpecification\",\"valueRequired\":true,\"valueName\":\"search_term_string\"}}],\"inLanguage\":\"pt-BR\"},{\"@type\":\"Person\",\"@id\":\"https:\\\/\\\/blogdacondessa.com.br\\\/blog\\\/#\\\/schema\\\/person\\\/1d667ff8b785195b568677489d266035\",\"name\":\"Blog da Condessa\",\"image\":{\"@type\":\"ImageObject\",\"inLanguage\":\"pt-BR\",\"@id\":\"https:\\\/\\\/secure.gravatar.com\\\/avatar\\\/377c0eb8b4ad2bfc25461b41564b5971e721ca34a57642868fc7b0c8ac7b52c5?s=96&d=mm&r=g\",\"url\":\"https:\\\/\\\/secure.gravatar.com\\\/avatar\\\/377c0eb8b4ad2bfc25461b41564b5971e721ca34a57642868fc7b0c8ac7b52c5?s=96&d=mm&r=g\",\"contentUrl\":\"https:\\\/\\\/secure.gravatar.com\\\/avatar\\\/377c0eb8b4ad2bfc25461b41564b5971e721ca34a57642868fc7b0c8ac7b52c5?s=96&d=mm&r=g\",\"caption\":\"Blog da Condessa\"},\"url\":\"https:\\\/\\\/blogdacondessa.com.br\\\/blog\\\/author\\\/beatriz\\\/\"}]}<\/script>\n<!-- \/ Yoast SEO plugin. -->","yoast_head_json":{"title":"Espa\u00e7o Conquista prepara estrutura para celebrar R\u00e9veillon &#8902; Blog da Condessa","robots":{"index":"index","follow":"follow","max-snippet":"max-snippet:-1","max-image-preview":"max-image-preview:large","max-video-preview":"max-video-preview:-1"},"canonical":"https:\/\/blogdacondessa.com.br\/blog\/geral\/espaco-conquista-prepara-estrutura-para-celebrar-reveillon\/","og_locale":"pt_BR","og_type":"article","og_title":"Espa\u00e7o Conquista prepara estrutura para celebrar R\u00e9veillon &#8902; Blog da Condessa","og_description":"Neste momento \u00fanico onde se encerra uma fase\u00a0e celebra-se a vinda de um novo e esperan\u00e7oso ano, a tristeza deve passar longe e vibrar uma boa energia \u00e9 obriga\u00e7\u00e3o para celebrar a vida.\u00a0Segundo Adelisa Arruda, gerente comercial do Espa\u00e7o Conquista, o local est\u00e1 preparando uma festa incr\u00edvel, divertida, com um cen\u00e1rio charmoso e um buffet [&hellip;]","og_url":"https:\/\/blogdacondessa.com.br\/blog\/geral\/espaco-conquista-prepara-estrutura-para-celebrar-reveillon\/","og_site_name":"Blog da Condessa","article_published_time":"2022-12-01T09:00:01+00:00","og_image":[{"width":675,"height":450,"url":"https:\/\/blogdacondessa.com.br\/blog\/wp-content\/uploads\/2022\/11\/reveillon.webp","type":"image\/webp"}],"author":"Blog da Condessa","twitter_card":"summary_large_image","twitter_misc":{"Escrito por":"Blog da Condessa","Est. tempo de leitura":"3 minutos"},"schema":{"@context":"https:\/\/schema.org","@graph":[{"@type":"Article","@id":"https:\/\/blogdacondessa.com.br\/blog\/geral\/espaco-conquista-prepara-estrutura-para-celebrar-reveillon\/#article","isPartOf":{"@id":"https:\/\/blogdacondessa.com.br\/blog\/geral\/espaco-conquista-prepara-estrutura-para-celebrar-reveillon\/"},"author":{"name":"Blog da Condessa","@id":"https:\/\/blogdacondessa.com.br\/blog\/#\/schema\/person\/1d667ff8b785195b568677489d266035"},"headline":"Espa\u00e7o Conquista prepara estrutura para celebrar R\u00e9veillon","datePublished":"2022-12-01T09:00:01+00:00","mainEntityOfPage":{"@id":"https:\/\/blogdacondessa.com.br\/blog\/geral\/espaco-conquista-prepara-estrutura-para-celebrar-reveillon\/"},"wordCount":440,"image":{"@id":"https:\/\/blogdacondessa.com.br\/blog\/geral\/espaco-conquista-prepara-estrutura-para-celebrar-reveillon\/#primaryimage"},"thumbnailUrl":"https:\/\/blogdacondessa.com.br\/blog\/wp-content\/uploads\/2022\/11\/reveillon.webp","articleSection":["Variedades"],"inLanguage":"pt-BR"},{"@type":"WebPage","@id":"https:\/\/blogdacondessa.com.br\/blog\/geral\/espaco-conquista-prepara-estrutura-para-celebrar-reveillon\/","url":"https:\/\/blogdacondessa.com.br\/blog\/geral\/espaco-conquista-prepara-estrutura-para-celebrar-reveillon\/","name":"Espa\u00e7o Conquista prepara estrutura para celebrar R\u00e9veillon &#8902; Blog da Condessa","isPartOf":{"@id":"https:\/\/blogdacondessa.com.br\/blog\/#website"},"primaryImageOfPage":{"@id":"https:\/\/blogdacondessa.com.br\/blog\/geral\/espaco-conquista-prepara-estrutura-para-celebrar-reveillon\/#primaryimage"},"image":{"@id":"https:\/\/blogdacondessa.com.br\/blog\/geral\/espaco-conquista-prepara-estrutura-para-celebrar-reveillon\/#primaryimage"},"thumbnailUrl":"https:\/\/blogdacondessa.com.br\/blog\/wp-content\/uploads\/2022\/11\/reveillon.webp","datePublished":"2022-12-01T09:00:01+00:00","author":{"@id":"https:\/\/blogdacondessa.com.br\/blog\/#\/schema\/person\/1d667ff8b785195b568677489d266035"},"breadcrumb":{"@id":"https:\/\/blogdacondessa.com.br\/blog\/geral\/espaco-conquista-prepara-estrutura-para-celebrar-reveillon\/#breadcrumb"},"inLanguage":"pt-BR","potentialAction":[{"@type":"ReadAction","target":["https:\/\/blogdacondessa.com.br\/blog\/geral\/espaco-conquista-prepara-estrutura-para-celebrar-reveillon\/"]}]},{"@type":"ImageObject","inLanguage":"pt-BR","@id":"https:\/\/blogdacondessa.com.br\/blog\/geral\/espaco-conquista-prepara-estrutura-para-celebrar-reveillon\/#primaryimage","url":"https:\/\/blogdacondessa.com.br\/blog\/wp-content\/uploads\/2022\/11\/reveillon.webp","contentUrl":"https:\/\/blogdacondessa.com.br\/blog\/wp-content\/uploads\/2022\/11\/reveillon.webp","width":675,"height":450},{"@type":"BreadcrumbList","@id":"https:\/\/blogdacondessa.com.br\/blog\/geral\/espaco-conquista-prepara-estrutura-para-celebrar-reveillon\/#breadcrumb","itemListElement":[{"@type":"ListItem","position":1,"name":"In\u00edcio","item":"https:\/\/blogdacondessa.com.br\/blog\/"},{"@type":"ListItem","position":2,"name":"Espa\u00e7o Conquista prepara estrutura para celebrar R\u00e9veillon"}]},{"@type":"WebSite","@id":"https:\/\/blogdacondessa.com.br\/blog\/#website","url":"https:\/\/blogdacondessa.com.br\/blog\/","name":"Blog da Condessa","description":"Com Shirley de Souza O\u2019Campos","potentialAction":[{"@type":"SearchAction","target":{"@type":"EntryPoint","urlTemplate":"https:\/\/blogdacondessa.com.br\/blog\/?s={search_term_string}"},"query-input":{"@type":"PropertyValueSpecification","valueRequired":true,"valueName":"search_term_string"}}],"inLanguage":"pt-BR"},{"@type":"Person","@id":"https:\/\/blogdacondessa.com.br\/blog\/#\/schema\/person\/1d667ff8b785195b568677489d266035","name":"Blog da Condessa","image":{"@type":"ImageObject","inLanguage":"pt-BR","@id":"https:\/\/secure.gravatar.com\/avatar\/377c0eb8b4ad2bfc25461b41564b5971e721ca34a57642868fc7b0c8ac7b52c5?s=96&d=mm&r=g","url":"https:\/\/secure.gravatar.com\/avatar\/377c0eb8b4ad2bfc25461b41564b5971e721ca34a57642868fc7b0c8ac7b52c5?s=96&d=mm&r=g","contentUrl":"https:\/\/secure.gravatar.com\/avatar\/377c0eb8b4ad2bfc25461b41564b5971e721ca34a57642868fc7b0c8ac7b52c5?s=96&d=mm&r=g","caption":"Blog da Condessa"},"url":"https:\/\/blogdacondessa.com.br\/blog\/author\/beatriz\/"}]}},"_links":{"self":[{"href":"https:\/\/blogdacondessa.com.br\/blog\/wp-json\/wp\/v2\/posts\/5583","targetHints":{"allow":["GET"]}}],"collection":[{"href":"https:\/\/blogdacondessa.com.br\/blog\/wp-json\/wp\/v2\/posts"}],"about":[{"href":"https:\/\/blogdacondessa.com.br\/blog\/wp-json\/wp\/v2\/types\/post"}],"author":[{"embeddable":true,"href":"https:\/\/blogdacondessa.com.br\/blog\/wp-json\/wp\/v2\/users\/2"}],"replies":[{"embeddable":true,"href":"https:\/\/blogdacondessa.com.br\/blog\/wp-json\/wp\/v2\/comments?post=5583"}],"version-history":[{"count":0,"href":"https:\/\/blogdacondessa.com.br\/blog\/wp-json\/wp\/v2\/posts\/5583\/revisions"}],"wp:featuredmedia":[{"embeddable":true,"href":"https:\/\/blogdacondessa.com.br\/blog\/wp-json\/wp\/v2\/media\/5584"}],"wp:attachment":[{"href":"https:\/\/blogdacondessa.com.br\/blog\/wp-json\/wp\/v2\/media?parent=5583"}],"wp:term":[{"taxonomy":"category","embeddable":true,"href":"https:\/\/blogdacondessa.com.br\/blog\/wp-json\/wp\/v2\/categories?post=5583"},{"taxonomy":"post_tag","embeddable":true,"href":"https:\/\/blogdacondessa.com.br\/blog\/wp-json\/wp\/v2\/tags?post=5583"}],"curies":[{"name":"wp","href":"https:\/\/api.w.org\/{rel}","templated":true}]}}