{"id":5577,"date":"2022-12-01T05:00:58","date_gmt":"2022-12-01T09:00:58","guid":{"rendered":"http:\/\/blogdacondessa.com.br\/?p=5577"},"modified":"2022-11-30T11:23:19","modified_gmt":"2022-11-30T15:23:19","slug":"governo-de-mt-promove-intercambio-na-inglaterra-para-alunos-aplicados","status":"publish","type":"post","link":"https:\/\/blogdacondessa.com.br\/blog\/educacao\/governo-de-mt-promove-intercambio-na-inglaterra-para-alunos-aplicados\/","title":{"rendered":"Governo de MT promove interc\u00e2mbio na Inglaterra para alunos aplicados"},"content":{"rendered":"<p>O governador Mauro Mendes anunciou um edital para sele\u00e7\u00e3o de 100 alunos, que cursam o Ensino M\u00e9dio da rede p\u00fablica estadual, para um interc\u00e2mbio na Inglaterra, onde far\u00e3o curso de Ingl\u00eas, junto de mais 15 professores.<\/p>\n<p>O edital deve ser publicado ainda nesta semana pela Secretaria de Estado de Educa\u00e7\u00e3o (Seduc).<\/p>\n<p>De acordo com Mauro Mendes, essa sele\u00e7\u00e3o \u00e9 uma forma de incentivar os alunos a conseguirem essa oportunidade.<\/p>\n<p>&#8220;Estamos fazendo esse trabalho para criar um est\u00edmulo a todos os nossos alunos, e dar a eles essa oportunidade, essa experi\u00eancia de viajar ao exterior. Esse curso de ingl\u00eas \u00e9 um pr\u00eamio aos nossos bons alunos e professores&#8221;, afirmou.<\/p>\n<p>Para o governador, essa \u00e9 mais uma a\u00e7\u00e3o que visa melhorar a qualidade da educa\u00e7\u00e3o p\u00fablica estadual, cujo plano de a\u00e7\u00e3o prev\u00ea colocar Mato Grosso entre os 10 Estados com os melhores \u00edndices educacionais do pa\u00eds.<\/p>\n<p>&#8220;Tenho certeza que em maio de 2023, 100 alunos da escola p\u00fablica v\u00e3o viver essa experi\u00eancia de um interc\u00e2mbio cultural, que vai trazer resultados muito positivos para a vida deles enquanto futuros profissionais e cidad\u00e3os&#8221;, pontuou.<\/p>\n<p>O secret\u00e1rio de Estado de Educa\u00e7\u00e3o, Alan Porto, explicou que os estudantes ser\u00e3o selecionados em 2023, e oriundos da rede p\u00fablica estadual de 2022, do Ensino M\u00e9dio.<\/p>\n<p>Destes 100, ser\u00e3o selecionados 50 que obtiverem as melhores notas na avalia\u00e7\u00e3o formativa final, que ocorre de 29\/11 a 06\/12\/2022, com as vagas sendo distribu\u00eddas por todo o Estado via Diretorias Regionais de Educa\u00e7\u00e3o (DREs)<\/p>\n<p>Outros 50 alunos ser\u00e3o selecionados pelo desempenho na avalia\u00e7\u00e3o da disciplina de ingl\u00eas, tamb\u00e9m com as vagas distribu\u00eddas pelas DREs. J\u00e1 os 15 professores de ingl\u00eas ser\u00e3o selecionados em outro edital.<\/p>\n<p>&#8220;O objetivo dessa pol\u00edtica de l\u00edngua inglesa \u00e9 aprimorar o programa de forma\u00e7\u00e3o continuada dos professores e levar o estudante do estado de Mato Grosso a uma melhor profici\u00eancia de se comunicar e ampliar suas oportunidades de vida&#8221;, relatou o secret\u00e1rio.<\/p>\n<p>&nbsp;<\/p>\n","protected":false},"excerpt":{"rendered":"<p>O governador Mauro Mendes anunciou um edital para sele\u00e7\u00e3o de 100 alunos, que cursam o Ensino M\u00e9dio da rede p\u00fablica estadual, para um interc\u00e2mbio na Inglaterra, onde far\u00e3o curso de Ingl\u00eas, junto de mais 15 professores. O edital deve ser publicado ainda nesta semana pela Secretaria de Estado de Educa\u00e7\u00e3o (Seduc). De acordo com Mauro [&hellip;]<\/p>\n","protected":false},"author":2,"featured_media":5578,"comment_status":"closed","ping_status":"closed","sticky":false,"template":"","format":"standard","meta":{"iawp_total_views":0,"footnotes":""},"categories":[20],"tags":[],"class_list":["post-5577","post","type-post","status-publish","format-standard","has-post-thumbnail","hentry","category-educacao"],"yoast_head":"<!-- This site is optimized with the Yoast SEO plugin v27.3 - https:\/\/yoast.com\/product\/yoast-seo-wordpress\/ -->\n<title>Governo de MT promove interc\u00e2mbio na Inglaterra para alunos aplicados &#8902; Blog da Condessa<\/title>\n<meta name=\"robots\" content=\"index, follow, max-snippet:-1, max-image-preview:large, max-video-preview:-1\" \/>\n<link rel=\"canonical\" href=\"https:\/\/blogdacondessa.com.br\/blog\/educacao\/governo-de-mt-promove-intercambio-na-inglaterra-para-alunos-aplicados\/\" \/>\n<meta property=\"og:locale\" content=\"pt_BR\" \/>\n<meta property=\"og:type\" content=\"article\" \/>\n<meta property=\"og:title\" content=\"Governo de MT promove interc\u00e2mbio na Inglaterra para alunos aplicados &#8902; Blog da Condessa\" \/>\n<meta property=\"og:description\" content=\"O governador Mauro Mendes anunciou um edital para sele\u00e7\u00e3o de 100 alunos, que cursam o Ensino M\u00e9dio da rede p\u00fablica estadual, para um interc\u00e2mbio na Inglaterra, onde far\u00e3o curso de Ingl\u00eas, junto de mais 15 professores. O edital deve ser publicado ainda nesta semana pela Secretaria de Estado de Educa\u00e7\u00e3o (Seduc). De acordo com Mauro [&hellip;]\" \/>\n<meta property=\"og:url\" content=\"https:\/\/blogdacondessa.com.br\/blog\/educacao\/governo-de-mt-promove-intercambio-na-inglaterra-para-alunos-aplicados\/\" \/>\n<meta property=\"og:site_name\" content=\"Blog da Condessa\" \/>\n<meta property=\"article:published_time\" content=\"2022-12-01T09:00:58+00:00\" \/>\n<meta property=\"og:image\" content=\"https:\/\/blogdacondessa.com.br\/blog\/wp-content\/uploads\/2022\/11\/Governador-Mauro-Mendes-e-secretario-de-Educacao-Alan-Porto.jpg\" \/>\n\t<meta property=\"og:image:width\" content=\"979\" \/>\n\t<meta property=\"og:image:height\" content=\"621\" \/>\n\t<meta property=\"og:image:type\" content=\"image\/jpeg\" \/>\n<meta name=\"author\" content=\"Blog da Condessa\" \/>\n<meta name=\"twitter:card\" content=\"summary_large_image\" \/>\n<meta name=\"twitter:label1\" content=\"Escrito por\" \/>\n\t<meta name=\"twitter:data1\" content=\"Blog da Condessa\" \/>\n\t<meta name=\"twitter:label2\" content=\"Est. tempo de leitura\" \/>\n\t<meta name=\"twitter:data2\" content=\"2 minutos\" \/>\n<script type=\"application\/ld+json\" class=\"yoast-schema-graph\">{\"@context\":\"https:\\\/\\\/schema.org\",\"@graph\":[{\"@type\":\"Article\",\"@id\":\"https:\\\/\\\/blogdacondessa.com.br\\\/blog\\\/educacao\\\/governo-de-mt-promove-intercambio-na-inglaterra-para-alunos-aplicados\\\/#article\",\"isPartOf\":{\"@id\":\"https:\\\/\\\/blogdacondessa.com.br\\\/blog\\\/educacao\\\/governo-de-mt-promove-intercambio-na-inglaterra-para-alunos-aplicados\\\/\"},\"author\":{\"name\":\"Blog da Condessa\",\"@id\":\"https:\\\/\\\/blogdacondessa.com.br\\\/blog\\\/#\\\/schema\\\/person\\\/1d667ff8b785195b568677489d266035\"},\"headline\":\"Governo de MT promove interc\u00e2mbio na Inglaterra para alunos aplicados\",\"datePublished\":\"2022-12-01T09:00:58+00:00\",\"mainEntityOfPage\":{\"@id\":\"https:\\\/\\\/blogdacondessa.com.br\\\/blog\\\/educacao\\\/governo-de-mt-promove-intercambio-na-inglaterra-para-alunos-aplicados\\\/\"},\"wordCount\":352,\"image\":{\"@id\":\"https:\\\/\\\/blogdacondessa.com.br\\\/blog\\\/educacao\\\/governo-de-mt-promove-intercambio-na-inglaterra-para-alunos-aplicados\\\/#primaryimage\"},\"thumbnailUrl\":\"https:\\\/\\\/blogdacondessa.com.br\\\/blog\\\/wp-content\\\/uploads\\\/2022\\\/11\\\/Governador-Mauro-Mendes-e-secretario-de-Educacao-Alan-Porto.jpg\",\"articleSection\":[\"Educa\u00e7\u00e3o\"],\"inLanguage\":\"pt-BR\"},{\"@type\":\"WebPage\",\"@id\":\"https:\\\/\\\/blogdacondessa.com.br\\\/blog\\\/educacao\\\/governo-de-mt-promove-intercambio-na-inglaterra-para-alunos-aplicados\\\/\",\"url\":\"https:\\\/\\\/blogdacondessa.com.br\\\/blog\\\/educacao\\\/governo-de-mt-promove-intercambio-na-inglaterra-para-alunos-aplicados\\\/\",\"name\":\"Governo de MT promove interc\u00e2mbio na Inglaterra para alunos aplicados &#8902; Blog da Condessa\",\"isPartOf\":{\"@id\":\"https:\\\/\\\/blogdacondessa.com.br\\\/blog\\\/#website\"},\"primaryImageOfPage\":{\"@id\":\"https:\\\/\\\/blogdacondessa.com.br\\\/blog\\\/educacao\\\/governo-de-mt-promove-intercambio-na-inglaterra-para-alunos-aplicados\\\/#primaryimage\"},\"image\":{\"@id\":\"https:\\\/\\\/blogdacondessa.com.br\\\/blog\\\/educacao\\\/governo-de-mt-promove-intercambio-na-inglaterra-para-alunos-aplicados\\\/#primaryimage\"},\"thumbnailUrl\":\"https:\\\/\\\/blogdacondessa.com.br\\\/blog\\\/wp-content\\\/uploads\\\/2022\\\/11\\\/Governador-Mauro-Mendes-e-secretario-de-Educacao-Alan-Porto.jpg\",\"datePublished\":\"2022-12-01T09:00:58+00:00\",\"author\":{\"@id\":\"https:\\\/\\\/blogdacondessa.com.br\\\/blog\\\/#\\\/schema\\\/person\\\/1d667ff8b785195b568677489d266035\"},\"breadcrumb\":{\"@id\":\"https:\\\/\\\/blogdacondessa.com.br\\\/blog\\\/educacao\\\/governo-de-mt-promove-intercambio-na-inglaterra-para-alunos-aplicados\\\/#breadcrumb\"},\"inLanguage\":\"pt-BR\",\"potentialAction\":[{\"@type\":\"ReadAction\",\"target\":[\"https:\\\/\\\/blogdacondessa.com.br\\\/blog\\\/educacao\\\/governo-de-mt-promove-intercambio-na-inglaterra-para-alunos-aplicados\\\/\"]}]},{\"@type\":\"ImageObject\",\"inLanguage\":\"pt-BR\",\"@id\":\"https:\\\/\\\/blogdacondessa.com.br\\\/blog\\\/educacao\\\/governo-de-mt-promove-intercambio-na-inglaterra-para-alunos-aplicados\\\/#primaryimage\",\"url\":\"https:\\\/\\\/blogdacondessa.com.br\\\/blog\\\/wp-content\\\/uploads\\\/2022\\\/11\\\/Governador-Mauro-Mendes-e-secretario-de-Educacao-Alan-Porto.jpg\",\"contentUrl\":\"https:\\\/\\\/blogdacondessa.com.br\\\/blog\\\/wp-content\\\/uploads\\\/2022\\\/11\\\/Governador-Mauro-Mendes-e-secretario-de-Educacao-Alan-Porto.jpg\",\"width\":979,\"height\":621,\"caption\":\"Fotor: Reprodu\u00e7\u00e3o\"},{\"@type\":\"BreadcrumbList\",\"@id\":\"https:\\\/\\\/blogdacondessa.com.br\\\/blog\\\/educacao\\\/governo-de-mt-promove-intercambio-na-inglaterra-para-alunos-aplicados\\\/#breadcrumb\",\"itemListElement\":[{\"@type\":\"ListItem\",\"position\":1,\"name\":\"In\u00edcio\",\"item\":\"https:\\\/\\\/blogdacondessa.com.br\\\/blog\\\/\"},{\"@type\":\"ListItem\",\"position\":2,\"name\":\"Governo de MT promove interc\u00e2mbio na Inglaterra para alunos aplicados\"}]},{\"@type\":\"WebSite\",\"@id\":\"https:\\\/\\\/blogdacondessa.com.br\\\/blog\\\/#website\",\"url\":\"https:\\\/\\\/blogdacondessa.com.br\\\/blog\\\/\",\"name\":\"Blog da Condessa\",\"description\":\"Com Shirley de Souza O\u2019Campos\",\"potentialAction\":[{\"@type\":\"SearchAction\",\"target\":{\"@type\":\"EntryPoint\",\"urlTemplate\":\"https:\\\/\\\/blogdacondessa.com.br\\\/blog\\\/?s={search_term_string}\"},\"query-input\":{\"@type\":\"PropertyValueSpecification\",\"valueRequired\":true,\"valueName\":\"search_term_string\"}}],\"inLanguage\":\"pt-BR\"},{\"@type\":\"Person\",\"@id\":\"https:\\\/\\\/blogdacondessa.com.br\\\/blog\\\/#\\\/schema\\\/person\\\/1d667ff8b785195b568677489d266035\",\"name\":\"Blog da Condessa\",\"image\":{\"@type\":\"ImageObject\",\"inLanguage\":\"pt-BR\",\"@id\":\"https:\\\/\\\/secure.gravatar.com\\\/avatar\\\/377c0eb8b4ad2bfc25461b41564b5971e721ca34a57642868fc7b0c8ac7b52c5?s=96&d=mm&r=g\",\"url\":\"https:\\\/\\\/secure.gravatar.com\\\/avatar\\\/377c0eb8b4ad2bfc25461b41564b5971e721ca34a57642868fc7b0c8ac7b52c5?s=96&d=mm&r=g\",\"contentUrl\":\"https:\\\/\\\/secure.gravatar.com\\\/avatar\\\/377c0eb8b4ad2bfc25461b41564b5971e721ca34a57642868fc7b0c8ac7b52c5?s=96&d=mm&r=g\",\"caption\":\"Blog da Condessa\"},\"url\":\"https:\\\/\\\/blogdacondessa.com.br\\\/blog\\\/author\\\/beatriz\\\/\"}]}<\/script>\n<!-- \/ Yoast SEO plugin. -->","yoast_head_json":{"title":"Governo de MT promove interc\u00e2mbio na Inglaterra para alunos aplicados &#8902; Blog da Condessa","robots":{"index":"index","follow":"follow","max-snippet":"max-snippet:-1","max-image-preview":"max-image-preview:large","max-video-preview":"max-video-preview:-1"},"canonical":"https:\/\/blogdacondessa.com.br\/blog\/educacao\/governo-de-mt-promove-intercambio-na-inglaterra-para-alunos-aplicados\/","og_locale":"pt_BR","og_type":"article","og_title":"Governo de MT promove interc\u00e2mbio na Inglaterra para alunos aplicados &#8902; Blog da Condessa","og_description":"O governador Mauro Mendes anunciou um edital para sele\u00e7\u00e3o de 100 alunos, que cursam o Ensino M\u00e9dio da rede p\u00fablica estadual, para um interc\u00e2mbio na Inglaterra, onde far\u00e3o curso de Ingl\u00eas, junto de mais 15 professores. O edital deve ser publicado ainda nesta semana pela Secretaria de Estado de Educa\u00e7\u00e3o (Seduc). De acordo com Mauro [&hellip;]","og_url":"https:\/\/blogdacondessa.com.br\/blog\/educacao\/governo-de-mt-promove-intercambio-na-inglaterra-para-alunos-aplicados\/","og_site_name":"Blog da Condessa","article_published_time":"2022-12-01T09:00:58+00:00","og_image":[{"width":979,"height":621,"url":"https:\/\/blogdacondessa.com.br\/blog\/wp-content\/uploads\/2022\/11\/Governador-Mauro-Mendes-e-secretario-de-Educacao-Alan-Porto.jpg","type":"image\/jpeg"}],"author":"Blog da Condessa","twitter_card":"summary_large_image","twitter_misc":{"Escrito por":"Blog da Condessa","Est. tempo de leitura":"2 minutos"},"schema":{"@context":"https:\/\/schema.org","@graph":[{"@type":"Article","@id":"https:\/\/blogdacondessa.com.br\/blog\/educacao\/governo-de-mt-promove-intercambio-na-inglaterra-para-alunos-aplicados\/#article","isPartOf":{"@id":"https:\/\/blogdacondessa.com.br\/blog\/educacao\/governo-de-mt-promove-intercambio-na-inglaterra-para-alunos-aplicados\/"},"author":{"name":"Blog da Condessa","@id":"https:\/\/blogdacondessa.com.br\/blog\/#\/schema\/person\/1d667ff8b785195b568677489d266035"},"headline":"Governo de MT promove interc\u00e2mbio na Inglaterra para alunos aplicados","datePublished":"2022-12-01T09:00:58+00:00","mainEntityOfPage":{"@id":"https:\/\/blogdacondessa.com.br\/blog\/educacao\/governo-de-mt-promove-intercambio-na-inglaterra-para-alunos-aplicados\/"},"wordCount":352,"image":{"@id":"https:\/\/blogdacondessa.com.br\/blog\/educacao\/governo-de-mt-promove-intercambio-na-inglaterra-para-alunos-aplicados\/#primaryimage"},"thumbnailUrl":"https:\/\/blogdacondessa.com.br\/blog\/wp-content\/uploads\/2022\/11\/Governador-Mauro-Mendes-e-secretario-de-Educacao-Alan-Porto.jpg","articleSection":["Educa\u00e7\u00e3o"],"inLanguage":"pt-BR"},{"@type":"WebPage","@id":"https:\/\/blogdacondessa.com.br\/blog\/educacao\/governo-de-mt-promove-intercambio-na-inglaterra-para-alunos-aplicados\/","url":"https:\/\/blogdacondessa.com.br\/blog\/educacao\/governo-de-mt-promove-intercambio-na-inglaterra-para-alunos-aplicados\/","name":"Governo de MT promove interc\u00e2mbio na Inglaterra para alunos aplicados &#8902; Blog da Condessa","isPartOf":{"@id":"https:\/\/blogdacondessa.com.br\/blog\/#website"},"primaryImageOfPage":{"@id":"https:\/\/blogdacondessa.com.br\/blog\/educacao\/governo-de-mt-promove-intercambio-na-inglaterra-para-alunos-aplicados\/#primaryimage"},"image":{"@id":"https:\/\/blogdacondessa.com.br\/blog\/educacao\/governo-de-mt-promove-intercambio-na-inglaterra-para-alunos-aplicados\/#primaryimage"},"thumbnailUrl":"https:\/\/blogdacondessa.com.br\/blog\/wp-content\/uploads\/2022\/11\/Governador-Mauro-Mendes-e-secretario-de-Educacao-Alan-Porto.jpg","datePublished":"2022-12-01T09:00:58+00:00","author":{"@id":"https:\/\/blogdacondessa.com.br\/blog\/#\/schema\/person\/1d667ff8b785195b568677489d266035"},"breadcrumb":{"@id":"https:\/\/blogdacondessa.com.br\/blog\/educacao\/governo-de-mt-promove-intercambio-na-inglaterra-para-alunos-aplicados\/#breadcrumb"},"inLanguage":"pt-BR","potentialAction":[{"@type":"ReadAction","target":["https:\/\/blogdacondessa.com.br\/blog\/educacao\/governo-de-mt-promove-intercambio-na-inglaterra-para-alunos-aplicados\/"]}]},{"@type":"ImageObject","inLanguage":"pt-BR","@id":"https:\/\/blogdacondessa.com.br\/blog\/educacao\/governo-de-mt-promove-intercambio-na-inglaterra-para-alunos-aplicados\/#primaryimage","url":"https:\/\/blogdacondessa.com.br\/blog\/wp-content\/uploads\/2022\/11\/Governador-Mauro-Mendes-e-secretario-de-Educacao-Alan-Porto.jpg","contentUrl":"https:\/\/blogdacondessa.com.br\/blog\/wp-content\/uploads\/2022\/11\/Governador-Mauro-Mendes-e-secretario-de-Educacao-Alan-Porto.jpg","width":979,"height":621,"caption":"Fotor: Reprodu\u00e7\u00e3o"},{"@type":"BreadcrumbList","@id":"https:\/\/blogdacondessa.com.br\/blog\/educacao\/governo-de-mt-promove-intercambio-na-inglaterra-para-alunos-aplicados\/#breadcrumb","itemListElement":[{"@type":"ListItem","position":1,"name":"In\u00edcio","item":"https:\/\/blogdacondessa.com.br\/blog\/"},{"@type":"ListItem","position":2,"name":"Governo de MT promove interc\u00e2mbio na Inglaterra para alunos aplicados"}]},{"@type":"WebSite","@id":"https:\/\/blogdacondessa.com.br\/blog\/#website","url":"https:\/\/blogdacondessa.com.br\/blog\/","name":"Blog da Condessa","description":"Com Shirley de Souza O\u2019Campos","potentialAction":[{"@type":"SearchAction","target":{"@type":"EntryPoint","urlTemplate":"https:\/\/blogdacondessa.com.br\/blog\/?s={search_term_string}"},"query-input":{"@type":"PropertyValueSpecification","valueRequired":true,"valueName":"search_term_string"}}],"inLanguage":"pt-BR"},{"@type":"Person","@id":"https:\/\/blogdacondessa.com.br\/blog\/#\/schema\/person\/1d667ff8b785195b568677489d266035","name":"Blog da Condessa","image":{"@type":"ImageObject","inLanguage":"pt-BR","@id":"https:\/\/secure.gravatar.com\/avatar\/377c0eb8b4ad2bfc25461b41564b5971e721ca34a57642868fc7b0c8ac7b52c5?s=96&d=mm&r=g","url":"https:\/\/secure.gravatar.com\/avatar\/377c0eb8b4ad2bfc25461b41564b5971e721ca34a57642868fc7b0c8ac7b52c5?s=96&d=mm&r=g","contentUrl":"https:\/\/secure.gravatar.com\/avatar\/377c0eb8b4ad2bfc25461b41564b5971e721ca34a57642868fc7b0c8ac7b52c5?s=96&d=mm&r=g","caption":"Blog da Condessa"},"url":"https:\/\/blogdacondessa.com.br\/blog\/author\/beatriz\/"}]}},"_links":{"self":[{"href":"https:\/\/blogdacondessa.com.br\/blog\/wp-json\/wp\/v2\/posts\/5577","targetHints":{"allow":["GET"]}}],"collection":[{"href":"https:\/\/blogdacondessa.com.br\/blog\/wp-json\/wp\/v2\/posts"}],"about":[{"href":"https:\/\/blogdacondessa.com.br\/blog\/wp-json\/wp\/v2\/types\/post"}],"author":[{"embeddable":true,"href":"https:\/\/blogdacondessa.com.br\/blog\/wp-json\/wp\/v2\/users\/2"}],"replies":[{"embeddable":true,"href":"https:\/\/blogdacondessa.com.br\/blog\/wp-json\/wp\/v2\/comments?post=5577"}],"version-history":[{"count":0,"href":"https:\/\/blogdacondessa.com.br\/blog\/wp-json\/wp\/v2\/posts\/5577\/revisions"}],"wp:featuredmedia":[{"embeddable":true,"href":"https:\/\/blogdacondessa.com.br\/blog\/wp-json\/wp\/v2\/media\/5578"}],"wp:attachment":[{"href":"https:\/\/blogdacondessa.com.br\/blog\/wp-json\/wp\/v2\/media?parent=5577"}],"wp:term":[{"taxonomy":"category","embeddable":true,"href":"https:\/\/blogdacondessa.com.br\/blog\/wp-json\/wp\/v2\/categories?post=5577"},{"taxonomy":"post_tag","embeddable":true,"href":"https:\/\/blogdacondessa.com.br\/blog\/wp-json\/wp\/v2\/tags?post=5577"}],"curies":[{"name":"wp","href":"https:\/\/api.w.org\/{rel}","templated":true}]}}