{"id":5555,"date":"2022-11-27T05:00:31","date_gmt":"2022-11-27T09:00:31","guid":{"rendered":"http:\/\/blogdacondessa.com.br\/?p=5555"},"modified":"2022-11-26T17:06:01","modified_gmt":"2022-11-26T21:06:01","slug":"tribunal-de-contas-de-mato-grosso-inaugura-uma-nova-possibilidade-de-interlocucao","status":"publish","type":"post","link":"https:\/\/blogdacondessa.com.br\/blog\/institucional\/tribunal-de-contas-de-mato-grosso-inaugura-uma-nova-possibilidade-de-interlocucao\/","title":{"rendered":"Tribunal de Contas de Mato Grosso inaugura uma nova possibilidade de interlocu\u00e7\u00e3o"},"content":{"rendered":"<p>A TV Contas entra no ar na pr\u00f3xima ter\u00e7a-feira (29). O canal 30.2, lan\u00e7ado pelo Tribunal de Contas de Mato Grosso (TCE-MT), contar\u00e1 com 24h de programa\u00e7\u00e3o focada na capacita\u00e7\u00e3o, na divulga\u00e7\u00e3o de atos institucionais e em conte\u00fado t\u00e9cnico.<\/p>\n<p>Fruto de conv\u00eanio com a Assembleia Legislativa de Mato Grosso (ALMT), o projeto foi anunciado pelo presidente da institui\u00e7\u00e3o, conselheiro Jos\u00e9 Carlos Novelli, e pelo conselheiro S\u00e9rgio Ricardo no in\u00edcio deste m\u00eas. Na pr\u00f3xima semana eles abrir\u00e3o juntos a grade da TV Contas, ao vivo.<\/p>\n<p>\u201cEu encampei a ideia do conselheiro S\u00e9rgio Ricardo, que \u00e9 especialista nesta \u00e1rea. Vamos em frente porque vejo que esta \u00e9 uma atitude maravilhosa. Com nossa pr\u00f3pria televis\u00e3o, poderemos prestar servi\u00e7o de qualidade, principalmente na \u00e1rea de capacita\u00e7\u00e3o, al\u00e9m de tornar p\u00fablicos os atos que o Tribunal profere em suas decis\u00f5es\u201d, disse o presidente.<\/p>\n<p>Idealizador da proposta, o conselheiro S\u00e9rgio Ricardo classificou a atual gest\u00e3o como vanguardista ao apoiar a\u00e7\u00f5es como esta. \u201cIsso se d\u00e1 gra\u00e7as a vis\u00e3o que o presidente tem de transpar\u00eancia e de futuro. A TV Contas vai fortalecer um dos bra\u00e7os da gest\u00e3o p\u00fablica que \u00e9 a publicidade dos atos, que agora, mais do que nunca, ganhar\u00e3o visibilidade&#8221;.<\/p>\n<p>Tamb\u00e9m refor\u00e7ou o papel do canal no ensino \u00e0 dist\u00e2ncia, essencial em um estado com as dimens\u00f5es de Mato Grosso. \u201cA partir deste canal, nossa Escola de Contas poder\u00e1 gravar e transmitir todos os cursos que ser\u00e3o ministrados. Depois, quem n\u00e3o p\u00f4de vir ao Tribunal e assistir naquele momento, vai poder acompanhar em casa\u201d, pontuou.<\/p>\n<p>Deste modo, ao inaugurar esta nova possibilidade de interlocu\u00e7\u00e3o com seus jurisdicionados e com a sociedade, a Corte de Contas amplia os entendimentos acerca do controle interno, externo e social. Refor\u00e7a ainda uma s\u00e9rie de medidas voltadas \u00e0 transpar\u00eancia institucional e \u00e0 acessibilidade dos gestores p\u00fablicos.<\/p>\n<p>Alguns exemplos desse esfor\u00e7o s\u00e3o produtos j\u00e1 veiculados pela TV Contas no Youtube e na TV Assembleia (Canal 30) como o TCE Not\u00edcias, o Minuto TCE, o TCE Orienta e o Click TCE. Em linguagem simples e direta, eles trazem a cobertura das decis\u00f5es plen\u00e1rias e dos principais eventos ligados ao \u00f3rg\u00e3o.<\/p>\n<p>A divulga\u00e7\u00e3o do material \u00e9 distribu\u00edda entre gestores, imprensa e pelos perfis da Corte de Contas nas redes sociais, onde ganham resson\u00e2ncia entre os cidad\u00e3os. Por fim, vale mencionar outros canais de comunica\u00e7\u00e3o como o Portal de Not\u00edcias, a Editora Publicontas e a R\u00e1dio TCE.<\/p>\n<p>&nbsp;<\/p>\n<p>&nbsp;<\/p>\n","protected":false},"excerpt":{"rendered":"<p>A TV Contas entra no ar na pr\u00f3xima ter\u00e7a-feira (29). O canal 30.2, lan\u00e7ado pelo Tribunal de Contas de Mato Grosso (TCE-MT), contar\u00e1 com 24h de programa\u00e7\u00e3o focada na capacita\u00e7\u00e3o, na divulga\u00e7\u00e3o de atos institucionais e em conte\u00fado t\u00e9cnico. Fruto de conv\u00eanio com a Assembleia Legislativa de Mato Grosso (ALMT), o projeto foi anunciado pelo [&hellip;]<\/p>\n","protected":false},"author":2,"featured_media":5556,"comment_status":"closed","ping_status":"closed","sticky":false,"template":"","format":"standard","meta":{"iawp_total_views":0,"footnotes":""},"categories":[13],"tags":[],"class_list":["post-5555","post","type-post","status-publish","format-standard","has-post-thumbnail","hentry","category-institucional"],"yoast_head":"<!-- This site is optimized with the Yoast SEO plugin v27.3 - https:\/\/yoast.com\/product\/yoast-seo-wordpress\/ -->\n<title>Tribunal de Contas de Mato Grosso inaugura uma nova possibilidade de interlocu\u00e7\u00e3o &#8902; Blog da Condessa<\/title>\n<meta name=\"robots\" content=\"index, follow, max-snippet:-1, max-image-preview:large, max-video-preview:-1\" \/>\n<link rel=\"canonical\" href=\"https:\/\/blogdacondessa.com.br\/blog\/institucional\/tribunal-de-contas-de-mato-grosso-inaugura-uma-nova-possibilidade-de-interlocucao\/\" \/>\n<meta property=\"og:locale\" content=\"pt_BR\" \/>\n<meta property=\"og:type\" content=\"article\" \/>\n<meta property=\"og:title\" content=\"Tribunal de Contas de Mato Grosso inaugura uma nova possibilidade de interlocu\u00e7\u00e3o &#8902; Blog da Condessa\" \/>\n<meta property=\"og:description\" content=\"A TV Contas entra no ar na pr\u00f3xima ter\u00e7a-feira (29). O canal 30.2, lan\u00e7ado pelo Tribunal de Contas de Mato Grosso (TCE-MT), contar\u00e1 com 24h de programa\u00e7\u00e3o focada na capacita\u00e7\u00e3o, na divulga\u00e7\u00e3o de atos institucionais e em conte\u00fado t\u00e9cnico. Fruto de conv\u00eanio com a Assembleia Legislativa de Mato Grosso (ALMT), o projeto foi anunciado pelo [&hellip;]\" \/>\n<meta property=\"og:url\" content=\"https:\/\/blogdacondessa.com.br\/blog\/institucional\/tribunal-de-contas-de-mato-grosso-inaugura-uma-nova-possibilidade-de-interlocucao\/\" \/>\n<meta property=\"og:site_name\" content=\"Blog da Condessa\" \/>\n<meta property=\"article:published_time\" content=\"2022-11-27T09:00:31+00:00\" \/>\n<meta property=\"og:image\" content=\"https:\/\/blogdacondessa.com.br\/blog\/wp-content\/uploads\/2022\/11\/TVContas.jpg\" \/>\n\t<meta property=\"og:image:width\" content=\"2501\" \/>\n\t<meta property=\"og:image:height\" content=\"1667\" \/>\n\t<meta property=\"og:image:type\" content=\"image\/jpeg\" \/>\n<meta name=\"author\" content=\"Blog da Condessa\" \/>\n<meta name=\"twitter:card\" content=\"summary_large_image\" \/>\n<meta name=\"twitter:label1\" content=\"Escrito por\" \/>\n\t<meta name=\"twitter:data1\" content=\"Blog da Condessa\" \/>\n\t<meta name=\"twitter:label2\" content=\"Est. tempo de leitura\" \/>\n\t<meta name=\"twitter:data2\" content=\"3 minutos\" \/>\n<script type=\"application\/ld+json\" class=\"yoast-schema-graph\">{\"@context\":\"https:\\\/\\\/schema.org\",\"@graph\":[{\"@type\":\"Article\",\"@id\":\"https:\\\/\\\/blogdacondessa.com.br\\\/blog\\\/institucional\\\/tribunal-de-contas-de-mato-grosso-inaugura-uma-nova-possibilidade-de-interlocucao\\\/#article\",\"isPartOf\":{\"@id\":\"https:\\\/\\\/blogdacondessa.com.br\\\/blog\\\/institucional\\\/tribunal-de-contas-de-mato-grosso-inaugura-uma-nova-possibilidade-de-interlocucao\\\/\"},\"author\":{\"name\":\"Blog da Condessa\",\"@id\":\"https:\\\/\\\/blogdacondessa.com.br\\\/blog\\\/#\\\/schema\\\/person\\\/1d667ff8b785195b568677489d266035\"},\"headline\":\"Tribunal de Contas de Mato Grosso inaugura uma nova possibilidade de interlocu\u00e7\u00e3o\",\"datePublished\":\"2022-11-27T09:00:31+00:00\",\"mainEntityOfPage\":{\"@id\":\"https:\\\/\\\/blogdacondessa.com.br\\\/blog\\\/institucional\\\/tribunal-de-contas-de-mato-grosso-inaugura-uma-nova-possibilidade-de-interlocucao\\\/\"},\"wordCount\":457,\"image\":{\"@id\":\"https:\\\/\\\/blogdacondessa.com.br\\\/blog\\\/institucional\\\/tribunal-de-contas-de-mato-grosso-inaugura-uma-nova-possibilidade-de-interlocucao\\\/#primaryimage\"},\"thumbnailUrl\":\"https:\\\/\\\/blogdacondessa.com.br\\\/blog\\\/wp-content\\\/uploads\\\/2022\\\/11\\\/TVContas.jpg\",\"articleSection\":[\"Institucional\"],\"inLanguage\":\"pt-BR\"},{\"@type\":\"WebPage\",\"@id\":\"https:\\\/\\\/blogdacondessa.com.br\\\/blog\\\/institucional\\\/tribunal-de-contas-de-mato-grosso-inaugura-uma-nova-possibilidade-de-interlocucao\\\/\",\"url\":\"https:\\\/\\\/blogdacondessa.com.br\\\/blog\\\/institucional\\\/tribunal-de-contas-de-mato-grosso-inaugura-uma-nova-possibilidade-de-interlocucao\\\/\",\"name\":\"Tribunal de Contas de Mato Grosso inaugura uma nova possibilidade de interlocu\u00e7\u00e3o &#8902; Blog da Condessa\",\"isPartOf\":{\"@id\":\"https:\\\/\\\/blogdacondessa.com.br\\\/blog\\\/#website\"},\"primaryImageOfPage\":{\"@id\":\"https:\\\/\\\/blogdacondessa.com.br\\\/blog\\\/institucional\\\/tribunal-de-contas-de-mato-grosso-inaugura-uma-nova-possibilidade-de-interlocucao\\\/#primaryimage\"},\"image\":{\"@id\":\"https:\\\/\\\/blogdacondessa.com.br\\\/blog\\\/institucional\\\/tribunal-de-contas-de-mato-grosso-inaugura-uma-nova-possibilidade-de-interlocucao\\\/#primaryimage\"},\"thumbnailUrl\":\"https:\\\/\\\/blogdacondessa.com.br\\\/blog\\\/wp-content\\\/uploads\\\/2022\\\/11\\\/TVContas.jpg\",\"datePublished\":\"2022-11-27T09:00:31+00:00\",\"author\":{\"@id\":\"https:\\\/\\\/blogdacondessa.com.br\\\/blog\\\/#\\\/schema\\\/person\\\/1d667ff8b785195b568677489d266035\"},\"breadcrumb\":{\"@id\":\"https:\\\/\\\/blogdacondessa.com.br\\\/blog\\\/institucional\\\/tribunal-de-contas-de-mato-grosso-inaugura-uma-nova-possibilidade-de-interlocucao\\\/#breadcrumb\"},\"inLanguage\":\"pt-BR\",\"potentialAction\":[{\"@type\":\"ReadAction\",\"target\":[\"https:\\\/\\\/blogdacondessa.com.br\\\/blog\\\/institucional\\\/tribunal-de-contas-de-mato-grosso-inaugura-uma-nova-possibilidade-de-interlocucao\\\/\"]}]},{\"@type\":\"ImageObject\",\"inLanguage\":\"pt-BR\",\"@id\":\"https:\\\/\\\/blogdacondessa.com.br\\\/blog\\\/institucional\\\/tribunal-de-contas-de-mato-grosso-inaugura-uma-nova-possibilidade-de-interlocucao\\\/#primaryimage\",\"url\":\"https:\\\/\\\/blogdacondessa.com.br\\\/blog\\\/wp-content\\\/uploads\\\/2022\\\/11\\\/TVContas.jpg\",\"contentUrl\":\"https:\\\/\\\/blogdacondessa.com.br\\\/blog\\\/wp-content\\\/uploads\\\/2022\\\/11\\\/TVContas.jpg\",\"width\":2501,\"height\":1667},{\"@type\":\"BreadcrumbList\",\"@id\":\"https:\\\/\\\/blogdacondessa.com.br\\\/blog\\\/institucional\\\/tribunal-de-contas-de-mato-grosso-inaugura-uma-nova-possibilidade-de-interlocucao\\\/#breadcrumb\",\"itemListElement\":[{\"@type\":\"ListItem\",\"position\":1,\"name\":\"In\u00edcio\",\"item\":\"https:\\\/\\\/blogdacondessa.com.br\\\/blog\\\/\"},{\"@type\":\"ListItem\",\"position\":2,\"name\":\"Tribunal de Contas de Mato Grosso inaugura uma nova possibilidade de interlocu\u00e7\u00e3o\"}]},{\"@type\":\"WebSite\",\"@id\":\"https:\\\/\\\/blogdacondessa.com.br\\\/blog\\\/#website\",\"url\":\"https:\\\/\\\/blogdacondessa.com.br\\\/blog\\\/\",\"name\":\"Blog da Condessa\",\"description\":\"Com Shirley de Souza O\u2019Campos\",\"potentialAction\":[{\"@type\":\"SearchAction\",\"target\":{\"@type\":\"EntryPoint\",\"urlTemplate\":\"https:\\\/\\\/blogdacondessa.com.br\\\/blog\\\/?s={search_term_string}\"},\"query-input\":{\"@type\":\"PropertyValueSpecification\",\"valueRequired\":true,\"valueName\":\"search_term_string\"}}],\"inLanguage\":\"pt-BR\"},{\"@type\":\"Person\",\"@id\":\"https:\\\/\\\/blogdacondessa.com.br\\\/blog\\\/#\\\/schema\\\/person\\\/1d667ff8b785195b568677489d266035\",\"name\":\"Blog da Condessa\",\"image\":{\"@type\":\"ImageObject\",\"inLanguage\":\"pt-BR\",\"@id\":\"https:\\\/\\\/secure.gravatar.com\\\/avatar\\\/377c0eb8b4ad2bfc25461b41564b5971e721ca34a57642868fc7b0c8ac7b52c5?s=96&d=mm&r=g\",\"url\":\"https:\\\/\\\/secure.gravatar.com\\\/avatar\\\/377c0eb8b4ad2bfc25461b41564b5971e721ca34a57642868fc7b0c8ac7b52c5?s=96&d=mm&r=g\",\"contentUrl\":\"https:\\\/\\\/secure.gravatar.com\\\/avatar\\\/377c0eb8b4ad2bfc25461b41564b5971e721ca34a57642868fc7b0c8ac7b52c5?s=96&d=mm&r=g\",\"caption\":\"Blog da Condessa\"},\"url\":\"https:\\\/\\\/blogdacondessa.com.br\\\/blog\\\/author\\\/beatriz\\\/\"}]}<\/script>\n<!-- \/ Yoast SEO plugin. -->","yoast_head_json":{"title":"Tribunal de Contas de Mato Grosso inaugura uma nova possibilidade de interlocu\u00e7\u00e3o &#8902; Blog da Condessa","robots":{"index":"index","follow":"follow","max-snippet":"max-snippet:-1","max-image-preview":"max-image-preview:large","max-video-preview":"max-video-preview:-1"},"canonical":"https:\/\/blogdacondessa.com.br\/blog\/institucional\/tribunal-de-contas-de-mato-grosso-inaugura-uma-nova-possibilidade-de-interlocucao\/","og_locale":"pt_BR","og_type":"article","og_title":"Tribunal de Contas de Mato Grosso inaugura uma nova possibilidade de interlocu\u00e7\u00e3o &#8902; Blog da Condessa","og_description":"A TV Contas entra no ar na pr\u00f3xima ter\u00e7a-feira (29). O canal 30.2, lan\u00e7ado pelo Tribunal de Contas de Mato Grosso (TCE-MT), contar\u00e1 com 24h de programa\u00e7\u00e3o focada na capacita\u00e7\u00e3o, na divulga\u00e7\u00e3o de atos institucionais e em conte\u00fado t\u00e9cnico. Fruto de conv\u00eanio com a Assembleia Legislativa de Mato Grosso (ALMT), o projeto foi anunciado pelo [&hellip;]","og_url":"https:\/\/blogdacondessa.com.br\/blog\/institucional\/tribunal-de-contas-de-mato-grosso-inaugura-uma-nova-possibilidade-de-interlocucao\/","og_site_name":"Blog da Condessa","article_published_time":"2022-11-27T09:00:31+00:00","og_image":[{"width":2501,"height":1667,"url":"https:\/\/blogdacondessa.com.br\/blog\/wp-content\/uploads\/2022\/11\/TVContas.jpg","type":"image\/jpeg"}],"author":"Blog da Condessa","twitter_card":"summary_large_image","twitter_misc":{"Escrito por":"Blog da Condessa","Est. tempo de leitura":"3 minutos"},"schema":{"@context":"https:\/\/schema.org","@graph":[{"@type":"Article","@id":"https:\/\/blogdacondessa.com.br\/blog\/institucional\/tribunal-de-contas-de-mato-grosso-inaugura-uma-nova-possibilidade-de-interlocucao\/#article","isPartOf":{"@id":"https:\/\/blogdacondessa.com.br\/blog\/institucional\/tribunal-de-contas-de-mato-grosso-inaugura-uma-nova-possibilidade-de-interlocucao\/"},"author":{"name":"Blog da Condessa","@id":"https:\/\/blogdacondessa.com.br\/blog\/#\/schema\/person\/1d667ff8b785195b568677489d266035"},"headline":"Tribunal de Contas de Mato Grosso inaugura uma nova possibilidade de interlocu\u00e7\u00e3o","datePublished":"2022-11-27T09:00:31+00:00","mainEntityOfPage":{"@id":"https:\/\/blogdacondessa.com.br\/blog\/institucional\/tribunal-de-contas-de-mato-grosso-inaugura-uma-nova-possibilidade-de-interlocucao\/"},"wordCount":457,"image":{"@id":"https:\/\/blogdacondessa.com.br\/blog\/institucional\/tribunal-de-contas-de-mato-grosso-inaugura-uma-nova-possibilidade-de-interlocucao\/#primaryimage"},"thumbnailUrl":"https:\/\/blogdacondessa.com.br\/blog\/wp-content\/uploads\/2022\/11\/TVContas.jpg","articleSection":["Institucional"],"inLanguage":"pt-BR"},{"@type":"WebPage","@id":"https:\/\/blogdacondessa.com.br\/blog\/institucional\/tribunal-de-contas-de-mato-grosso-inaugura-uma-nova-possibilidade-de-interlocucao\/","url":"https:\/\/blogdacondessa.com.br\/blog\/institucional\/tribunal-de-contas-de-mato-grosso-inaugura-uma-nova-possibilidade-de-interlocucao\/","name":"Tribunal de Contas de Mato Grosso inaugura uma nova possibilidade de interlocu\u00e7\u00e3o &#8902; Blog da Condessa","isPartOf":{"@id":"https:\/\/blogdacondessa.com.br\/blog\/#website"},"primaryImageOfPage":{"@id":"https:\/\/blogdacondessa.com.br\/blog\/institucional\/tribunal-de-contas-de-mato-grosso-inaugura-uma-nova-possibilidade-de-interlocucao\/#primaryimage"},"image":{"@id":"https:\/\/blogdacondessa.com.br\/blog\/institucional\/tribunal-de-contas-de-mato-grosso-inaugura-uma-nova-possibilidade-de-interlocucao\/#primaryimage"},"thumbnailUrl":"https:\/\/blogdacondessa.com.br\/blog\/wp-content\/uploads\/2022\/11\/TVContas.jpg","datePublished":"2022-11-27T09:00:31+00:00","author":{"@id":"https:\/\/blogdacondessa.com.br\/blog\/#\/schema\/person\/1d667ff8b785195b568677489d266035"},"breadcrumb":{"@id":"https:\/\/blogdacondessa.com.br\/blog\/institucional\/tribunal-de-contas-de-mato-grosso-inaugura-uma-nova-possibilidade-de-interlocucao\/#breadcrumb"},"inLanguage":"pt-BR","potentialAction":[{"@type":"ReadAction","target":["https:\/\/blogdacondessa.com.br\/blog\/institucional\/tribunal-de-contas-de-mato-grosso-inaugura-uma-nova-possibilidade-de-interlocucao\/"]}]},{"@type":"ImageObject","inLanguage":"pt-BR","@id":"https:\/\/blogdacondessa.com.br\/blog\/institucional\/tribunal-de-contas-de-mato-grosso-inaugura-uma-nova-possibilidade-de-interlocucao\/#primaryimage","url":"https:\/\/blogdacondessa.com.br\/blog\/wp-content\/uploads\/2022\/11\/TVContas.jpg","contentUrl":"https:\/\/blogdacondessa.com.br\/blog\/wp-content\/uploads\/2022\/11\/TVContas.jpg","width":2501,"height":1667},{"@type":"BreadcrumbList","@id":"https:\/\/blogdacondessa.com.br\/blog\/institucional\/tribunal-de-contas-de-mato-grosso-inaugura-uma-nova-possibilidade-de-interlocucao\/#breadcrumb","itemListElement":[{"@type":"ListItem","position":1,"name":"In\u00edcio","item":"https:\/\/blogdacondessa.com.br\/blog\/"},{"@type":"ListItem","position":2,"name":"Tribunal de Contas de Mato Grosso inaugura uma nova possibilidade de interlocu\u00e7\u00e3o"}]},{"@type":"WebSite","@id":"https:\/\/blogdacondessa.com.br\/blog\/#website","url":"https:\/\/blogdacondessa.com.br\/blog\/","name":"Blog da Condessa","description":"Com Shirley de Souza O\u2019Campos","potentialAction":[{"@type":"SearchAction","target":{"@type":"EntryPoint","urlTemplate":"https:\/\/blogdacondessa.com.br\/blog\/?s={search_term_string}"},"query-input":{"@type":"PropertyValueSpecification","valueRequired":true,"valueName":"search_term_string"}}],"inLanguage":"pt-BR"},{"@type":"Person","@id":"https:\/\/blogdacondessa.com.br\/blog\/#\/schema\/person\/1d667ff8b785195b568677489d266035","name":"Blog da Condessa","image":{"@type":"ImageObject","inLanguage":"pt-BR","@id":"https:\/\/secure.gravatar.com\/avatar\/377c0eb8b4ad2bfc25461b41564b5971e721ca34a57642868fc7b0c8ac7b52c5?s=96&d=mm&r=g","url":"https:\/\/secure.gravatar.com\/avatar\/377c0eb8b4ad2bfc25461b41564b5971e721ca34a57642868fc7b0c8ac7b52c5?s=96&d=mm&r=g","contentUrl":"https:\/\/secure.gravatar.com\/avatar\/377c0eb8b4ad2bfc25461b41564b5971e721ca34a57642868fc7b0c8ac7b52c5?s=96&d=mm&r=g","caption":"Blog da Condessa"},"url":"https:\/\/blogdacondessa.com.br\/blog\/author\/beatriz\/"}]}},"_links":{"self":[{"href":"https:\/\/blogdacondessa.com.br\/blog\/wp-json\/wp\/v2\/posts\/5555","targetHints":{"allow":["GET"]}}],"collection":[{"href":"https:\/\/blogdacondessa.com.br\/blog\/wp-json\/wp\/v2\/posts"}],"about":[{"href":"https:\/\/blogdacondessa.com.br\/blog\/wp-json\/wp\/v2\/types\/post"}],"author":[{"embeddable":true,"href":"https:\/\/blogdacondessa.com.br\/blog\/wp-json\/wp\/v2\/users\/2"}],"replies":[{"embeddable":true,"href":"https:\/\/blogdacondessa.com.br\/blog\/wp-json\/wp\/v2\/comments?post=5555"}],"version-history":[{"count":0,"href":"https:\/\/blogdacondessa.com.br\/blog\/wp-json\/wp\/v2\/posts\/5555\/revisions"}],"wp:featuredmedia":[{"embeddable":true,"href":"https:\/\/blogdacondessa.com.br\/blog\/wp-json\/wp\/v2\/media\/5556"}],"wp:attachment":[{"href":"https:\/\/blogdacondessa.com.br\/blog\/wp-json\/wp\/v2\/media?parent=5555"}],"wp:term":[{"taxonomy":"category","embeddable":true,"href":"https:\/\/blogdacondessa.com.br\/blog\/wp-json\/wp\/v2\/categories?post=5555"},{"taxonomy":"post_tag","embeddable":true,"href":"https:\/\/blogdacondessa.com.br\/blog\/wp-json\/wp\/v2\/tags?post=5555"}],"curies":[{"name":"wp","href":"https:\/\/api.w.org\/{rel}","templated":true}]}}