{"id":5515,"date":"2022-11-23T05:00:37","date_gmt":"2022-11-23T09:00:37","guid":{"rendered":"http:\/\/blogdacondessa.com.br\/?p=5515"},"modified":"2022-11-22T18:31:11","modified_gmt":"2022-11-22T22:31:11","slug":"tjmt-recebe-premio-nacional-com-projeto-social","status":"publish","type":"post","link":"https:\/\/blogdacondessa.com.br\/blog\/juridico\/tjmt-recebe-premio-nacional-com-projeto-social\/","title":{"rendered":"TJMT recebe pr\u00eamio nacional com projeto social"},"content":{"rendered":"<p>A Expedi\u00e7\u00e3o Araguaia- Xingu, realizada pela Coordena\u00e7\u00e3o Estadual da Justi\u00e7a Comunit\u00e1ria, do Tribunal de Justi\u00e7a de Mato Grosso, foi escolhida como vencedora do Pr\u00eamio Enfam Social \u2013 Escola Nacional de Forma\u00e7\u00e3o e Aperfei\u00e7oamento de Magistrados na Categoria Alcance Social.<\/p>\n<p>O pr\u00eamio, que faz parte das a\u00e7\u00f5es desenvolvidas pela disciplina Gest\u00e3o de Projetos com Impacto Social Relevante (GPR), do Programa de P\u00f3s-Gradua\u00e7\u00e3o do Mestrado Profissional em Direito da Enfam, do Superior Tribunal de Justi\u00e7a (STJ), tem como objetivo reconhecer e incentivar iniciativas existentes no Judici\u00e1rio.<\/p>\n<p>Al\u00e9m de Alcance Social, a premia\u00e7\u00e3o \u00e9 dividida em mais duas categorias: Cidadania e Abrang\u00eancia Nacional. A distin\u00e7\u00e3o aos vencedores vai ser declarada, de forma hibrida (presencial e virtual), no dia 30 de novembro, durante o II Simp\u00f3sio de Pr\u00e1ticas com Impacto Social Relevante no Judici\u00e1rio, organizado pelo professor Marcus Vinicius Pereira J\u00fanior, juiz de Direito, doutor em Ci\u00eancias Sociais e docente da Universidade Federal do Rio Grande do Norte (UFRN).<\/p>\n<p>A premia\u00e7\u00e3o da Expedi\u00e7\u00e3o Araguaia-Xingu vai ser entregue ao juiz-coordenador da Justi\u00e7a Comunit\u00e1ria, Jos\u00e9 Ant\u00f4nio Bezerra Filho, que vai fazer uma explana\u00e7\u00e3o sobre o projeto que vem sendo desenvolvido pelo Judici\u00e1rio mato-grossense desde 2019.<\/p>\n<p>Depois da fala do juiz-coordenador da Justi\u00e7a Comunit\u00e1ria, a magistrada Cristhiane Trombini Puia Baggio, da 1\u00aa Vara da Comarca de S\u00e3o Jos\u00e9 do Rio Claro e do N\u00facleo de Justi\u00e7a Digital dos Juizados Especiais da Comarca de Cuiab\u00e1, vai debater o alcance social da expedi\u00e7\u00e3o juntamente com os ju\u00edzes Robert Kirchhoff Berguerand de Melo e Liliana Patr\u00edcia Amaral de Carvalho Mateus, colegas da turma do mestrado em Direito da Enfam.<\/p>\n<p><strong>\u00a0Trajet\u00f3ria\u00a0<\/strong><\/p>\n<p>A Expedi\u00e7\u00e3o Araguaia-Xingu concluiu no s\u00e1bado (19 de novembro) a 4\u00aa edi\u00e7\u00e3o do projeto percorrendo os munic\u00edpios de S\u00e3o Jos\u00e9 do Xingu, Luciara, Santa Cruz do Xingu, S\u00e3o F\u00e9lix do Araguaia, Cocalinho e nove aldeias ind\u00edgenas da regi\u00e3o. Durante 14 dias, a comitiva, composta por 110 pessoas, entre parceiros e volunt\u00e1rios, levou, atrav\u00e9s de servi\u00e7os jur\u00eddicos, sociais e de sa\u00fade, esperan\u00e7a, dignidade e cidadania \u00e0 popula\u00e7\u00e3o dessas localidades.<\/p>\n<p>Para o doutor Jos\u00e9 Ant\u00f4nio Bezerra Filho, a expedi\u00e7\u00e3o 2022 foi um grande desafio, porque \u201crompemos os paradigmas com todas as dificuldades, como em todos os anos. Mas, o importante \u00e9 fazer a diferen\u00e7a na vida de tantas pessoas e mostrar um Judici\u00e1rio pr\u00f3ximo, com a responsabilidade social que temos, junto com os parceiros\u201d, destacou, lembrando que nada disso seria poss\u00edvel sem a presen\u00e7a do Judici\u00e1rio, Legislativo e Executivo. (C\/Assessoria)<\/p>\n<p>&nbsp;<\/p>\n","protected":false},"excerpt":{"rendered":"<p>A Expedi\u00e7\u00e3o Araguaia- Xingu, realizada pela Coordena\u00e7\u00e3o Estadual da Justi\u00e7a Comunit\u00e1ria, do Tribunal de Justi\u00e7a de Mato Grosso, foi escolhida como vencedora do Pr\u00eamio Enfam Social \u2013 Escola Nacional de Forma\u00e7\u00e3o e Aperfei\u00e7oamento de Magistrados na Categoria Alcance Social. O pr\u00eamio, que faz parte das a\u00e7\u00f5es desenvolvidas pela disciplina Gest\u00e3o de Projetos com Impacto Social [&hellip;]<\/p>\n","protected":false},"author":2,"featured_media":5516,"comment_status":"closed","ping_status":"closed","sticky":false,"template":"","format":"standard","meta":{"iawp_total_views":0,"footnotes":""},"categories":[26],"tags":[],"class_list":["post-5515","post","type-post","status-publish","format-standard","has-post-thumbnail","hentry","category-juridico"],"yoast_head":"<!-- This site is optimized with the Yoast SEO plugin v27.3 - https:\/\/yoast.com\/product\/yoast-seo-wordpress\/ -->\n<title>TJMT recebe pr\u00eamio nacional com projeto social &#8902; Blog da Condessa<\/title>\n<meta name=\"robots\" content=\"index, follow, max-snippet:-1, max-image-preview:large, max-video-preview:-1\" \/>\n<link rel=\"canonical\" href=\"https:\/\/blogdacondessa.com.br\/blog\/juridico\/tjmt-recebe-premio-nacional-com-projeto-social\/\" \/>\n<meta property=\"og:locale\" content=\"pt_BR\" \/>\n<meta property=\"og:type\" content=\"article\" \/>\n<meta property=\"og:title\" content=\"TJMT recebe pr\u00eamio nacional com projeto social &#8902; Blog da Condessa\" \/>\n<meta property=\"og:description\" content=\"A Expedi\u00e7\u00e3o Araguaia- Xingu, realizada pela Coordena\u00e7\u00e3o Estadual da Justi\u00e7a Comunit\u00e1ria, do Tribunal de Justi\u00e7a de Mato Grosso, foi escolhida como vencedora do Pr\u00eamio Enfam Social \u2013 Escola Nacional de Forma\u00e7\u00e3o e Aperfei\u00e7oamento de Magistrados na Categoria Alcance Social. O pr\u00eamio, que faz parte das a\u00e7\u00f5es desenvolvidas pela disciplina Gest\u00e3o de Projetos com Impacto Social [&hellip;]\" \/>\n<meta property=\"og:url\" content=\"https:\/\/blogdacondessa.com.br\/blog\/juridico\/tjmt-recebe-premio-nacional-com-projeto-social\/\" \/>\n<meta property=\"og:site_name\" content=\"Blog da Condessa\" \/>\n<meta property=\"article:published_time\" content=\"2022-11-23T09:00:37+00:00\" \/>\n<meta property=\"og:image\" content=\"https:\/\/blogdacondessa.com.br\/blog\/wp-content\/uploads\/2022\/11\/TJMT.jpg\" \/>\n\t<meta property=\"og:image:width\" content=\"386\" \/>\n\t<meta property=\"og:image:height\" content=\"455\" \/>\n\t<meta property=\"og:image:type\" content=\"image\/jpeg\" \/>\n<meta name=\"author\" content=\"Blog da Condessa\" \/>\n<meta name=\"twitter:card\" content=\"summary_large_image\" \/>\n<meta name=\"twitter:label1\" content=\"Escrito por\" \/>\n\t<meta name=\"twitter:data1\" content=\"Blog da Condessa\" \/>\n\t<meta name=\"twitter:label2\" content=\"Est. tempo de leitura\" \/>\n\t<meta name=\"twitter:data2\" content=\"3 minutos\" \/>\n<script type=\"application\/ld+json\" class=\"yoast-schema-graph\">{\"@context\":\"https:\\\/\\\/schema.org\",\"@graph\":[{\"@type\":\"Article\",\"@id\":\"https:\\\/\\\/blogdacondessa.com.br\\\/blog\\\/juridico\\\/tjmt-recebe-premio-nacional-com-projeto-social\\\/#article\",\"isPartOf\":{\"@id\":\"https:\\\/\\\/blogdacondessa.com.br\\\/blog\\\/juridico\\\/tjmt-recebe-premio-nacional-com-projeto-social\\\/\"},\"author\":{\"name\":\"Blog da Condessa\",\"@id\":\"https:\\\/\\\/blogdacondessa.com.br\\\/blog\\\/#\\\/schema\\\/person\\\/1d667ff8b785195b568677489d266035\"},\"headline\":\"TJMT recebe pr\u00eamio nacional com projeto social\",\"datePublished\":\"2022-11-23T09:00:37+00:00\",\"mainEntityOfPage\":{\"@id\":\"https:\\\/\\\/blogdacondessa.com.br\\\/blog\\\/juridico\\\/tjmt-recebe-premio-nacional-com-projeto-social\\\/\"},\"wordCount\":460,\"image\":{\"@id\":\"https:\\\/\\\/blogdacondessa.com.br\\\/blog\\\/juridico\\\/tjmt-recebe-premio-nacional-com-projeto-social\\\/#primaryimage\"},\"thumbnailUrl\":\"https:\\\/\\\/blogdacondessa.com.br\\\/blog\\\/wp-content\\\/uploads\\\/2022\\\/11\\\/TJMT.jpg\",\"articleSection\":[\"Jur\u00eddico\"],\"inLanguage\":\"pt-BR\"},{\"@type\":\"WebPage\",\"@id\":\"https:\\\/\\\/blogdacondessa.com.br\\\/blog\\\/juridico\\\/tjmt-recebe-premio-nacional-com-projeto-social\\\/\",\"url\":\"https:\\\/\\\/blogdacondessa.com.br\\\/blog\\\/juridico\\\/tjmt-recebe-premio-nacional-com-projeto-social\\\/\",\"name\":\"TJMT recebe pr\u00eamio nacional com projeto social &#8902; Blog da Condessa\",\"isPartOf\":{\"@id\":\"https:\\\/\\\/blogdacondessa.com.br\\\/blog\\\/#website\"},\"primaryImageOfPage\":{\"@id\":\"https:\\\/\\\/blogdacondessa.com.br\\\/blog\\\/juridico\\\/tjmt-recebe-premio-nacional-com-projeto-social\\\/#primaryimage\"},\"image\":{\"@id\":\"https:\\\/\\\/blogdacondessa.com.br\\\/blog\\\/juridico\\\/tjmt-recebe-premio-nacional-com-projeto-social\\\/#primaryimage\"},\"thumbnailUrl\":\"https:\\\/\\\/blogdacondessa.com.br\\\/blog\\\/wp-content\\\/uploads\\\/2022\\\/11\\\/TJMT.jpg\",\"datePublished\":\"2022-11-23T09:00:37+00:00\",\"author\":{\"@id\":\"https:\\\/\\\/blogdacondessa.com.br\\\/blog\\\/#\\\/schema\\\/person\\\/1d667ff8b785195b568677489d266035\"},\"breadcrumb\":{\"@id\":\"https:\\\/\\\/blogdacondessa.com.br\\\/blog\\\/juridico\\\/tjmt-recebe-premio-nacional-com-projeto-social\\\/#breadcrumb\"},\"inLanguage\":\"pt-BR\",\"potentialAction\":[{\"@type\":\"ReadAction\",\"target\":[\"https:\\\/\\\/blogdacondessa.com.br\\\/blog\\\/juridico\\\/tjmt-recebe-premio-nacional-com-projeto-social\\\/\"]}]},{\"@type\":\"ImageObject\",\"inLanguage\":\"pt-BR\",\"@id\":\"https:\\\/\\\/blogdacondessa.com.br\\\/blog\\\/juridico\\\/tjmt-recebe-premio-nacional-com-projeto-social\\\/#primaryimage\",\"url\":\"https:\\\/\\\/blogdacondessa.com.br\\\/blog\\\/wp-content\\\/uploads\\\/2022\\\/11\\\/TJMT.jpg\",\"contentUrl\":\"https:\\\/\\\/blogdacondessa.com.br\\\/blog\\\/wp-content\\\/uploads\\\/2022\\\/11\\\/TJMT.jpg\",\"width\":386,\"height\":455},{\"@type\":\"BreadcrumbList\",\"@id\":\"https:\\\/\\\/blogdacondessa.com.br\\\/blog\\\/juridico\\\/tjmt-recebe-premio-nacional-com-projeto-social\\\/#breadcrumb\",\"itemListElement\":[{\"@type\":\"ListItem\",\"position\":1,\"name\":\"In\u00edcio\",\"item\":\"https:\\\/\\\/blogdacondessa.com.br\\\/blog\\\/\"},{\"@type\":\"ListItem\",\"position\":2,\"name\":\"TJMT recebe pr\u00eamio nacional com projeto social\"}]},{\"@type\":\"WebSite\",\"@id\":\"https:\\\/\\\/blogdacondessa.com.br\\\/blog\\\/#website\",\"url\":\"https:\\\/\\\/blogdacondessa.com.br\\\/blog\\\/\",\"name\":\"Blog da Condessa\",\"description\":\"Com Shirley de Souza O\u2019Campos\",\"potentialAction\":[{\"@type\":\"SearchAction\",\"target\":{\"@type\":\"EntryPoint\",\"urlTemplate\":\"https:\\\/\\\/blogdacondessa.com.br\\\/blog\\\/?s={search_term_string}\"},\"query-input\":{\"@type\":\"PropertyValueSpecification\",\"valueRequired\":true,\"valueName\":\"search_term_string\"}}],\"inLanguage\":\"pt-BR\"},{\"@type\":\"Person\",\"@id\":\"https:\\\/\\\/blogdacondessa.com.br\\\/blog\\\/#\\\/schema\\\/person\\\/1d667ff8b785195b568677489d266035\",\"name\":\"Blog da Condessa\",\"image\":{\"@type\":\"ImageObject\",\"inLanguage\":\"pt-BR\",\"@id\":\"https:\\\/\\\/secure.gravatar.com\\\/avatar\\\/377c0eb8b4ad2bfc25461b41564b5971e721ca34a57642868fc7b0c8ac7b52c5?s=96&d=mm&r=g\",\"url\":\"https:\\\/\\\/secure.gravatar.com\\\/avatar\\\/377c0eb8b4ad2bfc25461b41564b5971e721ca34a57642868fc7b0c8ac7b52c5?s=96&d=mm&r=g\",\"contentUrl\":\"https:\\\/\\\/secure.gravatar.com\\\/avatar\\\/377c0eb8b4ad2bfc25461b41564b5971e721ca34a57642868fc7b0c8ac7b52c5?s=96&d=mm&r=g\",\"caption\":\"Blog da Condessa\"},\"url\":\"https:\\\/\\\/blogdacondessa.com.br\\\/blog\\\/author\\\/beatriz\\\/\"}]}<\/script>\n<!-- \/ Yoast SEO plugin. -->","yoast_head_json":{"title":"TJMT recebe pr\u00eamio nacional com projeto social &#8902; Blog da Condessa","robots":{"index":"index","follow":"follow","max-snippet":"max-snippet:-1","max-image-preview":"max-image-preview:large","max-video-preview":"max-video-preview:-1"},"canonical":"https:\/\/blogdacondessa.com.br\/blog\/juridico\/tjmt-recebe-premio-nacional-com-projeto-social\/","og_locale":"pt_BR","og_type":"article","og_title":"TJMT recebe pr\u00eamio nacional com projeto social &#8902; Blog da Condessa","og_description":"A Expedi\u00e7\u00e3o Araguaia- Xingu, realizada pela Coordena\u00e7\u00e3o Estadual da Justi\u00e7a Comunit\u00e1ria, do Tribunal de Justi\u00e7a de Mato Grosso, foi escolhida como vencedora do Pr\u00eamio Enfam Social \u2013 Escola Nacional de Forma\u00e7\u00e3o e Aperfei\u00e7oamento de Magistrados na Categoria Alcance Social. O pr\u00eamio, que faz parte das a\u00e7\u00f5es desenvolvidas pela disciplina Gest\u00e3o de Projetos com Impacto Social [&hellip;]","og_url":"https:\/\/blogdacondessa.com.br\/blog\/juridico\/tjmt-recebe-premio-nacional-com-projeto-social\/","og_site_name":"Blog da Condessa","article_published_time":"2022-11-23T09:00:37+00:00","og_image":[{"width":386,"height":455,"url":"https:\/\/blogdacondessa.com.br\/blog\/wp-content\/uploads\/2022\/11\/TJMT.jpg","type":"image\/jpeg"}],"author":"Blog da Condessa","twitter_card":"summary_large_image","twitter_misc":{"Escrito por":"Blog da Condessa","Est. tempo de leitura":"3 minutos"},"schema":{"@context":"https:\/\/schema.org","@graph":[{"@type":"Article","@id":"https:\/\/blogdacondessa.com.br\/blog\/juridico\/tjmt-recebe-premio-nacional-com-projeto-social\/#article","isPartOf":{"@id":"https:\/\/blogdacondessa.com.br\/blog\/juridico\/tjmt-recebe-premio-nacional-com-projeto-social\/"},"author":{"name":"Blog da Condessa","@id":"https:\/\/blogdacondessa.com.br\/blog\/#\/schema\/person\/1d667ff8b785195b568677489d266035"},"headline":"TJMT recebe pr\u00eamio nacional com projeto social","datePublished":"2022-11-23T09:00:37+00:00","mainEntityOfPage":{"@id":"https:\/\/blogdacondessa.com.br\/blog\/juridico\/tjmt-recebe-premio-nacional-com-projeto-social\/"},"wordCount":460,"image":{"@id":"https:\/\/blogdacondessa.com.br\/blog\/juridico\/tjmt-recebe-premio-nacional-com-projeto-social\/#primaryimage"},"thumbnailUrl":"https:\/\/blogdacondessa.com.br\/blog\/wp-content\/uploads\/2022\/11\/TJMT.jpg","articleSection":["Jur\u00eddico"],"inLanguage":"pt-BR"},{"@type":"WebPage","@id":"https:\/\/blogdacondessa.com.br\/blog\/juridico\/tjmt-recebe-premio-nacional-com-projeto-social\/","url":"https:\/\/blogdacondessa.com.br\/blog\/juridico\/tjmt-recebe-premio-nacional-com-projeto-social\/","name":"TJMT recebe pr\u00eamio nacional com projeto social &#8902; Blog da Condessa","isPartOf":{"@id":"https:\/\/blogdacondessa.com.br\/blog\/#website"},"primaryImageOfPage":{"@id":"https:\/\/blogdacondessa.com.br\/blog\/juridico\/tjmt-recebe-premio-nacional-com-projeto-social\/#primaryimage"},"image":{"@id":"https:\/\/blogdacondessa.com.br\/blog\/juridico\/tjmt-recebe-premio-nacional-com-projeto-social\/#primaryimage"},"thumbnailUrl":"https:\/\/blogdacondessa.com.br\/blog\/wp-content\/uploads\/2022\/11\/TJMT.jpg","datePublished":"2022-11-23T09:00:37+00:00","author":{"@id":"https:\/\/blogdacondessa.com.br\/blog\/#\/schema\/person\/1d667ff8b785195b568677489d266035"},"breadcrumb":{"@id":"https:\/\/blogdacondessa.com.br\/blog\/juridico\/tjmt-recebe-premio-nacional-com-projeto-social\/#breadcrumb"},"inLanguage":"pt-BR","potentialAction":[{"@type":"ReadAction","target":["https:\/\/blogdacondessa.com.br\/blog\/juridico\/tjmt-recebe-premio-nacional-com-projeto-social\/"]}]},{"@type":"ImageObject","inLanguage":"pt-BR","@id":"https:\/\/blogdacondessa.com.br\/blog\/juridico\/tjmt-recebe-premio-nacional-com-projeto-social\/#primaryimage","url":"https:\/\/blogdacondessa.com.br\/blog\/wp-content\/uploads\/2022\/11\/TJMT.jpg","contentUrl":"https:\/\/blogdacondessa.com.br\/blog\/wp-content\/uploads\/2022\/11\/TJMT.jpg","width":386,"height":455},{"@type":"BreadcrumbList","@id":"https:\/\/blogdacondessa.com.br\/blog\/juridico\/tjmt-recebe-premio-nacional-com-projeto-social\/#breadcrumb","itemListElement":[{"@type":"ListItem","position":1,"name":"In\u00edcio","item":"https:\/\/blogdacondessa.com.br\/blog\/"},{"@type":"ListItem","position":2,"name":"TJMT recebe pr\u00eamio nacional com projeto social"}]},{"@type":"WebSite","@id":"https:\/\/blogdacondessa.com.br\/blog\/#website","url":"https:\/\/blogdacondessa.com.br\/blog\/","name":"Blog da Condessa","description":"Com Shirley de Souza O\u2019Campos","potentialAction":[{"@type":"SearchAction","target":{"@type":"EntryPoint","urlTemplate":"https:\/\/blogdacondessa.com.br\/blog\/?s={search_term_string}"},"query-input":{"@type":"PropertyValueSpecification","valueRequired":true,"valueName":"search_term_string"}}],"inLanguage":"pt-BR"},{"@type":"Person","@id":"https:\/\/blogdacondessa.com.br\/blog\/#\/schema\/person\/1d667ff8b785195b568677489d266035","name":"Blog da Condessa","image":{"@type":"ImageObject","inLanguage":"pt-BR","@id":"https:\/\/secure.gravatar.com\/avatar\/377c0eb8b4ad2bfc25461b41564b5971e721ca34a57642868fc7b0c8ac7b52c5?s=96&d=mm&r=g","url":"https:\/\/secure.gravatar.com\/avatar\/377c0eb8b4ad2bfc25461b41564b5971e721ca34a57642868fc7b0c8ac7b52c5?s=96&d=mm&r=g","contentUrl":"https:\/\/secure.gravatar.com\/avatar\/377c0eb8b4ad2bfc25461b41564b5971e721ca34a57642868fc7b0c8ac7b52c5?s=96&d=mm&r=g","caption":"Blog da Condessa"},"url":"https:\/\/blogdacondessa.com.br\/blog\/author\/beatriz\/"}]}},"_links":{"self":[{"href":"https:\/\/blogdacondessa.com.br\/blog\/wp-json\/wp\/v2\/posts\/5515","targetHints":{"allow":["GET"]}}],"collection":[{"href":"https:\/\/blogdacondessa.com.br\/blog\/wp-json\/wp\/v2\/posts"}],"about":[{"href":"https:\/\/blogdacondessa.com.br\/blog\/wp-json\/wp\/v2\/types\/post"}],"author":[{"embeddable":true,"href":"https:\/\/blogdacondessa.com.br\/blog\/wp-json\/wp\/v2\/users\/2"}],"replies":[{"embeddable":true,"href":"https:\/\/blogdacondessa.com.br\/blog\/wp-json\/wp\/v2\/comments?post=5515"}],"version-history":[{"count":0,"href":"https:\/\/blogdacondessa.com.br\/blog\/wp-json\/wp\/v2\/posts\/5515\/revisions"}],"wp:featuredmedia":[{"embeddable":true,"href":"https:\/\/blogdacondessa.com.br\/blog\/wp-json\/wp\/v2\/media\/5516"}],"wp:attachment":[{"href":"https:\/\/blogdacondessa.com.br\/blog\/wp-json\/wp\/v2\/media?parent=5515"}],"wp:term":[{"taxonomy":"category","embeddable":true,"href":"https:\/\/blogdacondessa.com.br\/blog\/wp-json\/wp\/v2\/categories?post=5515"},{"taxonomy":"post_tag","embeddable":true,"href":"https:\/\/blogdacondessa.com.br\/blog\/wp-json\/wp\/v2\/tags?post=5515"}],"curies":[{"name":"wp","href":"https:\/\/api.w.org\/{rel}","templated":true}]}}