{"id":5504,"date":"2022-11-22T05:00:47","date_gmt":"2022-11-22T09:00:47","guid":{"rendered":"http:\/\/blogdacondessa.com.br\/?p=5504"},"modified":"2022-11-21T19:46:12","modified_gmt":"2022-11-21T23:46:12","slug":"familia-na-praca","status":"publish","type":"post","link":"https:\/\/blogdacondessa.com.br\/blog\/cidades\/familia-na-praca\/","title":{"rendered":"\u2018Fam\u00edlia na Pra\u00e7a\u2019"},"content":{"rendered":"<p>Moradores da regi\u00e3o do Pedregal receberam a segunda edi\u00e7\u00e3o do evento Fam\u00edlia na Pra\u00e7a, no \u00faltimo dia 19, promovido pela vereadora Michelly Alencar (UNI\u00c3O BRASIL), patrocinadores e colaboradores locais. O evento contou com cerca de 350 fam\u00edlias que aprovaram o evento e pediram<\/p>\n<p>mais atividades voltadas ao lazer para comunidade. O projeto \u201cFam\u00edlia na Pra\u00e7a\u201d teve in\u00edcio ano passado com sua primeira edi\u00e7\u00e3o realizada no Dia das Crian\u00e7as e nesse ano houve a amplia\u00e7\u00e3o do evento que contou com atividades esportivas como corrida de revezamento e campeonato de futsal, presen\u00e7a de brinquedos como pula pula, escorregador infl\u00e1vel e tamb\u00e9m personagens infantis com atividades recreativas, al\u00e9m de comida e lembrancinhas com o intuito de promover a\u00e7\u00f5es de esporte e lazer que envolvam toda a fam\u00edlia.<\/p>\n<p>A moradora do bairro, Irene de 71 anos, participou das duas edi\u00e7\u00f5es e relatou que os bisnetos gostaram muito e esperavam pela segunda edi\u00e7\u00e3o, \u201cGostei! Desde o ano passado eu vim com meus bisnetos aqui e eles participaram da corrida e ficaram em primeiro lugar. Gostei muito<\/p>\n<p>dessa festa!\u201d, disse. Eva da Silva Paulo Miranda Ribeiro, m\u00e3e do Carlos Miguel de dois anos e moradora do bairro h\u00e1 32 anos, relatou que o evento foi incr\u00edvel e que foi uma satisfa\u00e7\u00e3o ver seu filho receber uma<\/p>\n<p>premia\u00e7\u00e3o do campeonato de atletismo pela primeira vez, \u201cEle ficou muito feliz em receber a medalha.\u201d, afirmou. Ruan de 10 anos, que est\u00e1 sempre brincando na pra\u00e7a comentou que estava muito feliz com<\/p>\n<p>o evento e citou que n\u00e3o h\u00e1 muito eventos como esse na regi\u00e3o, \u201cEu gostei muito dessa festa, \u00e9 a primeira vez que tem uma festa aqui com muita gente.\u201d<\/p>\n<p>A vereadora Michelly finalizou o evento agradecendo a todos os colaboradores que tornaram poss\u00edvel a realiza\u00e7\u00e3o da segunda edi\u00e7\u00e3o do evento e anunciou as expectativas para a pr\u00f3xima edi\u00e7\u00e3o. \u201cMuito gratificante poder proporcionar um dia de festa e alegria para as crian\u00e7as e para os familiares tamb\u00e9m. Esse ano trouxemos novidades, como o campeonato de futsal e a corrida com premia\u00e7\u00f5es. A\u00e7\u00f5es como essa que nos motivam a continuar investindo no social, ver a alegria no rosto de cada crian\u00e7a n\u00e3o tem pre\u00e7o, teve crian\u00e7a que foi comemorar o anivers\u00e1rio em nossa festa, o que compensa qualquer esfor\u00e7o\u201d, observou.<\/p>\n","protected":false},"excerpt":{"rendered":"<p>Moradores da regi\u00e3o do Pedregal receberam a segunda edi\u00e7\u00e3o do evento Fam\u00edlia na Pra\u00e7a, no \u00faltimo dia 19, promovido pela vereadora Michelly Alencar (UNI\u00c3O BRASIL), patrocinadores e colaboradores locais. O evento contou com cerca de 350 fam\u00edlias que aprovaram o evento e pediram mais atividades voltadas ao lazer para comunidade. O projeto \u201cFam\u00edlia na Pra\u00e7a\u201d [&hellip;]<\/p>\n","protected":false},"author":2,"featured_media":5505,"comment_status":"closed","ping_status":"closed","sticky":false,"template":"","format":"standard","meta":{"iawp_total_views":0,"footnotes":""},"categories":[12],"tags":[],"class_list":["post-5504","post","type-post","status-publish","format-standard","has-post-thumbnail","hentry","category-cidades"],"yoast_head":"<!-- This site is optimized with the Yoast SEO plugin v27.3 - https:\/\/yoast.com\/product\/yoast-seo-wordpress\/ -->\n<title>\u2018Fam\u00edlia na Pra\u00e7a\u2019 &#8902; Blog da Condessa<\/title>\n<meta name=\"robots\" content=\"index, follow, max-snippet:-1, max-image-preview:large, max-video-preview:-1\" \/>\n<link rel=\"canonical\" href=\"https:\/\/blogdacondessa.com.br\/blog\/cidades\/familia-na-praca\/\" \/>\n<meta property=\"og:locale\" content=\"pt_BR\" \/>\n<meta property=\"og:type\" content=\"article\" \/>\n<meta property=\"og:title\" content=\"\u2018Fam\u00edlia na Pra\u00e7a\u2019 &#8902; Blog da Condessa\" \/>\n<meta property=\"og:description\" content=\"Moradores da regi\u00e3o do Pedregal receberam a segunda edi\u00e7\u00e3o do evento Fam\u00edlia na Pra\u00e7a, no \u00faltimo dia 19, promovido pela vereadora Michelly Alencar (UNI\u00c3O BRASIL), patrocinadores e colaboradores locais. O evento contou com cerca de 350 fam\u00edlias que aprovaram o evento e pediram mais atividades voltadas ao lazer para comunidade. O projeto \u201cFam\u00edlia na Pra\u00e7a\u201d [&hellip;]\" \/>\n<meta property=\"og:url\" content=\"https:\/\/blogdacondessa.com.br\/blog\/cidades\/familia-na-praca\/\" \/>\n<meta property=\"og:site_name\" content=\"Blog da Condessa\" \/>\n<meta property=\"article:published_time\" content=\"2022-11-22T09:00:47+00:00\" \/>\n<meta property=\"og:image\" content=\"https:\/\/blogdacondessa.com.br\/blog\/wp-content\/uploads\/2022\/11\/vereadora-michelly.jpg\" \/>\n\t<meta property=\"og:image:width\" content=\"1600\" \/>\n\t<meta property=\"og:image:height\" content=\"900\" \/>\n\t<meta property=\"og:image:type\" content=\"image\/jpeg\" \/>\n<meta name=\"author\" content=\"Blog da Condessa\" \/>\n<meta name=\"twitter:card\" content=\"summary_large_image\" \/>\n<meta name=\"twitter:label1\" content=\"Escrito por\" \/>\n\t<meta name=\"twitter:data1\" content=\"Blog da Condessa\" \/>\n\t<meta name=\"twitter:label2\" content=\"Est. tempo de leitura\" \/>\n\t<meta name=\"twitter:data2\" content=\"3 minutos\" \/>\n<script type=\"application\/ld+json\" class=\"yoast-schema-graph\">{\"@context\":\"https:\\\/\\\/schema.org\",\"@graph\":[{\"@type\":\"Article\",\"@id\":\"https:\\\/\\\/blogdacondessa.com.br\\\/blog\\\/cidades\\\/familia-na-praca\\\/#article\",\"isPartOf\":{\"@id\":\"https:\\\/\\\/blogdacondessa.com.br\\\/blog\\\/cidades\\\/familia-na-praca\\\/\"},\"author\":{\"name\":\"Blog da Condessa\",\"@id\":\"https:\\\/\\\/blogdacondessa.com.br\\\/blog\\\/#\\\/schema\\\/person\\\/1d667ff8b785195b568677489d266035\"},\"headline\":\"\u2018Fam\u00edlia na Pra\u00e7a\u2019\",\"datePublished\":\"2022-11-22T09:00:47+00:00\",\"mainEntityOfPage\":{\"@id\":\"https:\\\/\\\/blogdacondessa.com.br\\\/blog\\\/cidades\\\/familia-na-praca\\\/\"},\"wordCount\":413,\"image\":{\"@id\":\"https:\\\/\\\/blogdacondessa.com.br\\\/blog\\\/cidades\\\/familia-na-praca\\\/#primaryimage\"},\"thumbnailUrl\":\"https:\\\/\\\/blogdacondessa.com.br\\\/blog\\\/wp-content\\\/uploads\\\/2022\\\/11\\\/vereadora-michelly.jpg\",\"articleSection\":[\"Cidades\"],\"inLanguage\":\"pt-BR\"},{\"@type\":\"WebPage\",\"@id\":\"https:\\\/\\\/blogdacondessa.com.br\\\/blog\\\/cidades\\\/familia-na-praca\\\/\",\"url\":\"https:\\\/\\\/blogdacondessa.com.br\\\/blog\\\/cidades\\\/familia-na-praca\\\/\",\"name\":\"\u2018Fam\u00edlia na Pra\u00e7a\u2019 &#8902; Blog da Condessa\",\"isPartOf\":{\"@id\":\"https:\\\/\\\/blogdacondessa.com.br\\\/blog\\\/#website\"},\"primaryImageOfPage\":{\"@id\":\"https:\\\/\\\/blogdacondessa.com.br\\\/blog\\\/cidades\\\/familia-na-praca\\\/#primaryimage\"},\"image\":{\"@id\":\"https:\\\/\\\/blogdacondessa.com.br\\\/blog\\\/cidades\\\/familia-na-praca\\\/#primaryimage\"},\"thumbnailUrl\":\"https:\\\/\\\/blogdacondessa.com.br\\\/blog\\\/wp-content\\\/uploads\\\/2022\\\/11\\\/vereadora-michelly.jpg\",\"datePublished\":\"2022-11-22T09:00:47+00:00\",\"author\":{\"@id\":\"https:\\\/\\\/blogdacondessa.com.br\\\/blog\\\/#\\\/schema\\\/person\\\/1d667ff8b785195b568677489d266035\"},\"breadcrumb\":{\"@id\":\"https:\\\/\\\/blogdacondessa.com.br\\\/blog\\\/cidades\\\/familia-na-praca\\\/#breadcrumb\"},\"inLanguage\":\"pt-BR\",\"potentialAction\":[{\"@type\":\"ReadAction\",\"target\":[\"https:\\\/\\\/blogdacondessa.com.br\\\/blog\\\/cidades\\\/familia-na-praca\\\/\"]}]},{\"@type\":\"ImageObject\",\"inLanguage\":\"pt-BR\",\"@id\":\"https:\\\/\\\/blogdacondessa.com.br\\\/blog\\\/cidades\\\/familia-na-praca\\\/#primaryimage\",\"url\":\"https:\\\/\\\/blogdacondessa.com.br\\\/blog\\\/wp-content\\\/uploads\\\/2022\\\/11\\\/vereadora-michelly.jpg\",\"contentUrl\":\"https:\\\/\\\/blogdacondessa.com.br\\\/blog\\\/wp-content\\\/uploads\\\/2022\\\/11\\\/vereadora-michelly.jpg\",\"width\":1600,\"height\":900},{\"@type\":\"BreadcrumbList\",\"@id\":\"https:\\\/\\\/blogdacondessa.com.br\\\/blog\\\/cidades\\\/familia-na-praca\\\/#breadcrumb\",\"itemListElement\":[{\"@type\":\"ListItem\",\"position\":1,\"name\":\"In\u00edcio\",\"item\":\"https:\\\/\\\/blogdacondessa.com.br\\\/blog\\\/\"},{\"@type\":\"ListItem\",\"position\":2,\"name\":\"\u2018Fam\u00edlia na Pra\u00e7a\u2019\"}]},{\"@type\":\"WebSite\",\"@id\":\"https:\\\/\\\/blogdacondessa.com.br\\\/blog\\\/#website\",\"url\":\"https:\\\/\\\/blogdacondessa.com.br\\\/blog\\\/\",\"name\":\"Blog da Condessa\",\"description\":\"Com Shirley de Souza O\u2019Campos\",\"potentialAction\":[{\"@type\":\"SearchAction\",\"target\":{\"@type\":\"EntryPoint\",\"urlTemplate\":\"https:\\\/\\\/blogdacondessa.com.br\\\/blog\\\/?s={search_term_string}\"},\"query-input\":{\"@type\":\"PropertyValueSpecification\",\"valueRequired\":true,\"valueName\":\"search_term_string\"}}],\"inLanguage\":\"pt-BR\"},{\"@type\":\"Person\",\"@id\":\"https:\\\/\\\/blogdacondessa.com.br\\\/blog\\\/#\\\/schema\\\/person\\\/1d667ff8b785195b568677489d266035\",\"name\":\"Blog da Condessa\",\"image\":{\"@type\":\"ImageObject\",\"inLanguage\":\"pt-BR\",\"@id\":\"https:\\\/\\\/secure.gravatar.com\\\/avatar\\\/377c0eb8b4ad2bfc25461b41564b5971e721ca34a57642868fc7b0c8ac7b52c5?s=96&d=mm&r=g\",\"url\":\"https:\\\/\\\/secure.gravatar.com\\\/avatar\\\/377c0eb8b4ad2bfc25461b41564b5971e721ca34a57642868fc7b0c8ac7b52c5?s=96&d=mm&r=g\",\"contentUrl\":\"https:\\\/\\\/secure.gravatar.com\\\/avatar\\\/377c0eb8b4ad2bfc25461b41564b5971e721ca34a57642868fc7b0c8ac7b52c5?s=96&d=mm&r=g\",\"caption\":\"Blog da Condessa\"},\"url\":\"https:\\\/\\\/blogdacondessa.com.br\\\/blog\\\/author\\\/beatriz\\\/\"}]}<\/script>\n<!-- \/ Yoast SEO plugin. -->","yoast_head_json":{"title":"\u2018Fam\u00edlia na Pra\u00e7a\u2019 &#8902; Blog da Condessa","robots":{"index":"index","follow":"follow","max-snippet":"max-snippet:-1","max-image-preview":"max-image-preview:large","max-video-preview":"max-video-preview:-1"},"canonical":"https:\/\/blogdacondessa.com.br\/blog\/cidades\/familia-na-praca\/","og_locale":"pt_BR","og_type":"article","og_title":"\u2018Fam\u00edlia na Pra\u00e7a\u2019 &#8902; Blog da Condessa","og_description":"Moradores da regi\u00e3o do Pedregal receberam a segunda edi\u00e7\u00e3o do evento Fam\u00edlia na Pra\u00e7a, no \u00faltimo dia 19, promovido pela vereadora Michelly Alencar (UNI\u00c3O BRASIL), patrocinadores e colaboradores locais. O evento contou com cerca de 350 fam\u00edlias que aprovaram o evento e pediram mais atividades voltadas ao lazer para comunidade. O projeto \u201cFam\u00edlia na Pra\u00e7a\u201d [&hellip;]","og_url":"https:\/\/blogdacondessa.com.br\/blog\/cidades\/familia-na-praca\/","og_site_name":"Blog da Condessa","article_published_time":"2022-11-22T09:00:47+00:00","og_image":[{"width":1600,"height":900,"url":"https:\/\/blogdacondessa.com.br\/blog\/wp-content\/uploads\/2022\/11\/vereadora-michelly.jpg","type":"image\/jpeg"}],"author":"Blog da Condessa","twitter_card":"summary_large_image","twitter_misc":{"Escrito por":"Blog da Condessa","Est. tempo de leitura":"3 minutos"},"schema":{"@context":"https:\/\/schema.org","@graph":[{"@type":"Article","@id":"https:\/\/blogdacondessa.com.br\/blog\/cidades\/familia-na-praca\/#article","isPartOf":{"@id":"https:\/\/blogdacondessa.com.br\/blog\/cidades\/familia-na-praca\/"},"author":{"name":"Blog da Condessa","@id":"https:\/\/blogdacondessa.com.br\/blog\/#\/schema\/person\/1d667ff8b785195b568677489d266035"},"headline":"\u2018Fam\u00edlia na Pra\u00e7a\u2019","datePublished":"2022-11-22T09:00:47+00:00","mainEntityOfPage":{"@id":"https:\/\/blogdacondessa.com.br\/blog\/cidades\/familia-na-praca\/"},"wordCount":413,"image":{"@id":"https:\/\/blogdacondessa.com.br\/blog\/cidades\/familia-na-praca\/#primaryimage"},"thumbnailUrl":"https:\/\/blogdacondessa.com.br\/blog\/wp-content\/uploads\/2022\/11\/vereadora-michelly.jpg","articleSection":["Cidades"],"inLanguage":"pt-BR"},{"@type":"WebPage","@id":"https:\/\/blogdacondessa.com.br\/blog\/cidades\/familia-na-praca\/","url":"https:\/\/blogdacondessa.com.br\/blog\/cidades\/familia-na-praca\/","name":"\u2018Fam\u00edlia na Pra\u00e7a\u2019 &#8902; Blog da Condessa","isPartOf":{"@id":"https:\/\/blogdacondessa.com.br\/blog\/#website"},"primaryImageOfPage":{"@id":"https:\/\/blogdacondessa.com.br\/blog\/cidades\/familia-na-praca\/#primaryimage"},"image":{"@id":"https:\/\/blogdacondessa.com.br\/blog\/cidades\/familia-na-praca\/#primaryimage"},"thumbnailUrl":"https:\/\/blogdacondessa.com.br\/blog\/wp-content\/uploads\/2022\/11\/vereadora-michelly.jpg","datePublished":"2022-11-22T09:00:47+00:00","author":{"@id":"https:\/\/blogdacondessa.com.br\/blog\/#\/schema\/person\/1d667ff8b785195b568677489d266035"},"breadcrumb":{"@id":"https:\/\/blogdacondessa.com.br\/blog\/cidades\/familia-na-praca\/#breadcrumb"},"inLanguage":"pt-BR","potentialAction":[{"@type":"ReadAction","target":["https:\/\/blogdacondessa.com.br\/blog\/cidades\/familia-na-praca\/"]}]},{"@type":"ImageObject","inLanguage":"pt-BR","@id":"https:\/\/blogdacondessa.com.br\/blog\/cidades\/familia-na-praca\/#primaryimage","url":"https:\/\/blogdacondessa.com.br\/blog\/wp-content\/uploads\/2022\/11\/vereadora-michelly.jpg","contentUrl":"https:\/\/blogdacondessa.com.br\/blog\/wp-content\/uploads\/2022\/11\/vereadora-michelly.jpg","width":1600,"height":900},{"@type":"BreadcrumbList","@id":"https:\/\/blogdacondessa.com.br\/blog\/cidades\/familia-na-praca\/#breadcrumb","itemListElement":[{"@type":"ListItem","position":1,"name":"In\u00edcio","item":"https:\/\/blogdacondessa.com.br\/blog\/"},{"@type":"ListItem","position":2,"name":"\u2018Fam\u00edlia na Pra\u00e7a\u2019"}]},{"@type":"WebSite","@id":"https:\/\/blogdacondessa.com.br\/blog\/#website","url":"https:\/\/blogdacondessa.com.br\/blog\/","name":"Blog da Condessa","description":"Com Shirley de Souza O\u2019Campos","potentialAction":[{"@type":"SearchAction","target":{"@type":"EntryPoint","urlTemplate":"https:\/\/blogdacondessa.com.br\/blog\/?s={search_term_string}"},"query-input":{"@type":"PropertyValueSpecification","valueRequired":true,"valueName":"search_term_string"}}],"inLanguage":"pt-BR"},{"@type":"Person","@id":"https:\/\/blogdacondessa.com.br\/blog\/#\/schema\/person\/1d667ff8b785195b568677489d266035","name":"Blog da Condessa","image":{"@type":"ImageObject","inLanguage":"pt-BR","@id":"https:\/\/secure.gravatar.com\/avatar\/377c0eb8b4ad2bfc25461b41564b5971e721ca34a57642868fc7b0c8ac7b52c5?s=96&d=mm&r=g","url":"https:\/\/secure.gravatar.com\/avatar\/377c0eb8b4ad2bfc25461b41564b5971e721ca34a57642868fc7b0c8ac7b52c5?s=96&d=mm&r=g","contentUrl":"https:\/\/secure.gravatar.com\/avatar\/377c0eb8b4ad2bfc25461b41564b5971e721ca34a57642868fc7b0c8ac7b52c5?s=96&d=mm&r=g","caption":"Blog da Condessa"},"url":"https:\/\/blogdacondessa.com.br\/blog\/author\/beatriz\/"}]}},"_links":{"self":[{"href":"https:\/\/blogdacondessa.com.br\/blog\/wp-json\/wp\/v2\/posts\/5504","targetHints":{"allow":["GET"]}}],"collection":[{"href":"https:\/\/blogdacondessa.com.br\/blog\/wp-json\/wp\/v2\/posts"}],"about":[{"href":"https:\/\/blogdacondessa.com.br\/blog\/wp-json\/wp\/v2\/types\/post"}],"author":[{"embeddable":true,"href":"https:\/\/blogdacondessa.com.br\/blog\/wp-json\/wp\/v2\/users\/2"}],"replies":[{"embeddable":true,"href":"https:\/\/blogdacondessa.com.br\/blog\/wp-json\/wp\/v2\/comments?post=5504"}],"version-history":[{"count":0,"href":"https:\/\/blogdacondessa.com.br\/blog\/wp-json\/wp\/v2\/posts\/5504\/revisions"}],"wp:featuredmedia":[{"embeddable":true,"href":"https:\/\/blogdacondessa.com.br\/blog\/wp-json\/wp\/v2\/media\/5505"}],"wp:attachment":[{"href":"https:\/\/blogdacondessa.com.br\/blog\/wp-json\/wp\/v2\/media?parent=5504"}],"wp:term":[{"taxonomy":"category","embeddable":true,"href":"https:\/\/blogdacondessa.com.br\/blog\/wp-json\/wp\/v2\/categories?post=5504"},{"taxonomy":"post_tag","embeddable":true,"href":"https:\/\/blogdacondessa.com.br\/blog\/wp-json\/wp\/v2\/tags?post=5504"}],"curies":[{"name":"wp","href":"https:\/\/api.w.org\/{rel}","templated":true}]}}