{"id":5501,"date":"2022-11-22T05:00:35","date_gmt":"2022-11-22T09:00:35","guid":{"rendered":"http:\/\/blogdacondessa.com.br\/?p=5501"},"modified":"2022-11-21T16:36:16","modified_gmt":"2022-11-21T20:36:16","slug":"um-seculo-de-agora","status":"publish","type":"post","link":"https:\/\/blogdacondessa.com.br\/blog\/cultura\/um-seculo-de-agora\/","title":{"rendered":"\u201cUm s\u00e9culo de agora\u201d"},"content":{"rendered":"<p>Mato Grosso est\u00e1 fortemente representado na mais nova exposi\u00e7\u00e3o tempor\u00e1ria do Ita\u00fa Cultural, em S\u00e3o Paulo, aberta no \u00faltimo dia 17: \u201cUm s\u00e9culo de agora\u201d. A proposta da exposi\u00e7\u00e3o \u00e9 repensar a arte 100 anos depois da Semana de Arte Moderna. O Estado se faz presente compondo a curadoria, por meio da pesquisadora Naine Terena de Jesus; e com dois representantes dentre os 25 artistas ou grupos selecionados: a renomada artista pl\u00e1stica Dalva de Barros e o Coletivo Mato Grosso, formado pelos multiartistas Ruth Albernaz, Paty Wolff e T\u00e9o de Miranda.<\/p>\n<p>\u201cUm s\u00e9culo de agora\u201d \u00e9 a \u00faltima exposi\u00e7\u00e3o de grande porte de 2022 do Ita\u00fa Cultural (ocupando tr\u00eas pisos), \u00e9 coletiva e faz uma releitura da Semana de Arte Moderna, expandindo horizontes e trazendo novas narrativas, a partir da proposta de contemplar identidades sociais preteridas na iniciativa do s\u00e9culo passado. A maioria das obras \u00e9 deste ano e questiona no\u00e7\u00f5es de tempo, hist\u00f3ria, tradi\u00e7\u00e3o e na\u00e7\u00e3o, no atual contexto brasileiro.<\/p>\n<p>\u201cNossa inten\u00e7\u00e3o n\u00e3o \u00e9 revisitar a semana de 1922. \u00c9 pensar 2022. E, para isso, os artistas foram convidados, para nos dizerem o que fazem ou gostariam de fazer agora, nos lugares onde est\u00e3o\u201d, explica Naine, artista e pesquisadora ind\u00edgena cuiabana, que comp\u00f5e o experiente trio de curadoras, ao lado da sergipana J\u00falia Rebou\u00e7as e da baiana Luciara Ribeiro.<\/p>\n<p>As obras da pintora Dalva de Barros e a instala\u00e7\u00e3o do coletivo formado por artistas que se encontraram em Mato Grosso dialogam com outros 23 artistas visuais e grupos de outros dez estados. S\u00e3o mais de 70 obras, construindo uma grande rede de multiplicidades de regi\u00f5es, de idades e de viv\u00eancias sociais e pol\u00edticas, pensando sobre a atualidade, o agora.<br \/>\nForam selecionadas pelo trio de curadoras as telas de Dalva de Barros \u2018Missa para Alcides\u2019 (1980), \u2018Almo\u00e7o dos garis\u2019 (1994), \u2018Brasil 500 anos (nada temos)\u2019 (2000), \u2018Profissionais da sa\u00fade \u2013 a verdadeira eucaristia II\u2019 (2021) e Fila dos ossinhos (2022); e a instala\u00e7\u00e3o do Coletivo Mato Grosso \u2018Agora quando!?\u2019<\/p>\n<p>\u201cDalva de Barros \u00e9 um grande nome, pulsante em produ\u00e7\u00e3o. Falar do agora significa tamb\u00e9m trazer essas pessoas hist\u00f3ricas. Sobre o Coletivo Mato Grosso, lancei um desafio aos tr\u00eas artistas, sobre o que poderiam fazer juntos a partir das trajet\u00f3rias individuais, mas tamb\u00e9m do territ\u00f3rio\u201d, contextualiza Naine.<\/p>\n<p>A mostra, com expografia assinada pela arquiteta Isa Gebara, \u00e9 presencial e fica aberta \u00e0 visita\u00e7\u00e3o gratuita at\u00e9 2 de abril de 2023, sempre de ter\u00e7a a s\u00e1bado, das 11h \u00e0s 20h e aos domingos e feriados, das 11h \u00e0s 19h.<\/p>\n<p><strong>O Coletivo Mato Grosso<br \/>\n<\/strong><br \/>\nOs artistas Ruth Albernaz, Paty Wolff e T\u00e9o de Miranda j\u00e1 se conheciam de outros trabalhos, mas se organizaram enquanto coletivo especialmente para participar da exposi\u00e7\u00e3o \u201cUm s\u00e9culo de agora\u201d, desafiados pela curadora Naine Terena, que vislumbrava justamente a mistura de t\u00e9cnicas e trajet\u00f3rias de cada um deles para imprimir na proposta de contemporaneidade das artes e identidades mistas.<\/p>\n<p>O nome da instala\u00e7\u00e3o, por sua vez, \u00e9 uma express\u00e3o do linguajar cuiabano que denota espanto, estranhamento. E, para este trabalho, al\u00e9m da for\u00e7a da regionalidade, expande a proposta e se ressignifica diante de tantos \u2018agoras\u2019 poss\u00edveis e convida para a reflex\u00e3o da urg\u00eancia de se repensar as rela\u00e7\u00f5es humanas.<\/p>\n<p>Para compor a instala\u00e7\u00e3o \u2018Agora quando!?\u2019, agregaram saberes. \u201cO T\u00e9o, com a linguagem da fotografia e do audiovisual; a Ruth e eu com as pinturas\u201d, contextualiza Paty Wolff, acrescentando que as pe\u00e7as usadas foram propostas pelos tr\u00eas.<\/p>\n<p>A obra \u00e9 uma mesa posta, com pratos, copos, cumbucas e outros materiais que remetem \u00e0s artes mato-grossenses, como as cer\u00e2micas cuiabanas, bem como as signific\u00e2ncias de cada um do trio, a exemplo dos bancos, mem\u00f3rias de fam\u00edlia. Como explica Ruth Albernaz, trata-se de um trabalho desenvolvido \u201ca seis m\u00e3os, uma instala\u00e7\u00e3o \u00fanica, onde a gente mistura as nossas narrativas, as nossas materialidades\u201d.<\/p>\n<p>T\u00e9o de Miranda relembra que a ideia de releitura de uma \u2018mesa posta\u2019 surgiu em um almo\u00e7o que reuniu ele, Ruth e o escritor ind\u00edgena Ailton Krenak, um bate papo ao redor de uma mesa. Aquele momento permitiu a reflex\u00e3o sobre quantas manifesta\u00e7\u00f5es culturais h\u00e1 em reuni\u00f5es e no ato de alimentar-se. \u201cEst\u00e1vamos buscando formas de quebrar com essa l\u00f3gica destrutiva do capitalismo predat\u00f3rio e da utiliza\u00e7\u00e3o dos recursos naturais\u201d, prop\u00f5e o profissional do audiovisual.<\/p>\n<p>A instala\u00e7\u00e3o busca materializar as subjetividades dos tr\u00eas envolvidos e ultrapassa as t\u00e9cnicas de cada um: Ruth, uma artista-bi\u00f3loga cabocla; Paty, uma mulher preta; e T\u00e9o, muito pr\u00f3ximo das tem\u00e1ticas ambientais e dos povos ind\u00edgenas. \u201cMinha inf\u00e2ncia foi na zona rural e minha viv\u00eancia \u00e9 toda ancorada no conhecimento caboclo, dos saberes e pr\u00e1ticas daquele territ\u00f3rio n\u00e3o urbanizado\u201d, conta Ruth, enquanto que Paty acrescenta que levou para o trabalho a \u201cbusca pelas minhas ra\u00edzes, pela minha ancestralidade\u201d.<\/p>\n<p>Sobre esse encontro, T\u00e9o, que nasceu em S\u00e3o Paulo, mas mora em Mato Grosso desde os quatro anos de idade, resume que \u201co grupo \u00e9 uma jun\u00e7\u00e3o de pessoas de diferentes lugares que se encontraram em Mato Grosso\u201d, incluindo a Paty, de Rond\u00f4nia, \u201ccom exce\u00e7\u00e3o da Ruth, que sempre morou aqui\u201d.<\/p>\n","protected":false},"excerpt":{"rendered":"<p>Mato Grosso est\u00e1 fortemente representado na mais nova exposi\u00e7\u00e3o tempor\u00e1ria do Ita\u00fa Cultural, em S\u00e3o Paulo, aberta no \u00faltimo dia 17: \u201cUm s\u00e9culo de agora\u201d. A proposta da exposi\u00e7\u00e3o \u00e9 repensar a arte 100 anos depois da Semana de Arte Moderna. O Estado se faz presente compondo a curadoria, por meio da pesquisadora Naine Terena [&hellip;]<\/p>\n","protected":false},"author":2,"featured_media":5502,"comment_status":"closed","ping_status":"closed","sticky":false,"template":"","format":"standard","meta":{"iawp_total_views":0,"footnotes":""},"categories":[18],"tags":[],"class_list":["post-5501","post","type-post","status-publish","format-standard","has-post-thumbnail","hentry","category-cultura"],"yoast_head":"<!-- This site is optimized with the Yoast SEO plugin v27.3 - https:\/\/yoast.com\/product\/yoast-seo-wordpress\/ -->\n<title>\u201cUm s\u00e9culo de agora\u201d &#8902; Blog da Condessa<\/title>\n<meta name=\"robots\" content=\"index, follow, max-snippet:-1, max-image-preview:large, max-video-preview:-1\" \/>\n<link rel=\"canonical\" href=\"https:\/\/blogdacondessa.com.br\/blog\/cultura\/um-seculo-de-agora\/\" \/>\n<meta property=\"og:locale\" content=\"pt_BR\" \/>\n<meta property=\"og:type\" content=\"article\" \/>\n<meta property=\"og:title\" content=\"\u201cUm s\u00e9culo de agora\u201d &#8902; Blog da Condessa\" \/>\n<meta property=\"og:description\" content=\"Mato Grosso est\u00e1 fortemente representado na mais nova exposi\u00e7\u00e3o tempor\u00e1ria do Ita\u00fa Cultural, em S\u00e3o Paulo, aberta no \u00faltimo dia 17: \u201cUm s\u00e9culo de agora\u201d. A proposta da exposi\u00e7\u00e3o \u00e9 repensar a arte 100 anos depois da Semana de Arte Moderna. O Estado se faz presente compondo a curadoria, por meio da pesquisadora Naine Terena [&hellip;]\" \/>\n<meta property=\"og:url\" content=\"https:\/\/blogdacondessa.com.br\/blog\/cultura\/um-seculo-de-agora\/\" \/>\n<meta property=\"og:site_name\" content=\"Blog da Condessa\" \/>\n<meta property=\"article:published_time\" content=\"2022-11-22T09:00:35+00:00\" \/>\n<meta property=\"og:image\" content=\"https:\/\/blogdacondessa.com.br\/blog\/wp-content\/uploads\/2022\/11\/COLETIVO-MT.jpg\" \/>\n\t<meta property=\"og:image:width\" content=\"920\" \/>\n\t<meta property=\"og:image:height\" content=\"613\" \/>\n\t<meta property=\"og:image:type\" content=\"image\/jpeg\" \/>\n<meta name=\"author\" content=\"Blog da Condessa\" \/>\n<meta name=\"twitter:card\" content=\"summary_large_image\" \/>\n<meta name=\"twitter:label1\" content=\"Escrito por\" \/>\n\t<meta name=\"twitter:data1\" content=\"Blog da Condessa\" \/>\n\t<meta name=\"twitter:label2\" content=\"Est. tempo de leitura\" \/>\n\t<meta name=\"twitter:data2\" content=\"5 minutos\" \/>\n<script type=\"application\/ld+json\" class=\"yoast-schema-graph\">{\"@context\":\"https:\\\/\\\/schema.org\",\"@graph\":[{\"@type\":\"Article\",\"@id\":\"https:\\\/\\\/blogdacondessa.com.br\\\/blog\\\/cultura\\\/um-seculo-de-agora\\\/#article\",\"isPartOf\":{\"@id\":\"https:\\\/\\\/blogdacondessa.com.br\\\/blog\\\/cultura\\\/um-seculo-de-agora\\\/\"},\"author\":{\"name\":\"Blog da Condessa\",\"@id\":\"https:\\\/\\\/blogdacondessa.com.br\\\/blog\\\/#\\\/schema\\\/person\\\/1d667ff8b785195b568677489d266035\"},\"headline\":\"\u201cUm s\u00e9culo de agora\u201d\",\"datePublished\":\"2022-11-22T09:00:35+00:00\",\"mainEntityOfPage\":{\"@id\":\"https:\\\/\\\/blogdacondessa.com.br\\\/blog\\\/cultura\\\/um-seculo-de-agora\\\/\"},\"wordCount\":901,\"image\":{\"@id\":\"https:\\\/\\\/blogdacondessa.com.br\\\/blog\\\/cultura\\\/um-seculo-de-agora\\\/#primaryimage\"},\"thumbnailUrl\":\"https:\\\/\\\/blogdacondessa.com.br\\\/blog\\\/wp-content\\\/uploads\\\/2022\\\/11\\\/COLETIVO-MT.jpg\",\"articleSection\":[\"Cultura\"],\"inLanguage\":\"pt-BR\"},{\"@type\":\"WebPage\",\"@id\":\"https:\\\/\\\/blogdacondessa.com.br\\\/blog\\\/cultura\\\/um-seculo-de-agora\\\/\",\"url\":\"https:\\\/\\\/blogdacondessa.com.br\\\/blog\\\/cultura\\\/um-seculo-de-agora\\\/\",\"name\":\"\u201cUm s\u00e9culo de agora\u201d &#8902; Blog da Condessa\",\"isPartOf\":{\"@id\":\"https:\\\/\\\/blogdacondessa.com.br\\\/blog\\\/#website\"},\"primaryImageOfPage\":{\"@id\":\"https:\\\/\\\/blogdacondessa.com.br\\\/blog\\\/cultura\\\/um-seculo-de-agora\\\/#primaryimage\"},\"image\":{\"@id\":\"https:\\\/\\\/blogdacondessa.com.br\\\/blog\\\/cultura\\\/um-seculo-de-agora\\\/#primaryimage\"},\"thumbnailUrl\":\"https:\\\/\\\/blogdacondessa.com.br\\\/blog\\\/wp-content\\\/uploads\\\/2022\\\/11\\\/COLETIVO-MT.jpg\",\"datePublished\":\"2022-11-22T09:00:35+00:00\",\"author\":{\"@id\":\"https:\\\/\\\/blogdacondessa.com.br\\\/blog\\\/#\\\/schema\\\/person\\\/1d667ff8b785195b568677489d266035\"},\"breadcrumb\":{\"@id\":\"https:\\\/\\\/blogdacondessa.com.br\\\/blog\\\/cultura\\\/um-seculo-de-agora\\\/#breadcrumb\"},\"inLanguage\":\"pt-BR\",\"potentialAction\":[{\"@type\":\"ReadAction\",\"target\":[\"https:\\\/\\\/blogdacondessa.com.br\\\/blog\\\/cultura\\\/um-seculo-de-agora\\\/\"]}]},{\"@type\":\"ImageObject\",\"inLanguage\":\"pt-BR\",\"@id\":\"https:\\\/\\\/blogdacondessa.com.br\\\/blog\\\/cultura\\\/um-seculo-de-agora\\\/#primaryimage\",\"url\":\"https:\\\/\\\/blogdacondessa.com.br\\\/blog\\\/wp-content\\\/uploads\\\/2022\\\/11\\\/COLETIVO-MT.jpg\",\"contentUrl\":\"https:\\\/\\\/blogdacondessa.com.br\\\/blog\\\/wp-content\\\/uploads\\\/2022\\\/11\\\/COLETIVO-MT.jpg\",\"width\":920,\"height\":613,\"caption\":\"Foto: T\u00e9o de Miranda\"},{\"@type\":\"BreadcrumbList\",\"@id\":\"https:\\\/\\\/blogdacondessa.com.br\\\/blog\\\/cultura\\\/um-seculo-de-agora\\\/#breadcrumb\",\"itemListElement\":[{\"@type\":\"ListItem\",\"position\":1,\"name\":\"In\u00edcio\",\"item\":\"https:\\\/\\\/blogdacondessa.com.br\\\/blog\\\/\"},{\"@type\":\"ListItem\",\"position\":2,\"name\":\"\u201cUm s\u00e9culo de agora\u201d\"}]},{\"@type\":\"WebSite\",\"@id\":\"https:\\\/\\\/blogdacondessa.com.br\\\/blog\\\/#website\",\"url\":\"https:\\\/\\\/blogdacondessa.com.br\\\/blog\\\/\",\"name\":\"Blog da Condessa\",\"description\":\"Com Shirley de Souza O\u2019Campos\",\"potentialAction\":[{\"@type\":\"SearchAction\",\"target\":{\"@type\":\"EntryPoint\",\"urlTemplate\":\"https:\\\/\\\/blogdacondessa.com.br\\\/blog\\\/?s={search_term_string}\"},\"query-input\":{\"@type\":\"PropertyValueSpecification\",\"valueRequired\":true,\"valueName\":\"search_term_string\"}}],\"inLanguage\":\"pt-BR\"},{\"@type\":\"Person\",\"@id\":\"https:\\\/\\\/blogdacondessa.com.br\\\/blog\\\/#\\\/schema\\\/person\\\/1d667ff8b785195b568677489d266035\",\"name\":\"Blog da Condessa\",\"image\":{\"@type\":\"ImageObject\",\"inLanguage\":\"pt-BR\",\"@id\":\"https:\\\/\\\/secure.gravatar.com\\\/avatar\\\/377c0eb8b4ad2bfc25461b41564b5971e721ca34a57642868fc7b0c8ac7b52c5?s=96&d=mm&r=g\",\"url\":\"https:\\\/\\\/secure.gravatar.com\\\/avatar\\\/377c0eb8b4ad2bfc25461b41564b5971e721ca34a57642868fc7b0c8ac7b52c5?s=96&d=mm&r=g\",\"contentUrl\":\"https:\\\/\\\/secure.gravatar.com\\\/avatar\\\/377c0eb8b4ad2bfc25461b41564b5971e721ca34a57642868fc7b0c8ac7b52c5?s=96&d=mm&r=g\",\"caption\":\"Blog da Condessa\"},\"url\":\"https:\\\/\\\/blogdacondessa.com.br\\\/blog\\\/author\\\/beatriz\\\/\"}]}<\/script>\n<!-- \/ Yoast SEO plugin. -->","yoast_head_json":{"title":"\u201cUm s\u00e9culo de agora\u201d &#8902; Blog da Condessa","robots":{"index":"index","follow":"follow","max-snippet":"max-snippet:-1","max-image-preview":"max-image-preview:large","max-video-preview":"max-video-preview:-1"},"canonical":"https:\/\/blogdacondessa.com.br\/blog\/cultura\/um-seculo-de-agora\/","og_locale":"pt_BR","og_type":"article","og_title":"\u201cUm s\u00e9culo de agora\u201d &#8902; Blog da Condessa","og_description":"Mato Grosso est\u00e1 fortemente representado na mais nova exposi\u00e7\u00e3o tempor\u00e1ria do Ita\u00fa Cultural, em S\u00e3o Paulo, aberta no \u00faltimo dia 17: \u201cUm s\u00e9culo de agora\u201d. A proposta da exposi\u00e7\u00e3o \u00e9 repensar a arte 100 anos depois da Semana de Arte Moderna. O Estado se faz presente compondo a curadoria, por meio da pesquisadora Naine Terena [&hellip;]","og_url":"https:\/\/blogdacondessa.com.br\/blog\/cultura\/um-seculo-de-agora\/","og_site_name":"Blog da Condessa","article_published_time":"2022-11-22T09:00:35+00:00","og_image":[{"width":920,"height":613,"url":"https:\/\/blogdacondessa.com.br\/blog\/wp-content\/uploads\/2022\/11\/COLETIVO-MT.jpg","type":"image\/jpeg"}],"author":"Blog da Condessa","twitter_card":"summary_large_image","twitter_misc":{"Escrito por":"Blog da Condessa","Est. tempo de leitura":"5 minutos"},"schema":{"@context":"https:\/\/schema.org","@graph":[{"@type":"Article","@id":"https:\/\/blogdacondessa.com.br\/blog\/cultura\/um-seculo-de-agora\/#article","isPartOf":{"@id":"https:\/\/blogdacondessa.com.br\/blog\/cultura\/um-seculo-de-agora\/"},"author":{"name":"Blog da Condessa","@id":"https:\/\/blogdacondessa.com.br\/blog\/#\/schema\/person\/1d667ff8b785195b568677489d266035"},"headline":"\u201cUm s\u00e9culo de agora\u201d","datePublished":"2022-11-22T09:00:35+00:00","mainEntityOfPage":{"@id":"https:\/\/blogdacondessa.com.br\/blog\/cultura\/um-seculo-de-agora\/"},"wordCount":901,"image":{"@id":"https:\/\/blogdacondessa.com.br\/blog\/cultura\/um-seculo-de-agora\/#primaryimage"},"thumbnailUrl":"https:\/\/blogdacondessa.com.br\/blog\/wp-content\/uploads\/2022\/11\/COLETIVO-MT.jpg","articleSection":["Cultura"],"inLanguage":"pt-BR"},{"@type":"WebPage","@id":"https:\/\/blogdacondessa.com.br\/blog\/cultura\/um-seculo-de-agora\/","url":"https:\/\/blogdacondessa.com.br\/blog\/cultura\/um-seculo-de-agora\/","name":"\u201cUm s\u00e9culo de agora\u201d &#8902; Blog da Condessa","isPartOf":{"@id":"https:\/\/blogdacondessa.com.br\/blog\/#website"},"primaryImageOfPage":{"@id":"https:\/\/blogdacondessa.com.br\/blog\/cultura\/um-seculo-de-agora\/#primaryimage"},"image":{"@id":"https:\/\/blogdacondessa.com.br\/blog\/cultura\/um-seculo-de-agora\/#primaryimage"},"thumbnailUrl":"https:\/\/blogdacondessa.com.br\/blog\/wp-content\/uploads\/2022\/11\/COLETIVO-MT.jpg","datePublished":"2022-11-22T09:00:35+00:00","author":{"@id":"https:\/\/blogdacondessa.com.br\/blog\/#\/schema\/person\/1d667ff8b785195b568677489d266035"},"breadcrumb":{"@id":"https:\/\/blogdacondessa.com.br\/blog\/cultura\/um-seculo-de-agora\/#breadcrumb"},"inLanguage":"pt-BR","potentialAction":[{"@type":"ReadAction","target":["https:\/\/blogdacondessa.com.br\/blog\/cultura\/um-seculo-de-agora\/"]}]},{"@type":"ImageObject","inLanguage":"pt-BR","@id":"https:\/\/blogdacondessa.com.br\/blog\/cultura\/um-seculo-de-agora\/#primaryimage","url":"https:\/\/blogdacondessa.com.br\/blog\/wp-content\/uploads\/2022\/11\/COLETIVO-MT.jpg","contentUrl":"https:\/\/blogdacondessa.com.br\/blog\/wp-content\/uploads\/2022\/11\/COLETIVO-MT.jpg","width":920,"height":613,"caption":"Foto: T\u00e9o de Miranda"},{"@type":"BreadcrumbList","@id":"https:\/\/blogdacondessa.com.br\/blog\/cultura\/um-seculo-de-agora\/#breadcrumb","itemListElement":[{"@type":"ListItem","position":1,"name":"In\u00edcio","item":"https:\/\/blogdacondessa.com.br\/blog\/"},{"@type":"ListItem","position":2,"name":"\u201cUm s\u00e9culo de agora\u201d"}]},{"@type":"WebSite","@id":"https:\/\/blogdacondessa.com.br\/blog\/#website","url":"https:\/\/blogdacondessa.com.br\/blog\/","name":"Blog da Condessa","description":"Com Shirley de Souza O\u2019Campos","potentialAction":[{"@type":"SearchAction","target":{"@type":"EntryPoint","urlTemplate":"https:\/\/blogdacondessa.com.br\/blog\/?s={search_term_string}"},"query-input":{"@type":"PropertyValueSpecification","valueRequired":true,"valueName":"search_term_string"}}],"inLanguage":"pt-BR"},{"@type":"Person","@id":"https:\/\/blogdacondessa.com.br\/blog\/#\/schema\/person\/1d667ff8b785195b568677489d266035","name":"Blog da Condessa","image":{"@type":"ImageObject","inLanguage":"pt-BR","@id":"https:\/\/secure.gravatar.com\/avatar\/377c0eb8b4ad2bfc25461b41564b5971e721ca34a57642868fc7b0c8ac7b52c5?s=96&d=mm&r=g","url":"https:\/\/secure.gravatar.com\/avatar\/377c0eb8b4ad2bfc25461b41564b5971e721ca34a57642868fc7b0c8ac7b52c5?s=96&d=mm&r=g","contentUrl":"https:\/\/secure.gravatar.com\/avatar\/377c0eb8b4ad2bfc25461b41564b5971e721ca34a57642868fc7b0c8ac7b52c5?s=96&d=mm&r=g","caption":"Blog da Condessa"},"url":"https:\/\/blogdacondessa.com.br\/blog\/author\/beatriz\/"}]}},"_links":{"self":[{"href":"https:\/\/blogdacondessa.com.br\/blog\/wp-json\/wp\/v2\/posts\/5501","targetHints":{"allow":["GET"]}}],"collection":[{"href":"https:\/\/blogdacondessa.com.br\/blog\/wp-json\/wp\/v2\/posts"}],"about":[{"href":"https:\/\/blogdacondessa.com.br\/blog\/wp-json\/wp\/v2\/types\/post"}],"author":[{"embeddable":true,"href":"https:\/\/blogdacondessa.com.br\/blog\/wp-json\/wp\/v2\/users\/2"}],"replies":[{"embeddable":true,"href":"https:\/\/blogdacondessa.com.br\/blog\/wp-json\/wp\/v2\/comments?post=5501"}],"version-history":[{"count":0,"href":"https:\/\/blogdacondessa.com.br\/blog\/wp-json\/wp\/v2\/posts\/5501\/revisions"}],"wp:featuredmedia":[{"embeddable":true,"href":"https:\/\/blogdacondessa.com.br\/blog\/wp-json\/wp\/v2\/media\/5502"}],"wp:attachment":[{"href":"https:\/\/blogdacondessa.com.br\/blog\/wp-json\/wp\/v2\/media?parent=5501"}],"wp:term":[{"taxonomy":"category","embeddable":true,"href":"https:\/\/blogdacondessa.com.br\/blog\/wp-json\/wp\/v2\/categories?post=5501"},{"taxonomy":"post_tag","embeddable":true,"href":"https:\/\/blogdacondessa.com.br\/blog\/wp-json\/wp\/v2\/tags?post=5501"}],"curies":[{"name":"wp","href":"https:\/\/api.w.org\/{rel}","templated":true}]}}