{"id":5498,"date":"2022-11-22T05:00:43","date_gmt":"2022-11-22T09:00:43","guid":{"rendered":"http:\/\/blogdacondessa.com.br\/?p=5498"},"modified":"2022-11-22T08:24:29","modified_gmt":"2022-11-22T12:24:29","slug":"evento-agrega-moda-solidariedade-e-empreendedorismo","status":"publish","type":"post","link":"https:\/\/blogdacondessa.com.br\/blog\/moda\/evento-agrega-moda-solidariedade-e-empreendedorismo\/","title":{"rendered":"Evento agrega moda, solidariedade e empreendedorismo"},"content":{"rendered":"<p>No pr\u00f3ximo domingo, 27 de novembro, \u00e0s 19h30, no Hotel Hits Pantanal, acontece o Afro Fashion Day e Mulheres Que Fazem o Bem Sem Olhar a Quem. O evento contemplar\u00e1 desfiles com o melhor da moda mato-grossense e homenagens \u00e0s personalidades que se destacaram com seus projetos e neg\u00f3cios em 2022. A iniciativa \u00e9 do produtor de moda, Marcelo Rondon e do empres\u00e1rio Josu\u00e9 Miranda que se re\u00fanem para realiza\u00e7\u00e3o de uma grande noite solid\u00e1ria.<\/p>\n<p>Marcelo que atua na produ\u00e7\u00e3o de moda h\u00e1 mais de 30 anos, ter\u00e1 como convidado o estilista do estado da Bahia, Joel Souza, que apresentar\u00e1 sua cole\u00e7\u00e3o de moda recicl\u00e1vel, feita com material de descarte que se transformam nas m\u00e3os de experientes profissionais do mercado da sustentabilidade e dos cuidados com a natureza.\u00a0Para o empres\u00e1rio Josu\u00e9 Miranda, a proposta tamb\u00e9m \u00e9 homenagear mulheres que desempenham o papel fundamental na constru\u00e7\u00e3o da hist\u00f3ria do Estado com suas atua\u00e7\u00f5es em diversos setores, fomentando sua for\u00e7a para ampliar o campo de vis\u00e3o de outras mulheres para o mercado do empreendedorismo para que outras gera\u00e7\u00f5es possam se inspirar.<\/p>\n<p>O evento contar\u00e1 com a participa\u00e7\u00e3o de lojistas e marcas de Mato Grosso, atra\u00e7\u00f5es, shows e jantar que promete ser uma noite glamorosa para os convidados.<\/p>\n<p>A entrada ser\u00e1 2 kg de alimentos n\u00e3o perec\u00edveis, que ser\u00e3o destinados ao Hospital de C\u00e2ncer de Mato Grosso (HCan-MT) e um munic\u00edpio participante do Trof\u00e9u Mulheres que Fazem o Bem.<\/p>\n<p><strong>Servi\u00e7o:<\/strong><\/p>\n<p>Noite da Solidariedade &#8211; Mato Grosso Afro Fashion Day e Mulheres que Fazem o Bem Sem Olhar a Quem<\/p>\n<p>Quando: 27 de novembro (domingo)<\/p>\n<p>Local: Sal\u00e3o de Eventos do Hotel Hits Pantanal<\/p>\n<p>Hor\u00e1rio: 19:30h<\/p>\n<p>Informa\u00e7\u00f5es: (65)99988- 2934 &#8211; (65)33224-6910<\/p>\n<p>&nbsp;<\/p>\n","protected":false},"excerpt":{"rendered":"<p>No pr\u00f3ximo domingo, 27 de novembro, \u00e0s 19h30, no Hotel Hits Pantanal, acontece o Afro Fashion Day e Mulheres Que Fazem o Bem Sem Olhar a Quem. O evento contemplar\u00e1 desfiles com o melhor da moda mato-grossense e homenagens \u00e0s personalidades que se destacaram com seus projetos e neg\u00f3cios em 2022. A iniciativa \u00e9 do [&hellip;]<\/p>\n","protected":false},"author":2,"featured_media":5499,"comment_status":"closed","ping_status":"closed","sticky":false,"template":"","format":"standard","meta":{"iawp_total_views":1,"footnotes":""},"categories":[21],"tags":[],"class_list":["post-5498","post","type-post","status-publish","format-standard","has-post-thumbnail","hentry","category-moda"],"yoast_head":"<!-- This site is optimized with the Yoast SEO plugin v27.3 - https:\/\/yoast.com\/product\/yoast-seo-wordpress\/ -->\n<title>Evento agrega moda, solidariedade e empreendedorismo &#8902; Blog da Condessa<\/title>\n<meta name=\"robots\" content=\"index, follow, max-snippet:-1, max-image-preview:large, max-video-preview:-1\" \/>\n<link rel=\"canonical\" href=\"https:\/\/blogdacondessa.com.br\/blog\/moda\/evento-agrega-moda-solidariedade-e-empreendedorismo\/\" \/>\n<meta property=\"og:locale\" content=\"pt_BR\" \/>\n<meta property=\"og:type\" content=\"article\" \/>\n<meta property=\"og:title\" content=\"Evento agrega moda, solidariedade e empreendedorismo &#8902; Blog da Condessa\" \/>\n<meta property=\"og:description\" content=\"No pr\u00f3ximo domingo, 27 de novembro, \u00e0s 19h30, no Hotel Hits Pantanal, acontece o Afro Fashion Day e Mulheres Que Fazem o Bem Sem Olhar a Quem. O evento contemplar\u00e1 desfiles com o melhor da moda mato-grossense e homenagens \u00e0s personalidades que se destacaram com seus projetos e neg\u00f3cios em 2022. A iniciativa \u00e9 do [&hellip;]\" \/>\n<meta property=\"og:url\" content=\"https:\/\/blogdacondessa.com.br\/blog\/moda\/evento-agrega-moda-solidariedade-e-empreendedorismo\/\" \/>\n<meta property=\"og:site_name\" content=\"Blog da Condessa\" \/>\n<meta property=\"article:published_time\" content=\"2022-11-22T09:00:43+00:00\" \/>\n<meta property=\"article:modified_time\" content=\"2022-11-22T12:24:29+00:00\" \/>\n<meta property=\"og:image\" content=\"https:\/\/blogdacondessa.com.br\/blog\/wp-content\/uploads\/2022\/11\/afro-moda.jpeg\" \/>\n\t<meta property=\"og:image:width\" content=\"400\" \/>\n\t<meta property=\"og:image:height\" content=\"273\" \/>\n\t<meta property=\"og:image:type\" content=\"image\/jpeg\" \/>\n<meta name=\"author\" content=\"Blog da Condessa\" \/>\n<meta name=\"twitter:card\" content=\"summary_large_image\" \/>\n<meta name=\"twitter:label1\" content=\"Escrito por\" \/>\n\t<meta name=\"twitter:data1\" content=\"Blog da Condessa\" \/>\n\t<meta name=\"twitter:label2\" content=\"Est. tempo de leitura\" \/>\n\t<meta name=\"twitter:data2\" content=\"2 minutos\" \/>\n<script type=\"application\/ld+json\" class=\"yoast-schema-graph\">{\"@context\":\"https:\\\/\\\/schema.org\",\"@graph\":[{\"@type\":\"Article\",\"@id\":\"https:\\\/\\\/blogdacondessa.com.br\\\/blog\\\/moda\\\/evento-agrega-moda-solidariedade-e-empreendedorismo\\\/#article\",\"isPartOf\":{\"@id\":\"https:\\\/\\\/blogdacondessa.com.br\\\/blog\\\/moda\\\/evento-agrega-moda-solidariedade-e-empreendedorismo\\\/\"},\"author\":{\"name\":\"Blog da Condessa\",\"@id\":\"https:\\\/\\\/blogdacondessa.com.br\\\/blog\\\/#\\\/schema\\\/person\\\/1d667ff8b785195b568677489d266035\"},\"headline\":\"Evento agrega moda, solidariedade e empreendedorismo\",\"datePublished\":\"2022-11-22T09:00:43+00:00\",\"dateModified\":\"2022-11-22T12:24:29+00:00\",\"mainEntityOfPage\":{\"@id\":\"https:\\\/\\\/blogdacondessa.com.br\\\/blog\\\/moda\\\/evento-agrega-moda-solidariedade-e-empreendedorismo\\\/\"},\"wordCount\":306,\"image\":{\"@id\":\"https:\\\/\\\/blogdacondessa.com.br\\\/blog\\\/moda\\\/evento-agrega-moda-solidariedade-e-empreendedorismo\\\/#primaryimage\"},\"thumbnailUrl\":\"https:\\\/\\\/blogdacondessa.com.br\\\/blog\\\/wp-content\\\/uploads\\\/2022\\\/11\\\/afro-moda.jpeg\",\"articleSection\":[\"Moda\"],\"inLanguage\":\"pt-BR\"},{\"@type\":\"WebPage\",\"@id\":\"https:\\\/\\\/blogdacondessa.com.br\\\/blog\\\/moda\\\/evento-agrega-moda-solidariedade-e-empreendedorismo\\\/\",\"url\":\"https:\\\/\\\/blogdacondessa.com.br\\\/blog\\\/moda\\\/evento-agrega-moda-solidariedade-e-empreendedorismo\\\/\",\"name\":\"Evento agrega moda, solidariedade e empreendedorismo &#8902; Blog da Condessa\",\"isPartOf\":{\"@id\":\"https:\\\/\\\/blogdacondessa.com.br\\\/blog\\\/#website\"},\"primaryImageOfPage\":{\"@id\":\"https:\\\/\\\/blogdacondessa.com.br\\\/blog\\\/moda\\\/evento-agrega-moda-solidariedade-e-empreendedorismo\\\/#primaryimage\"},\"image\":{\"@id\":\"https:\\\/\\\/blogdacondessa.com.br\\\/blog\\\/moda\\\/evento-agrega-moda-solidariedade-e-empreendedorismo\\\/#primaryimage\"},\"thumbnailUrl\":\"https:\\\/\\\/blogdacondessa.com.br\\\/blog\\\/wp-content\\\/uploads\\\/2022\\\/11\\\/afro-moda.jpeg\",\"datePublished\":\"2022-11-22T09:00:43+00:00\",\"dateModified\":\"2022-11-22T12:24:29+00:00\",\"author\":{\"@id\":\"https:\\\/\\\/blogdacondessa.com.br\\\/blog\\\/#\\\/schema\\\/person\\\/1d667ff8b785195b568677489d266035\"},\"breadcrumb\":{\"@id\":\"https:\\\/\\\/blogdacondessa.com.br\\\/blog\\\/moda\\\/evento-agrega-moda-solidariedade-e-empreendedorismo\\\/#breadcrumb\"},\"inLanguage\":\"pt-BR\",\"potentialAction\":[{\"@type\":\"ReadAction\",\"target\":[\"https:\\\/\\\/blogdacondessa.com.br\\\/blog\\\/moda\\\/evento-agrega-moda-solidariedade-e-empreendedorismo\\\/\"]}]},{\"@type\":\"ImageObject\",\"inLanguage\":\"pt-BR\",\"@id\":\"https:\\\/\\\/blogdacondessa.com.br\\\/blog\\\/moda\\\/evento-agrega-moda-solidariedade-e-empreendedorismo\\\/#primaryimage\",\"url\":\"https:\\\/\\\/blogdacondessa.com.br\\\/blog\\\/wp-content\\\/uploads\\\/2022\\\/11\\\/afro-moda.jpeg\",\"contentUrl\":\"https:\\\/\\\/blogdacondessa.com.br\\\/blog\\\/wp-content\\\/uploads\\\/2022\\\/11\\\/afro-moda.jpeg\",\"width\":400,\"height\":273},{\"@type\":\"BreadcrumbList\",\"@id\":\"https:\\\/\\\/blogdacondessa.com.br\\\/blog\\\/moda\\\/evento-agrega-moda-solidariedade-e-empreendedorismo\\\/#breadcrumb\",\"itemListElement\":[{\"@type\":\"ListItem\",\"position\":1,\"name\":\"In\u00edcio\",\"item\":\"https:\\\/\\\/blogdacondessa.com.br\\\/blog\\\/\"},{\"@type\":\"ListItem\",\"position\":2,\"name\":\"Evento agrega moda, solidariedade e empreendedorismo\"}]},{\"@type\":\"WebSite\",\"@id\":\"https:\\\/\\\/blogdacondessa.com.br\\\/blog\\\/#website\",\"url\":\"https:\\\/\\\/blogdacondessa.com.br\\\/blog\\\/\",\"name\":\"Blog da Condessa\",\"description\":\"Com Shirley de Souza O\u2019Campos\",\"potentialAction\":[{\"@type\":\"SearchAction\",\"target\":{\"@type\":\"EntryPoint\",\"urlTemplate\":\"https:\\\/\\\/blogdacondessa.com.br\\\/blog\\\/?s={search_term_string}\"},\"query-input\":{\"@type\":\"PropertyValueSpecification\",\"valueRequired\":true,\"valueName\":\"search_term_string\"}}],\"inLanguage\":\"pt-BR\"},{\"@type\":\"Person\",\"@id\":\"https:\\\/\\\/blogdacondessa.com.br\\\/blog\\\/#\\\/schema\\\/person\\\/1d667ff8b785195b568677489d266035\",\"name\":\"Blog da Condessa\",\"image\":{\"@type\":\"ImageObject\",\"inLanguage\":\"pt-BR\",\"@id\":\"https:\\\/\\\/secure.gravatar.com\\\/avatar\\\/377c0eb8b4ad2bfc25461b41564b5971e721ca34a57642868fc7b0c8ac7b52c5?s=96&d=mm&r=g\",\"url\":\"https:\\\/\\\/secure.gravatar.com\\\/avatar\\\/377c0eb8b4ad2bfc25461b41564b5971e721ca34a57642868fc7b0c8ac7b52c5?s=96&d=mm&r=g\",\"contentUrl\":\"https:\\\/\\\/secure.gravatar.com\\\/avatar\\\/377c0eb8b4ad2bfc25461b41564b5971e721ca34a57642868fc7b0c8ac7b52c5?s=96&d=mm&r=g\",\"caption\":\"Blog da Condessa\"},\"url\":\"https:\\\/\\\/blogdacondessa.com.br\\\/blog\\\/author\\\/beatriz\\\/\"}]}<\/script>\n<!-- \/ Yoast SEO plugin. -->","yoast_head_json":{"title":"Evento agrega moda, solidariedade e empreendedorismo &#8902; Blog da Condessa","robots":{"index":"index","follow":"follow","max-snippet":"max-snippet:-1","max-image-preview":"max-image-preview:large","max-video-preview":"max-video-preview:-1"},"canonical":"https:\/\/blogdacondessa.com.br\/blog\/moda\/evento-agrega-moda-solidariedade-e-empreendedorismo\/","og_locale":"pt_BR","og_type":"article","og_title":"Evento agrega moda, solidariedade e empreendedorismo &#8902; Blog da Condessa","og_description":"No pr\u00f3ximo domingo, 27 de novembro, \u00e0s 19h30, no Hotel Hits Pantanal, acontece o Afro Fashion Day e Mulheres Que Fazem o Bem Sem Olhar a Quem. O evento contemplar\u00e1 desfiles com o melhor da moda mato-grossense e homenagens \u00e0s personalidades que se destacaram com seus projetos e neg\u00f3cios em 2022. A iniciativa \u00e9 do [&hellip;]","og_url":"https:\/\/blogdacondessa.com.br\/blog\/moda\/evento-agrega-moda-solidariedade-e-empreendedorismo\/","og_site_name":"Blog da Condessa","article_published_time":"2022-11-22T09:00:43+00:00","article_modified_time":"2022-11-22T12:24:29+00:00","og_image":[{"width":400,"height":273,"url":"https:\/\/blogdacondessa.com.br\/blog\/wp-content\/uploads\/2022\/11\/afro-moda.jpeg","type":"image\/jpeg"}],"author":"Blog da Condessa","twitter_card":"summary_large_image","twitter_misc":{"Escrito por":"Blog da Condessa","Est. tempo de leitura":"2 minutos"},"schema":{"@context":"https:\/\/schema.org","@graph":[{"@type":"Article","@id":"https:\/\/blogdacondessa.com.br\/blog\/moda\/evento-agrega-moda-solidariedade-e-empreendedorismo\/#article","isPartOf":{"@id":"https:\/\/blogdacondessa.com.br\/blog\/moda\/evento-agrega-moda-solidariedade-e-empreendedorismo\/"},"author":{"name":"Blog da Condessa","@id":"https:\/\/blogdacondessa.com.br\/blog\/#\/schema\/person\/1d667ff8b785195b568677489d266035"},"headline":"Evento agrega moda, solidariedade e empreendedorismo","datePublished":"2022-11-22T09:00:43+00:00","dateModified":"2022-11-22T12:24:29+00:00","mainEntityOfPage":{"@id":"https:\/\/blogdacondessa.com.br\/blog\/moda\/evento-agrega-moda-solidariedade-e-empreendedorismo\/"},"wordCount":306,"image":{"@id":"https:\/\/blogdacondessa.com.br\/blog\/moda\/evento-agrega-moda-solidariedade-e-empreendedorismo\/#primaryimage"},"thumbnailUrl":"https:\/\/blogdacondessa.com.br\/blog\/wp-content\/uploads\/2022\/11\/afro-moda.jpeg","articleSection":["Moda"],"inLanguage":"pt-BR"},{"@type":"WebPage","@id":"https:\/\/blogdacondessa.com.br\/blog\/moda\/evento-agrega-moda-solidariedade-e-empreendedorismo\/","url":"https:\/\/blogdacondessa.com.br\/blog\/moda\/evento-agrega-moda-solidariedade-e-empreendedorismo\/","name":"Evento agrega moda, solidariedade e empreendedorismo &#8902; Blog da Condessa","isPartOf":{"@id":"https:\/\/blogdacondessa.com.br\/blog\/#website"},"primaryImageOfPage":{"@id":"https:\/\/blogdacondessa.com.br\/blog\/moda\/evento-agrega-moda-solidariedade-e-empreendedorismo\/#primaryimage"},"image":{"@id":"https:\/\/blogdacondessa.com.br\/blog\/moda\/evento-agrega-moda-solidariedade-e-empreendedorismo\/#primaryimage"},"thumbnailUrl":"https:\/\/blogdacondessa.com.br\/blog\/wp-content\/uploads\/2022\/11\/afro-moda.jpeg","datePublished":"2022-11-22T09:00:43+00:00","dateModified":"2022-11-22T12:24:29+00:00","author":{"@id":"https:\/\/blogdacondessa.com.br\/blog\/#\/schema\/person\/1d667ff8b785195b568677489d266035"},"breadcrumb":{"@id":"https:\/\/blogdacondessa.com.br\/blog\/moda\/evento-agrega-moda-solidariedade-e-empreendedorismo\/#breadcrumb"},"inLanguage":"pt-BR","potentialAction":[{"@type":"ReadAction","target":["https:\/\/blogdacondessa.com.br\/blog\/moda\/evento-agrega-moda-solidariedade-e-empreendedorismo\/"]}]},{"@type":"ImageObject","inLanguage":"pt-BR","@id":"https:\/\/blogdacondessa.com.br\/blog\/moda\/evento-agrega-moda-solidariedade-e-empreendedorismo\/#primaryimage","url":"https:\/\/blogdacondessa.com.br\/blog\/wp-content\/uploads\/2022\/11\/afro-moda.jpeg","contentUrl":"https:\/\/blogdacondessa.com.br\/blog\/wp-content\/uploads\/2022\/11\/afro-moda.jpeg","width":400,"height":273},{"@type":"BreadcrumbList","@id":"https:\/\/blogdacondessa.com.br\/blog\/moda\/evento-agrega-moda-solidariedade-e-empreendedorismo\/#breadcrumb","itemListElement":[{"@type":"ListItem","position":1,"name":"In\u00edcio","item":"https:\/\/blogdacondessa.com.br\/blog\/"},{"@type":"ListItem","position":2,"name":"Evento agrega moda, solidariedade e empreendedorismo"}]},{"@type":"WebSite","@id":"https:\/\/blogdacondessa.com.br\/blog\/#website","url":"https:\/\/blogdacondessa.com.br\/blog\/","name":"Blog da Condessa","description":"Com Shirley de Souza O\u2019Campos","potentialAction":[{"@type":"SearchAction","target":{"@type":"EntryPoint","urlTemplate":"https:\/\/blogdacondessa.com.br\/blog\/?s={search_term_string}"},"query-input":{"@type":"PropertyValueSpecification","valueRequired":true,"valueName":"search_term_string"}}],"inLanguage":"pt-BR"},{"@type":"Person","@id":"https:\/\/blogdacondessa.com.br\/blog\/#\/schema\/person\/1d667ff8b785195b568677489d266035","name":"Blog da Condessa","image":{"@type":"ImageObject","inLanguage":"pt-BR","@id":"https:\/\/secure.gravatar.com\/avatar\/377c0eb8b4ad2bfc25461b41564b5971e721ca34a57642868fc7b0c8ac7b52c5?s=96&d=mm&r=g","url":"https:\/\/secure.gravatar.com\/avatar\/377c0eb8b4ad2bfc25461b41564b5971e721ca34a57642868fc7b0c8ac7b52c5?s=96&d=mm&r=g","contentUrl":"https:\/\/secure.gravatar.com\/avatar\/377c0eb8b4ad2bfc25461b41564b5971e721ca34a57642868fc7b0c8ac7b52c5?s=96&d=mm&r=g","caption":"Blog da Condessa"},"url":"https:\/\/blogdacondessa.com.br\/blog\/author\/beatriz\/"}]}},"_links":{"self":[{"href":"https:\/\/blogdacondessa.com.br\/blog\/wp-json\/wp\/v2\/posts\/5498","targetHints":{"allow":["GET"]}}],"collection":[{"href":"https:\/\/blogdacondessa.com.br\/blog\/wp-json\/wp\/v2\/posts"}],"about":[{"href":"https:\/\/blogdacondessa.com.br\/blog\/wp-json\/wp\/v2\/types\/post"}],"author":[{"embeddable":true,"href":"https:\/\/blogdacondessa.com.br\/blog\/wp-json\/wp\/v2\/users\/2"}],"replies":[{"embeddable":true,"href":"https:\/\/blogdacondessa.com.br\/blog\/wp-json\/wp\/v2\/comments?post=5498"}],"version-history":[{"count":0,"href":"https:\/\/blogdacondessa.com.br\/blog\/wp-json\/wp\/v2\/posts\/5498\/revisions"}],"wp:featuredmedia":[{"embeddable":true,"href":"https:\/\/blogdacondessa.com.br\/blog\/wp-json\/wp\/v2\/media\/5499"}],"wp:attachment":[{"href":"https:\/\/blogdacondessa.com.br\/blog\/wp-json\/wp\/v2\/media?parent=5498"}],"wp:term":[{"taxonomy":"category","embeddable":true,"href":"https:\/\/blogdacondessa.com.br\/blog\/wp-json\/wp\/v2\/categories?post=5498"},{"taxonomy":"post_tag","embeddable":true,"href":"https:\/\/blogdacondessa.com.br\/blog\/wp-json\/wp\/v2\/tags?post=5498"}],"curies":[{"name":"wp","href":"https:\/\/api.w.org\/{rel}","templated":true}]}}