{"id":5480,"date":"2022-11-19T05:00:32","date_gmt":"2022-11-19T09:00:32","guid":{"rendered":"http:\/\/blogdacondessa.com.br\/?p=5480"},"modified":"2022-11-18T18:58:07","modified_gmt":"2022-11-18T22:58:07","slug":"os-fantasticos-do-crossfit","status":"publish","type":"post","link":"https:\/\/blogdacondessa.com.br\/blog\/esporte\/os-fantasticos-do-crossfit\/","title":{"rendered":"Os fant\u00e1sticos do crossfit"},"content":{"rendered":"<p>Marly Dias, 69 anos, procurou um box de crossfit para se socializar. S\u00e9rgio Ciquini, 48 anos, queria ser mais independente nas tarefas do dia a dia e Josenir Benedito da Costa, 52 anos, decidiu retomar a vida depois de um acidente traum\u00e1tico. Motivos diferentes, um esporte em comum e, agora, juntos em um desafio.<\/p>\n<p>O grupo, que \u00e9 improv\u00e1vel aos olhos de quem n\u00e3o vivencia o esporte, j\u00e1 entra na Arena Pantanal, neste s\u00e1bado (19) e domingo (20), para competir no Campeonato Regional da modalidade como vencedores. Devido \u00e0s limita\u00e7\u00f5es f\u00edsicas de cada um, eles ser\u00e3o colocados \u00e0 prova junto com os demais e far\u00e3o os movimentos exigidos de forma adaptada.<\/p>\n<p>S\u00f3 de pensar, Marly diz que sente um frio na barriga. Ela nunca participou de uma competi\u00e7\u00e3o esportiva na vida e se aproximou da atividade porque passava por uma forte depress\u00e3o e precisava se socializar.<\/p>\n<p>\u201cDesde o primeiro dia de treino eu me senti bem e acolhida. O pessoal do B.box foi muito legal comigo e confesso que, no come\u00e7o desta hist\u00f3ria de competi\u00e7\u00e3o, eu n\u00e3o queria ir n\u00e3o. Mas o Claudio (coach) disse que era para ser divertido e eu podia ficar tranquila. Agora, estou pronta para dar o melhor\u201d, avalia a atleta iniciante e master ao mesmo tempo.<\/p>\n<p>Outro que tamb\u00e9m \u00e9 competidor iniciante \u00e9 S\u00e9rgio. Ele \u00e9 cadeirante e perdeu o movimento das pernas ap\u00f3s contrair poliomielite, conhecida como paralisia infantil, quando tinha 9 meses. Desde ent\u00e3o, se movimenta com o aux\u00edlio de muletas e cadeira de rodas.<\/p>\n<p>\u201cEu sempre quis fazer algo com peso para fortalecer os bra\u00e7os. Eles s\u00e3o a \u00fanica forma de eu me movimentar. A\u00ed, eu sempre passava na frente da academia e cumprimentava o professor. At\u00e9 que um dia ele me abordou e perguntou se eu n\u00e3o queria fazer uma aula experimental. Eu fiz e n\u00e3o sai mais daqui\u201d, recorda S\u00e9rgio.<\/p>\n<p>O terceiro competidor e mais experiente do grupo \u00e9 Josenir. Ele traz a frente do desempenho quatro pilares: resili\u00eancia, disciplina, foco e vida que segue. Ap\u00f3s ser v\u00edtima de um acidente de tr\u00e2nsito, o atleta perdeu parte do bra\u00e7o esquerdo.<\/p>\n<p>Naquela \u00e9poca, j\u00e1 treinava crossfit e, ao inv\u00e9s de se afastar da atividade, se aproximou. Em menos de seis meses estava no primeiro campeonato da modalidade e, este ano, vem como capit\u00e3o da equipe por conta da experi\u00eancia.<\/p>\n<p>\u201cEu s\u00f3 tenho a aplaudir os meus colegas. Eles podiam estar sentados em casa e est\u00e3o aqui. Sem lamenta\u00e7\u00e3o e vivendo. Para a competi\u00e7\u00e3o, aconselho calma e nada de nervosismo. Porque fazer o movimento afobado pode dar no rep (repeti\u00e7\u00e3o n\u00e3o contada) e perdermos tempo\u201d, aconselha Josenir.<\/p>\n<p><strong>\u00a0Coach diz que crossfit inclusivo \u00e9 um sonho<\/strong><\/p>\n<p>O educador f\u00edsico e coach do B.box, Claudionor Bulba, diz que sempre sonhou em ter um time adaptado porque acredita no poder inclusivo da modalidade. Na vis\u00e3o dele, existe ainda muito preconceito e este sentimento precisa ser quebrado com experi\u00eancias exitosas.<\/p>\n<p>Quando viu S\u00e9rgio pela primeira vez, passando na frente do box, ele cumprimentou e obteve a resposta. Depois viu que os cumprimentos eram constantes e percebeu uma certa curiosidade por parte do futuro atleta. At\u00e9 que um dia, tomou coragem e resolveu fazer a abordagem.<\/p>\n<p>\u201cEu n\u00e3o queria parecer hostil, ent\u00e3o parei ele com jeito e ofereci uma aula experimental e depois uma bolsa. Ele logo me surpreendeu com a dedica\u00e7\u00e3o e resultados. Agora, evolu\u00edmos cada dia mais\u201d, afirma.<\/p>\n<p>O processo de adapta\u00e7\u00e3o de S\u00e9rgio exigiu muito estudo por parte do educador f\u00edsico, al\u00e9m de adapta\u00e7\u00f5es em equipamentos. Um trabalho que ainda n\u00e3o acabou e segue uma din\u00e2mica acelerada e proporcional \u00e0 moderniza\u00e7\u00e3o constante da modalidade.<\/p>\n<p>Em seguida, outras pessoas com limita\u00e7\u00f5es ou em recupera\u00e7\u00e3o de les\u00e3o foram aparecendo. Entre eles idosos, que antes nem pensavam em trabalhar com peso.<\/p>\n<p>\u201cMeu pr\u00f3ximo passo ser\u00e1 aprender libras. Meu sonho \u00e9 ter o box mais inclusivo do Brasil\u201d, conclui.<\/p>\n","protected":false},"excerpt":{"rendered":"<p>Marly Dias, 69 anos, procurou um box de crossfit para se socializar. S\u00e9rgio Ciquini, 48 anos, queria ser mais independente nas tarefas do dia a dia e Josenir Benedito da Costa, 52 anos, decidiu retomar a vida depois de um acidente traum\u00e1tico. Motivos diferentes, um esporte em comum e, agora, juntos em um desafio. O [&hellip;]<\/p>\n","protected":false},"author":2,"featured_media":5481,"comment_status":"closed","ping_status":"closed","sticky":false,"template":"","format":"standard","meta":{"iawp_total_views":2,"footnotes":""},"categories":[19],"tags":[],"class_list":["post-5480","post","type-post","status-publish","format-standard","has-post-thumbnail","hentry","category-esporte"],"yoast_head":"<!-- This site is optimized with the Yoast SEO plugin v27.3 - https:\/\/yoast.com\/product\/yoast-seo-wordpress\/ -->\n<title>Os fant\u00e1sticos do crossfit &#8902; Blog da Condessa<\/title>\n<meta name=\"robots\" content=\"index, follow, max-snippet:-1, max-image-preview:large, max-video-preview:-1\" \/>\n<link rel=\"canonical\" href=\"https:\/\/blogdacondessa.com.br\/blog\/esporte\/os-fantasticos-do-crossfit\/\" \/>\n<meta property=\"og:locale\" content=\"pt_BR\" \/>\n<meta property=\"og:type\" content=\"article\" \/>\n<meta property=\"og:title\" content=\"Os fant\u00e1sticos do crossfit &#8902; Blog da Condessa\" \/>\n<meta property=\"og:description\" content=\"Marly Dias, 69 anos, procurou um box de crossfit para se socializar. S\u00e9rgio Ciquini, 48 anos, queria ser mais independente nas tarefas do dia a dia e Josenir Benedito da Costa, 52 anos, decidiu retomar a vida depois de um acidente traum\u00e1tico. Motivos diferentes, um esporte em comum e, agora, juntos em um desafio. O [&hellip;]\" \/>\n<meta property=\"og:url\" content=\"https:\/\/blogdacondessa.com.br\/blog\/esporte\/os-fantasticos-do-crossfit\/\" \/>\n<meta property=\"og:site_name\" content=\"Blog da Condessa\" \/>\n<meta property=\"article:published_time\" content=\"2022-11-19T09:00:32+00:00\" \/>\n<meta property=\"og:image\" content=\"https:\/\/blogdacondessa.com.br\/blog\/wp-content\/uploads\/2022\/11\/Crossfiteiro-Sergio-paraolimpico-5.jpeg\" \/>\n\t<meta property=\"og:image:width\" content=\"768\" \/>\n\t<meta property=\"og:image:height\" content=\"1024\" \/>\n\t<meta property=\"og:image:type\" content=\"image\/jpeg\" \/>\n<meta name=\"author\" content=\"Blog da Condessa\" \/>\n<meta name=\"twitter:card\" content=\"summary_large_image\" \/>\n<meta name=\"twitter:label1\" content=\"Escrito por\" \/>\n\t<meta name=\"twitter:data1\" content=\"Blog da Condessa\" \/>\n\t<meta name=\"twitter:label2\" content=\"Est. tempo de leitura\" \/>\n\t<meta name=\"twitter:data2\" content=\"4 minutos\" \/>\n<script type=\"application\/ld+json\" class=\"yoast-schema-graph\">{\"@context\":\"https:\\\/\\\/schema.org\",\"@graph\":[{\"@type\":\"Article\",\"@id\":\"https:\\\/\\\/blogdacondessa.com.br\\\/blog\\\/esporte\\\/os-fantasticos-do-crossfit\\\/#article\",\"isPartOf\":{\"@id\":\"https:\\\/\\\/blogdacondessa.com.br\\\/blog\\\/esporte\\\/os-fantasticos-do-crossfit\\\/\"},\"author\":{\"name\":\"Blog da Condessa\",\"@id\":\"https:\\\/\\\/blogdacondessa.com.br\\\/blog\\\/#\\\/schema\\\/person\\\/1d667ff8b785195b568677489d266035\"},\"headline\":\"Os fant\u00e1sticos do crossfit\",\"datePublished\":\"2022-11-19T09:00:32+00:00\",\"mainEntityOfPage\":{\"@id\":\"https:\\\/\\\/blogdacondessa.com.br\\\/blog\\\/esporte\\\/os-fantasticos-do-crossfit\\\/\"},\"wordCount\":692,\"image\":{\"@id\":\"https:\\\/\\\/blogdacondessa.com.br\\\/blog\\\/esporte\\\/os-fantasticos-do-crossfit\\\/#primaryimage\"},\"thumbnailUrl\":\"https:\\\/\\\/blogdacondessa.com.br\\\/blog\\\/wp-content\\\/uploads\\\/2022\\\/11\\\/Crossfiteiro-Sergio-paraolimpico-5.jpeg\",\"articleSection\":[\"Esporte\"],\"inLanguage\":\"pt-BR\"},{\"@type\":\"WebPage\",\"@id\":\"https:\\\/\\\/blogdacondessa.com.br\\\/blog\\\/esporte\\\/os-fantasticos-do-crossfit\\\/\",\"url\":\"https:\\\/\\\/blogdacondessa.com.br\\\/blog\\\/esporte\\\/os-fantasticos-do-crossfit\\\/\",\"name\":\"Os fant\u00e1sticos do crossfit &#8902; Blog da Condessa\",\"isPartOf\":{\"@id\":\"https:\\\/\\\/blogdacondessa.com.br\\\/blog\\\/#website\"},\"primaryImageOfPage\":{\"@id\":\"https:\\\/\\\/blogdacondessa.com.br\\\/blog\\\/esporte\\\/os-fantasticos-do-crossfit\\\/#primaryimage\"},\"image\":{\"@id\":\"https:\\\/\\\/blogdacondessa.com.br\\\/blog\\\/esporte\\\/os-fantasticos-do-crossfit\\\/#primaryimage\"},\"thumbnailUrl\":\"https:\\\/\\\/blogdacondessa.com.br\\\/blog\\\/wp-content\\\/uploads\\\/2022\\\/11\\\/Crossfiteiro-Sergio-paraolimpico-5.jpeg\",\"datePublished\":\"2022-11-19T09:00:32+00:00\",\"author\":{\"@id\":\"https:\\\/\\\/blogdacondessa.com.br\\\/blog\\\/#\\\/schema\\\/person\\\/1d667ff8b785195b568677489d266035\"},\"breadcrumb\":{\"@id\":\"https:\\\/\\\/blogdacondessa.com.br\\\/blog\\\/esporte\\\/os-fantasticos-do-crossfit\\\/#breadcrumb\"},\"inLanguage\":\"pt-BR\",\"potentialAction\":[{\"@type\":\"ReadAction\",\"target\":[\"https:\\\/\\\/blogdacondessa.com.br\\\/blog\\\/esporte\\\/os-fantasticos-do-crossfit\\\/\"]}]},{\"@type\":\"ImageObject\",\"inLanguage\":\"pt-BR\",\"@id\":\"https:\\\/\\\/blogdacondessa.com.br\\\/blog\\\/esporte\\\/os-fantasticos-do-crossfit\\\/#primaryimage\",\"url\":\"https:\\\/\\\/blogdacondessa.com.br\\\/blog\\\/wp-content\\\/uploads\\\/2022\\\/11\\\/Crossfiteiro-Sergio-paraolimpico-5.jpeg\",\"contentUrl\":\"https:\\\/\\\/blogdacondessa.com.br\\\/blog\\\/wp-content\\\/uploads\\\/2022\\\/11\\\/Crossfiteiro-Sergio-paraolimpico-5.jpeg\",\"width\":768,\"height\":1024},{\"@type\":\"BreadcrumbList\",\"@id\":\"https:\\\/\\\/blogdacondessa.com.br\\\/blog\\\/esporte\\\/os-fantasticos-do-crossfit\\\/#breadcrumb\",\"itemListElement\":[{\"@type\":\"ListItem\",\"position\":1,\"name\":\"In\u00edcio\",\"item\":\"https:\\\/\\\/blogdacondessa.com.br\\\/blog\\\/\"},{\"@type\":\"ListItem\",\"position\":2,\"name\":\"Os fant\u00e1sticos do crossfit\"}]},{\"@type\":\"WebSite\",\"@id\":\"https:\\\/\\\/blogdacondessa.com.br\\\/blog\\\/#website\",\"url\":\"https:\\\/\\\/blogdacondessa.com.br\\\/blog\\\/\",\"name\":\"Blog da Condessa\",\"description\":\"Com Shirley de Souza O\u2019Campos\",\"potentialAction\":[{\"@type\":\"SearchAction\",\"target\":{\"@type\":\"EntryPoint\",\"urlTemplate\":\"https:\\\/\\\/blogdacondessa.com.br\\\/blog\\\/?s={search_term_string}\"},\"query-input\":{\"@type\":\"PropertyValueSpecification\",\"valueRequired\":true,\"valueName\":\"search_term_string\"}}],\"inLanguage\":\"pt-BR\"},{\"@type\":\"Person\",\"@id\":\"https:\\\/\\\/blogdacondessa.com.br\\\/blog\\\/#\\\/schema\\\/person\\\/1d667ff8b785195b568677489d266035\",\"name\":\"Blog da Condessa\",\"image\":{\"@type\":\"ImageObject\",\"inLanguage\":\"pt-BR\",\"@id\":\"https:\\\/\\\/secure.gravatar.com\\\/avatar\\\/377c0eb8b4ad2bfc25461b41564b5971e721ca34a57642868fc7b0c8ac7b52c5?s=96&d=mm&r=g\",\"url\":\"https:\\\/\\\/secure.gravatar.com\\\/avatar\\\/377c0eb8b4ad2bfc25461b41564b5971e721ca34a57642868fc7b0c8ac7b52c5?s=96&d=mm&r=g\",\"contentUrl\":\"https:\\\/\\\/secure.gravatar.com\\\/avatar\\\/377c0eb8b4ad2bfc25461b41564b5971e721ca34a57642868fc7b0c8ac7b52c5?s=96&d=mm&r=g\",\"caption\":\"Blog da Condessa\"},\"url\":\"https:\\\/\\\/blogdacondessa.com.br\\\/blog\\\/author\\\/beatriz\\\/\"}]}<\/script>\n<!-- \/ Yoast SEO plugin. -->","yoast_head_json":{"title":"Os fant\u00e1sticos do crossfit &#8902; Blog da Condessa","robots":{"index":"index","follow":"follow","max-snippet":"max-snippet:-1","max-image-preview":"max-image-preview:large","max-video-preview":"max-video-preview:-1"},"canonical":"https:\/\/blogdacondessa.com.br\/blog\/esporte\/os-fantasticos-do-crossfit\/","og_locale":"pt_BR","og_type":"article","og_title":"Os fant\u00e1sticos do crossfit &#8902; Blog da Condessa","og_description":"Marly Dias, 69 anos, procurou um box de crossfit para se socializar. S\u00e9rgio Ciquini, 48 anos, queria ser mais independente nas tarefas do dia a dia e Josenir Benedito da Costa, 52 anos, decidiu retomar a vida depois de um acidente traum\u00e1tico. Motivos diferentes, um esporte em comum e, agora, juntos em um desafio. O [&hellip;]","og_url":"https:\/\/blogdacondessa.com.br\/blog\/esporte\/os-fantasticos-do-crossfit\/","og_site_name":"Blog da Condessa","article_published_time":"2022-11-19T09:00:32+00:00","og_image":[{"width":768,"height":1024,"url":"https:\/\/blogdacondessa.com.br\/blog\/wp-content\/uploads\/2022\/11\/Crossfiteiro-Sergio-paraolimpico-5.jpeg","type":"image\/jpeg"}],"author":"Blog da Condessa","twitter_card":"summary_large_image","twitter_misc":{"Escrito por":"Blog da Condessa","Est. tempo de leitura":"4 minutos"},"schema":{"@context":"https:\/\/schema.org","@graph":[{"@type":"Article","@id":"https:\/\/blogdacondessa.com.br\/blog\/esporte\/os-fantasticos-do-crossfit\/#article","isPartOf":{"@id":"https:\/\/blogdacondessa.com.br\/blog\/esporte\/os-fantasticos-do-crossfit\/"},"author":{"name":"Blog da Condessa","@id":"https:\/\/blogdacondessa.com.br\/blog\/#\/schema\/person\/1d667ff8b785195b568677489d266035"},"headline":"Os fant\u00e1sticos do crossfit","datePublished":"2022-11-19T09:00:32+00:00","mainEntityOfPage":{"@id":"https:\/\/blogdacondessa.com.br\/blog\/esporte\/os-fantasticos-do-crossfit\/"},"wordCount":692,"image":{"@id":"https:\/\/blogdacondessa.com.br\/blog\/esporte\/os-fantasticos-do-crossfit\/#primaryimage"},"thumbnailUrl":"https:\/\/blogdacondessa.com.br\/blog\/wp-content\/uploads\/2022\/11\/Crossfiteiro-Sergio-paraolimpico-5.jpeg","articleSection":["Esporte"],"inLanguage":"pt-BR"},{"@type":"WebPage","@id":"https:\/\/blogdacondessa.com.br\/blog\/esporte\/os-fantasticos-do-crossfit\/","url":"https:\/\/blogdacondessa.com.br\/blog\/esporte\/os-fantasticos-do-crossfit\/","name":"Os fant\u00e1sticos do crossfit &#8902; Blog da Condessa","isPartOf":{"@id":"https:\/\/blogdacondessa.com.br\/blog\/#website"},"primaryImageOfPage":{"@id":"https:\/\/blogdacondessa.com.br\/blog\/esporte\/os-fantasticos-do-crossfit\/#primaryimage"},"image":{"@id":"https:\/\/blogdacondessa.com.br\/blog\/esporte\/os-fantasticos-do-crossfit\/#primaryimage"},"thumbnailUrl":"https:\/\/blogdacondessa.com.br\/blog\/wp-content\/uploads\/2022\/11\/Crossfiteiro-Sergio-paraolimpico-5.jpeg","datePublished":"2022-11-19T09:00:32+00:00","author":{"@id":"https:\/\/blogdacondessa.com.br\/blog\/#\/schema\/person\/1d667ff8b785195b568677489d266035"},"breadcrumb":{"@id":"https:\/\/blogdacondessa.com.br\/blog\/esporte\/os-fantasticos-do-crossfit\/#breadcrumb"},"inLanguage":"pt-BR","potentialAction":[{"@type":"ReadAction","target":["https:\/\/blogdacondessa.com.br\/blog\/esporte\/os-fantasticos-do-crossfit\/"]}]},{"@type":"ImageObject","inLanguage":"pt-BR","@id":"https:\/\/blogdacondessa.com.br\/blog\/esporte\/os-fantasticos-do-crossfit\/#primaryimage","url":"https:\/\/blogdacondessa.com.br\/blog\/wp-content\/uploads\/2022\/11\/Crossfiteiro-Sergio-paraolimpico-5.jpeg","contentUrl":"https:\/\/blogdacondessa.com.br\/blog\/wp-content\/uploads\/2022\/11\/Crossfiteiro-Sergio-paraolimpico-5.jpeg","width":768,"height":1024},{"@type":"BreadcrumbList","@id":"https:\/\/blogdacondessa.com.br\/blog\/esporte\/os-fantasticos-do-crossfit\/#breadcrumb","itemListElement":[{"@type":"ListItem","position":1,"name":"In\u00edcio","item":"https:\/\/blogdacondessa.com.br\/blog\/"},{"@type":"ListItem","position":2,"name":"Os fant\u00e1sticos do crossfit"}]},{"@type":"WebSite","@id":"https:\/\/blogdacondessa.com.br\/blog\/#website","url":"https:\/\/blogdacondessa.com.br\/blog\/","name":"Blog da Condessa","description":"Com Shirley de Souza O\u2019Campos","potentialAction":[{"@type":"SearchAction","target":{"@type":"EntryPoint","urlTemplate":"https:\/\/blogdacondessa.com.br\/blog\/?s={search_term_string}"},"query-input":{"@type":"PropertyValueSpecification","valueRequired":true,"valueName":"search_term_string"}}],"inLanguage":"pt-BR"},{"@type":"Person","@id":"https:\/\/blogdacondessa.com.br\/blog\/#\/schema\/person\/1d667ff8b785195b568677489d266035","name":"Blog da Condessa","image":{"@type":"ImageObject","inLanguage":"pt-BR","@id":"https:\/\/secure.gravatar.com\/avatar\/377c0eb8b4ad2bfc25461b41564b5971e721ca34a57642868fc7b0c8ac7b52c5?s=96&d=mm&r=g","url":"https:\/\/secure.gravatar.com\/avatar\/377c0eb8b4ad2bfc25461b41564b5971e721ca34a57642868fc7b0c8ac7b52c5?s=96&d=mm&r=g","contentUrl":"https:\/\/secure.gravatar.com\/avatar\/377c0eb8b4ad2bfc25461b41564b5971e721ca34a57642868fc7b0c8ac7b52c5?s=96&d=mm&r=g","caption":"Blog da Condessa"},"url":"https:\/\/blogdacondessa.com.br\/blog\/author\/beatriz\/"}]}},"_links":{"self":[{"href":"https:\/\/blogdacondessa.com.br\/blog\/wp-json\/wp\/v2\/posts\/5480","targetHints":{"allow":["GET"]}}],"collection":[{"href":"https:\/\/blogdacondessa.com.br\/blog\/wp-json\/wp\/v2\/posts"}],"about":[{"href":"https:\/\/blogdacondessa.com.br\/blog\/wp-json\/wp\/v2\/types\/post"}],"author":[{"embeddable":true,"href":"https:\/\/blogdacondessa.com.br\/blog\/wp-json\/wp\/v2\/users\/2"}],"replies":[{"embeddable":true,"href":"https:\/\/blogdacondessa.com.br\/blog\/wp-json\/wp\/v2\/comments?post=5480"}],"version-history":[{"count":0,"href":"https:\/\/blogdacondessa.com.br\/blog\/wp-json\/wp\/v2\/posts\/5480\/revisions"}],"wp:featuredmedia":[{"embeddable":true,"href":"https:\/\/blogdacondessa.com.br\/blog\/wp-json\/wp\/v2\/media\/5481"}],"wp:attachment":[{"href":"https:\/\/blogdacondessa.com.br\/blog\/wp-json\/wp\/v2\/media?parent=5480"}],"wp:term":[{"taxonomy":"category","embeddable":true,"href":"https:\/\/blogdacondessa.com.br\/blog\/wp-json\/wp\/v2\/categories?post=5480"},{"taxonomy":"post_tag","embeddable":true,"href":"https:\/\/blogdacondessa.com.br\/blog\/wp-json\/wp\/v2\/tags?post=5480"}],"curies":[{"name":"wp","href":"https:\/\/api.w.org\/{rel}","templated":true}]}}