{"id":5477,"date":"2022-11-19T05:00:05","date_gmt":"2022-11-19T09:00:05","guid":{"rendered":"http:\/\/blogdacondessa.com.br\/?p=5477"},"modified":"2022-11-18T16:09:14","modified_gmt":"2022-11-18T20:09:14","slug":"a-moda-e-a-transformacao-social","status":"publish","type":"post","link":"https:\/\/blogdacondessa.com.br\/blog\/moda\/a-moda-e-a-transformacao-social\/","title":{"rendered":"A moda e a transforma\u00e7\u00e3o social"},"content":{"rendered":"<p>Apaixonados pelo mundo fashion e alinhados com o prop\u00f3sito de fazer o BEM, na pr\u00f3xima segunda, 21 de novembro, o Concurso de Modelo mais importante do Pa\u00eds, que j\u00e1 revelou ningu\u00e9m menos que a supermodelo Gisele B\u00fcndchen, o The Look Of The Year 2022 &#8211; Etapa Mato Grosso trar\u00e1, al\u00e9m da Moda, em um almo\u00e7o beneficente no Mahalo, restaurante premiado e comandado pela Chef Ariani Malouf, a nobre causa da Rede Feminina de Combate ao C\u00e2ncer.<\/p>\n<p>Na passarela n\u00e3o poderia ser outro a n\u00e3o ser ele, Edson Guilherme e seu casting de modelos selecionadas a dedo que, al\u00e9m de participarem do concurso, revelar\u00e3o ao p\u00fablico o lan\u00e7amento da cole\u00e7\u00e3o Alto Ver\u00e3o da Vila Konceito, com o toque das experientes empres\u00e1rias Ra\u00edsa e Karine Roder e que ter\u00e3o seus look`s complementados com as lentes da mais alta qualidade e luxo da \u00d3tica Zeiss Cuiab\u00e1.<\/p>\n<p>O evento que, por si s\u00f3, j\u00e1 ser\u00e1 gracioso em todos os sentidos, trar\u00e1 consigo o maior objetivo do almo\u00e7o: angaria\u00e7\u00e3o de recursos para financiar assist\u00eancia aos pacientes oncol\u00f3gicos carentes do Hospital do C\u00e2ncer de MT juntamente com a Rede Feminina de Combate ao C\u00e2ncer que h\u00e1 33 anos cumpre a miss\u00e3o de educar, prevenir e prestar apoio social aos pacientes atendidos.<\/p>\n<p>Nas palavras da Dra. Maria Carmem Volpato, Presidente da Rede Feminina de Combate ao C\u00e2ncer de Mato Grosso, \u00a0esses pacientes necessitam de medicamentos, insumos, pr\u00f3teses, exames de bi\u00f3psia e diagn\u00f3stico do pr\u00f3prio tratamento, que diversas vezes n\u00e3o conseguem atrav\u00e9s da fila de regula\u00e7\u00e3o do SUS.<\/p>\n<p>O almo\u00e7o beneficente acontecer\u00e1 dia 21 de novembro, segunda, no Mahalo e o valor de entrada \u00e9 de 250,00 reais que ser\u00e1 totalmente revertido \u00e0 causa mencionada.<br \/>\nInforma\u00e7\u00f5es &#8211; 65 98412-9090<br \/>\nRede Social &#8211; @redefemininamt<\/p>\n","protected":false},"excerpt":{"rendered":"<p>Apaixonados pelo mundo fashion e alinhados com o prop\u00f3sito de fazer o BEM, na pr\u00f3xima segunda, 21 de novembro, o Concurso de Modelo mais importante do Pa\u00eds, que j\u00e1 revelou ningu\u00e9m menos que a supermodelo Gisele B\u00fcndchen, o The Look Of The Year 2022 &#8211; Etapa Mato Grosso trar\u00e1, al\u00e9m da Moda, em um almo\u00e7o [&hellip;]<\/p>\n","protected":false},"author":2,"featured_media":5478,"comment_status":"closed","ping_status":"closed","sticky":false,"template":"","format":"standard","meta":{"iawp_total_views":1,"footnotes":""},"categories":[21],"tags":[],"class_list":["post-5477","post","type-post","status-publish","format-standard","has-post-thumbnail","hentry","category-moda"],"yoast_head":"<!-- This site is optimized with the Yoast SEO plugin v27.3 - https:\/\/yoast.com\/product\/yoast-seo-wordpress\/ -->\n<title>A moda e a transforma\u00e7\u00e3o social &#8902; Blog da Condessa<\/title>\n<meta name=\"robots\" content=\"index, follow, max-snippet:-1, max-image-preview:large, max-video-preview:-1\" \/>\n<link rel=\"canonical\" href=\"https:\/\/blogdacondessa.com.br\/blog\/moda\/a-moda-e-a-transformacao-social\/\" \/>\n<meta property=\"og:locale\" content=\"pt_BR\" \/>\n<meta property=\"og:type\" content=\"article\" \/>\n<meta property=\"og:title\" content=\"A moda e a transforma\u00e7\u00e3o social &#8902; Blog da Condessa\" \/>\n<meta property=\"og:description\" content=\"Apaixonados pelo mundo fashion e alinhados com o prop\u00f3sito de fazer o BEM, na pr\u00f3xima segunda, 21 de novembro, o Concurso de Modelo mais importante do Pa\u00eds, que j\u00e1 revelou ningu\u00e9m menos que a supermodelo Gisele B\u00fcndchen, o The Look Of The Year 2022 &#8211; Etapa Mato Grosso trar\u00e1, al\u00e9m da Moda, em um almo\u00e7o [&hellip;]\" \/>\n<meta property=\"og:url\" content=\"https:\/\/blogdacondessa.com.br\/blog\/moda\/a-moda-e-a-transformacao-social\/\" \/>\n<meta property=\"og:site_name\" content=\"Blog da Condessa\" \/>\n<meta property=\"article:published_time\" content=\"2022-11-19T09:00:05+00:00\" \/>\n<meta property=\"og:image\" content=\"https:\/\/blogdacondessa.com.br\/blog\/wp-content\/uploads\/2022\/11\/Rede-Feminina.jpeg\" \/>\n\t<meta property=\"og:image:width\" content=\"586\" \/>\n\t<meta property=\"og:image:height\" content=\"1024\" \/>\n\t<meta property=\"og:image:type\" content=\"image\/jpeg\" \/>\n<meta name=\"author\" content=\"Blog da Condessa\" \/>\n<meta name=\"twitter:card\" content=\"summary_large_image\" \/>\n<meta name=\"twitter:label1\" content=\"Escrito por\" \/>\n\t<meta name=\"twitter:data1\" content=\"Blog da Condessa\" \/>\n\t<meta name=\"twitter:label2\" content=\"Est. tempo de leitura\" \/>\n\t<meta name=\"twitter:data2\" content=\"2 minutos\" \/>\n<script type=\"application\/ld+json\" class=\"yoast-schema-graph\">{\"@context\":\"https:\\\/\\\/schema.org\",\"@graph\":[{\"@type\":\"Article\",\"@id\":\"https:\\\/\\\/blogdacondessa.com.br\\\/blog\\\/moda\\\/a-moda-e-a-transformacao-social\\\/#article\",\"isPartOf\":{\"@id\":\"https:\\\/\\\/blogdacondessa.com.br\\\/blog\\\/moda\\\/a-moda-e-a-transformacao-social\\\/\"},\"author\":{\"name\":\"Blog da Condessa\",\"@id\":\"https:\\\/\\\/blogdacondessa.com.br\\\/blog\\\/#\\\/schema\\\/person\\\/1d667ff8b785195b568677489d266035\"},\"headline\":\"A moda e a transforma\u00e7\u00e3o social\",\"datePublished\":\"2022-11-19T09:00:05+00:00\",\"mainEntityOfPage\":{\"@id\":\"https:\\\/\\\/blogdacondessa.com.br\\\/blog\\\/moda\\\/a-moda-e-a-transformacao-social\\\/\"},\"wordCount\":321,\"image\":{\"@id\":\"https:\\\/\\\/blogdacondessa.com.br\\\/blog\\\/moda\\\/a-moda-e-a-transformacao-social\\\/#primaryimage\"},\"thumbnailUrl\":\"https:\\\/\\\/blogdacondessa.com.br\\\/blog\\\/wp-content\\\/uploads\\\/2022\\\/11\\\/Rede-Feminina.jpeg\",\"articleSection\":[\"Moda\"],\"inLanguage\":\"pt-BR\"},{\"@type\":\"WebPage\",\"@id\":\"https:\\\/\\\/blogdacondessa.com.br\\\/blog\\\/moda\\\/a-moda-e-a-transformacao-social\\\/\",\"url\":\"https:\\\/\\\/blogdacondessa.com.br\\\/blog\\\/moda\\\/a-moda-e-a-transformacao-social\\\/\",\"name\":\"A moda e a transforma\u00e7\u00e3o social &#8902; Blog da Condessa\",\"isPartOf\":{\"@id\":\"https:\\\/\\\/blogdacondessa.com.br\\\/blog\\\/#website\"},\"primaryImageOfPage\":{\"@id\":\"https:\\\/\\\/blogdacondessa.com.br\\\/blog\\\/moda\\\/a-moda-e-a-transformacao-social\\\/#primaryimage\"},\"image\":{\"@id\":\"https:\\\/\\\/blogdacondessa.com.br\\\/blog\\\/moda\\\/a-moda-e-a-transformacao-social\\\/#primaryimage\"},\"thumbnailUrl\":\"https:\\\/\\\/blogdacondessa.com.br\\\/blog\\\/wp-content\\\/uploads\\\/2022\\\/11\\\/Rede-Feminina.jpeg\",\"datePublished\":\"2022-11-19T09:00:05+00:00\",\"author\":{\"@id\":\"https:\\\/\\\/blogdacondessa.com.br\\\/blog\\\/#\\\/schema\\\/person\\\/1d667ff8b785195b568677489d266035\"},\"breadcrumb\":{\"@id\":\"https:\\\/\\\/blogdacondessa.com.br\\\/blog\\\/moda\\\/a-moda-e-a-transformacao-social\\\/#breadcrumb\"},\"inLanguage\":\"pt-BR\",\"potentialAction\":[{\"@type\":\"ReadAction\",\"target\":[\"https:\\\/\\\/blogdacondessa.com.br\\\/blog\\\/moda\\\/a-moda-e-a-transformacao-social\\\/\"]}]},{\"@type\":\"ImageObject\",\"inLanguage\":\"pt-BR\",\"@id\":\"https:\\\/\\\/blogdacondessa.com.br\\\/blog\\\/moda\\\/a-moda-e-a-transformacao-social\\\/#primaryimage\",\"url\":\"https:\\\/\\\/blogdacondessa.com.br\\\/blog\\\/wp-content\\\/uploads\\\/2022\\\/11\\\/Rede-Feminina.jpeg\",\"contentUrl\":\"https:\\\/\\\/blogdacondessa.com.br\\\/blog\\\/wp-content\\\/uploads\\\/2022\\\/11\\\/Rede-Feminina.jpeg\",\"width\":586,\"height\":1024},{\"@type\":\"BreadcrumbList\",\"@id\":\"https:\\\/\\\/blogdacondessa.com.br\\\/blog\\\/moda\\\/a-moda-e-a-transformacao-social\\\/#breadcrumb\",\"itemListElement\":[{\"@type\":\"ListItem\",\"position\":1,\"name\":\"In\u00edcio\",\"item\":\"https:\\\/\\\/blogdacondessa.com.br\\\/blog\\\/\"},{\"@type\":\"ListItem\",\"position\":2,\"name\":\"A moda e a transforma\u00e7\u00e3o social\"}]},{\"@type\":\"WebSite\",\"@id\":\"https:\\\/\\\/blogdacondessa.com.br\\\/blog\\\/#website\",\"url\":\"https:\\\/\\\/blogdacondessa.com.br\\\/blog\\\/\",\"name\":\"Blog da Condessa\",\"description\":\"Com Shirley de Souza O\u2019Campos\",\"potentialAction\":[{\"@type\":\"SearchAction\",\"target\":{\"@type\":\"EntryPoint\",\"urlTemplate\":\"https:\\\/\\\/blogdacondessa.com.br\\\/blog\\\/?s={search_term_string}\"},\"query-input\":{\"@type\":\"PropertyValueSpecification\",\"valueRequired\":true,\"valueName\":\"search_term_string\"}}],\"inLanguage\":\"pt-BR\"},{\"@type\":\"Person\",\"@id\":\"https:\\\/\\\/blogdacondessa.com.br\\\/blog\\\/#\\\/schema\\\/person\\\/1d667ff8b785195b568677489d266035\",\"name\":\"Blog da Condessa\",\"image\":{\"@type\":\"ImageObject\",\"inLanguage\":\"pt-BR\",\"@id\":\"https:\\\/\\\/secure.gravatar.com\\\/avatar\\\/377c0eb8b4ad2bfc25461b41564b5971e721ca34a57642868fc7b0c8ac7b52c5?s=96&d=mm&r=g\",\"url\":\"https:\\\/\\\/secure.gravatar.com\\\/avatar\\\/377c0eb8b4ad2bfc25461b41564b5971e721ca34a57642868fc7b0c8ac7b52c5?s=96&d=mm&r=g\",\"contentUrl\":\"https:\\\/\\\/secure.gravatar.com\\\/avatar\\\/377c0eb8b4ad2bfc25461b41564b5971e721ca34a57642868fc7b0c8ac7b52c5?s=96&d=mm&r=g\",\"caption\":\"Blog da Condessa\"},\"url\":\"https:\\\/\\\/blogdacondessa.com.br\\\/blog\\\/author\\\/beatriz\\\/\"}]}<\/script>\n<!-- \/ Yoast SEO plugin. -->","yoast_head_json":{"title":"A moda e a transforma\u00e7\u00e3o social &#8902; Blog da Condessa","robots":{"index":"index","follow":"follow","max-snippet":"max-snippet:-1","max-image-preview":"max-image-preview:large","max-video-preview":"max-video-preview:-1"},"canonical":"https:\/\/blogdacondessa.com.br\/blog\/moda\/a-moda-e-a-transformacao-social\/","og_locale":"pt_BR","og_type":"article","og_title":"A moda e a transforma\u00e7\u00e3o social &#8902; Blog da Condessa","og_description":"Apaixonados pelo mundo fashion e alinhados com o prop\u00f3sito de fazer o BEM, na pr\u00f3xima segunda, 21 de novembro, o Concurso de Modelo mais importante do Pa\u00eds, que j\u00e1 revelou ningu\u00e9m menos que a supermodelo Gisele B\u00fcndchen, o The Look Of The Year 2022 &#8211; Etapa Mato Grosso trar\u00e1, al\u00e9m da Moda, em um almo\u00e7o [&hellip;]","og_url":"https:\/\/blogdacondessa.com.br\/blog\/moda\/a-moda-e-a-transformacao-social\/","og_site_name":"Blog da Condessa","article_published_time":"2022-11-19T09:00:05+00:00","og_image":[{"width":586,"height":1024,"url":"https:\/\/blogdacondessa.com.br\/blog\/wp-content\/uploads\/2022\/11\/Rede-Feminina.jpeg","type":"image\/jpeg"}],"author":"Blog da Condessa","twitter_card":"summary_large_image","twitter_misc":{"Escrito por":"Blog da Condessa","Est. tempo de leitura":"2 minutos"},"schema":{"@context":"https:\/\/schema.org","@graph":[{"@type":"Article","@id":"https:\/\/blogdacondessa.com.br\/blog\/moda\/a-moda-e-a-transformacao-social\/#article","isPartOf":{"@id":"https:\/\/blogdacondessa.com.br\/blog\/moda\/a-moda-e-a-transformacao-social\/"},"author":{"name":"Blog da Condessa","@id":"https:\/\/blogdacondessa.com.br\/blog\/#\/schema\/person\/1d667ff8b785195b568677489d266035"},"headline":"A moda e a transforma\u00e7\u00e3o social","datePublished":"2022-11-19T09:00:05+00:00","mainEntityOfPage":{"@id":"https:\/\/blogdacondessa.com.br\/blog\/moda\/a-moda-e-a-transformacao-social\/"},"wordCount":321,"image":{"@id":"https:\/\/blogdacondessa.com.br\/blog\/moda\/a-moda-e-a-transformacao-social\/#primaryimage"},"thumbnailUrl":"https:\/\/blogdacondessa.com.br\/blog\/wp-content\/uploads\/2022\/11\/Rede-Feminina.jpeg","articleSection":["Moda"],"inLanguage":"pt-BR"},{"@type":"WebPage","@id":"https:\/\/blogdacondessa.com.br\/blog\/moda\/a-moda-e-a-transformacao-social\/","url":"https:\/\/blogdacondessa.com.br\/blog\/moda\/a-moda-e-a-transformacao-social\/","name":"A moda e a transforma\u00e7\u00e3o social &#8902; Blog da Condessa","isPartOf":{"@id":"https:\/\/blogdacondessa.com.br\/blog\/#website"},"primaryImageOfPage":{"@id":"https:\/\/blogdacondessa.com.br\/blog\/moda\/a-moda-e-a-transformacao-social\/#primaryimage"},"image":{"@id":"https:\/\/blogdacondessa.com.br\/blog\/moda\/a-moda-e-a-transformacao-social\/#primaryimage"},"thumbnailUrl":"https:\/\/blogdacondessa.com.br\/blog\/wp-content\/uploads\/2022\/11\/Rede-Feminina.jpeg","datePublished":"2022-11-19T09:00:05+00:00","author":{"@id":"https:\/\/blogdacondessa.com.br\/blog\/#\/schema\/person\/1d667ff8b785195b568677489d266035"},"breadcrumb":{"@id":"https:\/\/blogdacondessa.com.br\/blog\/moda\/a-moda-e-a-transformacao-social\/#breadcrumb"},"inLanguage":"pt-BR","potentialAction":[{"@type":"ReadAction","target":["https:\/\/blogdacondessa.com.br\/blog\/moda\/a-moda-e-a-transformacao-social\/"]}]},{"@type":"ImageObject","inLanguage":"pt-BR","@id":"https:\/\/blogdacondessa.com.br\/blog\/moda\/a-moda-e-a-transformacao-social\/#primaryimage","url":"https:\/\/blogdacondessa.com.br\/blog\/wp-content\/uploads\/2022\/11\/Rede-Feminina.jpeg","contentUrl":"https:\/\/blogdacondessa.com.br\/blog\/wp-content\/uploads\/2022\/11\/Rede-Feminina.jpeg","width":586,"height":1024},{"@type":"BreadcrumbList","@id":"https:\/\/blogdacondessa.com.br\/blog\/moda\/a-moda-e-a-transformacao-social\/#breadcrumb","itemListElement":[{"@type":"ListItem","position":1,"name":"In\u00edcio","item":"https:\/\/blogdacondessa.com.br\/blog\/"},{"@type":"ListItem","position":2,"name":"A moda e a transforma\u00e7\u00e3o social"}]},{"@type":"WebSite","@id":"https:\/\/blogdacondessa.com.br\/blog\/#website","url":"https:\/\/blogdacondessa.com.br\/blog\/","name":"Blog da Condessa","description":"Com Shirley de Souza O\u2019Campos","potentialAction":[{"@type":"SearchAction","target":{"@type":"EntryPoint","urlTemplate":"https:\/\/blogdacondessa.com.br\/blog\/?s={search_term_string}"},"query-input":{"@type":"PropertyValueSpecification","valueRequired":true,"valueName":"search_term_string"}}],"inLanguage":"pt-BR"},{"@type":"Person","@id":"https:\/\/blogdacondessa.com.br\/blog\/#\/schema\/person\/1d667ff8b785195b568677489d266035","name":"Blog da Condessa","image":{"@type":"ImageObject","inLanguage":"pt-BR","@id":"https:\/\/secure.gravatar.com\/avatar\/377c0eb8b4ad2bfc25461b41564b5971e721ca34a57642868fc7b0c8ac7b52c5?s=96&d=mm&r=g","url":"https:\/\/secure.gravatar.com\/avatar\/377c0eb8b4ad2bfc25461b41564b5971e721ca34a57642868fc7b0c8ac7b52c5?s=96&d=mm&r=g","contentUrl":"https:\/\/secure.gravatar.com\/avatar\/377c0eb8b4ad2bfc25461b41564b5971e721ca34a57642868fc7b0c8ac7b52c5?s=96&d=mm&r=g","caption":"Blog da Condessa"},"url":"https:\/\/blogdacondessa.com.br\/blog\/author\/beatriz\/"}]}},"_links":{"self":[{"href":"https:\/\/blogdacondessa.com.br\/blog\/wp-json\/wp\/v2\/posts\/5477","targetHints":{"allow":["GET"]}}],"collection":[{"href":"https:\/\/blogdacondessa.com.br\/blog\/wp-json\/wp\/v2\/posts"}],"about":[{"href":"https:\/\/blogdacondessa.com.br\/blog\/wp-json\/wp\/v2\/types\/post"}],"author":[{"embeddable":true,"href":"https:\/\/blogdacondessa.com.br\/blog\/wp-json\/wp\/v2\/users\/2"}],"replies":[{"embeddable":true,"href":"https:\/\/blogdacondessa.com.br\/blog\/wp-json\/wp\/v2\/comments?post=5477"}],"version-history":[{"count":0,"href":"https:\/\/blogdacondessa.com.br\/blog\/wp-json\/wp\/v2\/posts\/5477\/revisions"}],"wp:featuredmedia":[{"embeddable":true,"href":"https:\/\/blogdacondessa.com.br\/blog\/wp-json\/wp\/v2\/media\/5478"}],"wp:attachment":[{"href":"https:\/\/blogdacondessa.com.br\/blog\/wp-json\/wp\/v2\/media?parent=5477"}],"wp:term":[{"taxonomy":"category","embeddable":true,"href":"https:\/\/blogdacondessa.com.br\/blog\/wp-json\/wp\/v2\/categories?post=5477"},{"taxonomy":"post_tag","embeddable":true,"href":"https:\/\/blogdacondessa.com.br\/blog\/wp-json\/wp\/v2\/tags?post=5477"}],"curies":[{"name":"wp","href":"https:\/\/api.w.org\/{rel}","templated":true}]}}