{"id":5324,"date":"2022-11-02T05:00:13","date_gmt":"2022-11-02T09:00:13","guid":{"rendered":"http:\/\/blogdacondessa.com.br\/?p=5324"},"modified":"2022-11-01T18:10:56","modified_gmt":"2022-11-01T22:10:56","slug":"tce-mt-anuncia-criacao-da-tv-contas","status":"publish","type":"post","link":"https:\/\/blogdacondessa.com.br\/blog\/institucional\/tce-mt-anuncia-criacao-da-tv-contas\/","title":{"rendered":"TCE-MT anuncia cria\u00e7\u00e3o da TV Contas"},"content":{"rendered":"<p>O presidente do Tribunal de Contas de Mato Grosso (TCE-MT), Jos\u00e9 Carlos Novelli e o conselheiro S\u00e9rgio Ricardo anunciaram, na sess\u00e3o ordin\u00e1ria de ter\u00e7a-feira (1\u00b0), a cria\u00e7\u00e3o da TV Contas, emissora voltada exclusivamente \u00e0 transmiss\u00e3o de assuntos pertinentes \u00e0 Corte de Contas mato-grossense. O canal 30.2 contar\u00e1 com 24h de programa\u00e7\u00e3o focada na capacita\u00e7\u00e3o e na divulga\u00e7\u00e3o de atos institucionais e conte\u00fado t\u00e9cnico.<\/p>\n<p>Na ocasi\u00e3o, o presidente chamou a aten\u00e7\u00e3o para os benef\u00edcios da novidade, fruto de conv\u00eanio que ser\u00e1 assinado com a Assembleia Legislativa de Mato Grosso (ALMT).<\/p>\n<p>\u201cEu encampei a ideia do conselheiro S\u00e9rgio Ricardo, que \u00e9 especialista nesta \u00e1rea. Vamos em frente porque vejo que esta \u00e9 uma atitude maravilhosa. Com nossa pr\u00f3pria televis\u00e3o, poderemos prestar servi\u00e7o de qualidade, principalmente na \u00e1rea de capacita\u00e7\u00e3o, al\u00e9m de tornar p\u00fablicos os atos que o Tribunal profere em suas decis\u00f5es\u201d, disse o presidente.<\/p>\n<p>Idealizador da proposta, o conselheiro S\u00e9rgio Ricardo classificou a atual gest\u00e3o como vanguardista ao apoiar a\u00e7\u00f5es como esta. \u201cIsso se d\u00e1 gra\u00e7as a vis\u00e3o que o presidente tem de transpar\u00eancia e de futuro. A TV Contas vai fortalecer um dos bra\u00e7os da gest\u00e3o p\u00fablica que \u00e9 a publicidade dos atos, que agora, mais do que nunca, ganhar\u00e3o visibilidade&#8221;.<\/p>\n<p>Tamb\u00e9m refor\u00e7ou o papel do canal no ensino \u00e0 dist\u00e2ncia, essencial em um estado com as dimens\u00f5es de Mato Grosso. \u201cA partir deste canal, nossa Escola de Contas poder\u00e1 gravar e transmitir todos os cursos que ser\u00e3o ministrados. Depois, quem n\u00e3o p\u00f4de vir ao Tribunal e assistir naquele momento, vai poder acompanhar em casa\u201d, pontuou.<\/p>\n<p>Deste modo, ao inaugurar esta nova possibilidade de interlocu\u00e7\u00e3o com seus jurisdicionados e com a sociedade, a Corte de Contas amplia os entendimentos acerca do controle interno, externo e social. Refor\u00e7a ainda uma s\u00e9rie de medidas voltadas \u00e0 transpar\u00eancia institucional e \u00e0 acessibilidade dos gestores p\u00fablicos.<\/p>\n<p>Alguns exemplos desse esfor\u00e7o s\u00e3o produtos j\u00e1 veiculados pela TV Contas no Youtube e na TV Assembleia (Canal 30) como o TCE Not\u00edcias, o Minuto TCE, o TCE Orienta e o Click TCE. Em linguagem simples e direta, eles trazem a cobertura das decis\u00f5es plen\u00e1rias e dos principais eventos ligados ao \u00f3rg\u00e3o.<\/p>\n<p>A divulga\u00e7\u00e3o do material \u00e9 distribu\u00edda entre gestores, imprensa e pelos perfis da Corte de Contas nas redes sociais, onde ganham resson\u00e2ncia entre os cidad\u00e3os. Por fim, vale mencionar outros canais de comunica\u00e7\u00e3o como o Portal de Not\u00edcias, a Editora Publicontas e a R\u00e1dio TCE.<\/p>\n<p>&nbsp;<\/p>\n<p>&nbsp;<\/p>\n","protected":false},"excerpt":{"rendered":"<p>O presidente do Tribunal de Contas de Mato Grosso (TCE-MT), Jos\u00e9 Carlos Novelli e o conselheiro S\u00e9rgio Ricardo anunciaram, na sess\u00e3o ordin\u00e1ria de ter\u00e7a-feira (1\u00b0), a cria\u00e7\u00e3o da TV Contas, emissora voltada exclusivamente \u00e0 transmiss\u00e3o de assuntos pertinentes \u00e0 Corte de Contas mato-grossense. O canal 30.2 contar\u00e1 com 24h de programa\u00e7\u00e3o focada na capacita\u00e7\u00e3o e [&hellip;]<\/p>\n","protected":false},"author":2,"featured_media":5325,"comment_status":"closed","ping_status":"closed","sticky":false,"template":"","format":"standard","meta":{"iawp_total_views":0,"footnotes":""},"categories":[13],"tags":[],"class_list":["post-5324","post","type-post","status-publish","format-standard","has-post-thumbnail","hentry","category-institucional"],"yoast_head":"<!-- This site is optimized with the Yoast SEO plugin v27.3 - https:\/\/yoast.com\/product\/yoast-seo-wordpress\/ -->\n<title>TCE-MT anuncia cria\u00e7\u00e3o da TV Contas &#8902; Blog da Condessa<\/title>\n<meta name=\"robots\" content=\"index, follow, max-snippet:-1, max-image-preview:large, max-video-preview:-1\" \/>\n<link rel=\"canonical\" href=\"https:\/\/blogdacondessa.com.br\/blog\/institucional\/tce-mt-anuncia-criacao-da-tv-contas\/\" \/>\n<meta property=\"og:locale\" content=\"pt_BR\" \/>\n<meta property=\"og:type\" content=\"article\" \/>\n<meta property=\"og:title\" content=\"TCE-MT anuncia cria\u00e7\u00e3o da TV Contas &#8902; Blog da Condessa\" \/>\n<meta property=\"og:description\" content=\"O presidente do Tribunal de Contas de Mato Grosso (TCE-MT), Jos\u00e9 Carlos Novelli e o conselheiro S\u00e9rgio Ricardo anunciaram, na sess\u00e3o ordin\u00e1ria de ter\u00e7a-feira (1\u00b0), a cria\u00e7\u00e3o da TV Contas, emissora voltada exclusivamente \u00e0 transmiss\u00e3o de assuntos pertinentes \u00e0 Corte de Contas mato-grossense. O canal 30.2 contar\u00e1 com 24h de programa\u00e7\u00e3o focada na capacita\u00e7\u00e3o e [&hellip;]\" \/>\n<meta property=\"og:url\" content=\"https:\/\/blogdacondessa.com.br\/blog\/institucional\/tce-mt-anuncia-criacao-da-tv-contas\/\" \/>\n<meta property=\"og:site_name\" content=\"Blog da Condessa\" \/>\n<meta property=\"article:published_time\" content=\"2022-11-02T09:00:13+00:00\" \/>\n<meta property=\"og:image\" content=\"https:\/\/blogdacondessa.com.br\/blog\/wp-content\/uploads\/2022\/11\/TCEMT-TV.jpg\" \/>\n\t<meta property=\"og:image:width\" content=\"365\" \/>\n\t<meta property=\"og:image:height\" content=\"243\" \/>\n\t<meta property=\"og:image:type\" content=\"image\/jpeg\" \/>\n<meta name=\"author\" content=\"Blog da Condessa\" \/>\n<meta name=\"twitter:card\" content=\"summary_large_image\" \/>\n<meta name=\"twitter:label1\" content=\"Escrito por\" \/>\n\t<meta name=\"twitter:data1\" content=\"Blog da Condessa\" \/>\n\t<meta name=\"twitter:label2\" content=\"Est. tempo de leitura\" \/>\n\t<meta name=\"twitter:data2\" content=\"3 minutos\" \/>\n<script type=\"application\/ld+json\" class=\"yoast-schema-graph\">{\"@context\":\"https:\\\/\\\/schema.org\",\"@graph\":[{\"@type\":\"Article\",\"@id\":\"https:\\\/\\\/blogdacondessa.com.br\\\/blog\\\/institucional\\\/tce-mt-anuncia-criacao-da-tv-contas\\\/#article\",\"isPartOf\":{\"@id\":\"https:\\\/\\\/blogdacondessa.com.br\\\/blog\\\/institucional\\\/tce-mt-anuncia-criacao-da-tv-contas\\\/\"},\"author\":{\"name\":\"Blog da Condessa\",\"@id\":\"https:\\\/\\\/blogdacondessa.com.br\\\/blog\\\/#\\\/schema\\\/person\\\/1d667ff8b785195b568677489d266035\"},\"headline\":\"TCE-MT anuncia cria\u00e7\u00e3o da TV Contas\",\"datePublished\":\"2022-11-02T09:00:13+00:00\",\"mainEntityOfPage\":{\"@id\":\"https:\\\/\\\/blogdacondessa.com.br\\\/blog\\\/institucional\\\/tce-mt-anuncia-criacao-da-tv-contas\\\/\"},\"wordCount\":454,\"image\":{\"@id\":\"https:\\\/\\\/blogdacondessa.com.br\\\/blog\\\/institucional\\\/tce-mt-anuncia-criacao-da-tv-contas\\\/#primaryimage\"},\"thumbnailUrl\":\"https:\\\/\\\/blogdacondessa.com.br\\\/blog\\\/wp-content\\\/uploads\\\/2022\\\/11\\\/TCEMT-TV.jpg\",\"articleSection\":[\"Institucional\"],\"inLanguage\":\"pt-BR\"},{\"@type\":\"WebPage\",\"@id\":\"https:\\\/\\\/blogdacondessa.com.br\\\/blog\\\/institucional\\\/tce-mt-anuncia-criacao-da-tv-contas\\\/\",\"url\":\"https:\\\/\\\/blogdacondessa.com.br\\\/blog\\\/institucional\\\/tce-mt-anuncia-criacao-da-tv-contas\\\/\",\"name\":\"TCE-MT anuncia cria\u00e7\u00e3o da TV Contas &#8902; Blog da Condessa\",\"isPartOf\":{\"@id\":\"https:\\\/\\\/blogdacondessa.com.br\\\/blog\\\/#website\"},\"primaryImageOfPage\":{\"@id\":\"https:\\\/\\\/blogdacondessa.com.br\\\/blog\\\/institucional\\\/tce-mt-anuncia-criacao-da-tv-contas\\\/#primaryimage\"},\"image\":{\"@id\":\"https:\\\/\\\/blogdacondessa.com.br\\\/blog\\\/institucional\\\/tce-mt-anuncia-criacao-da-tv-contas\\\/#primaryimage\"},\"thumbnailUrl\":\"https:\\\/\\\/blogdacondessa.com.br\\\/blog\\\/wp-content\\\/uploads\\\/2022\\\/11\\\/TCEMT-TV.jpg\",\"datePublished\":\"2022-11-02T09:00:13+00:00\",\"author\":{\"@id\":\"https:\\\/\\\/blogdacondessa.com.br\\\/blog\\\/#\\\/schema\\\/person\\\/1d667ff8b785195b568677489d266035\"},\"breadcrumb\":{\"@id\":\"https:\\\/\\\/blogdacondessa.com.br\\\/blog\\\/institucional\\\/tce-mt-anuncia-criacao-da-tv-contas\\\/#breadcrumb\"},\"inLanguage\":\"pt-BR\",\"potentialAction\":[{\"@type\":\"ReadAction\",\"target\":[\"https:\\\/\\\/blogdacondessa.com.br\\\/blog\\\/institucional\\\/tce-mt-anuncia-criacao-da-tv-contas\\\/\"]}]},{\"@type\":\"ImageObject\",\"inLanguage\":\"pt-BR\",\"@id\":\"https:\\\/\\\/blogdacondessa.com.br\\\/blog\\\/institucional\\\/tce-mt-anuncia-criacao-da-tv-contas\\\/#primaryimage\",\"url\":\"https:\\\/\\\/blogdacondessa.com.br\\\/blog\\\/wp-content\\\/uploads\\\/2022\\\/11\\\/TCEMT-TV.jpg\",\"contentUrl\":\"https:\\\/\\\/blogdacondessa.com.br\\\/blog\\\/wp-content\\\/uploads\\\/2022\\\/11\\\/TCEMT-TV.jpg\",\"width\":365,\"height\":243,\"caption\":\"Foto: Tony Ribeiro\\\/TCE-MT\"},{\"@type\":\"BreadcrumbList\",\"@id\":\"https:\\\/\\\/blogdacondessa.com.br\\\/blog\\\/institucional\\\/tce-mt-anuncia-criacao-da-tv-contas\\\/#breadcrumb\",\"itemListElement\":[{\"@type\":\"ListItem\",\"position\":1,\"name\":\"In\u00edcio\",\"item\":\"https:\\\/\\\/blogdacondessa.com.br\\\/blog\\\/\"},{\"@type\":\"ListItem\",\"position\":2,\"name\":\"TCE-MT anuncia cria\u00e7\u00e3o da TV Contas\"}]},{\"@type\":\"WebSite\",\"@id\":\"https:\\\/\\\/blogdacondessa.com.br\\\/blog\\\/#website\",\"url\":\"https:\\\/\\\/blogdacondessa.com.br\\\/blog\\\/\",\"name\":\"Blog da Condessa\",\"description\":\"Com Shirley de Souza O\u2019Campos\",\"potentialAction\":[{\"@type\":\"SearchAction\",\"target\":{\"@type\":\"EntryPoint\",\"urlTemplate\":\"https:\\\/\\\/blogdacondessa.com.br\\\/blog\\\/?s={search_term_string}\"},\"query-input\":{\"@type\":\"PropertyValueSpecification\",\"valueRequired\":true,\"valueName\":\"search_term_string\"}}],\"inLanguage\":\"pt-BR\"},{\"@type\":\"Person\",\"@id\":\"https:\\\/\\\/blogdacondessa.com.br\\\/blog\\\/#\\\/schema\\\/person\\\/1d667ff8b785195b568677489d266035\",\"name\":\"Blog da Condessa\",\"image\":{\"@type\":\"ImageObject\",\"inLanguage\":\"pt-BR\",\"@id\":\"https:\\\/\\\/secure.gravatar.com\\\/avatar\\\/377c0eb8b4ad2bfc25461b41564b5971e721ca34a57642868fc7b0c8ac7b52c5?s=96&d=mm&r=g\",\"url\":\"https:\\\/\\\/secure.gravatar.com\\\/avatar\\\/377c0eb8b4ad2bfc25461b41564b5971e721ca34a57642868fc7b0c8ac7b52c5?s=96&d=mm&r=g\",\"contentUrl\":\"https:\\\/\\\/secure.gravatar.com\\\/avatar\\\/377c0eb8b4ad2bfc25461b41564b5971e721ca34a57642868fc7b0c8ac7b52c5?s=96&d=mm&r=g\",\"caption\":\"Blog da Condessa\"},\"url\":\"https:\\\/\\\/blogdacondessa.com.br\\\/blog\\\/author\\\/beatriz\\\/\"}]}<\/script>\n<!-- \/ Yoast SEO plugin. -->","yoast_head_json":{"title":"TCE-MT anuncia cria\u00e7\u00e3o da TV Contas &#8902; Blog da Condessa","robots":{"index":"index","follow":"follow","max-snippet":"max-snippet:-1","max-image-preview":"max-image-preview:large","max-video-preview":"max-video-preview:-1"},"canonical":"https:\/\/blogdacondessa.com.br\/blog\/institucional\/tce-mt-anuncia-criacao-da-tv-contas\/","og_locale":"pt_BR","og_type":"article","og_title":"TCE-MT anuncia cria\u00e7\u00e3o da TV Contas &#8902; Blog da Condessa","og_description":"O presidente do Tribunal de Contas de Mato Grosso (TCE-MT), Jos\u00e9 Carlos Novelli e o conselheiro S\u00e9rgio Ricardo anunciaram, na sess\u00e3o ordin\u00e1ria de ter\u00e7a-feira (1\u00b0), a cria\u00e7\u00e3o da TV Contas, emissora voltada exclusivamente \u00e0 transmiss\u00e3o de assuntos pertinentes \u00e0 Corte de Contas mato-grossense. O canal 30.2 contar\u00e1 com 24h de programa\u00e7\u00e3o focada na capacita\u00e7\u00e3o e [&hellip;]","og_url":"https:\/\/blogdacondessa.com.br\/blog\/institucional\/tce-mt-anuncia-criacao-da-tv-contas\/","og_site_name":"Blog da Condessa","article_published_time":"2022-11-02T09:00:13+00:00","og_image":[{"width":365,"height":243,"url":"https:\/\/blogdacondessa.com.br\/blog\/wp-content\/uploads\/2022\/11\/TCEMT-TV.jpg","type":"image\/jpeg"}],"author":"Blog da Condessa","twitter_card":"summary_large_image","twitter_misc":{"Escrito por":"Blog da Condessa","Est. tempo de leitura":"3 minutos"},"schema":{"@context":"https:\/\/schema.org","@graph":[{"@type":"Article","@id":"https:\/\/blogdacondessa.com.br\/blog\/institucional\/tce-mt-anuncia-criacao-da-tv-contas\/#article","isPartOf":{"@id":"https:\/\/blogdacondessa.com.br\/blog\/institucional\/tce-mt-anuncia-criacao-da-tv-contas\/"},"author":{"name":"Blog da Condessa","@id":"https:\/\/blogdacondessa.com.br\/blog\/#\/schema\/person\/1d667ff8b785195b568677489d266035"},"headline":"TCE-MT anuncia cria\u00e7\u00e3o da TV Contas","datePublished":"2022-11-02T09:00:13+00:00","mainEntityOfPage":{"@id":"https:\/\/blogdacondessa.com.br\/blog\/institucional\/tce-mt-anuncia-criacao-da-tv-contas\/"},"wordCount":454,"image":{"@id":"https:\/\/blogdacondessa.com.br\/blog\/institucional\/tce-mt-anuncia-criacao-da-tv-contas\/#primaryimage"},"thumbnailUrl":"https:\/\/blogdacondessa.com.br\/blog\/wp-content\/uploads\/2022\/11\/TCEMT-TV.jpg","articleSection":["Institucional"],"inLanguage":"pt-BR"},{"@type":"WebPage","@id":"https:\/\/blogdacondessa.com.br\/blog\/institucional\/tce-mt-anuncia-criacao-da-tv-contas\/","url":"https:\/\/blogdacondessa.com.br\/blog\/institucional\/tce-mt-anuncia-criacao-da-tv-contas\/","name":"TCE-MT anuncia cria\u00e7\u00e3o da TV Contas &#8902; Blog da Condessa","isPartOf":{"@id":"https:\/\/blogdacondessa.com.br\/blog\/#website"},"primaryImageOfPage":{"@id":"https:\/\/blogdacondessa.com.br\/blog\/institucional\/tce-mt-anuncia-criacao-da-tv-contas\/#primaryimage"},"image":{"@id":"https:\/\/blogdacondessa.com.br\/blog\/institucional\/tce-mt-anuncia-criacao-da-tv-contas\/#primaryimage"},"thumbnailUrl":"https:\/\/blogdacondessa.com.br\/blog\/wp-content\/uploads\/2022\/11\/TCEMT-TV.jpg","datePublished":"2022-11-02T09:00:13+00:00","author":{"@id":"https:\/\/blogdacondessa.com.br\/blog\/#\/schema\/person\/1d667ff8b785195b568677489d266035"},"breadcrumb":{"@id":"https:\/\/blogdacondessa.com.br\/blog\/institucional\/tce-mt-anuncia-criacao-da-tv-contas\/#breadcrumb"},"inLanguage":"pt-BR","potentialAction":[{"@type":"ReadAction","target":["https:\/\/blogdacondessa.com.br\/blog\/institucional\/tce-mt-anuncia-criacao-da-tv-contas\/"]}]},{"@type":"ImageObject","inLanguage":"pt-BR","@id":"https:\/\/blogdacondessa.com.br\/blog\/institucional\/tce-mt-anuncia-criacao-da-tv-contas\/#primaryimage","url":"https:\/\/blogdacondessa.com.br\/blog\/wp-content\/uploads\/2022\/11\/TCEMT-TV.jpg","contentUrl":"https:\/\/blogdacondessa.com.br\/blog\/wp-content\/uploads\/2022\/11\/TCEMT-TV.jpg","width":365,"height":243,"caption":"Foto: Tony Ribeiro\/TCE-MT"},{"@type":"BreadcrumbList","@id":"https:\/\/blogdacondessa.com.br\/blog\/institucional\/tce-mt-anuncia-criacao-da-tv-contas\/#breadcrumb","itemListElement":[{"@type":"ListItem","position":1,"name":"In\u00edcio","item":"https:\/\/blogdacondessa.com.br\/blog\/"},{"@type":"ListItem","position":2,"name":"TCE-MT anuncia cria\u00e7\u00e3o da TV Contas"}]},{"@type":"WebSite","@id":"https:\/\/blogdacondessa.com.br\/blog\/#website","url":"https:\/\/blogdacondessa.com.br\/blog\/","name":"Blog da Condessa","description":"Com Shirley de Souza O\u2019Campos","potentialAction":[{"@type":"SearchAction","target":{"@type":"EntryPoint","urlTemplate":"https:\/\/blogdacondessa.com.br\/blog\/?s={search_term_string}"},"query-input":{"@type":"PropertyValueSpecification","valueRequired":true,"valueName":"search_term_string"}}],"inLanguage":"pt-BR"},{"@type":"Person","@id":"https:\/\/blogdacondessa.com.br\/blog\/#\/schema\/person\/1d667ff8b785195b568677489d266035","name":"Blog da Condessa","image":{"@type":"ImageObject","inLanguage":"pt-BR","@id":"https:\/\/secure.gravatar.com\/avatar\/377c0eb8b4ad2bfc25461b41564b5971e721ca34a57642868fc7b0c8ac7b52c5?s=96&d=mm&r=g","url":"https:\/\/secure.gravatar.com\/avatar\/377c0eb8b4ad2bfc25461b41564b5971e721ca34a57642868fc7b0c8ac7b52c5?s=96&d=mm&r=g","contentUrl":"https:\/\/secure.gravatar.com\/avatar\/377c0eb8b4ad2bfc25461b41564b5971e721ca34a57642868fc7b0c8ac7b52c5?s=96&d=mm&r=g","caption":"Blog da Condessa"},"url":"https:\/\/blogdacondessa.com.br\/blog\/author\/beatriz\/"}]}},"_links":{"self":[{"href":"https:\/\/blogdacondessa.com.br\/blog\/wp-json\/wp\/v2\/posts\/5324","targetHints":{"allow":["GET"]}}],"collection":[{"href":"https:\/\/blogdacondessa.com.br\/blog\/wp-json\/wp\/v2\/posts"}],"about":[{"href":"https:\/\/blogdacondessa.com.br\/blog\/wp-json\/wp\/v2\/types\/post"}],"author":[{"embeddable":true,"href":"https:\/\/blogdacondessa.com.br\/blog\/wp-json\/wp\/v2\/users\/2"}],"replies":[{"embeddable":true,"href":"https:\/\/blogdacondessa.com.br\/blog\/wp-json\/wp\/v2\/comments?post=5324"}],"version-history":[{"count":0,"href":"https:\/\/blogdacondessa.com.br\/blog\/wp-json\/wp\/v2\/posts\/5324\/revisions"}],"wp:featuredmedia":[{"embeddable":true,"href":"https:\/\/blogdacondessa.com.br\/blog\/wp-json\/wp\/v2\/media\/5325"}],"wp:attachment":[{"href":"https:\/\/blogdacondessa.com.br\/blog\/wp-json\/wp\/v2\/media?parent=5324"}],"wp:term":[{"taxonomy":"category","embeddable":true,"href":"https:\/\/blogdacondessa.com.br\/blog\/wp-json\/wp\/v2\/categories?post=5324"},{"taxonomy":"post_tag","embeddable":true,"href":"https:\/\/blogdacondessa.com.br\/blog\/wp-json\/wp\/v2\/tags?post=5324"}],"curies":[{"name":"wp","href":"https:\/\/api.w.org\/{rel}","templated":true}]}}