{"id":5321,"date":"2022-11-02T05:00:16","date_gmt":"2022-11-02T09:00:16","guid":{"rendered":"http:\/\/blogdacondessa.com.br\/?p=5321"},"modified":"2022-11-01T17:19:00","modified_gmt":"2022-11-01T21:19:00","slug":"mostra-bancos-indigenas-do-brasil","status":"publish","type":"post","link":"https:\/\/blogdacondessa.com.br\/blog\/cultura\/mostra-bancos-indigenas-do-brasil\/","title":{"rendered":"Mostra \u201cBancos ind\u00edgenas do Brasil&#8221;"},"content":{"rendered":"<p>Chega a Cuiab\u00e1 a exposi\u00e7\u00e3o &#8220;Bancos ind\u00edgenas do Brasil&#8221;, que apresenta um pouco da diversidade cultural e beleza art\u00edstica de 29 povos da Amaz\u00f4nia e da Terra Ind\u00edgena do Xingu. A mostra ser\u00e1 aberta nesta quinta-feira (03.11), \u00e0s 19h, na Galeria de Artes Lava P\u00e9s, localizada no piso t\u00e9rreo da Secretaria de Estado de Cultura, Esporte e Lazer (Secel-MT). A entrada \u00e9 gratuita.<\/p>\n<p>Composta por 86 bancos de artistas ind\u00edgenas, a exposi\u00e7\u00e3o tem curadoria de Marisa Moreira Salles e Tomas Alvim. Entre as etnias representadas est\u00e3o a Aweti, Kalapalo, Kawaiwete, Kayabi, Trumai, Waj\u00e3pi, Tukano, Ye\u2019kwana e outras. Al\u00e9m dos bancos, a mostra inclui fotografias e v\u00eddeos de Rafael Costa.<\/p>\n<p>A exposi\u00e7\u00e3o &#8220;Bancos ind\u00edgenas do Brasil&#8221; integra a\u00a0<a href=\"http:\/\/colecaobei.com.br\/\">Cole\u00e7\u00e3o BEI<\/a>, que hoje \u00e9 uma refer\u00eancia em arte ind\u00edgena brasileira. \u00c9 composta por 500 pe\u00e7as esculpidas em madeira, sendo a maioria em formato de animais, que revelam a beleza das formas, cores e grafismos da arte ind\u00edgena. As obras aliam funcionalidade e beleza, ao mesmo tempo que s\u00e3o reconhecidos como objetos de arte e design. Todas s\u00e3o criadas a partir de um \u00fanico tronco de madeira e pintadas com resinas naturais, como o ing\u00e1 misturado com p\u00f3 de carv\u00e3o e o urucum.<\/p>\n<p><strong>Cultura dos povos<\/strong><\/p>\n<p>\u201cA Cole\u00e7\u00e3o BEI nasceu de um deslumbramento est\u00e9tico com a \u00a0beleza das formas, cores, grafismos e texturas dos bancos ind\u00edgenas brasileiros. A funcionalidade aliada \u00e0 eleg\u00e2ncia revela a hist\u00f3ria e a cultura dos povos que os fabricam. Esta cole\u00e7\u00e3o re\u00fane obras que dizem muito sobre a identidade brasileira\u201d, destacam os curadores Marisa Moreira Salles e Tomas Alvim.<\/p>\n<p>Esta \u00e9 a primeira vez que a exposi\u00e7\u00e3o \u2018Bancos ind\u00edgenas do Brasil\u2019 \u00e9 apresentada em Cuiab\u00e1. A mostra nacional j\u00e1 circulou por outros estados brasileiros, como Rio de Janeiro, Paran\u00e1, Minas Gerais e fora do pa\u00eds.<\/p>\n<p>Para saber mais sobre a Cole\u00e7\u00e3o BEI, os artistas e as obras, acesse o site<a href=\"http:\/\/colecaobei.com.br\/\">\u00a0<\/a><a href=\"http:\/\/colecaobei.com.br\/\">colecaobei.com.br\u00a0<\/a><\/p>\n<p><strong><em>Servi\u00e7o:<\/em><\/strong><\/p>\n<p>Exposi\u00e7\u00e3o Bancos ind\u00edgenas do Brasil<\/p>\n<p>Data: 03 de novembro a 24 de mar\u00e7o de 2023<\/p>\n<p>Hor\u00e1rio: 8h \u00e0s 18h, de segunda a sexta-feira<\/p>\n<p>Local: Galeria de Artes Lava P\u00e9s. Localizada no piso t\u00e9rreo da Secel-MT. Endere\u00e7o: Avenida Jos\u00e9 Monteiro de Figueiredo, 510, Duque de Caxias, Cuiab\u00e1.<\/p>\n<p>Entrada: gratuita<\/p>\n","protected":false},"excerpt":{"rendered":"<p>Chega a Cuiab\u00e1 a exposi\u00e7\u00e3o &#8220;Bancos ind\u00edgenas do Brasil&#8221;, que apresenta um pouco da diversidade cultural e beleza art\u00edstica de 29 povos da Amaz\u00f4nia e da Terra Ind\u00edgena do Xingu. A mostra ser\u00e1 aberta nesta quinta-feira (03.11), \u00e0s 19h, na Galeria de Artes Lava P\u00e9s, localizada no piso t\u00e9rreo da Secretaria de Estado de Cultura, [&hellip;]<\/p>\n","protected":false},"author":2,"featured_media":5322,"comment_status":"closed","ping_status":"closed","sticky":false,"template":"","format":"standard","meta":{"iawp_total_views":0,"footnotes":""},"categories":[18],"tags":[],"class_list":["post-5321","post","type-post","status-publish","format-standard","has-post-thumbnail","hentry","category-cultura"],"yoast_head":"<!-- This site is optimized with the Yoast SEO plugin v27.3 - https:\/\/yoast.com\/product\/yoast-seo-wordpress\/ -->\n<title>Mostra \u201cBancos ind\u00edgenas do Brasil&quot; &#8902; Blog da Condessa<\/title>\n<meta name=\"robots\" content=\"index, follow, max-snippet:-1, max-image-preview:large, max-video-preview:-1\" \/>\n<link rel=\"canonical\" href=\"https:\/\/blogdacondessa.com.br\/blog\/cultura\/mostra-bancos-indigenas-do-brasil\/\" \/>\n<meta property=\"og:locale\" content=\"pt_BR\" \/>\n<meta property=\"og:type\" content=\"article\" \/>\n<meta property=\"og:title\" content=\"Mostra \u201cBancos ind\u00edgenas do Brasil&quot; &#8902; Blog da Condessa\" \/>\n<meta property=\"og:description\" content=\"Chega a Cuiab\u00e1 a exposi\u00e7\u00e3o &#8220;Bancos ind\u00edgenas do Brasil&#8221;, que apresenta um pouco da diversidade cultural e beleza art\u00edstica de 29 povos da Amaz\u00f4nia e da Terra Ind\u00edgena do Xingu. A mostra ser\u00e1 aberta nesta quinta-feira (03.11), \u00e0s 19h, na Galeria de Artes Lava P\u00e9s, localizada no piso t\u00e9rreo da Secretaria de Estado de Cultura, [&hellip;]\" \/>\n<meta property=\"og:url\" content=\"https:\/\/blogdacondessa.com.br\/blog\/cultura\/mostra-bancos-indigenas-do-brasil\/\" \/>\n<meta property=\"og:site_name\" content=\"Blog da Condessa\" \/>\n<meta property=\"article:published_time\" content=\"2022-11-02T09:00:16+00:00\" \/>\n<meta property=\"og:image\" content=\"https:\/\/blogdacondessa.com.br\/blog\/wp-content\/uploads\/2022\/11\/Onca_ColecaoBEI.jpg\" \/>\n\t<meta property=\"og:image:width\" content=\"960\" \/>\n\t<meta property=\"og:image:height\" content=\"540\" \/>\n\t<meta property=\"og:image:type\" content=\"image\/jpeg\" \/>\n<meta name=\"author\" content=\"Blog da Condessa\" \/>\n<meta name=\"twitter:card\" content=\"summary_large_image\" \/>\n<meta name=\"twitter:label1\" content=\"Escrito por\" \/>\n\t<meta name=\"twitter:data1\" content=\"Blog da Condessa\" \/>\n\t<meta name=\"twitter:label2\" content=\"Est. tempo de leitura\" \/>\n\t<meta name=\"twitter:data2\" content=\"2 minutos\" \/>\n<script type=\"application\/ld+json\" class=\"yoast-schema-graph\">{\"@context\":\"https:\\\/\\\/schema.org\",\"@graph\":[{\"@type\":\"Article\",\"@id\":\"https:\\\/\\\/blogdacondessa.com.br\\\/blog\\\/cultura\\\/mostra-bancos-indigenas-do-brasil\\\/#article\",\"isPartOf\":{\"@id\":\"https:\\\/\\\/blogdacondessa.com.br\\\/blog\\\/cultura\\\/mostra-bancos-indigenas-do-brasil\\\/\"},\"author\":{\"name\":\"Blog da Condessa\",\"@id\":\"https:\\\/\\\/blogdacondessa.com.br\\\/blog\\\/#\\\/schema\\\/person\\\/1d667ff8b785195b568677489d266035\"},\"headline\":\"Mostra \u201cBancos ind\u00edgenas do Brasil&#8221;\",\"datePublished\":\"2022-11-02T09:00:16+00:00\",\"mainEntityOfPage\":{\"@id\":\"https:\\\/\\\/blogdacondessa.com.br\\\/blog\\\/cultura\\\/mostra-bancos-indigenas-do-brasil\\\/\"},\"wordCount\":398,\"image\":{\"@id\":\"https:\\\/\\\/blogdacondessa.com.br\\\/blog\\\/cultura\\\/mostra-bancos-indigenas-do-brasil\\\/#primaryimage\"},\"thumbnailUrl\":\"https:\\\/\\\/blogdacondessa.com.br\\\/blog\\\/wp-content\\\/uploads\\\/2022\\\/11\\\/Onca_ColecaoBEI.jpg\",\"articleSection\":[\"Cultura\"],\"inLanguage\":\"pt-BR\"},{\"@type\":\"WebPage\",\"@id\":\"https:\\\/\\\/blogdacondessa.com.br\\\/blog\\\/cultura\\\/mostra-bancos-indigenas-do-brasil\\\/\",\"url\":\"https:\\\/\\\/blogdacondessa.com.br\\\/blog\\\/cultura\\\/mostra-bancos-indigenas-do-brasil\\\/\",\"name\":\"Mostra \u201cBancos ind\u00edgenas do Brasil\\\" &#8902; Blog da Condessa\",\"isPartOf\":{\"@id\":\"https:\\\/\\\/blogdacondessa.com.br\\\/blog\\\/#website\"},\"primaryImageOfPage\":{\"@id\":\"https:\\\/\\\/blogdacondessa.com.br\\\/blog\\\/cultura\\\/mostra-bancos-indigenas-do-brasil\\\/#primaryimage\"},\"image\":{\"@id\":\"https:\\\/\\\/blogdacondessa.com.br\\\/blog\\\/cultura\\\/mostra-bancos-indigenas-do-brasil\\\/#primaryimage\"},\"thumbnailUrl\":\"https:\\\/\\\/blogdacondessa.com.br\\\/blog\\\/wp-content\\\/uploads\\\/2022\\\/11\\\/Onca_ColecaoBEI.jpg\",\"datePublished\":\"2022-11-02T09:00:16+00:00\",\"author\":{\"@id\":\"https:\\\/\\\/blogdacondessa.com.br\\\/blog\\\/#\\\/schema\\\/person\\\/1d667ff8b785195b568677489d266035\"},\"breadcrumb\":{\"@id\":\"https:\\\/\\\/blogdacondessa.com.br\\\/blog\\\/cultura\\\/mostra-bancos-indigenas-do-brasil\\\/#breadcrumb\"},\"inLanguage\":\"pt-BR\",\"potentialAction\":[{\"@type\":\"ReadAction\",\"target\":[\"https:\\\/\\\/blogdacondessa.com.br\\\/blog\\\/cultura\\\/mostra-bancos-indigenas-do-brasil\\\/\"]}]},{\"@type\":\"ImageObject\",\"inLanguage\":\"pt-BR\",\"@id\":\"https:\\\/\\\/blogdacondessa.com.br\\\/blog\\\/cultura\\\/mostra-bancos-indigenas-do-brasil\\\/#primaryimage\",\"url\":\"https:\\\/\\\/blogdacondessa.com.br\\\/blog\\\/wp-content\\\/uploads\\\/2022\\\/11\\\/Onca_ColecaoBEI.jpg\",\"contentUrl\":\"https:\\\/\\\/blogdacondessa.com.br\\\/blog\\\/wp-content\\\/uploads\\\/2022\\\/11\\\/Onca_ColecaoBEI.jpg\",\"width\":960,\"height\":540,\"caption\":\"Foto: Rafael Costa\"},{\"@type\":\"BreadcrumbList\",\"@id\":\"https:\\\/\\\/blogdacondessa.com.br\\\/blog\\\/cultura\\\/mostra-bancos-indigenas-do-brasil\\\/#breadcrumb\",\"itemListElement\":[{\"@type\":\"ListItem\",\"position\":1,\"name\":\"In\u00edcio\",\"item\":\"https:\\\/\\\/blogdacondessa.com.br\\\/blog\\\/\"},{\"@type\":\"ListItem\",\"position\":2,\"name\":\"Mostra \u201cBancos ind\u00edgenas do Brasil&#8221;\"}]},{\"@type\":\"WebSite\",\"@id\":\"https:\\\/\\\/blogdacondessa.com.br\\\/blog\\\/#website\",\"url\":\"https:\\\/\\\/blogdacondessa.com.br\\\/blog\\\/\",\"name\":\"Blog da Condessa\",\"description\":\"Com Shirley de Souza O\u2019Campos\",\"potentialAction\":[{\"@type\":\"SearchAction\",\"target\":{\"@type\":\"EntryPoint\",\"urlTemplate\":\"https:\\\/\\\/blogdacondessa.com.br\\\/blog\\\/?s={search_term_string}\"},\"query-input\":{\"@type\":\"PropertyValueSpecification\",\"valueRequired\":true,\"valueName\":\"search_term_string\"}}],\"inLanguage\":\"pt-BR\"},{\"@type\":\"Person\",\"@id\":\"https:\\\/\\\/blogdacondessa.com.br\\\/blog\\\/#\\\/schema\\\/person\\\/1d667ff8b785195b568677489d266035\",\"name\":\"Blog da Condessa\",\"image\":{\"@type\":\"ImageObject\",\"inLanguage\":\"pt-BR\",\"@id\":\"https:\\\/\\\/secure.gravatar.com\\\/avatar\\\/377c0eb8b4ad2bfc25461b41564b5971e721ca34a57642868fc7b0c8ac7b52c5?s=96&d=mm&r=g\",\"url\":\"https:\\\/\\\/secure.gravatar.com\\\/avatar\\\/377c0eb8b4ad2bfc25461b41564b5971e721ca34a57642868fc7b0c8ac7b52c5?s=96&d=mm&r=g\",\"contentUrl\":\"https:\\\/\\\/secure.gravatar.com\\\/avatar\\\/377c0eb8b4ad2bfc25461b41564b5971e721ca34a57642868fc7b0c8ac7b52c5?s=96&d=mm&r=g\",\"caption\":\"Blog da Condessa\"},\"url\":\"https:\\\/\\\/blogdacondessa.com.br\\\/blog\\\/author\\\/beatriz\\\/\"}]}<\/script>\n<!-- \/ Yoast SEO plugin. -->","yoast_head_json":{"title":"Mostra \u201cBancos ind\u00edgenas do Brasil\" &#8902; Blog da Condessa","robots":{"index":"index","follow":"follow","max-snippet":"max-snippet:-1","max-image-preview":"max-image-preview:large","max-video-preview":"max-video-preview:-1"},"canonical":"https:\/\/blogdacondessa.com.br\/blog\/cultura\/mostra-bancos-indigenas-do-brasil\/","og_locale":"pt_BR","og_type":"article","og_title":"Mostra \u201cBancos ind\u00edgenas do Brasil\" &#8902; Blog da Condessa","og_description":"Chega a Cuiab\u00e1 a exposi\u00e7\u00e3o &#8220;Bancos ind\u00edgenas do Brasil&#8221;, que apresenta um pouco da diversidade cultural e beleza art\u00edstica de 29 povos da Amaz\u00f4nia e da Terra Ind\u00edgena do Xingu. A mostra ser\u00e1 aberta nesta quinta-feira (03.11), \u00e0s 19h, na Galeria de Artes Lava P\u00e9s, localizada no piso t\u00e9rreo da Secretaria de Estado de Cultura, [&hellip;]","og_url":"https:\/\/blogdacondessa.com.br\/blog\/cultura\/mostra-bancos-indigenas-do-brasil\/","og_site_name":"Blog da Condessa","article_published_time":"2022-11-02T09:00:16+00:00","og_image":[{"width":960,"height":540,"url":"https:\/\/blogdacondessa.com.br\/blog\/wp-content\/uploads\/2022\/11\/Onca_ColecaoBEI.jpg","type":"image\/jpeg"}],"author":"Blog da Condessa","twitter_card":"summary_large_image","twitter_misc":{"Escrito por":"Blog da Condessa","Est. tempo de leitura":"2 minutos"},"schema":{"@context":"https:\/\/schema.org","@graph":[{"@type":"Article","@id":"https:\/\/blogdacondessa.com.br\/blog\/cultura\/mostra-bancos-indigenas-do-brasil\/#article","isPartOf":{"@id":"https:\/\/blogdacondessa.com.br\/blog\/cultura\/mostra-bancos-indigenas-do-brasil\/"},"author":{"name":"Blog da Condessa","@id":"https:\/\/blogdacondessa.com.br\/blog\/#\/schema\/person\/1d667ff8b785195b568677489d266035"},"headline":"Mostra \u201cBancos ind\u00edgenas do Brasil&#8221;","datePublished":"2022-11-02T09:00:16+00:00","mainEntityOfPage":{"@id":"https:\/\/blogdacondessa.com.br\/blog\/cultura\/mostra-bancos-indigenas-do-brasil\/"},"wordCount":398,"image":{"@id":"https:\/\/blogdacondessa.com.br\/blog\/cultura\/mostra-bancos-indigenas-do-brasil\/#primaryimage"},"thumbnailUrl":"https:\/\/blogdacondessa.com.br\/blog\/wp-content\/uploads\/2022\/11\/Onca_ColecaoBEI.jpg","articleSection":["Cultura"],"inLanguage":"pt-BR"},{"@type":"WebPage","@id":"https:\/\/blogdacondessa.com.br\/blog\/cultura\/mostra-bancos-indigenas-do-brasil\/","url":"https:\/\/blogdacondessa.com.br\/blog\/cultura\/mostra-bancos-indigenas-do-brasil\/","name":"Mostra \u201cBancos ind\u00edgenas do Brasil\" &#8902; Blog da Condessa","isPartOf":{"@id":"https:\/\/blogdacondessa.com.br\/blog\/#website"},"primaryImageOfPage":{"@id":"https:\/\/blogdacondessa.com.br\/blog\/cultura\/mostra-bancos-indigenas-do-brasil\/#primaryimage"},"image":{"@id":"https:\/\/blogdacondessa.com.br\/blog\/cultura\/mostra-bancos-indigenas-do-brasil\/#primaryimage"},"thumbnailUrl":"https:\/\/blogdacondessa.com.br\/blog\/wp-content\/uploads\/2022\/11\/Onca_ColecaoBEI.jpg","datePublished":"2022-11-02T09:00:16+00:00","author":{"@id":"https:\/\/blogdacondessa.com.br\/blog\/#\/schema\/person\/1d667ff8b785195b568677489d266035"},"breadcrumb":{"@id":"https:\/\/blogdacondessa.com.br\/blog\/cultura\/mostra-bancos-indigenas-do-brasil\/#breadcrumb"},"inLanguage":"pt-BR","potentialAction":[{"@type":"ReadAction","target":["https:\/\/blogdacondessa.com.br\/blog\/cultura\/mostra-bancos-indigenas-do-brasil\/"]}]},{"@type":"ImageObject","inLanguage":"pt-BR","@id":"https:\/\/blogdacondessa.com.br\/blog\/cultura\/mostra-bancos-indigenas-do-brasil\/#primaryimage","url":"https:\/\/blogdacondessa.com.br\/blog\/wp-content\/uploads\/2022\/11\/Onca_ColecaoBEI.jpg","contentUrl":"https:\/\/blogdacondessa.com.br\/blog\/wp-content\/uploads\/2022\/11\/Onca_ColecaoBEI.jpg","width":960,"height":540,"caption":"Foto: Rafael Costa"},{"@type":"BreadcrumbList","@id":"https:\/\/blogdacondessa.com.br\/blog\/cultura\/mostra-bancos-indigenas-do-brasil\/#breadcrumb","itemListElement":[{"@type":"ListItem","position":1,"name":"In\u00edcio","item":"https:\/\/blogdacondessa.com.br\/blog\/"},{"@type":"ListItem","position":2,"name":"Mostra \u201cBancos ind\u00edgenas do Brasil&#8221;"}]},{"@type":"WebSite","@id":"https:\/\/blogdacondessa.com.br\/blog\/#website","url":"https:\/\/blogdacondessa.com.br\/blog\/","name":"Blog da Condessa","description":"Com Shirley de Souza O\u2019Campos","potentialAction":[{"@type":"SearchAction","target":{"@type":"EntryPoint","urlTemplate":"https:\/\/blogdacondessa.com.br\/blog\/?s={search_term_string}"},"query-input":{"@type":"PropertyValueSpecification","valueRequired":true,"valueName":"search_term_string"}}],"inLanguage":"pt-BR"},{"@type":"Person","@id":"https:\/\/blogdacondessa.com.br\/blog\/#\/schema\/person\/1d667ff8b785195b568677489d266035","name":"Blog da Condessa","image":{"@type":"ImageObject","inLanguage":"pt-BR","@id":"https:\/\/secure.gravatar.com\/avatar\/377c0eb8b4ad2bfc25461b41564b5971e721ca34a57642868fc7b0c8ac7b52c5?s=96&d=mm&r=g","url":"https:\/\/secure.gravatar.com\/avatar\/377c0eb8b4ad2bfc25461b41564b5971e721ca34a57642868fc7b0c8ac7b52c5?s=96&d=mm&r=g","contentUrl":"https:\/\/secure.gravatar.com\/avatar\/377c0eb8b4ad2bfc25461b41564b5971e721ca34a57642868fc7b0c8ac7b52c5?s=96&d=mm&r=g","caption":"Blog da Condessa"},"url":"https:\/\/blogdacondessa.com.br\/blog\/author\/beatriz\/"}]}},"_links":{"self":[{"href":"https:\/\/blogdacondessa.com.br\/blog\/wp-json\/wp\/v2\/posts\/5321","targetHints":{"allow":["GET"]}}],"collection":[{"href":"https:\/\/blogdacondessa.com.br\/blog\/wp-json\/wp\/v2\/posts"}],"about":[{"href":"https:\/\/blogdacondessa.com.br\/blog\/wp-json\/wp\/v2\/types\/post"}],"author":[{"embeddable":true,"href":"https:\/\/blogdacondessa.com.br\/blog\/wp-json\/wp\/v2\/users\/2"}],"replies":[{"embeddable":true,"href":"https:\/\/blogdacondessa.com.br\/blog\/wp-json\/wp\/v2\/comments?post=5321"}],"version-history":[{"count":0,"href":"https:\/\/blogdacondessa.com.br\/blog\/wp-json\/wp\/v2\/posts\/5321\/revisions"}],"wp:featuredmedia":[{"embeddable":true,"href":"https:\/\/blogdacondessa.com.br\/blog\/wp-json\/wp\/v2\/media\/5322"}],"wp:attachment":[{"href":"https:\/\/blogdacondessa.com.br\/blog\/wp-json\/wp\/v2\/media?parent=5321"}],"wp:term":[{"taxonomy":"category","embeddable":true,"href":"https:\/\/blogdacondessa.com.br\/blog\/wp-json\/wp\/v2\/categories?post=5321"},{"taxonomy":"post_tag","embeddable":true,"href":"https:\/\/blogdacondessa.com.br\/blog\/wp-json\/wp\/v2\/tags?post=5321"}],"curies":[{"name":"wp","href":"https:\/\/api.w.org\/{rel}","templated":true}]}}