{"id":5136,"date":"2022-10-12T05:00:22","date_gmt":"2022-10-12T09:00:22","guid":{"rendered":"http:\/\/blogdacondessa.com.br\/?p=5136"},"modified":"2022-10-11T17:08:26","modified_gmt":"2022-10-11T21:08:26","slug":"cuiaba-sedia-feira-de-educacao-internacional","status":"publish","type":"post","link":"https:\/\/blogdacondessa.com.br\/blog\/educacao\/cuiaba-sedia-feira-de-educacao-internacional\/","title":{"rendered":"Cuiab\u00e1 sedia Feira de Educa\u00e7\u00e3o Internacional"},"content":{"rendered":"<p>A maior Feira de Educa\u00e7\u00e3o Internacional do Centro-Oeste acontece em Cuiab\u00e1 no pr\u00f3ximo dia 22 de outubro. Um evento gratuito, onde especialistas na \u00e1rea tiram d\u00favidas sobre o assunto e ainda auxiliam na escolha do melhor programa de educa\u00e7\u00e3o internacional para cada perfil de pessoa.<\/p>\n<p>Ao todo, s\u00e3o 40 institui\u00e7\u00f5es internacionais de cursos de idiomas, high school, universidades, programas de fam\u00edlia e interc\u00e2mbio em grupo de pa\u00edses como Estados Unidos, Canad\u00e1, Irlanda, Austr\u00e1lia, Su\u00ed\u00e7a, Alemanha, Fran\u00e7a, Inglaterra e Nova Zel\u00e2ndia. A expectativa \u00e9 de que 3 mil visitantes passem pela feira, que contar\u00e1 com a presen\u00e7a de ex-intercambistas nos estandes relatando suas experi\u00eancias ao estudar e viver em outro pa\u00eds.<\/p>\n<p>\u201cTrata-se de uma oportunidade incr\u00edvel para obter orienta\u00e7\u00f5es e come\u00e7ar a se planejar para os estudos. Pessoas de todas as idades ser\u00e3o muito bem-vindas, desde profissionais j\u00e1 formados que desejam fazer uma especializa\u00e7\u00e3o, at\u00e9 pais, crian\u00e7as e adolescentes que gostariam de saber como as high schools funcionam\u201d, explica o CEO da Best Interc\u00e2mbio e Coordenador da Feira, Valeriano Martins.<\/p>\n<p>Sair pelo mundo, conhecer novas culturas, aprender idiomas e se qualificar profissionalmente tem contagiado um n\u00famero cada vez maior de brasileiros. \u201cS\u00e3o experi\u00eancias que enriquecem n\u00e3o apenas o curr\u00edculo profissional como tamb\u00e9m o crescimento pessoal\u201d, destaca Valeriano.<\/p>\n<p><strong>\u00a0Servi\u00e7o:<\/strong><\/p>\n<p>6\u00aa Feira de Educa\u00e7\u00e3o Internacional<\/p>\n<p>Local: Goiabeiras Shopping<\/p>\n<p>Data: 22 de Outubro<\/p>\n<p>Hor\u00e1rio: das 10h \u00e0s 19h<\/p>\n<p>Inscri\u00e7\u00f5es Gratuitas:\u00a0<a href=\"https:\/\/lp.best.tur.br\/feira\">https:\/\/lp.best.tur.br\/feira<\/a><\/p>\n<p>&nbsp;<\/p>\n","protected":false},"excerpt":{"rendered":"<p>A maior Feira de Educa\u00e7\u00e3o Internacional do Centro-Oeste acontece em Cuiab\u00e1 no pr\u00f3ximo dia 22 de outubro. Um evento gratuito, onde especialistas na \u00e1rea tiram d\u00favidas sobre o assunto e ainda auxiliam na escolha do melhor programa de educa\u00e7\u00e3o internacional para cada perfil de pessoa. Ao todo, s\u00e3o 40 institui\u00e7\u00f5es internacionais de cursos de idiomas, [&hellip;]<\/p>\n","protected":false},"author":2,"featured_media":5137,"comment_status":"closed","ping_status":"closed","sticky":false,"template":"","format":"standard","meta":{"iawp_total_views":0,"footnotes":""},"categories":[20],"tags":[],"class_list":["post-5136","post","type-post","status-publish","format-standard","has-post-thumbnail","hentry","category-educacao"],"yoast_head":"<!-- This site is optimized with the Yoast SEO plugin v27.3 - https:\/\/yoast.com\/product\/yoast-seo-wordpress\/ -->\n<title>Cuiab\u00e1 sedia Feira de Educa\u00e7\u00e3o Internacional &#8902; Blog da Condessa<\/title>\n<meta name=\"robots\" content=\"index, follow, max-snippet:-1, max-image-preview:large, max-video-preview:-1\" \/>\n<link rel=\"canonical\" href=\"https:\/\/blogdacondessa.com.br\/blog\/educacao\/cuiaba-sedia-feira-de-educacao-internacional\/\" \/>\n<meta property=\"og:locale\" content=\"pt_BR\" \/>\n<meta property=\"og:type\" content=\"article\" \/>\n<meta property=\"og:title\" content=\"Cuiab\u00e1 sedia Feira de Educa\u00e7\u00e3o Internacional &#8902; Blog da Condessa\" \/>\n<meta property=\"og:description\" content=\"A maior Feira de Educa\u00e7\u00e3o Internacional do Centro-Oeste acontece em Cuiab\u00e1 no pr\u00f3ximo dia 22 de outubro. Um evento gratuito, onde especialistas na \u00e1rea tiram d\u00favidas sobre o assunto e ainda auxiliam na escolha do melhor programa de educa\u00e7\u00e3o internacional para cada perfil de pessoa. Ao todo, s\u00e3o 40 institui\u00e7\u00f5es internacionais de cursos de idiomas, [&hellip;]\" \/>\n<meta property=\"og:url\" content=\"https:\/\/blogdacondessa.com.br\/blog\/educacao\/cuiaba-sedia-feira-de-educacao-internacional\/\" \/>\n<meta property=\"og:site_name\" content=\"Blog da Condessa\" \/>\n<meta property=\"article:published_time\" content=\"2022-10-12T09:00:22+00:00\" \/>\n<meta property=\"og:image\" content=\"https:\/\/blogdacondessa.com.br\/blog\/wp-content\/uploads\/2022\/10\/Best-Intercambio-certa.jpg\" \/>\n\t<meta property=\"og:image:width\" content=\"1093\" \/>\n\t<meta property=\"og:image:height\" content=\"1080\" \/>\n\t<meta property=\"og:image:type\" content=\"image\/jpeg\" \/>\n<meta name=\"author\" content=\"Blog da Condessa\" \/>\n<meta name=\"twitter:card\" content=\"summary_large_image\" \/>\n<meta name=\"twitter:label1\" content=\"Escrito por\" \/>\n\t<meta name=\"twitter:data1\" content=\"Blog da Condessa\" \/>\n\t<meta name=\"twitter:label2\" content=\"Est. tempo de leitura\" \/>\n\t<meta name=\"twitter:data2\" content=\"2 minutos\" \/>\n<script type=\"application\/ld+json\" class=\"yoast-schema-graph\">{\"@context\":\"https:\\\/\\\/schema.org\",\"@graph\":[{\"@type\":\"Article\",\"@id\":\"https:\\\/\\\/blogdacondessa.com.br\\\/blog\\\/educacao\\\/cuiaba-sedia-feira-de-educacao-internacional\\\/#article\",\"isPartOf\":{\"@id\":\"https:\\\/\\\/blogdacondessa.com.br\\\/blog\\\/educacao\\\/cuiaba-sedia-feira-de-educacao-internacional\\\/\"},\"author\":{\"name\":\"Blog da Condessa\",\"@id\":\"https:\\\/\\\/blogdacondessa.com.br\\\/blog\\\/#\\\/schema\\\/person\\\/1d667ff8b785195b568677489d266035\"},\"headline\":\"Cuiab\u00e1 sedia Feira de Educa\u00e7\u00e3o Internacional\",\"datePublished\":\"2022-10-12T09:00:22+00:00\",\"mainEntityOfPage\":{\"@id\":\"https:\\\/\\\/blogdacondessa.com.br\\\/blog\\\/educacao\\\/cuiaba-sedia-feira-de-educacao-internacional\\\/\"},\"wordCount\":267,\"image\":{\"@id\":\"https:\\\/\\\/blogdacondessa.com.br\\\/blog\\\/educacao\\\/cuiaba-sedia-feira-de-educacao-internacional\\\/#primaryimage\"},\"thumbnailUrl\":\"https:\\\/\\\/blogdacondessa.com.br\\\/blog\\\/wp-content\\\/uploads\\\/2022\\\/10\\\/Best-Intercambio-certa.jpg\",\"articleSection\":[\"Educa\u00e7\u00e3o\"],\"inLanguage\":\"pt-BR\"},{\"@type\":\"WebPage\",\"@id\":\"https:\\\/\\\/blogdacondessa.com.br\\\/blog\\\/educacao\\\/cuiaba-sedia-feira-de-educacao-internacional\\\/\",\"url\":\"https:\\\/\\\/blogdacondessa.com.br\\\/blog\\\/educacao\\\/cuiaba-sedia-feira-de-educacao-internacional\\\/\",\"name\":\"Cuiab\u00e1 sedia Feira de Educa\u00e7\u00e3o Internacional &#8902; Blog da Condessa\",\"isPartOf\":{\"@id\":\"https:\\\/\\\/blogdacondessa.com.br\\\/blog\\\/#website\"},\"primaryImageOfPage\":{\"@id\":\"https:\\\/\\\/blogdacondessa.com.br\\\/blog\\\/educacao\\\/cuiaba-sedia-feira-de-educacao-internacional\\\/#primaryimage\"},\"image\":{\"@id\":\"https:\\\/\\\/blogdacondessa.com.br\\\/blog\\\/educacao\\\/cuiaba-sedia-feira-de-educacao-internacional\\\/#primaryimage\"},\"thumbnailUrl\":\"https:\\\/\\\/blogdacondessa.com.br\\\/blog\\\/wp-content\\\/uploads\\\/2022\\\/10\\\/Best-Intercambio-certa.jpg\",\"datePublished\":\"2022-10-12T09:00:22+00:00\",\"author\":{\"@id\":\"https:\\\/\\\/blogdacondessa.com.br\\\/blog\\\/#\\\/schema\\\/person\\\/1d667ff8b785195b568677489d266035\"},\"breadcrumb\":{\"@id\":\"https:\\\/\\\/blogdacondessa.com.br\\\/blog\\\/educacao\\\/cuiaba-sedia-feira-de-educacao-internacional\\\/#breadcrumb\"},\"inLanguage\":\"pt-BR\",\"potentialAction\":[{\"@type\":\"ReadAction\",\"target\":[\"https:\\\/\\\/blogdacondessa.com.br\\\/blog\\\/educacao\\\/cuiaba-sedia-feira-de-educacao-internacional\\\/\"]}]},{\"@type\":\"ImageObject\",\"inLanguage\":\"pt-BR\",\"@id\":\"https:\\\/\\\/blogdacondessa.com.br\\\/blog\\\/educacao\\\/cuiaba-sedia-feira-de-educacao-internacional\\\/#primaryimage\",\"url\":\"https:\\\/\\\/blogdacondessa.com.br\\\/blog\\\/wp-content\\\/uploads\\\/2022\\\/10\\\/Best-Intercambio-certa.jpg\",\"contentUrl\":\"https:\\\/\\\/blogdacondessa.com.br\\\/blog\\\/wp-content\\\/uploads\\\/2022\\\/10\\\/Best-Intercambio-certa.jpg\",\"width\":1093,\"height\":1080},{\"@type\":\"BreadcrumbList\",\"@id\":\"https:\\\/\\\/blogdacondessa.com.br\\\/blog\\\/educacao\\\/cuiaba-sedia-feira-de-educacao-internacional\\\/#breadcrumb\",\"itemListElement\":[{\"@type\":\"ListItem\",\"position\":1,\"name\":\"In\u00edcio\",\"item\":\"https:\\\/\\\/blogdacondessa.com.br\\\/blog\\\/\"},{\"@type\":\"ListItem\",\"position\":2,\"name\":\"Cuiab\u00e1 sedia Feira de Educa\u00e7\u00e3o Internacional\"}]},{\"@type\":\"WebSite\",\"@id\":\"https:\\\/\\\/blogdacondessa.com.br\\\/blog\\\/#website\",\"url\":\"https:\\\/\\\/blogdacondessa.com.br\\\/blog\\\/\",\"name\":\"Blog da Condessa\",\"description\":\"Com Shirley de Souza O\u2019Campos\",\"potentialAction\":[{\"@type\":\"SearchAction\",\"target\":{\"@type\":\"EntryPoint\",\"urlTemplate\":\"https:\\\/\\\/blogdacondessa.com.br\\\/blog\\\/?s={search_term_string}\"},\"query-input\":{\"@type\":\"PropertyValueSpecification\",\"valueRequired\":true,\"valueName\":\"search_term_string\"}}],\"inLanguage\":\"pt-BR\"},{\"@type\":\"Person\",\"@id\":\"https:\\\/\\\/blogdacondessa.com.br\\\/blog\\\/#\\\/schema\\\/person\\\/1d667ff8b785195b568677489d266035\",\"name\":\"Blog da Condessa\",\"image\":{\"@type\":\"ImageObject\",\"inLanguage\":\"pt-BR\",\"@id\":\"https:\\\/\\\/secure.gravatar.com\\\/avatar\\\/377c0eb8b4ad2bfc25461b41564b5971e721ca34a57642868fc7b0c8ac7b52c5?s=96&d=mm&r=g\",\"url\":\"https:\\\/\\\/secure.gravatar.com\\\/avatar\\\/377c0eb8b4ad2bfc25461b41564b5971e721ca34a57642868fc7b0c8ac7b52c5?s=96&d=mm&r=g\",\"contentUrl\":\"https:\\\/\\\/secure.gravatar.com\\\/avatar\\\/377c0eb8b4ad2bfc25461b41564b5971e721ca34a57642868fc7b0c8ac7b52c5?s=96&d=mm&r=g\",\"caption\":\"Blog da Condessa\"},\"url\":\"https:\\\/\\\/blogdacondessa.com.br\\\/blog\\\/author\\\/beatriz\\\/\"}]}<\/script>\n<!-- \/ Yoast SEO plugin. -->","yoast_head_json":{"title":"Cuiab\u00e1 sedia Feira de Educa\u00e7\u00e3o Internacional &#8902; Blog da Condessa","robots":{"index":"index","follow":"follow","max-snippet":"max-snippet:-1","max-image-preview":"max-image-preview:large","max-video-preview":"max-video-preview:-1"},"canonical":"https:\/\/blogdacondessa.com.br\/blog\/educacao\/cuiaba-sedia-feira-de-educacao-internacional\/","og_locale":"pt_BR","og_type":"article","og_title":"Cuiab\u00e1 sedia Feira de Educa\u00e7\u00e3o Internacional &#8902; Blog da Condessa","og_description":"A maior Feira de Educa\u00e7\u00e3o Internacional do Centro-Oeste acontece em Cuiab\u00e1 no pr\u00f3ximo dia 22 de outubro. Um evento gratuito, onde especialistas na \u00e1rea tiram d\u00favidas sobre o assunto e ainda auxiliam na escolha do melhor programa de educa\u00e7\u00e3o internacional para cada perfil de pessoa. Ao todo, s\u00e3o 40 institui\u00e7\u00f5es internacionais de cursos de idiomas, [&hellip;]","og_url":"https:\/\/blogdacondessa.com.br\/blog\/educacao\/cuiaba-sedia-feira-de-educacao-internacional\/","og_site_name":"Blog da Condessa","article_published_time":"2022-10-12T09:00:22+00:00","og_image":[{"width":1093,"height":1080,"url":"https:\/\/blogdacondessa.com.br\/blog\/wp-content\/uploads\/2022\/10\/Best-Intercambio-certa.jpg","type":"image\/jpeg"}],"author":"Blog da Condessa","twitter_card":"summary_large_image","twitter_misc":{"Escrito por":"Blog da Condessa","Est. tempo de leitura":"2 minutos"},"schema":{"@context":"https:\/\/schema.org","@graph":[{"@type":"Article","@id":"https:\/\/blogdacondessa.com.br\/blog\/educacao\/cuiaba-sedia-feira-de-educacao-internacional\/#article","isPartOf":{"@id":"https:\/\/blogdacondessa.com.br\/blog\/educacao\/cuiaba-sedia-feira-de-educacao-internacional\/"},"author":{"name":"Blog da Condessa","@id":"https:\/\/blogdacondessa.com.br\/blog\/#\/schema\/person\/1d667ff8b785195b568677489d266035"},"headline":"Cuiab\u00e1 sedia Feira de Educa\u00e7\u00e3o Internacional","datePublished":"2022-10-12T09:00:22+00:00","mainEntityOfPage":{"@id":"https:\/\/blogdacondessa.com.br\/blog\/educacao\/cuiaba-sedia-feira-de-educacao-internacional\/"},"wordCount":267,"image":{"@id":"https:\/\/blogdacondessa.com.br\/blog\/educacao\/cuiaba-sedia-feira-de-educacao-internacional\/#primaryimage"},"thumbnailUrl":"https:\/\/blogdacondessa.com.br\/blog\/wp-content\/uploads\/2022\/10\/Best-Intercambio-certa.jpg","articleSection":["Educa\u00e7\u00e3o"],"inLanguage":"pt-BR"},{"@type":"WebPage","@id":"https:\/\/blogdacondessa.com.br\/blog\/educacao\/cuiaba-sedia-feira-de-educacao-internacional\/","url":"https:\/\/blogdacondessa.com.br\/blog\/educacao\/cuiaba-sedia-feira-de-educacao-internacional\/","name":"Cuiab\u00e1 sedia Feira de Educa\u00e7\u00e3o Internacional &#8902; Blog da Condessa","isPartOf":{"@id":"https:\/\/blogdacondessa.com.br\/blog\/#website"},"primaryImageOfPage":{"@id":"https:\/\/blogdacondessa.com.br\/blog\/educacao\/cuiaba-sedia-feira-de-educacao-internacional\/#primaryimage"},"image":{"@id":"https:\/\/blogdacondessa.com.br\/blog\/educacao\/cuiaba-sedia-feira-de-educacao-internacional\/#primaryimage"},"thumbnailUrl":"https:\/\/blogdacondessa.com.br\/blog\/wp-content\/uploads\/2022\/10\/Best-Intercambio-certa.jpg","datePublished":"2022-10-12T09:00:22+00:00","author":{"@id":"https:\/\/blogdacondessa.com.br\/blog\/#\/schema\/person\/1d667ff8b785195b568677489d266035"},"breadcrumb":{"@id":"https:\/\/blogdacondessa.com.br\/blog\/educacao\/cuiaba-sedia-feira-de-educacao-internacional\/#breadcrumb"},"inLanguage":"pt-BR","potentialAction":[{"@type":"ReadAction","target":["https:\/\/blogdacondessa.com.br\/blog\/educacao\/cuiaba-sedia-feira-de-educacao-internacional\/"]}]},{"@type":"ImageObject","inLanguage":"pt-BR","@id":"https:\/\/blogdacondessa.com.br\/blog\/educacao\/cuiaba-sedia-feira-de-educacao-internacional\/#primaryimage","url":"https:\/\/blogdacondessa.com.br\/blog\/wp-content\/uploads\/2022\/10\/Best-Intercambio-certa.jpg","contentUrl":"https:\/\/blogdacondessa.com.br\/blog\/wp-content\/uploads\/2022\/10\/Best-Intercambio-certa.jpg","width":1093,"height":1080},{"@type":"BreadcrumbList","@id":"https:\/\/blogdacondessa.com.br\/blog\/educacao\/cuiaba-sedia-feira-de-educacao-internacional\/#breadcrumb","itemListElement":[{"@type":"ListItem","position":1,"name":"In\u00edcio","item":"https:\/\/blogdacondessa.com.br\/blog\/"},{"@type":"ListItem","position":2,"name":"Cuiab\u00e1 sedia Feira de Educa\u00e7\u00e3o Internacional"}]},{"@type":"WebSite","@id":"https:\/\/blogdacondessa.com.br\/blog\/#website","url":"https:\/\/blogdacondessa.com.br\/blog\/","name":"Blog da Condessa","description":"Com Shirley de Souza O\u2019Campos","potentialAction":[{"@type":"SearchAction","target":{"@type":"EntryPoint","urlTemplate":"https:\/\/blogdacondessa.com.br\/blog\/?s={search_term_string}"},"query-input":{"@type":"PropertyValueSpecification","valueRequired":true,"valueName":"search_term_string"}}],"inLanguage":"pt-BR"},{"@type":"Person","@id":"https:\/\/blogdacondessa.com.br\/blog\/#\/schema\/person\/1d667ff8b785195b568677489d266035","name":"Blog da Condessa","image":{"@type":"ImageObject","inLanguage":"pt-BR","@id":"https:\/\/secure.gravatar.com\/avatar\/377c0eb8b4ad2bfc25461b41564b5971e721ca34a57642868fc7b0c8ac7b52c5?s=96&d=mm&r=g","url":"https:\/\/secure.gravatar.com\/avatar\/377c0eb8b4ad2bfc25461b41564b5971e721ca34a57642868fc7b0c8ac7b52c5?s=96&d=mm&r=g","contentUrl":"https:\/\/secure.gravatar.com\/avatar\/377c0eb8b4ad2bfc25461b41564b5971e721ca34a57642868fc7b0c8ac7b52c5?s=96&d=mm&r=g","caption":"Blog da Condessa"},"url":"https:\/\/blogdacondessa.com.br\/blog\/author\/beatriz\/"}]}},"_links":{"self":[{"href":"https:\/\/blogdacondessa.com.br\/blog\/wp-json\/wp\/v2\/posts\/5136","targetHints":{"allow":["GET"]}}],"collection":[{"href":"https:\/\/blogdacondessa.com.br\/blog\/wp-json\/wp\/v2\/posts"}],"about":[{"href":"https:\/\/blogdacondessa.com.br\/blog\/wp-json\/wp\/v2\/types\/post"}],"author":[{"embeddable":true,"href":"https:\/\/blogdacondessa.com.br\/blog\/wp-json\/wp\/v2\/users\/2"}],"replies":[{"embeddable":true,"href":"https:\/\/blogdacondessa.com.br\/blog\/wp-json\/wp\/v2\/comments?post=5136"}],"version-history":[{"count":0,"href":"https:\/\/blogdacondessa.com.br\/blog\/wp-json\/wp\/v2\/posts\/5136\/revisions"}],"wp:featuredmedia":[{"embeddable":true,"href":"https:\/\/blogdacondessa.com.br\/blog\/wp-json\/wp\/v2\/media\/5137"}],"wp:attachment":[{"href":"https:\/\/blogdacondessa.com.br\/blog\/wp-json\/wp\/v2\/media?parent=5136"}],"wp:term":[{"taxonomy":"category","embeddable":true,"href":"https:\/\/blogdacondessa.com.br\/blog\/wp-json\/wp\/v2\/categories?post=5136"},{"taxonomy":"post_tag","embeddable":true,"href":"https:\/\/blogdacondessa.com.br\/blog\/wp-json\/wp\/v2\/tags?post=5136"}],"curies":[{"name":"wp","href":"https:\/\/api.w.org\/{rel}","templated":true}]}}