{"id":5096,"date":"2022-10-07T11:10:21","date_gmt":"2022-10-07T15:10:21","guid":{"rendered":"http:\/\/blogdacondessa.com.br\/?p=5096"},"modified":"2022-10-07T11:10:21","modified_gmt":"2022-10-07T15:10:21","slug":"a-tradicional-feirinha-cuiabana-acontece-nesta-sexta-e-sabado","status":"publish","type":"post","link":"https:\/\/blogdacondessa.com.br\/blog\/cidades\/a-tradicional-feirinha-cuiabana-acontece-nesta-sexta-e-sabado\/","title":{"rendered":"A tradicional Feirinha Cuiabana acontece nesta sexta e s\u00e1bado"},"content":{"rendered":"<p>Ocorre nesta sexta-feira e s\u00e1bado\u00a0 ( 7 e 8 de outubro) das 12 \u00e0s 20 horas \u00a0a Feirinha Cuiabana, no Goiabeiras Shopping. Cores, cultura e sabores da terra. Expositores apresentar\u00e3o seus produtos, muitos de fabrica\u00e7\u00e3o artesanal, feitos por empreendedores locais, como artesanatos, confec\u00e7\u00f5es, artigos de papelaria, al\u00e9m de comidas t\u00edpicas da culin\u00e1ria cuiabana, doces e salgados.<\/p>\n<p>\u201cO objetivo da Feirinha Cuiabana \u00e9 fomentar o mercado do pequeno empreendedor, dando oportunidade para muitos expositores divulgarem seu trabalho\u201d, conta Zilda Castanho, idealizadora e tamb\u00e9m respons\u00e1vel pela organiza\u00e7\u00e3o da feira.<\/p>\n<p>Muita anima\u00e7\u00e3o, com direito a muita gostosura em um ambiente climatizado e aconchegante. Al\u00e9m dos quitutes, o artesanato que valoriza a economia criativa e os pequenos empreendedores da nossa regi\u00e3o.<\/p>\n","protected":false},"excerpt":{"rendered":"<p>Ocorre nesta sexta-feira e s\u00e1bado\u00a0 ( 7 e 8 de outubro) das 12 \u00e0s 20 horas \u00a0a Feirinha Cuiabana, no Goiabeiras Shopping. Cores, cultura e sabores da terra. Expositores apresentar\u00e3o seus produtos, muitos de fabrica\u00e7\u00e3o artesanal, feitos por empreendedores locais, como artesanatos, confec\u00e7\u00f5es, artigos de papelaria, al\u00e9m de comidas t\u00edpicas da culin\u00e1ria cuiabana, doces e [&hellip;]<\/p>\n","protected":false},"author":2,"featured_media":5097,"comment_status":"closed","ping_status":"closed","sticky":false,"template":"","format":"standard","meta":{"iawp_total_views":0,"footnotes":""},"categories":[12],"tags":[],"class_list":["post-5096","post","type-post","status-publish","format-standard","has-post-thumbnail","hentry","category-cidades"],"yoast_head":"<!-- This site is optimized with the Yoast SEO plugin v27.3 - https:\/\/yoast.com\/product\/yoast-seo-wordpress\/ -->\n<title>A tradicional Feirinha Cuiabana acontece nesta sexta e s\u00e1bado &#8902; Blog da Condessa<\/title>\n<meta name=\"robots\" content=\"index, follow, max-snippet:-1, max-image-preview:large, max-video-preview:-1\" \/>\n<link rel=\"canonical\" href=\"https:\/\/blogdacondessa.com.br\/blog\/cidades\/a-tradicional-feirinha-cuiabana-acontece-nesta-sexta-e-sabado\/\" \/>\n<meta property=\"og:locale\" content=\"pt_BR\" \/>\n<meta property=\"og:type\" content=\"article\" \/>\n<meta property=\"og:title\" content=\"A tradicional Feirinha Cuiabana acontece nesta sexta e s\u00e1bado &#8902; Blog da Condessa\" \/>\n<meta property=\"og:description\" content=\"Ocorre nesta sexta-feira e s\u00e1bado\u00a0 ( 7 e 8 de outubro) das 12 \u00e0s 20 horas \u00a0a Feirinha Cuiabana, no Goiabeiras Shopping. Cores, cultura e sabores da terra. Expositores apresentar\u00e3o seus produtos, muitos de fabrica\u00e7\u00e3o artesanal, feitos por empreendedores locais, como artesanatos, confec\u00e7\u00f5es, artigos de papelaria, al\u00e9m de comidas t\u00edpicas da culin\u00e1ria cuiabana, doces e [&hellip;]\" \/>\n<meta property=\"og:url\" content=\"https:\/\/blogdacondessa.com.br\/blog\/cidades\/a-tradicional-feirinha-cuiabana-acontece-nesta-sexta-e-sabado\/\" \/>\n<meta property=\"og:site_name\" content=\"Blog da Condessa\" \/>\n<meta property=\"article:published_time\" content=\"2022-10-07T15:10:21+00:00\" \/>\n<meta property=\"og:image\" content=\"https:\/\/blogdacondessa.com.br\/blog\/wp-content\/uploads\/2022\/10\/feirinha-cuiabana-outubro.jpg\" \/>\n\t<meta property=\"og:image:width\" content=\"1080\" \/>\n\t<meta property=\"og:image:height\" content=\"1080\" \/>\n\t<meta property=\"og:image:type\" content=\"image\/jpeg\" \/>\n<meta name=\"author\" content=\"Blog da Condessa\" \/>\n<meta name=\"twitter:card\" content=\"summary_large_image\" \/>\n<meta name=\"twitter:label1\" content=\"Escrito por\" \/>\n\t<meta name=\"twitter:data1\" content=\"Blog da Condessa\" \/>\n\t<meta name=\"twitter:label2\" content=\"Est. tempo de leitura\" \/>\n\t<meta name=\"twitter:data2\" content=\"1 minuto\" \/>\n<script type=\"application\/ld+json\" class=\"yoast-schema-graph\">{\"@context\":\"https:\\\/\\\/schema.org\",\"@graph\":[{\"@type\":\"Article\",\"@id\":\"https:\\\/\\\/blogdacondessa.com.br\\\/blog\\\/cidades\\\/a-tradicional-feirinha-cuiabana-acontece-nesta-sexta-e-sabado\\\/#article\",\"isPartOf\":{\"@id\":\"https:\\\/\\\/blogdacondessa.com.br\\\/blog\\\/cidades\\\/a-tradicional-feirinha-cuiabana-acontece-nesta-sexta-e-sabado\\\/\"},\"author\":{\"name\":\"Blog da Condessa\",\"@id\":\"https:\\\/\\\/blogdacondessa.com.br\\\/blog\\\/#\\\/schema\\\/person\\\/1d667ff8b785195b568677489d266035\"},\"headline\":\"A tradicional Feirinha Cuiabana acontece nesta sexta e s\u00e1bado\",\"datePublished\":\"2022-10-07T15:10:21+00:00\",\"mainEntityOfPage\":{\"@id\":\"https:\\\/\\\/blogdacondessa.com.br\\\/blog\\\/cidades\\\/a-tradicional-feirinha-cuiabana-acontece-nesta-sexta-e-sabado\\\/\"},\"wordCount\":134,\"image\":{\"@id\":\"https:\\\/\\\/blogdacondessa.com.br\\\/blog\\\/cidades\\\/a-tradicional-feirinha-cuiabana-acontece-nesta-sexta-e-sabado\\\/#primaryimage\"},\"thumbnailUrl\":\"https:\\\/\\\/blogdacondessa.com.br\\\/blog\\\/wp-content\\\/uploads\\\/2022\\\/10\\\/feirinha-cuiabana-outubro.jpg\",\"articleSection\":[\"Cidades\"],\"inLanguage\":\"pt-BR\"},{\"@type\":\"WebPage\",\"@id\":\"https:\\\/\\\/blogdacondessa.com.br\\\/blog\\\/cidades\\\/a-tradicional-feirinha-cuiabana-acontece-nesta-sexta-e-sabado\\\/\",\"url\":\"https:\\\/\\\/blogdacondessa.com.br\\\/blog\\\/cidades\\\/a-tradicional-feirinha-cuiabana-acontece-nesta-sexta-e-sabado\\\/\",\"name\":\"A tradicional Feirinha Cuiabana acontece nesta sexta e s\u00e1bado &#8902; Blog da Condessa\",\"isPartOf\":{\"@id\":\"https:\\\/\\\/blogdacondessa.com.br\\\/blog\\\/#website\"},\"primaryImageOfPage\":{\"@id\":\"https:\\\/\\\/blogdacondessa.com.br\\\/blog\\\/cidades\\\/a-tradicional-feirinha-cuiabana-acontece-nesta-sexta-e-sabado\\\/#primaryimage\"},\"image\":{\"@id\":\"https:\\\/\\\/blogdacondessa.com.br\\\/blog\\\/cidades\\\/a-tradicional-feirinha-cuiabana-acontece-nesta-sexta-e-sabado\\\/#primaryimage\"},\"thumbnailUrl\":\"https:\\\/\\\/blogdacondessa.com.br\\\/blog\\\/wp-content\\\/uploads\\\/2022\\\/10\\\/feirinha-cuiabana-outubro.jpg\",\"datePublished\":\"2022-10-07T15:10:21+00:00\",\"author\":{\"@id\":\"https:\\\/\\\/blogdacondessa.com.br\\\/blog\\\/#\\\/schema\\\/person\\\/1d667ff8b785195b568677489d266035\"},\"breadcrumb\":{\"@id\":\"https:\\\/\\\/blogdacondessa.com.br\\\/blog\\\/cidades\\\/a-tradicional-feirinha-cuiabana-acontece-nesta-sexta-e-sabado\\\/#breadcrumb\"},\"inLanguage\":\"pt-BR\",\"potentialAction\":[{\"@type\":\"ReadAction\",\"target\":[\"https:\\\/\\\/blogdacondessa.com.br\\\/blog\\\/cidades\\\/a-tradicional-feirinha-cuiabana-acontece-nesta-sexta-e-sabado\\\/\"]}]},{\"@type\":\"ImageObject\",\"inLanguage\":\"pt-BR\",\"@id\":\"https:\\\/\\\/blogdacondessa.com.br\\\/blog\\\/cidades\\\/a-tradicional-feirinha-cuiabana-acontece-nesta-sexta-e-sabado\\\/#primaryimage\",\"url\":\"https:\\\/\\\/blogdacondessa.com.br\\\/blog\\\/wp-content\\\/uploads\\\/2022\\\/10\\\/feirinha-cuiabana-outubro.jpg\",\"contentUrl\":\"https:\\\/\\\/blogdacondessa.com.br\\\/blog\\\/wp-content\\\/uploads\\\/2022\\\/10\\\/feirinha-cuiabana-outubro.jpg\",\"width\":1080,\"height\":1080},{\"@type\":\"BreadcrumbList\",\"@id\":\"https:\\\/\\\/blogdacondessa.com.br\\\/blog\\\/cidades\\\/a-tradicional-feirinha-cuiabana-acontece-nesta-sexta-e-sabado\\\/#breadcrumb\",\"itemListElement\":[{\"@type\":\"ListItem\",\"position\":1,\"name\":\"In\u00edcio\",\"item\":\"https:\\\/\\\/blogdacondessa.com.br\\\/blog\\\/\"},{\"@type\":\"ListItem\",\"position\":2,\"name\":\"A tradicional Feirinha Cuiabana acontece nesta sexta e s\u00e1bado\"}]},{\"@type\":\"WebSite\",\"@id\":\"https:\\\/\\\/blogdacondessa.com.br\\\/blog\\\/#website\",\"url\":\"https:\\\/\\\/blogdacondessa.com.br\\\/blog\\\/\",\"name\":\"Blog da Condessa\",\"description\":\"Com Shirley de Souza O\u2019Campos\",\"potentialAction\":[{\"@type\":\"SearchAction\",\"target\":{\"@type\":\"EntryPoint\",\"urlTemplate\":\"https:\\\/\\\/blogdacondessa.com.br\\\/blog\\\/?s={search_term_string}\"},\"query-input\":{\"@type\":\"PropertyValueSpecification\",\"valueRequired\":true,\"valueName\":\"search_term_string\"}}],\"inLanguage\":\"pt-BR\"},{\"@type\":\"Person\",\"@id\":\"https:\\\/\\\/blogdacondessa.com.br\\\/blog\\\/#\\\/schema\\\/person\\\/1d667ff8b785195b568677489d266035\",\"name\":\"Blog da Condessa\",\"image\":{\"@type\":\"ImageObject\",\"inLanguage\":\"pt-BR\",\"@id\":\"https:\\\/\\\/secure.gravatar.com\\\/avatar\\\/377c0eb8b4ad2bfc25461b41564b5971e721ca34a57642868fc7b0c8ac7b52c5?s=96&d=mm&r=g\",\"url\":\"https:\\\/\\\/secure.gravatar.com\\\/avatar\\\/377c0eb8b4ad2bfc25461b41564b5971e721ca34a57642868fc7b0c8ac7b52c5?s=96&d=mm&r=g\",\"contentUrl\":\"https:\\\/\\\/secure.gravatar.com\\\/avatar\\\/377c0eb8b4ad2bfc25461b41564b5971e721ca34a57642868fc7b0c8ac7b52c5?s=96&d=mm&r=g\",\"caption\":\"Blog da Condessa\"},\"url\":\"https:\\\/\\\/blogdacondessa.com.br\\\/blog\\\/author\\\/beatriz\\\/\"}]}<\/script>\n<!-- \/ Yoast SEO plugin. -->","yoast_head_json":{"title":"A tradicional Feirinha Cuiabana acontece nesta sexta e s\u00e1bado &#8902; Blog da Condessa","robots":{"index":"index","follow":"follow","max-snippet":"max-snippet:-1","max-image-preview":"max-image-preview:large","max-video-preview":"max-video-preview:-1"},"canonical":"https:\/\/blogdacondessa.com.br\/blog\/cidades\/a-tradicional-feirinha-cuiabana-acontece-nesta-sexta-e-sabado\/","og_locale":"pt_BR","og_type":"article","og_title":"A tradicional Feirinha Cuiabana acontece nesta sexta e s\u00e1bado &#8902; Blog da Condessa","og_description":"Ocorre nesta sexta-feira e s\u00e1bado\u00a0 ( 7 e 8 de outubro) das 12 \u00e0s 20 horas \u00a0a Feirinha Cuiabana, no Goiabeiras Shopping. Cores, cultura e sabores da terra. Expositores apresentar\u00e3o seus produtos, muitos de fabrica\u00e7\u00e3o artesanal, feitos por empreendedores locais, como artesanatos, confec\u00e7\u00f5es, artigos de papelaria, al\u00e9m de comidas t\u00edpicas da culin\u00e1ria cuiabana, doces e [&hellip;]","og_url":"https:\/\/blogdacondessa.com.br\/blog\/cidades\/a-tradicional-feirinha-cuiabana-acontece-nesta-sexta-e-sabado\/","og_site_name":"Blog da Condessa","article_published_time":"2022-10-07T15:10:21+00:00","og_image":[{"width":1080,"height":1080,"url":"https:\/\/blogdacondessa.com.br\/blog\/wp-content\/uploads\/2022\/10\/feirinha-cuiabana-outubro.jpg","type":"image\/jpeg"}],"author":"Blog da Condessa","twitter_card":"summary_large_image","twitter_misc":{"Escrito por":"Blog da Condessa","Est. tempo de leitura":"1 minuto"},"schema":{"@context":"https:\/\/schema.org","@graph":[{"@type":"Article","@id":"https:\/\/blogdacondessa.com.br\/blog\/cidades\/a-tradicional-feirinha-cuiabana-acontece-nesta-sexta-e-sabado\/#article","isPartOf":{"@id":"https:\/\/blogdacondessa.com.br\/blog\/cidades\/a-tradicional-feirinha-cuiabana-acontece-nesta-sexta-e-sabado\/"},"author":{"name":"Blog da Condessa","@id":"https:\/\/blogdacondessa.com.br\/blog\/#\/schema\/person\/1d667ff8b785195b568677489d266035"},"headline":"A tradicional Feirinha Cuiabana acontece nesta sexta e s\u00e1bado","datePublished":"2022-10-07T15:10:21+00:00","mainEntityOfPage":{"@id":"https:\/\/blogdacondessa.com.br\/blog\/cidades\/a-tradicional-feirinha-cuiabana-acontece-nesta-sexta-e-sabado\/"},"wordCount":134,"image":{"@id":"https:\/\/blogdacondessa.com.br\/blog\/cidades\/a-tradicional-feirinha-cuiabana-acontece-nesta-sexta-e-sabado\/#primaryimage"},"thumbnailUrl":"https:\/\/blogdacondessa.com.br\/blog\/wp-content\/uploads\/2022\/10\/feirinha-cuiabana-outubro.jpg","articleSection":["Cidades"],"inLanguage":"pt-BR"},{"@type":"WebPage","@id":"https:\/\/blogdacondessa.com.br\/blog\/cidades\/a-tradicional-feirinha-cuiabana-acontece-nesta-sexta-e-sabado\/","url":"https:\/\/blogdacondessa.com.br\/blog\/cidades\/a-tradicional-feirinha-cuiabana-acontece-nesta-sexta-e-sabado\/","name":"A tradicional Feirinha Cuiabana acontece nesta sexta e s\u00e1bado &#8902; Blog da Condessa","isPartOf":{"@id":"https:\/\/blogdacondessa.com.br\/blog\/#website"},"primaryImageOfPage":{"@id":"https:\/\/blogdacondessa.com.br\/blog\/cidades\/a-tradicional-feirinha-cuiabana-acontece-nesta-sexta-e-sabado\/#primaryimage"},"image":{"@id":"https:\/\/blogdacondessa.com.br\/blog\/cidades\/a-tradicional-feirinha-cuiabana-acontece-nesta-sexta-e-sabado\/#primaryimage"},"thumbnailUrl":"https:\/\/blogdacondessa.com.br\/blog\/wp-content\/uploads\/2022\/10\/feirinha-cuiabana-outubro.jpg","datePublished":"2022-10-07T15:10:21+00:00","author":{"@id":"https:\/\/blogdacondessa.com.br\/blog\/#\/schema\/person\/1d667ff8b785195b568677489d266035"},"breadcrumb":{"@id":"https:\/\/blogdacondessa.com.br\/blog\/cidades\/a-tradicional-feirinha-cuiabana-acontece-nesta-sexta-e-sabado\/#breadcrumb"},"inLanguage":"pt-BR","potentialAction":[{"@type":"ReadAction","target":["https:\/\/blogdacondessa.com.br\/blog\/cidades\/a-tradicional-feirinha-cuiabana-acontece-nesta-sexta-e-sabado\/"]}]},{"@type":"ImageObject","inLanguage":"pt-BR","@id":"https:\/\/blogdacondessa.com.br\/blog\/cidades\/a-tradicional-feirinha-cuiabana-acontece-nesta-sexta-e-sabado\/#primaryimage","url":"https:\/\/blogdacondessa.com.br\/blog\/wp-content\/uploads\/2022\/10\/feirinha-cuiabana-outubro.jpg","contentUrl":"https:\/\/blogdacondessa.com.br\/blog\/wp-content\/uploads\/2022\/10\/feirinha-cuiabana-outubro.jpg","width":1080,"height":1080},{"@type":"BreadcrumbList","@id":"https:\/\/blogdacondessa.com.br\/blog\/cidades\/a-tradicional-feirinha-cuiabana-acontece-nesta-sexta-e-sabado\/#breadcrumb","itemListElement":[{"@type":"ListItem","position":1,"name":"In\u00edcio","item":"https:\/\/blogdacondessa.com.br\/blog\/"},{"@type":"ListItem","position":2,"name":"A tradicional Feirinha Cuiabana acontece nesta sexta e s\u00e1bado"}]},{"@type":"WebSite","@id":"https:\/\/blogdacondessa.com.br\/blog\/#website","url":"https:\/\/blogdacondessa.com.br\/blog\/","name":"Blog da Condessa","description":"Com Shirley de Souza O\u2019Campos","potentialAction":[{"@type":"SearchAction","target":{"@type":"EntryPoint","urlTemplate":"https:\/\/blogdacondessa.com.br\/blog\/?s={search_term_string}"},"query-input":{"@type":"PropertyValueSpecification","valueRequired":true,"valueName":"search_term_string"}}],"inLanguage":"pt-BR"},{"@type":"Person","@id":"https:\/\/blogdacondessa.com.br\/blog\/#\/schema\/person\/1d667ff8b785195b568677489d266035","name":"Blog da Condessa","image":{"@type":"ImageObject","inLanguage":"pt-BR","@id":"https:\/\/secure.gravatar.com\/avatar\/377c0eb8b4ad2bfc25461b41564b5971e721ca34a57642868fc7b0c8ac7b52c5?s=96&d=mm&r=g","url":"https:\/\/secure.gravatar.com\/avatar\/377c0eb8b4ad2bfc25461b41564b5971e721ca34a57642868fc7b0c8ac7b52c5?s=96&d=mm&r=g","contentUrl":"https:\/\/secure.gravatar.com\/avatar\/377c0eb8b4ad2bfc25461b41564b5971e721ca34a57642868fc7b0c8ac7b52c5?s=96&d=mm&r=g","caption":"Blog da Condessa"},"url":"https:\/\/blogdacondessa.com.br\/blog\/author\/beatriz\/"}]}},"_links":{"self":[{"href":"https:\/\/blogdacondessa.com.br\/blog\/wp-json\/wp\/v2\/posts\/5096","targetHints":{"allow":["GET"]}}],"collection":[{"href":"https:\/\/blogdacondessa.com.br\/blog\/wp-json\/wp\/v2\/posts"}],"about":[{"href":"https:\/\/blogdacondessa.com.br\/blog\/wp-json\/wp\/v2\/types\/post"}],"author":[{"embeddable":true,"href":"https:\/\/blogdacondessa.com.br\/blog\/wp-json\/wp\/v2\/users\/2"}],"replies":[{"embeddable":true,"href":"https:\/\/blogdacondessa.com.br\/blog\/wp-json\/wp\/v2\/comments?post=5096"}],"version-history":[{"count":0,"href":"https:\/\/blogdacondessa.com.br\/blog\/wp-json\/wp\/v2\/posts\/5096\/revisions"}],"wp:featuredmedia":[{"embeddable":true,"href":"https:\/\/blogdacondessa.com.br\/blog\/wp-json\/wp\/v2\/media\/5097"}],"wp:attachment":[{"href":"https:\/\/blogdacondessa.com.br\/blog\/wp-json\/wp\/v2\/media?parent=5096"}],"wp:term":[{"taxonomy":"category","embeddable":true,"href":"https:\/\/blogdacondessa.com.br\/blog\/wp-json\/wp\/v2\/categories?post=5096"},{"taxonomy":"post_tag","embeddable":true,"href":"https:\/\/blogdacondessa.com.br\/blog\/wp-json\/wp\/v2\/tags?post=5096"}],"curies":[{"name":"wp","href":"https:\/\/api.w.org\/{rel}","templated":true}]}}