{"id":5093,"date":"2022-10-07T05:00:44","date_gmt":"2022-10-07T09:00:44","guid":{"rendered":"http:\/\/blogdacondessa.com.br\/?p=5093"},"modified":"2022-10-06T22:11:42","modified_gmt":"2022-10-07T02:11:42","slug":"gastronomia-iberica-em-cuiaba","status":"publish","type":"post","link":"https:\/\/blogdacondessa.com.br\/blog\/gastronomia\/gastronomia-iberica-em-cuiaba\/","title":{"rendered":"Gastronomia Ib\u00e9rica em Cuiab\u00e1"},"content":{"rendered":"<p>Um novo empreendimento de alta gastronomia come\u00e7ou a operar em Cuiab\u00e1, no \u00faltimo dia 6, na rua C\u00e2ndido Mariano, 1.160 \u2013 Centro Norte. O restaurante Aragon re\u00fane o melhor da gastronomia Ib\u00e9rica, entretenimento e divers\u00e3o para jovens e adultos de bom gosto e paladar apurado, que apreciam a boa comida.<\/p>\n<p>O restaurante conta com 140 lugares e uma \u00e1rea de espera que promete ser das mais concorridas.\u00a0O card\u00e1pio, assinado pelo chef Fernando Rios, que j\u00e1 comandou cozinhas de v\u00e1rias outras casas de prest\u00edgio, \u00e9 baseado na gastronomia espanhola e portuguesa e composto por pratos com forte presen\u00e7a de frutos do mar e peixe (ostra, camar\u00e3o, polvo, mariscos, lula, atum, bacalhau) e animais de ca\u00e7a, como o pato e o cordeiro.<\/p>\n<p>Outro destaque do Aragon \u00e9 a coquetelaria, cuja carta \u00e9 assinada por Matheus Cunha, bartender que atua h\u00e1 18 anos no mercado e carrega 14 t\u00edtulos nacionais, um latino-americano e em 2016 foi eleito um dos 10 melhores bartenders do mundo, em Londres.<\/p>\n<p>O Aragon opera de ter\u00e7a a domingo, almo\u00e7o e jantar, com hor\u00e1rios estendidos nas noites de quintas e s\u00e1bados ap\u00f3s o almo\u00e7o,\u00a0para que o p\u00fablico possa curtir uma tarde agrad\u00e1vel com \u00f3timos drinques, boa companhia e m\u00fasica para alegrar o clima vespertino.<\/p>\n<p>De segunda a sexta-feira, atende tamb\u00e9m com o almo\u00e7o executivo, servindo arroz de bacalhau, picadinho e frango com legumes.<\/p>\n<p>As reservas j\u00e1 est\u00e3o abertas em aragoncuiaba, no Instagran.<\/p>\n<p>&nbsp;<\/p>\n","protected":false},"excerpt":{"rendered":"<p>Um novo empreendimento de alta gastronomia come\u00e7ou a operar em Cuiab\u00e1, no \u00faltimo dia 6, na rua C\u00e2ndido Mariano, 1.160 \u2013 Centro Norte. O restaurante Aragon re\u00fane o melhor da gastronomia Ib\u00e9rica, entretenimento e divers\u00e3o para jovens e adultos de bom gosto e paladar apurado, que apreciam a boa comida. O restaurante conta com 140 [&hellip;]<\/p>\n","protected":false},"author":2,"featured_media":5094,"comment_status":"closed","ping_status":"closed","sticky":false,"template":"","format":"standard","meta":{"iawp_total_views":0,"footnotes":""},"categories":[35],"tags":[],"class_list":["post-5093","post","type-post","status-publish","format-standard","has-post-thumbnail","hentry","category-gastronomia"],"yoast_head":"<!-- This site is optimized with the Yoast SEO plugin v27.3 - https:\/\/yoast.com\/product\/yoast-seo-wordpress\/ -->\n<title>Gastronomia Ib\u00e9rica em Cuiab\u00e1 &#8902; Blog da Condessa<\/title>\n<meta name=\"robots\" content=\"index, follow, max-snippet:-1, max-image-preview:large, max-video-preview:-1\" \/>\n<link rel=\"canonical\" href=\"https:\/\/blogdacondessa.com.br\/blog\/gastronomia\/gastronomia-iberica-em-cuiaba\/\" \/>\n<meta property=\"og:locale\" content=\"pt_BR\" \/>\n<meta property=\"og:type\" content=\"article\" \/>\n<meta property=\"og:title\" content=\"Gastronomia Ib\u00e9rica em Cuiab\u00e1 &#8902; Blog da Condessa\" \/>\n<meta property=\"og:description\" content=\"Um novo empreendimento de alta gastronomia come\u00e7ou a operar em Cuiab\u00e1, no \u00faltimo dia 6, na rua C\u00e2ndido Mariano, 1.160 \u2013 Centro Norte. O restaurante Aragon re\u00fane o melhor da gastronomia Ib\u00e9rica, entretenimento e divers\u00e3o para jovens e adultos de bom gosto e paladar apurado, que apreciam a boa comida. O restaurante conta com 140 [&hellip;]\" \/>\n<meta property=\"og:url\" content=\"https:\/\/blogdacondessa.com.br\/blog\/gastronomia\/gastronomia-iberica-em-cuiaba\/\" \/>\n<meta property=\"og:site_name\" content=\"Blog da Condessa\" \/>\n<meta property=\"article:published_time\" content=\"2022-10-07T09:00:44+00:00\" \/>\n<meta property=\"og:image\" content=\"https:\/\/blogdacondessa.com.br\/blog\/wp-content\/uploads\/2022\/10\/ARAGON-certa.jpg\" \/>\n\t<meta property=\"og:image:width\" content=\"1200\" \/>\n\t<meta property=\"og:image:height\" content=\"710\" \/>\n\t<meta property=\"og:image:type\" content=\"image\/jpeg\" \/>\n<meta name=\"author\" content=\"Blog da Condessa\" \/>\n<meta name=\"twitter:card\" content=\"summary_large_image\" \/>\n<meta name=\"twitter:label1\" content=\"Escrito por\" \/>\n\t<meta name=\"twitter:data1\" content=\"Blog da Condessa\" \/>\n\t<meta name=\"twitter:label2\" content=\"Est. tempo de leitura\" \/>\n\t<meta name=\"twitter:data2\" content=\"2 minutos\" \/>\n<script type=\"application\/ld+json\" class=\"yoast-schema-graph\">{\"@context\":\"https:\\\/\\\/schema.org\",\"@graph\":[{\"@type\":\"Article\",\"@id\":\"https:\\\/\\\/blogdacondessa.com.br\\\/blog\\\/gastronomia\\\/gastronomia-iberica-em-cuiaba\\\/#article\",\"isPartOf\":{\"@id\":\"https:\\\/\\\/blogdacondessa.com.br\\\/blog\\\/gastronomia\\\/gastronomia-iberica-em-cuiaba\\\/\"},\"author\":{\"name\":\"Blog da Condessa\",\"@id\":\"https:\\\/\\\/blogdacondessa.com.br\\\/blog\\\/#\\\/schema\\\/person\\\/1d667ff8b785195b568677489d266035\"},\"headline\":\"Gastronomia Ib\u00e9rica em Cuiab\u00e1\",\"datePublished\":\"2022-10-07T09:00:44+00:00\",\"mainEntityOfPage\":{\"@id\":\"https:\\\/\\\/blogdacondessa.com.br\\\/blog\\\/gastronomia\\\/gastronomia-iberica-em-cuiaba\\\/\"},\"wordCount\":254,\"image\":{\"@id\":\"https:\\\/\\\/blogdacondessa.com.br\\\/blog\\\/gastronomia\\\/gastronomia-iberica-em-cuiaba\\\/#primaryimage\"},\"thumbnailUrl\":\"https:\\\/\\\/blogdacondessa.com.br\\\/blog\\\/wp-content\\\/uploads\\\/2022\\\/10\\\/ARAGON-certa.jpg\",\"articleSection\":[\"Gastronomia\"],\"inLanguage\":\"pt-BR\"},{\"@type\":\"WebPage\",\"@id\":\"https:\\\/\\\/blogdacondessa.com.br\\\/blog\\\/gastronomia\\\/gastronomia-iberica-em-cuiaba\\\/\",\"url\":\"https:\\\/\\\/blogdacondessa.com.br\\\/blog\\\/gastronomia\\\/gastronomia-iberica-em-cuiaba\\\/\",\"name\":\"Gastronomia Ib\u00e9rica em Cuiab\u00e1 &#8902; Blog da Condessa\",\"isPartOf\":{\"@id\":\"https:\\\/\\\/blogdacondessa.com.br\\\/blog\\\/#website\"},\"primaryImageOfPage\":{\"@id\":\"https:\\\/\\\/blogdacondessa.com.br\\\/blog\\\/gastronomia\\\/gastronomia-iberica-em-cuiaba\\\/#primaryimage\"},\"image\":{\"@id\":\"https:\\\/\\\/blogdacondessa.com.br\\\/blog\\\/gastronomia\\\/gastronomia-iberica-em-cuiaba\\\/#primaryimage\"},\"thumbnailUrl\":\"https:\\\/\\\/blogdacondessa.com.br\\\/blog\\\/wp-content\\\/uploads\\\/2022\\\/10\\\/ARAGON-certa.jpg\",\"datePublished\":\"2022-10-07T09:00:44+00:00\",\"author\":{\"@id\":\"https:\\\/\\\/blogdacondessa.com.br\\\/blog\\\/#\\\/schema\\\/person\\\/1d667ff8b785195b568677489d266035\"},\"breadcrumb\":{\"@id\":\"https:\\\/\\\/blogdacondessa.com.br\\\/blog\\\/gastronomia\\\/gastronomia-iberica-em-cuiaba\\\/#breadcrumb\"},\"inLanguage\":\"pt-BR\",\"potentialAction\":[{\"@type\":\"ReadAction\",\"target\":[\"https:\\\/\\\/blogdacondessa.com.br\\\/blog\\\/gastronomia\\\/gastronomia-iberica-em-cuiaba\\\/\"]}]},{\"@type\":\"ImageObject\",\"inLanguage\":\"pt-BR\",\"@id\":\"https:\\\/\\\/blogdacondessa.com.br\\\/blog\\\/gastronomia\\\/gastronomia-iberica-em-cuiaba\\\/#primaryimage\",\"url\":\"https:\\\/\\\/blogdacondessa.com.br\\\/blog\\\/wp-content\\\/uploads\\\/2022\\\/10\\\/ARAGON-certa.jpg\",\"contentUrl\":\"https:\\\/\\\/blogdacondessa.com.br\\\/blog\\\/wp-content\\\/uploads\\\/2022\\\/10\\\/ARAGON-certa.jpg\",\"width\":1200,\"height\":710,\"caption\":\"Foto: Assessoria\"},{\"@type\":\"BreadcrumbList\",\"@id\":\"https:\\\/\\\/blogdacondessa.com.br\\\/blog\\\/gastronomia\\\/gastronomia-iberica-em-cuiaba\\\/#breadcrumb\",\"itemListElement\":[{\"@type\":\"ListItem\",\"position\":1,\"name\":\"In\u00edcio\",\"item\":\"https:\\\/\\\/blogdacondessa.com.br\\\/blog\\\/\"},{\"@type\":\"ListItem\",\"position\":2,\"name\":\"Gastronomia Ib\u00e9rica em Cuiab\u00e1\"}]},{\"@type\":\"WebSite\",\"@id\":\"https:\\\/\\\/blogdacondessa.com.br\\\/blog\\\/#website\",\"url\":\"https:\\\/\\\/blogdacondessa.com.br\\\/blog\\\/\",\"name\":\"Blog da Condessa\",\"description\":\"Com Shirley de Souza O\u2019Campos\",\"potentialAction\":[{\"@type\":\"SearchAction\",\"target\":{\"@type\":\"EntryPoint\",\"urlTemplate\":\"https:\\\/\\\/blogdacondessa.com.br\\\/blog\\\/?s={search_term_string}\"},\"query-input\":{\"@type\":\"PropertyValueSpecification\",\"valueRequired\":true,\"valueName\":\"search_term_string\"}}],\"inLanguage\":\"pt-BR\"},{\"@type\":\"Person\",\"@id\":\"https:\\\/\\\/blogdacondessa.com.br\\\/blog\\\/#\\\/schema\\\/person\\\/1d667ff8b785195b568677489d266035\",\"name\":\"Blog da Condessa\",\"image\":{\"@type\":\"ImageObject\",\"inLanguage\":\"pt-BR\",\"@id\":\"https:\\\/\\\/secure.gravatar.com\\\/avatar\\\/377c0eb8b4ad2bfc25461b41564b5971e721ca34a57642868fc7b0c8ac7b52c5?s=96&d=mm&r=g\",\"url\":\"https:\\\/\\\/secure.gravatar.com\\\/avatar\\\/377c0eb8b4ad2bfc25461b41564b5971e721ca34a57642868fc7b0c8ac7b52c5?s=96&d=mm&r=g\",\"contentUrl\":\"https:\\\/\\\/secure.gravatar.com\\\/avatar\\\/377c0eb8b4ad2bfc25461b41564b5971e721ca34a57642868fc7b0c8ac7b52c5?s=96&d=mm&r=g\",\"caption\":\"Blog da Condessa\"},\"url\":\"https:\\\/\\\/blogdacondessa.com.br\\\/blog\\\/author\\\/beatriz\\\/\"}]}<\/script>\n<!-- \/ Yoast SEO plugin. -->","yoast_head_json":{"title":"Gastronomia Ib\u00e9rica em Cuiab\u00e1 &#8902; Blog da Condessa","robots":{"index":"index","follow":"follow","max-snippet":"max-snippet:-1","max-image-preview":"max-image-preview:large","max-video-preview":"max-video-preview:-1"},"canonical":"https:\/\/blogdacondessa.com.br\/blog\/gastronomia\/gastronomia-iberica-em-cuiaba\/","og_locale":"pt_BR","og_type":"article","og_title":"Gastronomia Ib\u00e9rica em Cuiab\u00e1 &#8902; Blog da Condessa","og_description":"Um novo empreendimento de alta gastronomia come\u00e7ou a operar em Cuiab\u00e1, no \u00faltimo dia 6, na rua C\u00e2ndido Mariano, 1.160 \u2013 Centro Norte. O restaurante Aragon re\u00fane o melhor da gastronomia Ib\u00e9rica, entretenimento e divers\u00e3o para jovens e adultos de bom gosto e paladar apurado, que apreciam a boa comida. O restaurante conta com 140 [&hellip;]","og_url":"https:\/\/blogdacondessa.com.br\/blog\/gastronomia\/gastronomia-iberica-em-cuiaba\/","og_site_name":"Blog da Condessa","article_published_time":"2022-10-07T09:00:44+00:00","og_image":[{"width":1200,"height":710,"url":"https:\/\/blogdacondessa.com.br\/blog\/wp-content\/uploads\/2022\/10\/ARAGON-certa.jpg","type":"image\/jpeg"}],"author":"Blog da Condessa","twitter_card":"summary_large_image","twitter_misc":{"Escrito por":"Blog da Condessa","Est. tempo de leitura":"2 minutos"},"schema":{"@context":"https:\/\/schema.org","@graph":[{"@type":"Article","@id":"https:\/\/blogdacondessa.com.br\/blog\/gastronomia\/gastronomia-iberica-em-cuiaba\/#article","isPartOf":{"@id":"https:\/\/blogdacondessa.com.br\/blog\/gastronomia\/gastronomia-iberica-em-cuiaba\/"},"author":{"name":"Blog da Condessa","@id":"https:\/\/blogdacondessa.com.br\/blog\/#\/schema\/person\/1d667ff8b785195b568677489d266035"},"headline":"Gastronomia Ib\u00e9rica em Cuiab\u00e1","datePublished":"2022-10-07T09:00:44+00:00","mainEntityOfPage":{"@id":"https:\/\/blogdacondessa.com.br\/blog\/gastronomia\/gastronomia-iberica-em-cuiaba\/"},"wordCount":254,"image":{"@id":"https:\/\/blogdacondessa.com.br\/blog\/gastronomia\/gastronomia-iberica-em-cuiaba\/#primaryimage"},"thumbnailUrl":"https:\/\/blogdacondessa.com.br\/blog\/wp-content\/uploads\/2022\/10\/ARAGON-certa.jpg","articleSection":["Gastronomia"],"inLanguage":"pt-BR"},{"@type":"WebPage","@id":"https:\/\/blogdacondessa.com.br\/blog\/gastronomia\/gastronomia-iberica-em-cuiaba\/","url":"https:\/\/blogdacondessa.com.br\/blog\/gastronomia\/gastronomia-iberica-em-cuiaba\/","name":"Gastronomia Ib\u00e9rica em Cuiab\u00e1 &#8902; Blog da Condessa","isPartOf":{"@id":"https:\/\/blogdacondessa.com.br\/blog\/#website"},"primaryImageOfPage":{"@id":"https:\/\/blogdacondessa.com.br\/blog\/gastronomia\/gastronomia-iberica-em-cuiaba\/#primaryimage"},"image":{"@id":"https:\/\/blogdacondessa.com.br\/blog\/gastronomia\/gastronomia-iberica-em-cuiaba\/#primaryimage"},"thumbnailUrl":"https:\/\/blogdacondessa.com.br\/blog\/wp-content\/uploads\/2022\/10\/ARAGON-certa.jpg","datePublished":"2022-10-07T09:00:44+00:00","author":{"@id":"https:\/\/blogdacondessa.com.br\/blog\/#\/schema\/person\/1d667ff8b785195b568677489d266035"},"breadcrumb":{"@id":"https:\/\/blogdacondessa.com.br\/blog\/gastronomia\/gastronomia-iberica-em-cuiaba\/#breadcrumb"},"inLanguage":"pt-BR","potentialAction":[{"@type":"ReadAction","target":["https:\/\/blogdacondessa.com.br\/blog\/gastronomia\/gastronomia-iberica-em-cuiaba\/"]}]},{"@type":"ImageObject","inLanguage":"pt-BR","@id":"https:\/\/blogdacondessa.com.br\/blog\/gastronomia\/gastronomia-iberica-em-cuiaba\/#primaryimage","url":"https:\/\/blogdacondessa.com.br\/blog\/wp-content\/uploads\/2022\/10\/ARAGON-certa.jpg","contentUrl":"https:\/\/blogdacondessa.com.br\/blog\/wp-content\/uploads\/2022\/10\/ARAGON-certa.jpg","width":1200,"height":710,"caption":"Foto: Assessoria"},{"@type":"BreadcrumbList","@id":"https:\/\/blogdacondessa.com.br\/blog\/gastronomia\/gastronomia-iberica-em-cuiaba\/#breadcrumb","itemListElement":[{"@type":"ListItem","position":1,"name":"In\u00edcio","item":"https:\/\/blogdacondessa.com.br\/blog\/"},{"@type":"ListItem","position":2,"name":"Gastronomia Ib\u00e9rica em Cuiab\u00e1"}]},{"@type":"WebSite","@id":"https:\/\/blogdacondessa.com.br\/blog\/#website","url":"https:\/\/blogdacondessa.com.br\/blog\/","name":"Blog da Condessa","description":"Com Shirley de Souza O\u2019Campos","potentialAction":[{"@type":"SearchAction","target":{"@type":"EntryPoint","urlTemplate":"https:\/\/blogdacondessa.com.br\/blog\/?s={search_term_string}"},"query-input":{"@type":"PropertyValueSpecification","valueRequired":true,"valueName":"search_term_string"}}],"inLanguage":"pt-BR"},{"@type":"Person","@id":"https:\/\/blogdacondessa.com.br\/blog\/#\/schema\/person\/1d667ff8b785195b568677489d266035","name":"Blog da Condessa","image":{"@type":"ImageObject","inLanguage":"pt-BR","@id":"https:\/\/secure.gravatar.com\/avatar\/377c0eb8b4ad2bfc25461b41564b5971e721ca34a57642868fc7b0c8ac7b52c5?s=96&d=mm&r=g","url":"https:\/\/secure.gravatar.com\/avatar\/377c0eb8b4ad2bfc25461b41564b5971e721ca34a57642868fc7b0c8ac7b52c5?s=96&d=mm&r=g","contentUrl":"https:\/\/secure.gravatar.com\/avatar\/377c0eb8b4ad2bfc25461b41564b5971e721ca34a57642868fc7b0c8ac7b52c5?s=96&d=mm&r=g","caption":"Blog da Condessa"},"url":"https:\/\/blogdacondessa.com.br\/blog\/author\/beatriz\/"}]}},"_links":{"self":[{"href":"https:\/\/blogdacondessa.com.br\/blog\/wp-json\/wp\/v2\/posts\/5093","targetHints":{"allow":["GET"]}}],"collection":[{"href":"https:\/\/blogdacondessa.com.br\/blog\/wp-json\/wp\/v2\/posts"}],"about":[{"href":"https:\/\/blogdacondessa.com.br\/blog\/wp-json\/wp\/v2\/types\/post"}],"author":[{"embeddable":true,"href":"https:\/\/blogdacondessa.com.br\/blog\/wp-json\/wp\/v2\/users\/2"}],"replies":[{"embeddable":true,"href":"https:\/\/blogdacondessa.com.br\/blog\/wp-json\/wp\/v2\/comments?post=5093"}],"version-history":[{"count":0,"href":"https:\/\/blogdacondessa.com.br\/blog\/wp-json\/wp\/v2\/posts\/5093\/revisions"}],"wp:featuredmedia":[{"embeddable":true,"href":"https:\/\/blogdacondessa.com.br\/blog\/wp-json\/wp\/v2\/media\/5094"}],"wp:attachment":[{"href":"https:\/\/blogdacondessa.com.br\/blog\/wp-json\/wp\/v2\/media?parent=5093"}],"wp:term":[{"taxonomy":"category","embeddable":true,"href":"https:\/\/blogdacondessa.com.br\/blog\/wp-json\/wp\/v2\/categories?post=5093"},{"taxonomy":"post_tag","embeddable":true,"href":"https:\/\/blogdacondessa.com.br\/blog\/wp-json\/wp\/v2\/tags?post=5093"}],"curies":[{"name":"wp","href":"https:\/\/api.w.org\/{rel}","templated":true}]}}