{"id":5089,"date":"2022-10-07T05:00:01","date_gmt":"2022-10-07T09:00:01","guid":{"rendered":"http:\/\/blogdacondessa.com.br\/?p=5089"},"modified":"2022-10-06T17:17:36","modified_gmt":"2022-10-06T21:17:36","slug":"tce-mt-e-referencia-nacional-no-equilibrio-entre-a-orientacao-e-a-fiscalizacao","status":"publish","type":"post","link":"https:\/\/blogdacondessa.com.br\/blog\/institucional\/tce-mt-e-referencia-nacional-no-equilibrio-entre-a-orientacao-e-a-fiscalizacao\/","title":{"rendered":"\u201cTCE-MT \u00e9 refer\u00eancia nacional no equil\u00edbrio entre a orienta\u00e7\u00e3o e a fiscaliza\u00e7\u00e3o\u201d"},"content":{"rendered":"<p>A Associa\u00e7\u00e3o dos Membros dos Tribunais de Contas do Brasil (Atricon) destacou a atua\u00e7\u00e3o do Tribunal de Contas de Mato Grosso (TCE-MT) como refer\u00eancia nacional no equil\u00edbrio entre a orienta\u00e7\u00e3o e a fiscaliza\u00e7\u00e3o, com foco no fortalecimento da administra\u00e7\u00e3o p\u00fablica municipal. No \u00faltimo dia 5, os presidentes do TCE-MT, conselheiro Jos\u00e9 Carlos Novelli, e da Atricon, C\u00e9zar Miola, assinaram termo de coopera\u00e7\u00e3o para a execu\u00e7\u00e3o conjunta, colaborativa e coordenada de programas e projetos estrat\u00e9gicos.<\/p>\n<p>Na oportunidade, C\u00e9zar Miola ressaltou a atual gest\u00e3o do TCE-MT pela nova vis\u00e3o institucional, voltada a excel\u00eancia da administra\u00e7\u00e3o municipal, e as boas pr\u00e1ticas promovidas pelo \u00f3rg\u00e3o de controle de Mato Grosso, como a Mesa T\u00e9cnica, a Assessoria Parlamentar (Aspar) e o Programa de Gerenciamento do Planejamento Estrat\u00e9gico (GPE).<\/p>\n<p>\u201cEncontramos em Mato Grosso algumas experi\u00eancias que eu chamo de dial\u00f3gica do controle externo. Sem renunciar \u00e0s compet\u00eancias constitucionais, verdadeiramente, dar as m\u00e3os ao administrador, porque o que se quer do estado \u00e9 que ele seja capaz de desempenhar o seu papel resolutivo, para que o cidad\u00e3o seja respeitado, o processo democr\u00e1tico valorizado e que as pol\u00edticas p\u00fablicas cumpram efetivamente com seu desenho\u201d, salientou Miola.<\/p>\n<p>Para o presidente da Atricon, esse \u00e9 o caminho que est\u00e1 sendo seguido pelo Tribunal de Contas de Mato Grosso. \u201c\u00c9 um olhar abrangente, fiscalizador e ao mesmo tempo colaborativo. \u00c9 o Tribunal de Contas realizando um trabalho preventivo, pedag\u00f3gico e apenas, eventualmente, sancionador\u201d.<\/p>\n<p>Conforme Novelli, a parceria firmada ser\u00e1 importante para o aprimoramento do Sistema Tribunais de Contas do Brasil e da gest\u00e3o p\u00fablica. \u201cAssinamos esta parceria a fim de dar todas as condi\u00e7\u00f5es para que a Atricon realize esse trabalho.\u201d<\/p>\n<p>O documento abrange a articula\u00e7\u00e3o interinstitucional, as a\u00e7\u00f5es de fiscaliza\u00e7\u00e3o, o interc\u00e2mbio de conhecimentos, experi\u00eancias, tecnologias e recursos materiais e humanos, a realiza\u00e7\u00e3o de eventos e a\u00e7\u00f5es educativas. \u201cEssa parceria fortalece o trabalho dos tribunais de contas e leva, o que resulta, evidentemente, na melhoria da gest\u00e3o p\u00fablica, que \u00e9 o que mais nos interessa\u201d, acrescentou o presidente do TCE-MT.<\/p>\n<p>Cezar Miola tamb\u00e9m classificou a assinatura do acordo como significativa para o controle externo brasileiro. \u201cA uni\u00e3o de esfor\u00e7os fortalece a rede de controle no Brasil. Esse novo acordo permite que outras a\u00e7\u00f5es possam ser empreendidas na defesa da atua\u00e7\u00e3o das cortes de contas brasileiras, na qualifica\u00e7\u00e3o das suas estruturas e na defesa das suas compet\u00eancias constitucionais\u201d.<\/p>\n<p>&nbsp;<\/p>\n","protected":false},"excerpt":{"rendered":"<p>A Associa\u00e7\u00e3o dos Membros dos Tribunais de Contas do Brasil (Atricon) destacou a atua\u00e7\u00e3o do Tribunal de Contas de Mato Grosso (TCE-MT) como refer\u00eancia nacional no equil\u00edbrio entre a orienta\u00e7\u00e3o e a fiscaliza\u00e7\u00e3o, com foco no fortalecimento da administra\u00e7\u00e3o p\u00fablica municipal. No \u00faltimo dia 5, os presidentes do TCE-MT, conselheiro Jos\u00e9 Carlos Novelli, e da [&hellip;]<\/p>\n","protected":false},"author":2,"featured_media":5090,"comment_status":"closed","ping_status":"closed","sticky":false,"template":"","format":"standard","meta":{"iawp_total_views":0,"footnotes":""},"categories":[13],"tags":[],"class_list":["post-5089","post","type-post","status-publish","format-standard","has-post-thumbnail","hentry","category-institucional"],"yoast_head":"<!-- This site is optimized with the Yoast SEO plugin v27.3 - https:\/\/yoast.com\/product\/yoast-seo-wordpress\/ -->\n<title>\u201cTCE-MT \u00e9 refer\u00eancia nacional no equil\u00edbrio entre a orienta\u00e7\u00e3o e a fiscaliza\u00e7\u00e3o\u201d &#8902; Blog da Condessa<\/title>\n<meta name=\"robots\" content=\"index, follow, max-snippet:-1, max-image-preview:large, max-video-preview:-1\" \/>\n<link rel=\"canonical\" href=\"https:\/\/blogdacondessa.com.br\/blog\/institucional\/tce-mt-e-referencia-nacional-no-equilibrio-entre-a-orientacao-e-a-fiscalizacao\/\" \/>\n<meta property=\"og:locale\" content=\"pt_BR\" \/>\n<meta property=\"og:type\" content=\"article\" \/>\n<meta property=\"og:title\" content=\"\u201cTCE-MT \u00e9 refer\u00eancia nacional no equil\u00edbrio entre a orienta\u00e7\u00e3o e a fiscaliza\u00e7\u00e3o\u201d &#8902; Blog da Condessa\" \/>\n<meta property=\"og:description\" content=\"A Associa\u00e7\u00e3o dos Membros dos Tribunais de Contas do Brasil (Atricon) destacou a atua\u00e7\u00e3o do Tribunal de Contas de Mato Grosso (TCE-MT) como refer\u00eancia nacional no equil\u00edbrio entre a orienta\u00e7\u00e3o e a fiscaliza\u00e7\u00e3o, com foco no fortalecimento da administra\u00e7\u00e3o p\u00fablica municipal. No \u00faltimo dia 5, os presidentes do TCE-MT, conselheiro Jos\u00e9 Carlos Novelli, e da [&hellip;]\" \/>\n<meta property=\"og:url\" content=\"https:\/\/blogdacondessa.com.br\/blog\/institucional\/tce-mt-e-referencia-nacional-no-equilibrio-entre-a-orientacao-e-a-fiscalizacao\/\" \/>\n<meta property=\"og:site_name\" content=\"Blog da Condessa\" \/>\n<meta property=\"article:published_time\" content=\"2022-10-07T09:00:01+00:00\" \/>\n<meta property=\"og:image\" content=\"https:\/\/blogdacondessa.com.br\/blog\/wp-content\/uploads\/2022\/10\/TCE-MT.jpg\" \/>\n\t<meta property=\"og:image:width\" content=\"365\" \/>\n\t<meta property=\"og:image:height\" content=\"243\" \/>\n\t<meta property=\"og:image:type\" content=\"image\/jpeg\" \/>\n<meta name=\"author\" content=\"Blog da Condessa\" \/>\n<meta name=\"twitter:card\" content=\"summary_large_image\" \/>\n<meta name=\"twitter:label1\" content=\"Escrito por\" \/>\n\t<meta name=\"twitter:data1\" content=\"Blog da Condessa\" \/>\n\t<meta name=\"twitter:label2\" content=\"Est. tempo de leitura\" \/>\n\t<meta name=\"twitter:data2\" content=\"3 minutos\" \/>\n<script type=\"application\/ld+json\" class=\"yoast-schema-graph\">{\"@context\":\"https:\\\/\\\/schema.org\",\"@graph\":[{\"@type\":\"Article\",\"@id\":\"https:\\\/\\\/blogdacondessa.com.br\\\/blog\\\/institucional\\\/tce-mt-e-referencia-nacional-no-equilibrio-entre-a-orientacao-e-a-fiscalizacao\\\/#article\",\"isPartOf\":{\"@id\":\"https:\\\/\\\/blogdacondessa.com.br\\\/blog\\\/institucional\\\/tce-mt-e-referencia-nacional-no-equilibrio-entre-a-orientacao-e-a-fiscalizacao\\\/\"},\"author\":{\"name\":\"Blog da Condessa\",\"@id\":\"https:\\\/\\\/blogdacondessa.com.br\\\/blog\\\/#\\\/schema\\\/person\\\/1d667ff8b785195b568677489d266035\"},\"headline\":\"\u201cTCE-MT \u00e9 refer\u00eancia nacional no equil\u00edbrio entre a orienta\u00e7\u00e3o e a fiscaliza\u00e7\u00e3o\u201d\",\"datePublished\":\"2022-10-07T09:00:01+00:00\",\"mainEntityOfPage\":{\"@id\":\"https:\\\/\\\/blogdacondessa.com.br\\\/blog\\\/institucional\\\/tce-mt-e-referencia-nacional-no-equilibrio-entre-a-orientacao-e-a-fiscalizacao\\\/\"},\"wordCount\":446,\"image\":{\"@id\":\"https:\\\/\\\/blogdacondessa.com.br\\\/blog\\\/institucional\\\/tce-mt-e-referencia-nacional-no-equilibrio-entre-a-orientacao-e-a-fiscalizacao\\\/#primaryimage\"},\"thumbnailUrl\":\"https:\\\/\\\/blogdacondessa.com.br\\\/blog\\\/wp-content\\\/uploads\\\/2022\\\/10\\\/TCE-MT.jpg\",\"articleSection\":[\"Institucional\"],\"inLanguage\":\"pt-BR\"},{\"@type\":\"WebPage\",\"@id\":\"https:\\\/\\\/blogdacondessa.com.br\\\/blog\\\/institucional\\\/tce-mt-e-referencia-nacional-no-equilibrio-entre-a-orientacao-e-a-fiscalizacao\\\/\",\"url\":\"https:\\\/\\\/blogdacondessa.com.br\\\/blog\\\/institucional\\\/tce-mt-e-referencia-nacional-no-equilibrio-entre-a-orientacao-e-a-fiscalizacao\\\/\",\"name\":\"\u201cTCE-MT \u00e9 refer\u00eancia nacional no equil\u00edbrio entre a orienta\u00e7\u00e3o e a fiscaliza\u00e7\u00e3o\u201d &#8902; Blog da Condessa\",\"isPartOf\":{\"@id\":\"https:\\\/\\\/blogdacondessa.com.br\\\/blog\\\/#website\"},\"primaryImageOfPage\":{\"@id\":\"https:\\\/\\\/blogdacondessa.com.br\\\/blog\\\/institucional\\\/tce-mt-e-referencia-nacional-no-equilibrio-entre-a-orientacao-e-a-fiscalizacao\\\/#primaryimage\"},\"image\":{\"@id\":\"https:\\\/\\\/blogdacondessa.com.br\\\/blog\\\/institucional\\\/tce-mt-e-referencia-nacional-no-equilibrio-entre-a-orientacao-e-a-fiscalizacao\\\/#primaryimage\"},\"thumbnailUrl\":\"https:\\\/\\\/blogdacondessa.com.br\\\/blog\\\/wp-content\\\/uploads\\\/2022\\\/10\\\/TCE-MT.jpg\",\"datePublished\":\"2022-10-07T09:00:01+00:00\",\"author\":{\"@id\":\"https:\\\/\\\/blogdacondessa.com.br\\\/blog\\\/#\\\/schema\\\/person\\\/1d667ff8b785195b568677489d266035\"},\"breadcrumb\":{\"@id\":\"https:\\\/\\\/blogdacondessa.com.br\\\/blog\\\/institucional\\\/tce-mt-e-referencia-nacional-no-equilibrio-entre-a-orientacao-e-a-fiscalizacao\\\/#breadcrumb\"},\"inLanguage\":\"pt-BR\",\"potentialAction\":[{\"@type\":\"ReadAction\",\"target\":[\"https:\\\/\\\/blogdacondessa.com.br\\\/blog\\\/institucional\\\/tce-mt-e-referencia-nacional-no-equilibrio-entre-a-orientacao-e-a-fiscalizacao\\\/\"]}]},{\"@type\":\"ImageObject\",\"inLanguage\":\"pt-BR\",\"@id\":\"https:\\\/\\\/blogdacondessa.com.br\\\/blog\\\/institucional\\\/tce-mt-e-referencia-nacional-no-equilibrio-entre-a-orientacao-e-a-fiscalizacao\\\/#primaryimage\",\"url\":\"https:\\\/\\\/blogdacondessa.com.br\\\/blog\\\/wp-content\\\/uploads\\\/2022\\\/10\\\/TCE-MT.jpg\",\"contentUrl\":\"https:\\\/\\\/blogdacondessa.com.br\\\/blog\\\/wp-content\\\/uploads\\\/2022\\\/10\\\/TCE-MT.jpg\",\"width\":365,\"height\":243,\"caption\":\"Foto: Thiago Bergamasco\\\/TCE-MT\"},{\"@type\":\"BreadcrumbList\",\"@id\":\"https:\\\/\\\/blogdacondessa.com.br\\\/blog\\\/institucional\\\/tce-mt-e-referencia-nacional-no-equilibrio-entre-a-orientacao-e-a-fiscalizacao\\\/#breadcrumb\",\"itemListElement\":[{\"@type\":\"ListItem\",\"position\":1,\"name\":\"In\u00edcio\",\"item\":\"https:\\\/\\\/blogdacondessa.com.br\\\/blog\\\/\"},{\"@type\":\"ListItem\",\"position\":2,\"name\":\"\u201cTCE-MT \u00e9 refer\u00eancia nacional no equil\u00edbrio entre a orienta\u00e7\u00e3o e a fiscaliza\u00e7\u00e3o\u201d\"}]},{\"@type\":\"WebSite\",\"@id\":\"https:\\\/\\\/blogdacondessa.com.br\\\/blog\\\/#website\",\"url\":\"https:\\\/\\\/blogdacondessa.com.br\\\/blog\\\/\",\"name\":\"Blog da Condessa\",\"description\":\"Com Shirley de Souza O\u2019Campos\",\"potentialAction\":[{\"@type\":\"SearchAction\",\"target\":{\"@type\":\"EntryPoint\",\"urlTemplate\":\"https:\\\/\\\/blogdacondessa.com.br\\\/blog\\\/?s={search_term_string}\"},\"query-input\":{\"@type\":\"PropertyValueSpecification\",\"valueRequired\":true,\"valueName\":\"search_term_string\"}}],\"inLanguage\":\"pt-BR\"},{\"@type\":\"Person\",\"@id\":\"https:\\\/\\\/blogdacondessa.com.br\\\/blog\\\/#\\\/schema\\\/person\\\/1d667ff8b785195b568677489d266035\",\"name\":\"Blog da Condessa\",\"image\":{\"@type\":\"ImageObject\",\"inLanguage\":\"pt-BR\",\"@id\":\"https:\\\/\\\/secure.gravatar.com\\\/avatar\\\/377c0eb8b4ad2bfc25461b41564b5971e721ca34a57642868fc7b0c8ac7b52c5?s=96&d=mm&r=g\",\"url\":\"https:\\\/\\\/secure.gravatar.com\\\/avatar\\\/377c0eb8b4ad2bfc25461b41564b5971e721ca34a57642868fc7b0c8ac7b52c5?s=96&d=mm&r=g\",\"contentUrl\":\"https:\\\/\\\/secure.gravatar.com\\\/avatar\\\/377c0eb8b4ad2bfc25461b41564b5971e721ca34a57642868fc7b0c8ac7b52c5?s=96&d=mm&r=g\",\"caption\":\"Blog da Condessa\"},\"url\":\"https:\\\/\\\/blogdacondessa.com.br\\\/blog\\\/author\\\/beatriz\\\/\"}]}<\/script>\n<!-- \/ Yoast SEO plugin. -->","yoast_head_json":{"title":"\u201cTCE-MT \u00e9 refer\u00eancia nacional no equil\u00edbrio entre a orienta\u00e7\u00e3o e a fiscaliza\u00e7\u00e3o\u201d &#8902; Blog da Condessa","robots":{"index":"index","follow":"follow","max-snippet":"max-snippet:-1","max-image-preview":"max-image-preview:large","max-video-preview":"max-video-preview:-1"},"canonical":"https:\/\/blogdacondessa.com.br\/blog\/institucional\/tce-mt-e-referencia-nacional-no-equilibrio-entre-a-orientacao-e-a-fiscalizacao\/","og_locale":"pt_BR","og_type":"article","og_title":"\u201cTCE-MT \u00e9 refer\u00eancia nacional no equil\u00edbrio entre a orienta\u00e7\u00e3o e a fiscaliza\u00e7\u00e3o\u201d &#8902; Blog da Condessa","og_description":"A Associa\u00e7\u00e3o dos Membros dos Tribunais de Contas do Brasil (Atricon) destacou a atua\u00e7\u00e3o do Tribunal de Contas de Mato Grosso (TCE-MT) como refer\u00eancia nacional no equil\u00edbrio entre a orienta\u00e7\u00e3o e a fiscaliza\u00e7\u00e3o, com foco no fortalecimento da administra\u00e7\u00e3o p\u00fablica municipal. No \u00faltimo dia 5, os presidentes do TCE-MT, conselheiro Jos\u00e9 Carlos Novelli, e da [&hellip;]","og_url":"https:\/\/blogdacondessa.com.br\/blog\/institucional\/tce-mt-e-referencia-nacional-no-equilibrio-entre-a-orientacao-e-a-fiscalizacao\/","og_site_name":"Blog da Condessa","article_published_time":"2022-10-07T09:00:01+00:00","og_image":[{"width":365,"height":243,"url":"https:\/\/blogdacondessa.com.br\/blog\/wp-content\/uploads\/2022\/10\/TCE-MT.jpg","type":"image\/jpeg"}],"author":"Blog da Condessa","twitter_card":"summary_large_image","twitter_misc":{"Escrito por":"Blog da Condessa","Est. tempo de leitura":"3 minutos"},"schema":{"@context":"https:\/\/schema.org","@graph":[{"@type":"Article","@id":"https:\/\/blogdacondessa.com.br\/blog\/institucional\/tce-mt-e-referencia-nacional-no-equilibrio-entre-a-orientacao-e-a-fiscalizacao\/#article","isPartOf":{"@id":"https:\/\/blogdacondessa.com.br\/blog\/institucional\/tce-mt-e-referencia-nacional-no-equilibrio-entre-a-orientacao-e-a-fiscalizacao\/"},"author":{"name":"Blog da Condessa","@id":"https:\/\/blogdacondessa.com.br\/blog\/#\/schema\/person\/1d667ff8b785195b568677489d266035"},"headline":"\u201cTCE-MT \u00e9 refer\u00eancia nacional no equil\u00edbrio entre a orienta\u00e7\u00e3o e a fiscaliza\u00e7\u00e3o\u201d","datePublished":"2022-10-07T09:00:01+00:00","mainEntityOfPage":{"@id":"https:\/\/blogdacondessa.com.br\/blog\/institucional\/tce-mt-e-referencia-nacional-no-equilibrio-entre-a-orientacao-e-a-fiscalizacao\/"},"wordCount":446,"image":{"@id":"https:\/\/blogdacondessa.com.br\/blog\/institucional\/tce-mt-e-referencia-nacional-no-equilibrio-entre-a-orientacao-e-a-fiscalizacao\/#primaryimage"},"thumbnailUrl":"https:\/\/blogdacondessa.com.br\/blog\/wp-content\/uploads\/2022\/10\/TCE-MT.jpg","articleSection":["Institucional"],"inLanguage":"pt-BR"},{"@type":"WebPage","@id":"https:\/\/blogdacondessa.com.br\/blog\/institucional\/tce-mt-e-referencia-nacional-no-equilibrio-entre-a-orientacao-e-a-fiscalizacao\/","url":"https:\/\/blogdacondessa.com.br\/blog\/institucional\/tce-mt-e-referencia-nacional-no-equilibrio-entre-a-orientacao-e-a-fiscalizacao\/","name":"\u201cTCE-MT \u00e9 refer\u00eancia nacional no equil\u00edbrio entre a orienta\u00e7\u00e3o e a fiscaliza\u00e7\u00e3o\u201d &#8902; Blog da Condessa","isPartOf":{"@id":"https:\/\/blogdacondessa.com.br\/blog\/#website"},"primaryImageOfPage":{"@id":"https:\/\/blogdacondessa.com.br\/blog\/institucional\/tce-mt-e-referencia-nacional-no-equilibrio-entre-a-orientacao-e-a-fiscalizacao\/#primaryimage"},"image":{"@id":"https:\/\/blogdacondessa.com.br\/blog\/institucional\/tce-mt-e-referencia-nacional-no-equilibrio-entre-a-orientacao-e-a-fiscalizacao\/#primaryimage"},"thumbnailUrl":"https:\/\/blogdacondessa.com.br\/blog\/wp-content\/uploads\/2022\/10\/TCE-MT.jpg","datePublished":"2022-10-07T09:00:01+00:00","author":{"@id":"https:\/\/blogdacondessa.com.br\/blog\/#\/schema\/person\/1d667ff8b785195b568677489d266035"},"breadcrumb":{"@id":"https:\/\/blogdacondessa.com.br\/blog\/institucional\/tce-mt-e-referencia-nacional-no-equilibrio-entre-a-orientacao-e-a-fiscalizacao\/#breadcrumb"},"inLanguage":"pt-BR","potentialAction":[{"@type":"ReadAction","target":["https:\/\/blogdacondessa.com.br\/blog\/institucional\/tce-mt-e-referencia-nacional-no-equilibrio-entre-a-orientacao-e-a-fiscalizacao\/"]}]},{"@type":"ImageObject","inLanguage":"pt-BR","@id":"https:\/\/blogdacondessa.com.br\/blog\/institucional\/tce-mt-e-referencia-nacional-no-equilibrio-entre-a-orientacao-e-a-fiscalizacao\/#primaryimage","url":"https:\/\/blogdacondessa.com.br\/blog\/wp-content\/uploads\/2022\/10\/TCE-MT.jpg","contentUrl":"https:\/\/blogdacondessa.com.br\/blog\/wp-content\/uploads\/2022\/10\/TCE-MT.jpg","width":365,"height":243,"caption":"Foto: Thiago Bergamasco\/TCE-MT"},{"@type":"BreadcrumbList","@id":"https:\/\/blogdacondessa.com.br\/blog\/institucional\/tce-mt-e-referencia-nacional-no-equilibrio-entre-a-orientacao-e-a-fiscalizacao\/#breadcrumb","itemListElement":[{"@type":"ListItem","position":1,"name":"In\u00edcio","item":"https:\/\/blogdacondessa.com.br\/blog\/"},{"@type":"ListItem","position":2,"name":"\u201cTCE-MT \u00e9 refer\u00eancia nacional no equil\u00edbrio entre a orienta\u00e7\u00e3o e a fiscaliza\u00e7\u00e3o\u201d"}]},{"@type":"WebSite","@id":"https:\/\/blogdacondessa.com.br\/blog\/#website","url":"https:\/\/blogdacondessa.com.br\/blog\/","name":"Blog da Condessa","description":"Com Shirley de Souza O\u2019Campos","potentialAction":[{"@type":"SearchAction","target":{"@type":"EntryPoint","urlTemplate":"https:\/\/blogdacondessa.com.br\/blog\/?s={search_term_string}"},"query-input":{"@type":"PropertyValueSpecification","valueRequired":true,"valueName":"search_term_string"}}],"inLanguage":"pt-BR"},{"@type":"Person","@id":"https:\/\/blogdacondessa.com.br\/blog\/#\/schema\/person\/1d667ff8b785195b568677489d266035","name":"Blog da Condessa","image":{"@type":"ImageObject","inLanguage":"pt-BR","@id":"https:\/\/secure.gravatar.com\/avatar\/377c0eb8b4ad2bfc25461b41564b5971e721ca34a57642868fc7b0c8ac7b52c5?s=96&d=mm&r=g","url":"https:\/\/secure.gravatar.com\/avatar\/377c0eb8b4ad2bfc25461b41564b5971e721ca34a57642868fc7b0c8ac7b52c5?s=96&d=mm&r=g","contentUrl":"https:\/\/secure.gravatar.com\/avatar\/377c0eb8b4ad2bfc25461b41564b5971e721ca34a57642868fc7b0c8ac7b52c5?s=96&d=mm&r=g","caption":"Blog da Condessa"},"url":"https:\/\/blogdacondessa.com.br\/blog\/author\/beatriz\/"}]}},"_links":{"self":[{"href":"https:\/\/blogdacondessa.com.br\/blog\/wp-json\/wp\/v2\/posts\/5089","targetHints":{"allow":["GET"]}}],"collection":[{"href":"https:\/\/blogdacondessa.com.br\/blog\/wp-json\/wp\/v2\/posts"}],"about":[{"href":"https:\/\/blogdacondessa.com.br\/blog\/wp-json\/wp\/v2\/types\/post"}],"author":[{"embeddable":true,"href":"https:\/\/blogdacondessa.com.br\/blog\/wp-json\/wp\/v2\/users\/2"}],"replies":[{"embeddable":true,"href":"https:\/\/blogdacondessa.com.br\/blog\/wp-json\/wp\/v2\/comments?post=5089"}],"version-history":[{"count":0,"href":"https:\/\/blogdacondessa.com.br\/blog\/wp-json\/wp\/v2\/posts\/5089\/revisions"}],"wp:featuredmedia":[{"embeddable":true,"href":"https:\/\/blogdacondessa.com.br\/blog\/wp-json\/wp\/v2\/media\/5090"}],"wp:attachment":[{"href":"https:\/\/blogdacondessa.com.br\/blog\/wp-json\/wp\/v2\/media?parent=5089"}],"wp:term":[{"taxonomy":"category","embeddable":true,"href":"https:\/\/blogdacondessa.com.br\/blog\/wp-json\/wp\/v2\/categories?post=5089"},{"taxonomy":"post_tag","embeddable":true,"href":"https:\/\/blogdacondessa.com.br\/blog\/wp-json\/wp\/v2\/tags?post=5089"}],"curies":[{"name":"wp","href":"https:\/\/api.w.org\/{rel}","templated":true}]}}