{"id":4976,"date":"2022-09-23T05:00:30","date_gmt":"2022-09-23T09:00:30","guid":{"rendered":"http:\/\/blogdacondessa.com.br\/?p=4976"},"modified":"2022-09-22T20:05:08","modified_gmt":"2022-09-23T00:05:08","slug":"janete-manaca-lanca-coletanea-de-poesias","status":"publish","type":"post","link":"https:\/\/blogdacondessa.com.br\/blog\/cultura\/janete-manaca-lanca-coletanea-de-poesias\/","title":{"rendered":"Janete Manac\u00e1 lan\u00e7a colet\u00e2nea de poesias"},"content":{"rendered":"<p>A poeta e escritora Janete Manac\u00e1 lan\u00e7a, nesta sexta-feira (23), a colet\u00e2nea de poesias com quatro volumes: &#8216;Urg\u00eancia Po\u00e9tica &#8211; Poesia em tempos de incerteza&#8217;, &#8216;Mergulho Po\u00e9tico &#8211; Poesia em tempos de dor&#8217;, &#8216;Aconchego Po\u00e9tico &#8211; Poesia em tempos de reflex\u00e3o&#8217; e &#8216;Renascimento Po\u00e9tico &#8211; Poesia em tempos de esperan\u00e7a&#8217;. O lan\u00e7amento ser\u00e1\u00a0\u00e0s 19h, na Casa Cuiabana, com noite de aut\u00f3grafos e um sarau.<\/p>\n<p>Janete Manac\u00e1 escreveu as poesias em 2021, enquanto permanecia reclusa em raz\u00e3o da pandemia da covid-19 e cada volume corresponde \u00e0 produ\u00e7\u00e3o de um trimestre.<\/p>\n<p>\u201cO meu primeiro processo no mundo das artes teve in\u00edcio na arte da supera\u00e7\u00e3o e da sobreviv\u00eancia. Come\u00e7ou aos 7 anos quando perdi meu pai; e minha m\u00e3e, aos 39 anos, com 5 filhos. O mais velho, com 12 anos, assumiu com bravura a responsabilidade de nos criar\u201d, comenta a autora no terceiro volume da cole\u00e7\u00e3o.<\/p>\n<p>Nesses tempos sombrios ela encontrou na poesia uma fiel aliada. Mas ao contr\u00e1rio da autora a poesia voou para centenas de lares do Brasil e outros pa\u00edses, todas as noites do ano de 2021, por meio de \u00e1udio via Whatsapp.<\/p>\n<p>A poesia dela abarcam mem\u00f3rias da inf\u00e2ncia, dores, o medo, a solid\u00e3o e a incerteza diante de tantas partidas de amigos, professores e o sofrimentos de in\u00fameras fam\u00edlias, pelo mundo, marcadas pela pandemia.<\/p>\n<p>O sarau da noite de lan\u00e7amento ser\u00e1 uma homenagem da atriz\u00a0L\u00facia Palma\u00a0\u00e0\u00a0<a href=\"https:\/\/www.leiagora.com.br\/entrete\/2332\/artistas-de-mt-se-despedem-da-poeta-marilza-ribeiro\">poetisa Marilza Ribeiro, que partiu em 2 de fevereiro deste ano<\/a>. Em seguida, haver\u00e1 apresenta\u00e7\u00f5es de dan\u00e7as do ventre, cigana, flamenca, contempor\u00e2nea e circular, al\u00e9m de declama\u00e7\u00f5es po\u00e9ticas, apresenta\u00e7\u00f5es musicais e outras performances.<\/p>\n<p>Ser\u00e1 op\u00e7\u00e3o no sarau tamb\u00e9m a produ\u00e7\u00e3o art\u00edstica e gastron\u00f4mica das artes\u00e3s do Hortomercado &#8216;Delas&#8217;.<\/p>\n<p><strong>Servi\u00e7o<br \/>\n<\/strong>Lan\u00e7amento da colet\u00e2nea de poesias da escritora Janete Manac\u00e1<br \/>\nData: Sexta-feira (23), \u00e0s 19h<br \/>\nLocal:\u00a0Centro Cultural casa Cuiabana,\u00a0 Av. General\u00a0 Valle, 181 &#8211; Bandeirantes, Cuiab\u00e1<br \/>\nInforma\u00e7\u00f5es: (65) 99975-3398<\/p>\n","protected":false},"excerpt":{"rendered":"<p>A poeta e escritora Janete Manac\u00e1 lan\u00e7a, nesta sexta-feira (23), a colet\u00e2nea de poesias com quatro volumes: &#8216;Urg\u00eancia Po\u00e9tica &#8211; Poesia em tempos de incerteza&#8217;, &#8216;Mergulho Po\u00e9tico &#8211; Poesia em tempos de dor&#8217;, &#8216;Aconchego Po\u00e9tico &#8211; Poesia em tempos de reflex\u00e3o&#8217; e &#8216;Renascimento Po\u00e9tico &#8211; Poesia em tempos de esperan\u00e7a&#8217;. O lan\u00e7amento ser\u00e1\u00a0\u00e0s 19h, na [&hellip;]<\/p>\n","protected":false},"author":2,"featured_media":4977,"comment_status":"closed","ping_status":"closed","sticky":false,"template":"","format":"standard","meta":{"iawp_total_views":1,"footnotes":""},"categories":[18],"tags":[],"class_list":["post-4976","post","type-post","status-publish","format-standard","has-post-thumbnail","hentry","category-cultura"],"yoast_head":"<!-- This site is optimized with the Yoast SEO plugin v27.3 - https:\/\/yoast.com\/product\/yoast-seo-wordpress\/ -->\n<title>Janete Manac\u00e1 lan\u00e7a colet\u00e2nea de poesias &#8902; Blog da Condessa<\/title>\n<meta name=\"robots\" content=\"index, follow, max-snippet:-1, max-image-preview:large, max-video-preview:-1\" \/>\n<link rel=\"canonical\" href=\"https:\/\/blogdacondessa.com.br\/blog\/cultura\/janete-manaca-lanca-coletanea-de-poesias\/\" \/>\n<meta property=\"og:locale\" content=\"pt_BR\" \/>\n<meta property=\"og:type\" content=\"article\" \/>\n<meta property=\"og:title\" content=\"Janete Manac\u00e1 lan\u00e7a colet\u00e2nea de poesias &#8902; Blog da Condessa\" \/>\n<meta property=\"og:description\" content=\"A poeta e escritora Janete Manac\u00e1 lan\u00e7a, nesta sexta-feira (23), a colet\u00e2nea de poesias com quatro volumes: &#8216;Urg\u00eancia Po\u00e9tica &#8211; Poesia em tempos de incerteza&#8217;, &#8216;Mergulho Po\u00e9tico &#8211; Poesia em tempos de dor&#8217;, &#8216;Aconchego Po\u00e9tico &#8211; Poesia em tempos de reflex\u00e3o&#8217; e &#8216;Renascimento Po\u00e9tico &#8211; Poesia em tempos de esperan\u00e7a&#8217;. O lan\u00e7amento ser\u00e1\u00a0\u00e0s 19h, na [&hellip;]\" \/>\n<meta property=\"og:url\" content=\"https:\/\/blogdacondessa.com.br\/blog\/cultura\/janete-manaca-lanca-coletanea-de-poesias\/\" \/>\n<meta property=\"og:site_name\" content=\"Blog da Condessa\" \/>\n<meta property=\"article:published_time\" content=\"2022-09-23T09:00:30+00:00\" \/>\n<meta property=\"og:image\" content=\"https:\/\/blogdacondessa.com.br\/blog\/wp-content\/uploads\/2022\/09\/janete-manaca.jpg\" \/>\n\t<meta property=\"og:image:width\" content=\"920\" \/>\n\t<meta property=\"og:image:height\" content=\"705\" \/>\n\t<meta property=\"og:image:type\" content=\"image\/jpeg\" \/>\n<meta name=\"author\" content=\"Blog da Condessa\" \/>\n<meta name=\"twitter:card\" content=\"summary_large_image\" \/>\n<meta name=\"twitter:label1\" content=\"Escrito por\" \/>\n\t<meta name=\"twitter:data1\" content=\"Blog da Condessa\" \/>\n\t<meta name=\"twitter:label2\" content=\"Est. tempo de leitura\" \/>\n\t<meta name=\"twitter:data2\" content=\"2 minutos\" \/>\n<script type=\"application\/ld+json\" class=\"yoast-schema-graph\">{\"@context\":\"https:\\\/\\\/schema.org\",\"@graph\":[{\"@type\":\"Article\",\"@id\":\"https:\\\/\\\/blogdacondessa.com.br\\\/blog\\\/cultura\\\/janete-manaca-lanca-coletanea-de-poesias\\\/#article\",\"isPartOf\":{\"@id\":\"https:\\\/\\\/blogdacondessa.com.br\\\/blog\\\/cultura\\\/janete-manaca-lanca-coletanea-de-poesias\\\/\"},\"author\":{\"name\":\"Blog da Condessa\",\"@id\":\"https:\\\/\\\/blogdacondessa.com.br\\\/blog\\\/#\\\/schema\\\/person\\\/1d667ff8b785195b568677489d266035\"},\"headline\":\"Janete Manac\u00e1 lan\u00e7a colet\u00e2nea de poesias\",\"datePublished\":\"2022-09-23T09:00:30+00:00\",\"mainEntityOfPage\":{\"@id\":\"https:\\\/\\\/blogdacondessa.com.br\\\/blog\\\/cultura\\\/janete-manaca-lanca-coletanea-de-poesias\\\/\"},\"wordCount\":351,\"image\":{\"@id\":\"https:\\\/\\\/blogdacondessa.com.br\\\/blog\\\/cultura\\\/janete-manaca-lanca-coletanea-de-poesias\\\/#primaryimage\"},\"thumbnailUrl\":\"https:\\\/\\\/blogdacondessa.com.br\\\/blog\\\/wp-content\\\/uploads\\\/2022\\\/09\\\/janete-manaca.jpg\",\"articleSection\":[\"Cultura\"],\"inLanguage\":\"pt-BR\"},{\"@type\":\"WebPage\",\"@id\":\"https:\\\/\\\/blogdacondessa.com.br\\\/blog\\\/cultura\\\/janete-manaca-lanca-coletanea-de-poesias\\\/\",\"url\":\"https:\\\/\\\/blogdacondessa.com.br\\\/blog\\\/cultura\\\/janete-manaca-lanca-coletanea-de-poesias\\\/\",\"name\":\"Janete Manac\u00e1 lan\u00e7a colet\u00e2nea de poesias &#8902; Blog da Condessa\",\"isPartOf\":{\"@id\":\"https:\\\/\\\/blogdacondessa.com.br\\\/blog\\\/#website\"},\"primaryImageOfPage\":{\"@id\":\"https:\\\/\\\/blogdacondessa.com.br\\\/blog\\\/cultura\\\/janete-manaca-lanca-coletanea-de-poesias\\\/#primaryimage\"},\"image\":{\"@id\":\"https:\\\/\\\/blogdacondessa.com.br\\\/blog\\\/cultura\\\/janete-manaca-lanca-coletanea-de-poesias\\\/#primaryimage\"},\"thumbnailUrl\":\"https:\\\/\\\/blogdacondessa.com.br\\\/blog\\\/wp-content\\\/uploads\\\/2022\\\/09\\\/janete-manaca.jpg\",\"datePublished\":\"2022-09-23T09:00:30+00:00\",\"author\":{\"@id\":\"https:\\\/\\\/blogdacondessa.com.br\\\/blog\\\/#\\\/schema\\\/person\\\/1d667ff8b785195b568677489d266035\"},\"breadcrumb\":{\"@id\":\"https:\\\/\\\/blogdacondessa.com.br\\\/blog\\\/cultura\\\/janete-manaca-lanca-coletanea-de-poesias\\\/#breadcrumb\"},\"inLanguage\":\"pt-BR\",\"potentialAction\":[{\"@type\":\"ReadAction\",\"target\":[\"https:\\\/\\\/blogdacondessa.com.br\\\/blog\\\/cultura\\\/janete-manaca-lanca-coletanea-de-poesias\\\/\"]}]},{\"@type\":\"ImageObject\",\"inLanguage\":\"pt-BR\",\"@id\":\"https:\\\/\\\/blogdacondessa.com.br\\\/blog\\\/cultura\\\/janete-manaca-lanca-coletanea-de-poesias\\\/#primaryimage\",\"url\":\"https:\\\/\\\/blogdacondessa.com.br\\\/blog\\\/wp-content\\\/uploads\\\/2022\\\/09\\\/janete-manaca.jpg\",\"contentUrl\":\"https:\\\/\\\/blogdacondessa.com.br\\\/blog\\\/wp-content\\\/uploads\\\/2022\\\/09\\\/janete-manaca.jpg\",\"width\":920,\"height\":705,\"caption\":\"Foto: Divulga\u00e7\u00e3o\"},{\"@type\":\"BreadcrumbList\",\"@id\":\"https:\\\/\\\/blogdacondessa.com.br\\\/blog\\\/cultura\\\/janete-manaca-lanca-coletanea-de-poesias\\\/#breadcrumb\",\"itemListElement\":[{\"@type\":\"ListItem\",\"position\":1,\"name\":\"In\u00edcio\",\"item\":\"https:\\\/\\\/blogdacondessa.com.br\\\/blog\\\/\"},{\"@type\":\"ListItem\",\"position\":2,\"name\":\"Janete Manac\u00e1 lan\u00e7a colet\u00e2nea de poesias\"}]},{\"@type\":\"WebSite\",\"@id\":\"https:\\\/\\\/blogdacondessa.com.br\\\/blog\\\/#website\",\"url\":\"https:\\\/\\\/blogdacondessa.com.br\\\/blog\\\/\",\"name\":\"Blog da Condessa\",\"description\":\"Com Shirley de Souza O\u2019Campos\",\"potentialAction\":[{\"@type\":\"SearchAction\",\"target\":{\"@type\":\"EntryPoint\",\"urlTemplate\":\"https:\\\/\\\/blogdacondessa.com.br\\\/blog\\\/?s={search_term_string}\"},\"query-input\":{\"@type\":\"PropertyValueSpecification\",\"valueRequired\":true,\"valueName\":\"search_term_string\"}}],\"inLanguage\":\"pt-BR\"},{\"@type\":\"Person\",\"@id\":\"https:\\\/\\\/blogdacondessa.com.br\\\/blog\\\/#\\\/schema\\\/person\\\/1d667ff8b785195b568677489d266035\",\"name\":\"Blog da Condessa\",\"image\":{\"@type\":\"ImageObject\",\"inLanguage\":\"pt-BR\",\"@id\":\"https:\\\/\\\/secure.gravatar.com\\\/avatar\\\/377c0eb8b4ad2bfc25461b41564b5971e721ca34a57642868fc7b0c8ac7b52c5?s=96&d=mm&r=g\",\"url\":\"https:\\\/\\\/secure.gravatar.com\\\/avatar\\\/377c0eb8b4ad2bfc25461b41564b5971e721ca34a57642868fc7b0c8ac7b52c5?s=96&d=mm&r=g\",\"contentUrl\":\"https:\\\/\\\/secure.gravatar.com\\\/avatar\\\/377c0eb8b4ad2bfc25461b41564b5971e721ca34a57642868fc7b0c8ac7b52c5?s=96&d=mm&r=g\",\"caption\":\"Blog da Condessa\"},\"url\":\"https:\\\/\\\/blogdacondessa.com.br\\\/blog\\\/author\\\/beatriz\\\/\"}]}<\/script>\n<!-- \/ Yoast SEO plugin. -->","yoast_head_json":{"title":"Janete Manac\u00e1 lan\u00e7a colet\u00e2nea de poesias &#8902; Blog da Condessa","robots":{"index":"index","follow":"follow","max-snippet":"max-snippet:-1","max-image-preview":"max-image-preview:large","max-video-preview":"max-video-preview:-1"},"canonical":"https:\/\/blogdacondessa.com.br\/blog\/cultura\/janete-manaca-lanca-coletanea-de-poesias\/","og_locale":"pt_BR","og_type":"article","og_title":"Janete Manac\u00e1 lan\u00e7a colet\u00e2nea de poesias &#8902; Blog da Condessa","og_description":"A poeta e escritora Janete Manac\u00e1 lan\u00e7a, nesta sexta-feira (23), a colet\u00e2nea de poesias com quatro volumes: &#8216;Urg\u00eancia Po\u00e9tica &#8211; Poesia em tempos de incerteza&#8217;, &#8216;Mergulho Po\u00e9tico &#8211; Poesia em tempos de dor&#8217;, &#8216;Aconchego Po\u00e9tico &#8211; Poesia em tempos de reflex\u00e3o&#8217; e &#8216;Renascimento Po\u00e9tico &#8211; Poesia em tempos de esperan\u00e7a&#8217;. O lan\u00e7amento ser\u00e1\u00a0\u00e0s 19h, na [&hellip;]","og_url":"https:\/\/blogdacondessa.com.br\/blog\/cultura\/janete-manaca-lanca-coletanea-de-poesias\/","og_site_name":"Blog da Condessa","article_published_time":"2022-09-23T09:00:30+00:00","og_image":[{"width":920,"height":705,"url":"https:\/\/blogdacondessa.com.br\/blog\/wp-content\/uploads\/2022\/09\/janete-manaca.jpg","type":"image\/jpeg"}],"author":"Blog da Condessa","twitter_card":"summary_large_image","twitter_misc":{"Escrito por":"Blog da Condessa","Est. tempo de leitura":"2 minutos"},"schema":{"@context":"https:\/\/schema.org","@graph":[{"@type":"Article","@id":"https:\/\/blogdacondessa.com.br\/blog\/cultura\/janete-manaca-lanca-coletanea-de-poesias\/#article","isPartOf":{"@id":"https:\/\/blogdacondessa.com.br\/blog\/cultura\/janete-manaca-lanca-coletanea-de-poesias\/"},"author":{"name":"Blog da Condessa","@id":"https:\/\/blogdacondessa.com.br\/blog\/#\/schema\/person\/1d667ff8b785195b568677489d266035"},"headline":"Janete Manac\u00e1 lan\u00e7a colet\u00e2nea de poesias","datePublished":"2022-09-23T09:00:30+00:00","mainEntityOfPage":{"@id":"https:\/\/blogdacondessa.com.br\/blog\/cultura\/janete-manaca-lanca-coletanea-de-poesias\/"},"wordCount":351,"image":{"@id":"https:\/\/blogdacondessa.com.br\/blog\/cultura\/janete-manaca-lanca-coletanea-de-poesias\/#primaryimage"},"thumbnailUrl":"https:\/\/blogdacondessa.com.br\/blog\/wp-content\/uploads\/2022\/09\/janete-manaca.jpg","articleSection":["Cultura"],"inLanguage":"pt-BR"},{"@type":"WebPage","@id":"https:\/\/blogdacondessa.com.br\/blog\/cultura\/janete-manaca-lanca-coletanea-de-poesias\/","url":"https:\/\/blogdacondessa.com.br\/blog\/cultura\/janete-manaca-lanca-coletanea-de-poesias\/","name":"Janete Manac\u00e1 lan\u00e7a colet\u00e2nea de poesias &#8902; Blog da Condessa","isPartOf":{"@id":"https:\/\/blogdacondessa.com.br\/blog\/#website"},"primaryImageOfPage":{"@id":"https:\/\/blogdacondessa.com.br\/blog\/cultura\/janete-manaca-lanca-coletanea-de-poesias\/#primaryimage"},"image":{"@id":"https:\/\/blogdacondessa.com.br\/blog\/cultura\/janete-manaca-lanca-coletanea-de-poesias\/#primaryimage"},"thumbnailUrl":"https:\/\/blogdacondessa.com.br\/blog\/wp-content\/uploads\/2022\/09\/janete-manaca.jpg","datePublished":"2022-09-23T09:00:30+00:00","author":{"@id":"https:\/\/blogdacondessa.com.br\/blog\/#\/schema\/person\/1d667ff8b785195b568677489d266035"},"breadcrumb":{"@id":"https:\/\/blogdacondessa.com.br\/blog\/cultura\/janete-manaca-lanca-coletanea-de-poesias\/#breadcrumb"},"inLanguage":"pt-BR","potentialAction":[{"@type":"ReadAction","target":["https:\/\/blogdacondessa.com.br\/blog\/cultura\/janete-manaca-lanca-coletanea-de-poesias\/"]}]},{"@type":"ImageObject","inLanguage":"pt-BR","@id":"https:\/\/blogdacondessa.com.br\/blog\/cultura\/janete-manaca-lanca-coletanea-de-poesias\/#primaryimage","url":"https:\/\/blogdacondessa.com.br\/blog\/wp-content\/uploads\/2022\/09\/janete-manaca.jpg","contentUrl":"https:\/\/blogdacondessa.com.br\/blog\/wp-content\/uploads\/2022\/09\/janete-manaca.jpg","width":920,"height":705,"caption":"Foto: Divulga\u00e7\u00e3o"},{"@type":"BreadcrumbList","@id":"https:\/\/blogdacondessa.com.br\/blog\/cultura\/janete-manaca-lanca-coletanea-de-poesias\/#breadcrumb","itemListElement":[{"@type":"ListItem","position":1,"name":"In\u00edcio","item":"https:\/\/blogdacondessa.com.br\/blog\/"},{"@type":"ListItem","position":2,"name":"Janete Manac\u00e1 lan\u00e7a colet\u00e2nea de poesias"}]},{"@type":"WebSite","@id":"https:\/\/blogdacondessa.com.br\/blog\/#website","url":"https:\/\/blogdacondessa.com.br\/blog\/","name":"Blog da Condessa","description":"Com Shirley de Souza O\u2019Campos","potentialAction":[{"@type":"SearchAction","target":{"@type":"EntryPoint","urlTemplate":"https:\/\/blogdacondessa.com.br\/blog\/?s={search_term_string}"},"query-input":{"@type":"PropertyValueSpecification","valueRequired":true,"valueName":"search_term_string"}}],"inLanguage":"pt-BR"},{"@type":"Person","@id":"https:\/\/blogdacondessa.com.br\/blog\/#\/schema\/person\/1d667ff8b785195b568677489d266035","name":"Blog da Condessa","image":{"@type":"ImageObject","inLanguage":"pt-BR","@id":"https:\/\/secure.gravatar.com\/avatar\/377c0eb8b4ad2bfc25461b41564b5971e721ca34a57642868fc7b0c8ac7b52c5?s=96&d=mm&r=g","url":"https:\/\/secure.gravatar.com\/avatar\/377c0eb8b4ad2bfc25461b41564b5971e721ca34a57642868fc7b0c8ac7b52c5?s=96&d=mm&r=g","contentUrl":"https:\/\/secure.gravatar.com\/avatar\/377c0eb8b4ad2bfc25461b41564b5971e721ca34a57642868fc7b0c8ac7b52c5?s=96&d=mm&r=g","caption":"Blog da Condessa"},"url":"https:\/\/blogdacondessa.com.br\/blog\/author\/beatriz\/"}]}},"_links":{"self":[{"href":"https:\/\/blogdacondessa.com.br\/blog\/wp-json\/wp\/v2\/posts\/4976","targetHints":{"allow":["GET"]}}],"collection":[{"href":"https:\/\/blogdacondessa.com.br\/blog\/wp-json\/wp\/v2\/posts"}],"about":[{"href":"https:\/\/blogdacondessa.com.br\/blog\/wp-json\/wp\/v2\/types\/post"}],"author":[{"embeddable":true,"href":"https:\/\/blogdacondessa.com.br\/blog\/wp-json\/wp\/v2\/users\/2"}],"replies":[{"embeddable":true,"href":"https:\/\/blogdacondessa.com.br\/blog\/wp-json\/wp\/v2\/comments?post=4976"}],"version-history":[{"count":0,"href":"https:\/\/blogdacondessa.com.br\/blog\/wp-json\/wp\/v2\/posts\/4976\/revisions"}],"wp:featuredmedia":[{"embeddable":true,"href":"https:\/\/blogdacondessa.com.br\/blog\/wp-json\/wp\/v2\/media\/4977"}],"wp:attachment":[{"href":"https:\/\/blogdacondessa.com.br\/blog\/wp-json\/wp\/v2\/media?parent=4976"}],"wp:term":[{"taxonomy":"category","embeddable":true,"href":"https:\/\/blogdacondessa.com.br\/blog\/wp-json\/wp\/v2\/categories?post=4976"},{"taxonomy":"post_tag","embeddable":true,"href":"https:\/\/blogdacondessa.com.br\/blog\/wp-json\/wp\/v2\/tags?post=4976"}],"curies":[{"name":"wp","href":"https:\/\/api.w.org\/{rel}","templated":true}]}}