{"id":4973,"date":"2022-09-23T05:00:39","date_gmt":"2022-09-23T09:00:39","guid":{"rendered":"http:\/\/blogdacondessa.com.br\/?p=4973"},"modified":"2022-09-22T19:38:00","modified_gmt":"2022-09-22T23:38:00","slug":"iniciativa-reverencia-memoria-de-magistrada-vitima-de-feminicidio","status":"publish","type":"post","link":"https:\/\/blogdacondessa.com.br\/blog\/institucional\/iniciativa-reverencia-memoria-de-magistrada-vitima-de-feminicidio\/","title":{"rendered":"Iniciativa reverencia mem\u00f3ria de magistrada v\u00edtima de feminic\u00eddio"},"content":{"rendered":"<p>O Tribunal Pleno aprovou por unanimidade a cria\u00e7\u00e3o do Pr\u00eamio \u201cJu\u00edza Glauciane Chaves de Melo\u201d de Prote\u00e7\u00e3o \u00e0s Mulheres V\u00edtimas de Viol\u00eancia Dom\u00e9stica e Familiar. Proposto pela presidente do Tribunal de Justi\u00e7a de Mato Grosso, desembargadora Maria Helena P\u00f3voas, a iniciativa tem objetivo de reverenciar a mem\u00f3ria da magistrada, v\u00edtima de feminic\u00eddio em 2013, bem como incentivar a implementa\u00e7\u00e3o de pol\u00edticas p\u00fablicas de enfrentamento \u00e0 viol\u00eancia dom\u00e9stica e familiar.<\/p>\n<p>A premia\u00e7\u00e3o visa agraciar cidad\u00e3s, cidad\u00e3os, magistrados(as), servidores(a), comarca, institui\u00e7\u00f5es p\u00fablicas, entidades de classe, empresas privadas, imprensa e organiza\u00e7\u00f5es n\u00e3o governamentais que desenvolvam iniciativas, campanhas ou projetos que venham a contribuir para a preven\u00e7\u00e3o e o enfrentamento da viol\u00eancia dom\u00e9stica e familiar contra a mulher em Mato Grosso.<\/p>\n<p>Para Maria Helena P\u00f3voas, esta \u00e9 mais uma iniciativa para fomentar as discuss\u00f5es e criar mecanismos para coibir a viol\u00eancia dom\u00e9stica e familiar.<\/p>\n<p>Ainda segundo a desembargadora, uma justa homenagem \u00e0 ju\u00edza Glauciane Chaves de Melo, que se tornou s\u00edmbolo da uni\u00e3o de esfor\u00e7os para o enfrentamento da viol\u00eancia dom\u00e9stica, como o feminic\u00eddio, que chocou n\u00e3o somente o Estado, mas todo o pa\u00eds.<\/p>\n<p>\u201cEsta \u00e9 uma rever\u00eancia \u00e0 mem\u00f3ria de uma magistrada brutalmente assassinada pelo ex-companheiro. Uma forma de falarmos sobre a necessidade da implementa\u00e7\u00e3o de pol\u00edticas p\u00fablicas para a viol\u00eancia dom\u00e9stica que infelizmente est\u00e1 presente em muitos lares e que acaba com fam\u00edlias. Pol\u00edticas p\u00fablicas estas que garantam os direitos humanos das mulheres, como previsto na Lei Maria da Penha\u201d, afirmou a presidente.<\/p>\n<p>As solenidades do Pr\u00eamio ser\u00e3o realizadas anualmente durante as atividades do Dia Internacional da Mulher, celebrado no dia 08 de mar\u00e7o. Contudo, excepcionalmente neste ano ocorrer\u00e1 em dezembro, durante os eventos do Dia da Justi\u00e7a, celebrado no dia 8.<\/p>\n<p>Ao todo, nove categorias comp\u00f5em o Pr\u00eamio: comarca; magistrada ou magistrado; servidora ou servidor; Institui\u00e7\u00e3o P\u00fablica; Entidade de Classe; organiza\u00e7\u00f5es n\u00e3o governamentais; Imprensa; cidad\u00e3 ou cidad\u00e3o; e empresas privadas.<\/p>\n<p><strong>\u00a0O feminic\u00eddio\u00a0<\/strong><\/p>\n<p>A ju\u00edza Glauciane Chaves de Melo foi v\u00edtima de feminic\u00eddio no dia 7 de junho de 2013. Segundo o processo, ela foi assassinada dentro da sala de audi\u00eancias no F\u00f3rum da Comarca de Alto Taquari (a 479 km ao sul de Cuiab\u00e1), com dois tiros na nuca, disparados pelo ex-marido Evanderly de Oliveira Lima. O motivo seria a negativa de Glauciane em reatar o relacionamento de aproximadamente 10 anos. O r\u00e9u confessou o crime.<\/p>\n<p>&nbsp;<\/p>\n<p>&nbsp;<\/p>\n","protected":false},"excerpt":{"rendered":"<p>O Tribunal Pleno aprovou por unanimidade a cria\u00e7\u00e3o do Pr\u00eamio \u201cJu\u00edza Glauciane Chaves de Melo\u201d de Prote\u00e7\u00e3o \u00e0s Mulheres V\u00edtimas de Viol\u00eancia Dom\u00e9stica e Familiar. Proposto pela presidente do Tribunal de Justi\u00e7a de Mato Grosso, desembargadora Maria Helena P\u00f3voas, a iniciativa tem objetivo de reverenciar a mem\u00f3ria da magistrada, v\u00edtima de feminic\u00eddio em 2013, bem [&hellip;]<\/p>\n","protected":false},"author":2,"featured_media":4974,"comment_status":"closed","ping_status":"closed","sticky":false,"template":"","format":"standard","meta":{"iawp_total_views":0,"footnotes":""},"categories":[13],"tags":[],"class_list":["post-4973","post","type-post","status-publish","format-standard","has-post-thumbnail","hentry","category-institucional"],"yoast_head":"<!-- This site is optimized with the Yoast SEO plugin v27.3 - https:\/\/yoast.com\/product\/yoast-seo-wordpress\/ -->\n<title>Iniciativa reverencia mem\u00f3ria de magistrada v\u00edtima de feminic\u00eddio &#8902; Blog da Condessa<\/title>\n<meta name=\"robots\" content=\"index, follow, max-snippet:-1, max-image-preview:large, max-video-preview:-1\" \/>\n<link rel=\"canonical\" href=\"https:\/\/blogdacondessa.com.br\/blog\/institucional\/iniciativa-reverencia-memoria-de-magistrada-vitima-de-feminicidio\/\" \/>\n<meta property=\"og:locale\" content=\"pt_BR\" \/>\n<meta property=\"og:type\" content=\"article\" \/>\n<meta property=\"og:title\" content=\"Iniciativa reverencia mem\u00f3ria de magistrada v\u00edtima de feminic\u00eddio &#8902; Blog da Condessa\" \/>\n<meta property=\"og:description\" content=\"O Tribunal Pleno aprovou por unanimidade a cria\u00e7\u00e3o do Pr\u00eamio \u201cJu\u00edza Glauciane Chaves de Melo\u201d de Prote\u00e7\u00e3o \u00e0s Mulheres V\u00edtimas de Viol\u00eancia Dom\u00e9stica e Familiar. Proposto pela presidente do Tribunal de Justi\u00e7a de Mato Grosso, desembargadora Maria Helena P\u00f3voas, a iniciativa tem objetivo de reverenciar a mem\u00f3ria da magistrada, v\u00edtima de feminic\u00eddio em 2013, bem [&hellip;]\" \/>\n<meta property=\"og:url\" content=\"https:\/\/blogdacondessa.com.br\/blog\/institucional\/iniciativa-reverencia-memoria-de-magistrada-vitima-de-feminicidio\/\" \/>\n<meta property=\"og:site_name\" content=\"Blog da Condessa\" \/>\n<meta property=\"article:published_time\" content=\"2022-09-23T09:00:39+00:00\" \/>\n<meta property=\"og:image\" content=\"https:\/\/blogdacondessa.com.br\/blog\/wp-content\/uploads\/2022\/09\/violencia-domestica.jpg\" \/>\n\t<meta property=\"og:image:width\" content=\"1600\" \/>\n\t<meta property=\"og:image:height\" content=\"470\" \/>\n\t<meta property=\"og:image:type\" content=\"image\/jpeg\" \/>\n<meta name=\"author\" content=\"Blog da Condessa\" \/>\n<meta name=\"twitter:card\" content=\"summary_large_image\" \/>\n<meta name=\"twitter:label1\" content=\"Escrito por\" \/>\n\t<meta name=\"twitter:data1\" content=\"Blog da Condessa\" \/>\n\t<meta name=\"twitter:label2\" content=\"Est. tempo de leitura\" \/>\n\t<meta name=\"twitter:data2\" content=\"3 minutos\" \/>\n<script type=\"application\/ld+json\" class=\"yoast-schema-graph\">{\"@context\":\"https:\\\/\\\/schema.org\",\"@graph\":[{\"@type\":\"Article\",\"@id\":\"https:\\\/\\\/blogdacondessa.com.br\\\/blog\\\/institucional\\\/iniciativa-reverencia-memoria-de-magistrada-vitima-de-feminicidio\\\/#article\",\"isPartOf\":{\"@id\":\"https:\\\/\\\/blogdacondessa.com.br\\\/blog\\\/institucional\\\/iniciativa-reverencia-memoria-de-magistrada-vitima-de-feminicidio\\\/\"},\"author\":{\"name\":\"Blog da Condessa\",\"@id\":\"https:\\\/\\\/blogdacondessa.com.br\\\/blog\\\/#\\\/schema\\\/person\\\/1d667ff8b785195b568677489d266035\"},\"headline\":\"Iniciativa reverencia mem\u00f3ria de magistrada v\u00edtima de feminic\u00eddio\",\"datePublished\":\"2022-09-23T09:00:39+00:00\",\"mainEntityOfPage\":{\"@id\":\"https:\\\/\\\/blogdacondessa.com.br\\\/blog\\\/institucional\\\/iniciativa-reverencia-memoria-de-magistrada-vitima-de-feminicidio\\\/\"},\"wordCount\":456,\"image\":{\"@id\":\"https:\\\/\\\/blogdacondessa.com.br\\\/blog\\\/institucional\\\/iniciativa-reverencia-memoria-de-magistrada-vitima-de-feminicidio\\\/#primaryimage\"},\"thumbnailUrl\":\"https:\\\/\\\/blogdacondessa.com.br\\\/blog\\\/wp-content\\\/uploads\\\/2022\\\/09\\\/violencia-domestica.jpg\",\"articleSection\":[\"Institucional\"],\"inLanguage\":\"pt-BR\"},{\"@type\":\"WebPage\",\"@id\":\"https:\\\/\\\/blogdacondessa.com.br\\\/blog\\\/institucional\\\/iniciativa-reverencia-memoria-de-magistrada-vitima-de-feminicidio\\\/\",\"url\":\"https:\\\/\\\/blogdacondessa.com.br\\\/blog\\\/institucional\\\/iniciativa-reverencia-memoria-de-magistrada-vitima-de-feminicidio\\\/\",\"name\":\"Iniciativa reverencia mem\u00f3ria de magistrada v\u00edtima de feminic\u00eddio &#8902; Blog da Condessa\",\"isPartOf\":{\"@id\":\"https:\\\/\\\/blogdacondessa.com.br\\\/blog\\\/#website\"},\"primaryImageOfPage\":{\"@id\":\"https:\\\/\\\/blogdacondessa.com.br\\\/blog\\\/institucional\\\/iniciativa-reverencia-memoria-de-magistrada-vitima-de-feminicidio\\\/#primaryimage\"},\"image\":{\"@id\":\"https:\\\/\\\/blogdacondessa.com.br\\\/blog\\\/institucional\\\/iniciativa-reverencia-memoria-de-magistrada-vitima-de-feminicidio\\\/#primaryimage\"},\"thumbnailUrl\":\"https:\\\/\\\/blogdacondessa.com.br\\\/blog\\\/wp-content\\\/uploads\\\/2022\\\/09\\\/violencia-domestica.jpg\",\"datePublished\":\"2022-09-23T09:00:39+00:00\",\"author\":{\"@id\":\"https:\\\/\\\/blogdacondessa.com.br\\\/blog\\\/#\\\/schema\\\/person\\\/1d667ff8b785195b568677489d266035\"},\"breadcrumb\":{\"@id\":\"https:\\\/\\\/blogdacondessa.com.br\\\/blog\\\/institucional\\\/iniciativa-reverencia-memoria-de-magistrada-vitima-de-feminicidio\\\/#breadcrumb\"},\"inLanguage\":\"pt-BR\",\"potentialAction\":[{\"@type\":\"ReadAction\",\"target\":[\"https:\\\/\\\/blogdacondessa.com.br\\\/blog\\\/institucional\\\/iniciativa-reverencia-memoria-de-magistrada-vitima-de-feminicidio\\\/\"]}]},{\"@type\":\"ImageObject\",\"inLanguage\":\"pt-BR\",\"@id\":\"https:\\\/\\\/blogdacondessa.com.br\\\/blog\\\/institucional\\\/iniciativa-reverencia-memoria-de-magistrada-vitima-de-feminicidio\\\/#primaryimage\",\"url\":\"https:\\\/\\\/blogdacondessa.com.br\\\/blog\\\/wp-content\\\/uploads\\\/2022\\\/09\\\/violencia-domestica.jpg\",\"contentUrl\":\"https:\\\/\\\/blogdacondessa.com.br\\\/blog\\\/wp-content\\\/uploads\\\/2022\\\/09\\\/violencia-domestica.jpg\",\"width\":1600,\"height\":470},{\"@type\":\"BreadcrumbList\",\"@id\":\"https:\\\/\\\/blogdacondessa.com.br\\\/blog\\\/institucional\\\/iniciativa-reverencia-memoria-de-magistrada-vitima-de-feminicidio\\\/#breadcrumb\",\"itemListElement\":[{\"@type\":\"ListItem\",\"position\":1,\"name\":\"In\u00edcio\",\"item\":\"https:\\\/\\\/blogdacondessa.com.br\\\/blog\\\/\"},{\"@type\":\"ListItem\",\"position\":2,\"name\":\"Iniciativa reverencia mem\u00f3ria de magistrada v\u00edtima de feminic\u00eddio\"}]},{\"@type\":\"WebSite\",\"@id\":\"https:\\\/\\\/blogdacondessa.com.br\\\/blog\\\/#website\",\"url\":\"https:\\\/\\\/blogdacondessa.com.br\\\/blog\\\/\",\"name\":\"Blog da Condessa\",\"description\":\"Com Shirley de Souza O\u2019Campos\",\"potentialAction\":[{\"@type\":\"SearchAction\",\"target\":{\"@type\":\"EntryPoint\",\"urlTemplate\":\"https:\\\/\\\/blogdacondessa.com.br\\\/blog\\\/?s={search_term_string}\"},\"query-input\":{\"@type\":\"PropertyValueSpecification\",\"valueRequired\":true,\"valueName\":\"search_term_string\"}}],\"inLanguage\":\"pt-BR\"},{\"@type\":\"Person\",\"@id\":\"https:\\\/\\\/blogdacondessa.com.br\\\/blog\\\/#\\\/schema\\\/person\\\/1d667ff8b785195b568677489d266035\",\"name\":\"Blog da Condessa\",\"image\":{\"@type\":\"ImageObject\",\"inLanguage\":\"pt-BR\",\"@id\":\"https:\\\/\\\/secure.gravatar.com\\\/avatar\\\/377c0eb8b4ad2bfc25461b41564b5971e721ca34a57642868fc7b0c8ac7b52c5?s=96&d=mm&r=g\",\"url\":\"https:\\\/\\\/secure.gravatar.com\\\/avatar\\\/377c0eb8b4ad2bfc25461b41564b5971e721ca34a57642868fc7b0c8ac7b52c5?s=96&d=mm&r=g\",\"contentUrl\":\"https:\\\/\\\/secure.gravatar.com\\\/avatar\\\/377c0eb8b4ad2bfc25461b41564b5971e721ca34a57642868fc7b0c8ac7b52c5?s=96&d=mm&r=g\",\"caption\":\"Blog da Condessa\"},\"url\":\"https:\\\/\\\/blogdacondessa.com.br\\\/blog\\\/author\\\/beatriz\\\/\"}]}<\/script>\n<!-- \/ Yoast SEO plugin. -->","yoast_head_json":{"title":"Iniciativa reverencia mem\u00f3ria de magistrada v\u00edtima de feminic\u00eddio &#8902; Blog da Condessa","robots":{"index":"index","follow":"follow","max-snippet":"max-snippet:-1","max-image-preview":"max-image-preview:large","max-video-preview":"max-video-preview:-1"},"canonical":"https:\/\/blogdacondessa.com.br\/blog\/institucional\/iniciativa-reverencia-memoria-de-magistrada-vitima-de-feminicidio\/","og_locale":"pt_BR","og_type":"article","og_title":"Iniciativa reverencia mem\u00f3ria de magistrada v\u00edtima de feminic\u00eddio &#8902; Blog da Condessa","og_description":"O Tribunal Pleno aprovou por unanimidade a cria\u00e7\u00e3o do Pr\u00eamio \u201cJu\u00edza Glauciane Chaves de Melo\u201d de Prote\u00e7\u00e3o \u00e0s Mulheres V\u00edtimas de Viol\u00eancia Dom\u00e9stica e Familiar. Proposto pela presidente do Tribunal de Justi\u00e7a de Mato Grosso, desembargadora Maria Helena P\u00f3voas, a iniciativa tem objetivo de reverenciar a mem\u00f3ria da magistrada, v\u00edtima de feminic\u00eddio em 2013, bem [&hellip;]","og_url":"https:\/\/blogdacondessa.com.br\/blog\/institucional\/iniciativa-reverencia-memoria-de-magistrada-vitima-de-feminicidio\/","og_site_name":"Blog da Condessa","article_published_time":"2022-09-23T09:00:39+00:00","og_image":[{"width":1600,"height":470,"url":"https:\/\/blogdacondessa.com.br\/blog\/wp-content\/uploads\/2022\/09\/violencia-domestica.jpg","type":"image\/jpeg"}],"author":"Blog da Condessa","twitter_card":"summary_large_image","twitter_misc":{"Escrito por":"Blog da Condessa","Est. tempo de leitura":"3 minutos"},"schema":{"@context":"https:\/\/schema.org","@graph":[{"@type":"Article","@id":"https:\/\/blogdacondessa.com.br\/blog\/institucional\/iniciativa-reverencia-memoria-de-magistrada-vitima-de-feminicidio\/#article","isPartOf":{"@id":"https:\/\/blogdacondessa.com.br\/blog\/institucional\/iniciativa-reverencia-memoria-de-magistrada-vitima-de-feminicidio\/"},"author":{"name":"Blog da Condessa","@id":"https:\/\/blogdacondessa.com.br\/blog\/#\/schema\/person\/1d667ff8b785195b568677489d266035"},"headline":"Iniciativa reverencia mem\u00f3ria de magistrada v\u00edtima de feminic\u00eddio","datePublished":"2022-09-23T09:00:39+00:00","mainEntityOfPage":{"@id":"https:\/\/blogdacondessa.com.br\/blog\/institucional\/iniciativa-reverencia-memoria-de-magistrada-vitima-de-feminicidio\/"},"wordCount":456,"image":{"@id":"https:\/\/blogdacondessa.com.br\/blog\/institucional\/iniciativa-reverencia-memoria-de-magistrada-vitima-de-feminicidio\/#primaryimage"},"thumbnailUrl":"https:\/\/blogdacondessa.com.br\/blog\/wp-content\/uploads\/2022\/09\/violencia-domestica.jpg","articleSection":["Institucional"],"inLanguage":"pt-BR"},{"@type":"WebPage","@id":"https:\/\/blogdacondessa.com.br\/blog\/institucional\/iniciativa-reverencia-memoria-de-magistrada-vitima-de-feminicidio\/","url":"https:\/\/blogdacondessa.com.br\/blog\/institucional\/iniciativa-reverencia-memoria-de-magistrada-vitima-de-feminicidio\/","name":"Iniciativa reverencia mem\u00f3ria de magistrada v\u00edtima de feminic\u00eddio &#8902; Blog da Condessa","isPartOf":{"@id":"https:\/\/blogdacondessa.com.br\/blog\/#website"},"primaryImageOfPage":{"@id":"https:\/\/blogdacondessa.com.br\/blog\/institucional\/iniciativa-reverencia-memoria-de-magistrada-vitima-de-feminicidio\/#primaryimage"},"image":{"@id":"https:\/\/blogdacondessa.com.br\/blog\/institucional\/iniciativa-reverencia-memoria-de-magistrada-vitima-de-feminicidio\/#primaryimage"},"thumbnailUrl":"https:\/\/blogdacondessa.com.br\/blog\/wp-content\/uploads\/2022\/09\/violencia-domestica.jpg","datePublished":"2022-09-23T09:00:39+00:00","author":{"@id":"https:\/\/blogdacondessa.com.br\/blog\/#\/schema\/person\/1d667ff8b785195b568677489d266035"},"breadcrumb":{"@id":"https:\/\/blogdacondessa.com.br\/blog\/institucional\/iniciativa-reverencia-memoria-de-magistrada-vitima-de-feminicidio\/#breadcrumb"},"inLanguage":"pt-BR","potentialAction":[{"@type":"ReadAction","target":["https:\/\/blogdacondessa.com.br\/blog\/institucional\/iniciativa-reverencia-memoria-de-magistrada-vitima-de-feminicidio\/"]}]},{"@type":"ImageObject","inLanguage":"pt-BR","@id":"https:\/\/blogdacondessa.com.br\/blog\/institucional\/iniciativa-reverencia-memoria-de-magistrada-vitima-de-feminicidio\/#primaryimage","url":"https:\/\/blogdacondessa.com.br\/blog\/wp-content\/uploads\/2022\/09\/violencia-domestica.jpg","contentUrl":"https:\/\/blogdacondessa.com.br\/blog\/wp-content\/uploads\/2022\/09\/violencia-domestica.jpg","width":1600,"height":470},{"@type":"BreadcrumbList","@id":"https:\/\/blogdacondessa.com.br\/blog\/institucional\/iniciativa-reverencia-memoria-de-magistrada-vitima-de-feminicidio\/#breadcrumb","itemListElement":[{"@type":"ListItem","position":1,"name":"In\u00edcio","item":"https:\/\/blogdacondessa.com.br\/blog\/"},{"@type":"ListItem","position":2,"name":"Iniciativa reverencia mem\u00f3ria de magistrada v\u00edtima de feminic\u00eddio"}]},{"@type":"WebSite","@id":"https:\/\/blogdacondessa.com.br\/blog\/#website","url":"https:\/\/blogdacondessa.com.br\/blog\/","name":"Blog da Condessa","description":"Com Shirley de Souza O\u2019Campos","potentialAction":[{"@type":"SearchAction","target":{"@type":"EntryPoint","urlTemplate":"https:\/\/blogdacondessa.com.br\/blog\/?s={search_term_string}"},"query-input":{"@type":"PropertyValueSpecification","valueRequired":true,"valueName":"search_term_string"}}],"inLanguage":"pt-BR"},{"@type":"Person","@id":"https:\/\/blogdacondessa.com.br\/blog\/#\/schema\/person\/1d667ff8b785195b568677489d266035","name":"Blog da Condessa","image":{"@type":"ImageObject","inLanguage":"pt-BR","@id":"https:\/\/secure.gravatar.com\/avatar\/377c0eb8b4ad2bfc25461b41564b5971e721ca34a57642868fc7b0c8ac7b52c5?s=96&d=mm&r=g","url":"https:\/\/secure.gravatar.com\/avatar\/377c0eb8b4ad2bfc25461b41564b5971e721ca34a57642868fc7b0c8ac7b52c5?s=96&d=mm&r=g","contentUrl":"https:\/\/secure.gravatar.com\/avatar\/377c0eb8b4ad2bfc25461b41564b5971e721ca34a57642868fc7b0c8ac7b52c5?s=96&d=mm&r=g","caption":"Blog da Condessa"},"url":"https:\/\/blogdacondessa.com.br\/blog\/author\/beatriz\/"}]}},"_links":{"self":[{"href":"https:\/\/blogdacondessa.com.br\/blog\/wp-json\/wp\/v2\/posts\/4973","targetHints":{"allow":["GET"]}}],"collection":[{"href":"https:\/\/blogdacondessa.com.br\/blog\/wp-json\/wp\/v2\/posts"}],"about":[{"href":"https:\/\/blogdacondessa.com.br\/blog\/wp-json\/wp\/v2\/types\/post"}],"author":[{"embeddable":true,"href":"https:\/\/blogdacondessa.com.br\/blog\/wp-json\/wp\/v2\/users\/2"}],"replies":[{"embeddable":true,"href":"https:\/\/blogdacondessa.com.br\/blog\/wp-json\/wp\/v2\/comments?post=4973"}],"version-history":[{"count":0,"href":"https:\/\/blogdacondessa.com.br\/blog\/wp-json\/wp\/v2\/posts\/4973\/revisions"}],"wp:featuredmedia":[{"embeddable":true,"href":"https:\/\/blogdacondessa.com.br\/blog\/wp-json\/wp\/v2\/media\/4974"}],"wp:attachment":[{"href":"https:\/\/blogdacondessa.com.br\/blog\/wp-json\/wp\/v2\/media?parent=4973"}],"wp:term":[{"taxonomy":"category","embeddable":true,"href":"https:\/\/blogdacondessa.com.br\/blog\/wp-json\/wp\/v2\/categories?post=4973"},{"taxonomy":"post_tag","embeddable":true,"href":"https:\/\/blogdacondessa.com.br\/blog\/wp-json\/wp\/v2\/tags?post=4973"}],"curies":[{"name":"wp","href":"https:\/\/api.w.org\/{rel}","templated":true}]}}