{"id":4932,"date":"2022-09-19T05:00:30","date_gmt":"2022-09-19T09:00:30","guid":{"rendered":"http:\/\/blogdacondessa.com.br\/?p=4932"},"modified":"2022-09-18T17:31:01","modified_gmt":"2022-09-18T21:31:01","slug":"cenarios-turbulentos-mudancas-velozes","status":"publish","type":"post","link":"https:\/\/blogdacondessa.com.br\/blog\/juridico\/cenarios-turbulentos-mudancas-velozes\/","title":{"rendered":"\u201cCen\u00e1rios Turbulentos, Mudan\u00e7as Velozes\u201d"},"content":{"rendered":"<p>Um dos mais conceituados palestrantes contempor\u00e2neos do Brasil, o fil\u00f3sofo, escritor, educador e tamb\u00e9m professor universit\u00e1rio, M\u00e1rio S\u00e9rgio Cortella, estar\u00e1 em Cuiab\u00e1 nesta segunda-feira (19), \u00e0s 19h30, no Teatro do Cerrado Zulmira Canavarros, ministrando a palestra \u201cCen\u00e1rios Turbulentos, Mudan\u00e7as Velozes\u201d. Realizado pela Associa\u00e7\u00e3o Mato-grossense de Magistrados (Amam) e Escola da Magistratura Mato-grossense (Emam), o evento \u00e9 voltado para magistrados associados e convidados.<\/p>\n<p>O encontro tem como objetivo enfatizar a import\u00e2ncia de saber lidar com as mudan\u00e7as nos diversos cen\u00e1rios, estimular o protagonismo, gest\u00e3o do conhecimento, composi\u00e7\u00e3o de conflitos, al\u00e9m de difundir e fortalecer a cultura da paz, entre outros.<\/p>\n<p>\u201cEsse evento foi pensado dado a import\u00e2ncia do M\u00e1rio S\u00e9rgio Cortella no cen\u00e1rio nacional. Seus pensamentos, a forma que ele lida com o enfrentamento das adversidades da vida e frustra\u00e7\u00f5es, at\u00e9 mesmo no gerenciamento de emo\u00e7\u00f5es e desafios impostos pela pr\u00f3pria sociedade, traz um alento e inspira\u00e7\u00e3o para ju\u00edzes e ju\u00edzas de Mato Grosso\u201d, ressalta dr. Gerardo Humberto Alves Silva J\u00fanior, diretor geral da Emam.<\/p>\n<p>\u201cAp\u00f3s a pandemia vivenciamos mudan\u00e7as significativas na maneira de nos relacionarmos e o professor M\u00e1rio S\u00e9rgio Cortella, que \u00e9 um dos mais importantes pensadores da atualidade no Brasil, ao tratar do tema sugerido para a palestra, trar\u00e1 ideias e conhecimentos que nos permitir\u00e1 lidar melhor com esse novo tempo. Convidamos todos os magistrados associados a participarem desse importante encontro\u201d, refor\u00e7a dr. Tiago Abreu, presidente da Amam.<br \/>\nAs vagas s\u00e3o limitadas e exclusivas para magistrados associados.<br \/>\n<strong>Servi\u00e7o<br \/>\n<\/strong>Palestra com M\u00e1rio S\u00e9rgio Cortella<br \/>\nTema: Cen\u00e1rios Turbulentos, Mudan\u00e7as Velozes<br \/>\nData: Segunda-feira (19), \u00e0s 19h30<br \/>\nLocal: Teatro Zulmira Canavarros<br \/>\nEvento exclusivo para magistrados<\/p>\n<p>&nbsp;<\/p>\n","protected":false},"excerpt":{"rendered":"<p>Um dos mais conceituados palestrantes contempor\u00e2neos do Brasil, o fil\u00f3sofo, escritor, educador e tamb\u00e9m professor universit\u00e1rio, M\u00e1rio S\u00e9rgio Cortella, estar\u00e1 em Cuiab\u00e1 nesta segunda-feira (19), \u00e0s 19h30, no Teatro do Cerrado Zulmira Canavarros, ministrando a palestra \u201cCen\u00e1rios Turbulentos, Mudan\u00e7as Velozes\u201d. Realizado pela Associa\u00e7\u00e3o Mato-grossense de Magistrados (Amam) e Escola da Magistratura Mato-grossense (Emam), o evento [&hellip;]<\/p>\n","protected":false},"author":2,"featured_media":4933,"comment_status":"closed","ping_status":"closed","sticky":false,"template":"","format":"standard","meta":{"iawp_total_views":0,"footnotes":""},"categories":[26],"tags":[],"class_list":["post-4932","post","type-post","status-publish","format-standard","has-post-thumbnail","hentry","category-juridico"],"yoast_head":"<!-- This site is optimized with the Yoast SEO plugin v27.3 - https:\/\/yoast.com\/product\/yoast-seo-wordpress\/ -->\n<title>\u201cCen\u00e1rios Turbulentos, Mudan\u00e7as Velozes\u201d &#8902; Blog da Condessa<\/title>\n<meta name=\"robots\" content=\"index, follow, max-snippet:-1, max-image-preview:large, max-video-preview:-1\" \/>\n<link rel=\"canonical\" href=\"https:\/\/blogdacondessa.com.br\/blog\/juridico\/cenarios-turbulentos-mudancas-velozes\/\" \/>\n<meta property=\"og:locale\" content=\"pt_BR\" \/>\n<meta property=\"og:type\" content=\"article\" \/>\n<meta property=\"og:title\" content=\"\u201cCen\u00e1rios Turbulentos, Mudan\u00e7as Velozes\u201d &#8902; Blog da Condessa\" \/>\n<meta property=\"og:description\" content=\"Um dos mais conceituados palestrantes contempor\u00e2neos do Brasil, o fil\u00f3sofo, escritor, educador e tamb\u00e9m professor universit\u00e1rio, M\u00e1rio S\u00e9rgio Cortella, estar\u00e1 em Cuiab\u00e1 nesta segunda-feira (19), \u00e0s 19h30, no Teatro do Cerrado Zulmira Canavarros, ministrando a palestra \u201cCen\u00e1rios Turbulentos, Mudan\u00e7as Velozes\u201d. Realizado pela Associa\u00e7\u00e3o Mato-grossense de Magistrados (Amam) e Escola da Magistratura Mato-grossense (Emam), o evento [&hellip;]\" \/>\n<meta property=\"og:url\" content=\"https:\/\/blogdacondessa.com.br\/blog\/juridico\/cenarios-turbulentos-mudancas-velozes\/\" \/>\n<meta property=\"og:site_name\" content=\"Blog da Condessa\" \/>\n<meta property=\"article:published_time\" content=\"2022-09-19T09:00:30+00:00\" \/>\n<meta property=\"og:image\" content=\"https:\/\/blogdacondessa.com.br\/blog\/wp-content\/uploads\/2022\/09\/CORTELLA.jpg\" \/>\n\t<meta property=\"og:image:width\" content=\"552\" \/>\n\t<meta property=\"og:image:height\" content=\"316\" \/>\n\t<meta property=\"og:image:type\" content=\"image\/jpeg\" \/>\n<meta name=\"author\" content=\"Blog da Condessa\" \/>\n<meta name=\"twitter:card\" content=\"summary_large_image\" \/>\n<meta name=\"twitter:label1\" content=\"Escrito por\" \/>\n\t<meta name=\"twitter:data1\" content=\"Blog da Condessa\" \/>\n\t<meta name=\"twitter:label2\" content=\"Est. tempo de leitura\" \/>\n\t<meta name=\"twitter:data2\" content=\"2 minutos\" \/>\n<script type=\"application\/ld+json\" class=\"yoast-schema-graph\">{\"@context\":\"https:\\\/\\\/schema.org\",\"@graph\":[{\"@type\":\"Article\",\"@id\":\"https:\\\/\\\/blogdacondessa.com.br\\\/blog\\\/juridico\\\/cenarios-turbulentos-mudancas-velozes\\\/#article\",\"isPartOf\":{\"@id\":\"https:\\\/\\\/blogdacondessa.com.br\\\/blog\\\/juridico\\\/cenarios-turbulentos-mudancas-velozes\\\/\"},\"author\":{\"name\":\"Blog da Condessa\",\"@id\":\"https:\\\/\\\/blogdacondessa.com.br\\\/blog\\\/#\\\/schema\\\/person\\\/1d667ff8b785195b568677489d266035\"},\"headline\":\"\u201cCen\u00e1rios Turbulentos, Mudan\u00e7as Velozes\u201d\",\"datePublished\":\"2022-09-19T09:00:30+00:00\",\"mainEntityOfPage\":{\"@id\":\"https:\\\/\\\/blogdacondessa.com.br\\\/blog\\\/juridico\\\/cenarios-turbulentos-mudancas-velozes\\\/\"},\"wordCount\":303,\"image\":{\"@id\":\"https:\\\/\\\/blogdacondessa.com.br\\\/blog\\\/juridico\\\/cenarios-turbulentos-mudancas-velozes\\\/#primaryimage\"},\"thumbnailUrl\":\"https:\\\/\\\/blogdacondessa.com.br\\\/blog\\\/wp-content\\\/uploads\\\/2022\\\/09\\\/CORTELLA.jpg\",\"articleSection\":[\"Jur\u00eddico\"],\"inLanguage\":\"pt-BR\"},{\"@type\":\"WebPage\",\"@id\":\"https:\\\/\\\/blogdacondessa.com.br\\\/blog\\\/juridico\\\/cenarios-turbulentos-mudancas-velozes\\\/\",\"url\":\"https:\\\/\\\/blogdacondessa.com.br\\\/blog\\\/juridico\\\/cenarios-turbulentos-mudancas-velozes\\\/\",\"name\":\"\u201cCen\u00e1rios Turbulentos, Mudan\u00e7as Velozes\u201d &#8902; Blog da Condessa\",\"isPartOf\":{\"@id\":\"https:\\\/\\\/blogdacondessa.com.br\\\/blog\\\/#website\"},\"primaryImageOfPage\":{\"@id\":\"https:\\\/\\\/blogdacondessa.com.br\\\/blog\\\/juridico\\\/cenarios-turbulentos-mudancas-velozes\\\/#primaryimage\"},\"image\":{\"@id\":\"https:\\\/\\\/blogdacondessa.com.br\\\/blog\\\/juridico\\\/cenarios-turbulentos-mudancas-velozes\\\/#primaryimage\"},\"thumbnailUrl\":\"https:\\\/\\\/blogdacondessa.com.br\\\/blog\\\/wp-content\\\/uploads\\\/2022\\\/09\\\/CORTELLA.jpg\",\"datePublished\":\"2022-09-19T09:00:30+00:00\",\"author\":{\"@id\":\"https:\\\/\\\/blogdacondessa.com.br\\\/blog\\\/#\\\/schema\\\/person\\\/1d667ff8b785195b568677489d266035\"},\"breadcrumb\":{\"@id\":\"https:\\\/\\\/blogdacondessa.com.br\\\/blog\\\/juridico\\\/cenarios-turbulentos-mudancas-velozes\\\/#breadcrumb\"},\"inLanguage\":\"pt-BR\",\"potentialAction\":[{\"@type\":\"ReadAction\",\"target\":[\"https:\\\/\\\/blogdacondessa.com.br\\\/blog\\\/juridico\\\/cenarios-turbulentos-mudancas-velozes\\\/\"]}]},{\"@type\":\"ImageObject\",\"inLanguage\":\"pt-BR\",\"@id\":\"https:\\\/\\\/blogdacondessa.com.br\\\/blog\\\/juridico\\\/cenarios-turbulentos-mudancas-velozes\\\/#primaryimage\",\"url\":\"https:\\\/\\\/blogdacondessa.com.br\\\/blog\\\/wp-content\\\/uploads\\\/2022\\\/09\\\/CORTELLA.jpg\",\"contentUrl\":\"https:\\\/\\\/blogdacondessa.com.br\\\/blog\\\/wp-content\\\/uploads\\\/2022\\\/09\\\/CORTELLA.jpg\",\"width\":552,\"height\":316,\"caption\":\"Foto: Divulga\u00e7\u00e3o\"},{\"@type\":\"BreadcrumbList\",\"@id\":\"https:\\\/\\\/blogdacondessa.com.br\\\/blog\\\/juridico\\\/cenarios-turbulentos-mudancas-velozes\\\/#breadcrumb\",\"itemListElement\":[{\"@type\":\"ListItem\",\"position\":1,\"name\":\"In\u00edcio\",\"item\":\"https:\\\/\\\/blogdacondessa.com.br\\\/blog\\\/\"},{\"@type\":\"ListItem\",\"position\":2,\"name\":\"\u201cCen\u00e1rios Turbulentos, Mudan\u00e7as Velozes\u201d\"}]},{\"@type\":\"WebSite\",\"@id\":\"https:\\\/\\\/blogdacondessa.com.br\\\/blog\\\/#website\",\"url\":\"https:\\\/\\\/blogdacondessa.com.br\\\/blog\\\/\",\"name\":\"Blog da Condessa\",\"description\":\"Com Shirley de Souza O\u2019Campos\",\"potentialAction\":[{\"@type\":\"SearchAction\",\"target\":{\"@type\":\"EntryPoint\",\"urlTemplate\":\"https:\\\/\\\/blogdacondessa.com.br\\\/blog\\\/?s={search_term_string}\"},\"query-input\":{\"@type\":\"PropertyValueSpecification\",\"valueRequired\":true,\"valueName\":\"search_term_string\"}}],\"inLanguage\":\"pt-BR\"},{\"@type\":\"Person\",\"@id\":\"https:\\\/\\\/blogdacondessa.com.br\\\/blog\\\/#\\\/schema\\\/person\\\/1d667ff8b785195b568677489d266035\",\"name\":\"Blog da Condessa\",\"image\":{\"@type\":\"ImageObject\",\"inLanguage\":\"pt-BR\",\"@id\":\"https:\\\/\\\/secure.gravatar.com\\\/avatar\\\/377c0eb8b4ad2bfc25461b41564b5971e721ca34a57642868fc7b0c8ac7b52c5?s=96&d=mm&r=g\",\"url\":\"https:\\\/\\\/secure.gravatar.com\\\/avatar\\\/377c0eb8b4ad2bfc25461b41564b5971e721ca34a57642868fc7b0c8ac7b52c5?s=96&d=mm&r=g\",\"contentUrl\":\"https:\\\/\\\/secure.gravatar.com\\\/avatar\\\/377c0eb8b4ad2bfc25461b41564b5971e721ca34a57642868fc7b0c8ac7b52c5?s=96&d=mm&r=g\",\"caption\":\"Blog da Condessa\"},\"url\":\"https:\\\/\\\/blogdacondessa.com.br\\\/blog\\\/author\\\/beatriz\\\/\"}]}<\/script>\n<!-- \/ Yoast SEO plugin. -->","yoast_head_json":{"title":"\u201cCen\u00e1rios Turbulentos, Mudan\u00e7as Velozes\u201d &#8902; Blog da Condessa","robots":{"index":"index","follow":"follow","max-snippet":"max-snippet:-1","max-image-preview":"max-image-preview:large","max-video-preview":"max-video-preview:-1"},"canonical":"https:\/\/blogdacondessa.com.br\/blog\/juridico\/cenarios-turbulentos-mudancas-velozes\/","og_locale":"pt_BR","og_type":"article","og_title":"\u201cCen\u00e1rios Turbulentos, Mudan\u00e7as Velozes\u201d &#8902; Blog da Condessa","og_description":"Um dos mais conceituados palestrantes contempor\u00e2neos do Brasil, o fil\u00f3sofo, escritor, educador e tamb\u00e9m professor universit\u00e1rio, M\u00e1rio S\u00e9rgio Cortella, estar\u00e1 em Cuiab\u00e1 nesta segunda-feira (19), \u00e0s 19h30, no Teatro do Cerrado Zulmira Canavarros, ministrando a palestra \u201cCen\u00e1rios Turbulentos, Mudan\u00e7as Velozes\u201d. Realizado pela Associa\u00e7\u00e3o Mato-grossense de Magistrados (Amam) e Escola da Magistratura Mato-grossense (Emam), o evento [&hellip;]","og_url":"https:\/\/blogdacondessa.com.br\/blog\/juridico\/cenarios-turbulentos-mudancas-velozes\/","og_site_name":"Blog da Condessa","article_published_time":"2022-09-19T09:00:30+00:00","og_image":[{"width":552,"height":316,"url":"https:\/\/blogdacondessa.com.br\/blog\/wp-content\/uploads\/2022\/09\/CORTELLA.jpg","type":"image\/jpeg"}],"author":"Blog da Condessa","twitter_card":"summary_large_image","twitter_misc":{"Escrito por":"Blog da Condessa","Est. tempo de leitura":"2 minutos"},"schema":{"@context":"https:\/\/schema.org","@graph":[{"@type":"Article","@id":"https:\/\/blogdacondessa.com.br\/blog\/juridico\/cenarios-turbulentos-mudancas-velozes\/#article","isPartOf":{"@id":"https:\/\/blogdacondessa.com.br\/blog\/juridico\/cenarios-turbulentos-mudancas-velozes\/"},"author":{"name":"Blog da Condessa","@id":"https:\/\/blogdacondessa.com.br\/blog\/#\/schema\/person\/1d667ff8b785195b568677489d266035"},"headline":"\u201cCen\u00e1rios Turbulentos, Mudan\u00e7as Velozes\u201d","datePublished":"2022-09-19T09:00:30+00:00","mainEntityOfPage":{"@id":"https:\/\/blogdacondessa.com.br\/blog\/juridico\/cenarios-turbulentos-mudancas-velozes\/"},"wordCount":303,"image":{"@id":"https:\/\/blogdacondessa.com.br\/blog\/juridico\/cenarios-turbulentos-mudancas-velozes\/#primaryimage"},"thumbnailUrl":"https:\/\/blogdacondessa.com.br\/blog\/wp-content\/uploads\/2022\/09\/CORTELLA.jpg","articleSection":["Jur\u00eddico"],"inLanguage":"pt-BR"},{"@type":"WebPage","@id":"https:\/\/blogdacondessa.com.br\/blog\/juridico\/cenarios-turbulentos-mudancas-velozes\/","url":"https:\/\/blogdacondessa.com.br\/blog\/juridico\/cenarios-turbulentos-mudancas-velozes\/","name":"\u201cCen\u00e1rios Turbulentos, Mudan\u00e7as Velozes\u201d &#8902; Blog da Condessa","isPartOf":{"@id":"https:\/\/blogdacondessa.com.br\/blog\/#website"},"primaryImageOfPage":{"@id":"https:\/\/blogdacondessa.com.br\/blog\/juridico\/cenarios-turbulentos-mudancas-velozes\/#primaryimage"},"image":{"@id":"https:\/\/blogdacondessa.com.br\/blog\/juridico\/cenarios-turbulentos-mudancas-velozes\/#primaryimage"},"thumbnailUrl":"https:\/\/blogdacondessa.com.br\/blog\/wp-content\/uploads\/2022\/09\/CORTELLA.jpg","datePublished":"2022-09-19T09:00:30+00:00","author":{"@id":"https:\/\/blogdacondessa.com.br\/blog\/#\/schema\/person\/1d667ff8b785195b568677489d266035"},"breadcrumb":{"@id":"https:\/\/blogdacondessa.com.br\/blog\/juridico\/cenarios-turbulentos-mudancas-velozes\/#breadcrumb"},"inLanguage":"pt-BR","potentialAction":[{"@type":"ReadAction","target":["https:\/\/blogdacondessa.com.br\/blog\/juridico\/cenarios-turbulentos-mudancas-velozes\/"]}]},{"@type":"ImageObject","inLanguage":"pt-BR","@id":"https:\/\/blogdacondessa.com.br\/blog\/juridico\/cenarios-turbulentos-mudancas-velozes\/#primaryimage","url":"https:\/\/blogdacondessa.com.br\/blog\/wp-content\/uploads\/2022\/09\/CORTELLA.jpg","contentUrl":"https:\/\/blogdacondessa.com.br\/blog\/wp-content\/uploads\/2022\/09\/CORTELLA.jpg","width":552,"height":316,"caption":"Foto: Divulga\u00e7\u00e3o"},{"@type":"BreadcrumbList","@id":"https:\/\/blogdacondessa.com.br\/blog\/juridico\/cenarios-turbulentos-mudancas-velozes\/#breadcrumb","itemListElement":[{"@type":"ListItem","position":1,"name":"In\u00edcio","item":"https:\/\/blogdacondessa.com.br\/blog\/"},{"@type":"ListItem","position":2,"name":"\u201cCen\u00e1rios Turbulentos, Mudan\u00e7as Velozes\u201d"}]},{"@type":"WebSite","@id":"https:\/\/blogdacondessa.com.br\/blog\/#website","url":"https:\/\/blogdacondessa.com.br\/blog\/","name":"Blog da Condessa","description":"Com Shirley de Souza O\u2019Campos","potentialAction":[{"@type":"SearchAction","target":{"@type":"EntryPoint","urlTemplate":"https:\/\/blogdacondessa.com.br\/blog\/?s={search_term_string}"},"query-input":{"@type":"PropertyValueSpecification","valueRequired":true,"valueName":"search_term_string"}}],"inLanguage":"pt-BR"},{"@type":"Person","@id":"https:\/\/blogdacondessa.com.br\/blog\/#\/schema\/person\/1d667ff8b785195b568677489d266035","name":"Blog da Condessa","image":{"@type":"ImageObject","inLanguage":"pt-BR","@id":"https:\/\/secure.gravatar.com\/avatar\/377c0eb8b4ad2bfc25461b41564b5971e721ca34a57642868fc7b0c8ac7b52c5?s=96&d=mm&r=g","url":"https:\/\/secure.gravatar.com\/avatar\/377c0eb8b4ad2bfc25461b41564b5971e721ca34a57642868fc7b0c8ac7b52c5?s=96&d=mm&r=g","contentUrl":"https:\/\/secure.gravatar.com\/avatar\/377c0eb8b4ad2bfc25461b41564b5971e721ca34a57642868fc7b0c8ac7b52c5?s=96&d=mm&r=g","caption":"Blog da Condessa"},"url":"https:\/\/blogdacondessa.com.br\/blog\/author\/beatriz\/"}]}},"_links":{"self":[{"href":"https:\/\/blogdacondessa.com.br\/blog\/wp-json\/wp\/v2\/posts\/4932","targetHints":{"allow":["GET"]}}],"collection":[{"href":"https:\/\/blogdacondessa.com.br\/blog\/wp-json\/wp\/v2\/posts"}],"about":[{"href":"https:\/\/blogdacondessa.com.br\/blog\/wp-json\/wp\/v2\/types\/post"}],"author":[{"embeddable":true,"href":"https:\/\/blogdacondessa.com.br\/blog\/wp-json\/wp\/v2\/users\/2"}],"replies":[{"embeddable":true,"href":"https:\/\/blogdacondessa.com.br\/blog\/wp-json\/wp\/v2\/comments?post=4932"}],"version-history":[{"count":0,"href":"https:\/\/blogdacondessa.com.br\/blog\/wp-json\/wp\/v2\/posts\/4932\/revisions"}],"wp:featuredmedia":[{"embeddable":true,"href":"https:\/\/blogdacondessa.com.br\/blog\/wp-json\/wp\/v2\/media\/4933"}],"wp:attachment":[{"href":"https:\/\/blogdacondessa.com.br\/blog\/wp-json\/wp\/v2\/media?parent=4932"}],"wp:term":[{"taxonomy":"category","embeddable":true,"href":"https:\/\/blogdacondessa.com.br\/blog\/wp-json\/wp\/v2\/categories?post=4932"},{"taxonomy":"post_tag","embeddable":true,"href":"https:\/\/blogdacondessa.com.br\/blog\/wp-json\/wp\/v2\/tags?post=4932"}],"curies":[{"name":"wp","href":"https:\/\/api.w.org\/{rel}","templated":true}]}}