{"id":4828,"date":"2022-09-07T05:00:19","date_gmt":"2022-09-07T09:00:19","guid":{"rendered":"http:\/\/blogdacondessa.com.br\/?p=4828"},"modified":"2022-09-06T17:22:47","modified_gmt":"2022-09-06T21:22:47","slug":"conselheiros-do-tce-mt-sao-homenageados-com-a-mais-alta-comenda-da-instituicao-de-seguranca-pubica","status":"publish","type":"post","link":"https:\/\/blogdacondessa.com.br\/blog\/institucional\/conselheiros-do-tce-mt-sao-homenageados-com-a-mais-alta-comenda-da-instituicao-de-seguranca-pubica\/","title":{"rendered":"Conselheiros do TCE-MT s\u00e3o homenageados com a mais alta comenda da institui\u00e7\u00e3o de Seguran\u00e7a P\u00fabica"},"content":{"rendered":"<p>O presidente do Tribunal de Contas de Mato Grosso (TCE-MT), conselheiro Jos\u00e9 Carlos Novelli, e o conselheiro S\u00e9rgio Ricardo foram homenageados pela Pol\u00edcia Militar de Mato Grosso (PMMT) com a medalha \u201cHomens do Mato\u201d.\u00a0 A entrega foi feita durante a cerim\u00f4nia de 187 anos da Pol\u00edcia no estado, na noite de segunda-feira (5\/9).<\/p>\n<p>Esta \u00e9 considerada a mais alta comenda da institui\u00e7\u00e3o de Seguran\u00e7a P\u00fabica, que contempla aqueles que prestam ou prestaram relevantes servi\u00e7os \u00e0 comunidade mato-grossense.<\/p>\n<p>Assim, foram entregues 90 honrarias em celebra\u00e7\u00e3o que reuniu autoridades como o governador Mauro Mendes, secret\u00e1rios de estado e ju\u00edzes, dentre outros. Na ocasi\u00e3o, S\u00e9rgio Ricardo destacou a import\u00e2ncia das for\u00e7as de Seguran\u00e7a P\u00fablica.<\/p>\n<p>\u201cEstamos falando de uma das institui\u00e7\u00f5es de maior credibilidade junto \u00e0 sociedade. Em nome dos conselheiros e do Tribunal de Contas agrade\u00e7o por esta honraria e por esse carinho que a Pol\u00edcia Militar tem com o Tribunal\u201d, disse o conselheiro.<\/p>\n<p>O comandante-geral da PMMT, coronel Alexandre Corr\u00eaa Mendes, destacou que a medalha foi institu\u00edda em 2011.\u00a0 \u201cAl\u00e9m da promo\u00e7\u00e3o de pra\u00e7as e oficiais, tamb\u00e9m condecoramos aquelas pessoas que contribuem com nossa institui\u00e7\u00e3o, como os conselheiros, que fazem um trabalho important\u00edssimo no Tribunal\u201d, concluiu.<\/p>\n<p>&nbsp;<\/p>\n","protected":false},"excerpt":{"rendered":"<p>O presidente do Tribunal de Contas de Mato Grosso (TCE-MT), conselheiro Jos\u00e9 Carlos Novelli, e o conselheiro S\u00e9rgio Ricardo foram homenageados pela Pol\u00edcia Militar de Mato Grosso (PMMT) com a medalha \u201cHomens do Mato\u201d.\u00a0 A entrega foi feita durante a cerim\u00f4nia de 187 anos da Pol\u00edcia no estado, na noite de segunda-feira (5\/9). Esta \u00e9 [&hellip;]<\/p>\n","protected":false},"author":2,"featured_media":4829,"comment_status":"closed","ping_status":"closed","sticky":false,"template":"","format":"standard","meta":{"iawp_total_views":0,"footnotes":""},"categories":[13],"tags":[],"class_list":["post-4828","post","type-post","status-publish","format-standard","has-post-thumbnail","hentry","category-institucional"],"yoast_head":"<!-- This site is optimized with the Yoast SEO plugin v27.3 - https:\/\/yoast.com\/product\/yoast-seo-wordpress\/ -->\n<title>Conselheiros do TCE-MT s\u00e3o homenageados com a mais alta comenda da institui\u00e7\u00e3o de Seguran\u00e7a P\u00fabica &#8902; Blog da Condessa<\/title>\n<meta name=\"robots\" content=\"index, follow, max-snippet:-1, max-image-preview:large, max-video-preview:-1\" \/>\n<link rel=\"canonical\" href=\"https:\/\/blogdacondessa.com.br\/blog\/institucional\/conselheiros-do-tce-mt-sao-homenageados-com-a-mais-alta-comenda-da-instituicao-de-seguranca-pubica\/\" \/>\n<meta property=\"og:locale\" content=\"pt_BR\" \/>\n<meta property=\"og:type\" content=\"article\" \/>\n<meta property=\"og:title\" content=\"Conselheiros do TCE-MT s\u00e3o homenageados com a mais alta comenda da institui\u00e7\u00e3o de Seguran\u00e7a P\u00fabica &#8902; Blog da Condessa\" \/>\n<meta property=\"og:description\" content=\"O presidente do Tribunal de Contas de Mato Grosso (TCE-MT), conselheiro Jos\u00e9 Carlos Novelli, e o conselheiro S\u00e9rgio Ricardo foram homenageados pela Pol\u00edcia Militar de Mato Grosso (PMMT) com a medalha \u201cHomens do Mato\u201d.\u00a0 A entrega foi feita durante a cerim\u00f4nia de 187 anos da Pol\u00edcia no estado, na noite de segunda-feira (5\/9). Esta \u00e9 [&hellip;]\" \/>\n<meta property=\"og:url\" content=\"https:\/\/blogdacondessa.com.br\/blog\/institucional\/conselheiros-do-tce-mt-sao-homenageados-com-a-mais-alta-comenda-da-instituicao-de-seguranca-pubica\/\" \/>\n<meta property=\"og:site_name\" content=\"Blog da Condessa\" \/>\n<meta property=\"article:published_time\" content=\"2022-09-07T09:00:19+00:00\" \/>\n<meta property=\"og:image\" content=\"https:\/\/blogdacondessa.com.br\/blog\/wp-content\/uploads\/2022\/09\/PMMT-e-ALMT.jpg\" \/>\n\t<meta property=\"og:image:width\" content=\"365\" \/>\n\t<meta property=\"og:image:height\" content=\"243\" \/>\n\t<meta property=\"og:image:type\" content=\"image\/jpeg\" \/>\n<meta name=\"author\" content=\"Blog da Condessa\" \/>\n<meta name=\"twitter:card\" content=\"summary_large_image\" \/>\n<meta name=\"twitter:label1\" content=\"Escrito por\" \/>\n\t<meta name=\"twitter:data1\" content=\"Blog da Condessa\" \/>\n\t<meta name=\"twitter:label2\" content=\"Est. tempo de leitura\" \/>\n\t<meta name=\"twitter:data2\" content=\"2 minutos\" \/>\n<script type=\"application\/ld+json\" class=\"yoast-schema-graph\">{\"@context\":\"https:\\\/\\\/schema.org\",\"@graph\":[{\"@type\":\"Article\",\"@id\":\"https:\\\/\\\/blogdacondessa.com.br\\\/blog\\\/institucional\\\/conselheiros-do-tce-mt-sao-homenageados-com-a-mais-alta-comenda-da-instituicao-de-seguranca-pubica\\\/#article\",\"isPartOf\":{\"@id\":\"https:\\\/\\\/blogdacondessa.com.br\\\/blog\\\/institucional\\\/conselheiros-do-tce-mt-sao-homenageados-com-a-mais-alta-comenda-da-instituicao-de-seguranca-pubica\\\/\"},\"author\":{\"name\":\"Blog da Condessa\",\"@id\":\"https:\\\/\\\/blogdacondessa.com.br\\\/blog\\\/#\\\/schema\\\/person\\\/1d667ff8b785195b568677489d266035\"},\"headline\":\"Conselheiros do TCE-MT s\u00e3o homenageados com a mais alta comenda da institui\u00e7\u00e3o de Seguran\u00e7a P\u00fabica\",\"datePublished\":\"2022-09-07T09:00:19+00:00\",\"mainEntityOfPage\":{\"@id\":\"https:\\\/\\\/blogdacondessa.com.br\\\/blog\\\/institucional\\\/conselheiros-do-tce-mt-sao-homenageados-com-a-mais-alta-comenda-da-instituicao-de-seguranca-pubica\\\/\"},\"wordCount\":235,\"image\":{\"@id\":\"https:\\\/\\\/blogdacondessa.com.br\\\/blog\\\/institucional\\\/conselheiros-do-tce-mt-sao-homenageados-com-a-mais-alta-comenda-da-instituicao-de-seguranca-pubica\\\/#primaryimage\"},\"thumbnailUrl\":\"https:\\\/\\\/blogdacondessa.com.br\\\/blog\\\/wp-content\\\/uploads\\\/2022\\\/09\\\/PMMT-e-ALMT.jpg\",\"articleSection\":[\"Institucional\"],\"inLanguage\":\"pt-BR\"},{\"@type\":\"WebPage\",\"@id\":\"https:\\\/\\\/blogdacondessa.com.br\\\/blog\\\/institucional\\\/conselheiros-do-tce-mt-sao-homenageados-com-a-mais-alta-comenda-da-instituicao-de-seguranca-pubica\\\/\",\"url\":\"https:\\\/\\\/blogdacondessa.com.br\\\/blog\\\/institucional\\\/conselheiros-do-tce-mt-sao-homenageados-com-a-mais-alta-comenda-da-instituicao-de-seguranca-pubica\\\/\",\"name\":\"Conselheiros do TCE-MT s\u00e3o homenageados com a mais alta comenda da institui\u00e7\u00e3o de Seguran\u00e7a P\u00fabica &#8902; Blog da Condessa\",\"isPartOf\":{\"@id\":\"https:\\\/\\\/blogdacondessa.com.br\\\/blog\\\/#website\"},\"primaryImageOfPage\":{\"@id\":\"https:\\\/\\\/blogdacondessa.com.br\\\/blog\\\/institucional\\\/conselheiros-do-tce-mt-sao-homenageados-com-a-mais-alta-comenda-da-instituicao-de-seguranca-pubica\\\/#primaryimage\"},\"image\":{\"@id\":\"https:\\\/\\\/blogdacondessa.com.br\\\/blog\\\/institucional\\\/conselheiros-do-tce-mt-sao-homenageados-com-a-mais-alta-comenda-da-instituicao-de-seguranca-pubica\\\/#primaryimage\"},\"thumbnailUrl\":\"https:\\\/\\\/blogdacondessa.com.br\\\/blog\\\/wp-content\\\/uploads\\\/2022\\\/09\\\/PMMT-e-ALMT.jpg\",\"datePublished\":\"2022-09-07T09:00:19+00:00\",\"author\":{\"@id\":\"https:\\\/\\\/blogdacondessa.com.br\\\/blog\\\/#\\\/schema\\\/person\\\/1d667ff8b785195b568677489d266035\"},\"breadcrumb\":{\"@id\":\"https:\\\/\\\/blogdacondessa.com.br\\\/blog\\\/institucional\\\/conselheiros-do-tce-mt-sao-homenageados-com-a-mais-alta-comenda-da-instituicao-de-seguranca-pubica\\\/#breadcrumb\"},\"inLanguage\":\"pt-BR\",\"potentialAction\":[{\"@type\":\"ReadAction\",\"target\":[\"https:\\\/\\\/blogdacondessa.com.br\\\/blog\\\/institucional\\\/conselheiros-do-tce-mt-sao-homenageados-com-a-mais-alta-comenda-da-instituicao-de-seguranca-pubica\\\/\"]}]},{\"@type\":\"ImageObject\",\"inLanguage\":\"pt-BR\",\"@id\":\"https:\\\/\\\/blogdacondessa.com.br\\\/blog\\\/institucional\\\/conselheiros-do-tce-mt-sao-homenageados-com-a-mais-alta-comenda-da-instituicao-de-seguranca-pubica\\\/#primaryimage\",\"url\":\"https:\\\/\\\/blogdacondessa.com.br\\\/blog\\\/wp-content\\\/uploads\\\/2022\\\/09\\\/PMMT-e-ALMT.jpg\",\"contentUrl\":\"https:\\\/\\\/blogdacondessa.com.br\\\/blog\\\/wp-content\\\/uploads\\\/2022\\\/09\\\/PMMT-e-ALMT.jpg\",\"width\":365,\"height\":243,\"caption\":\"Foto: Tony Ribeiro\\\/TCE-MT\"},{\"@type\":\"BreadcrumbList\",\"@id\":\"https:\\\/\\\/blogdacondessa.com.br\\\/blog\\\/institucional\\\/conselheiros-do-tce-mt-sao-homenageados-com-a-mais-alta-comenda-da-instituicao-de-seguranca-pubica\\\/#breadcrumb\",\"itemListElement\":[{\"@type\":\"ListItem\",\"position\":1,\"name\":\"In\u00edcio\",\"item\":\"https:\\\/\\\/blogdacondessa.com.br\\\/blog\\\/\"},{\"@type\":\"ListItem\",\"position\":2,\"name\":\"Conselheiros do TCE-MT s\u00e3o homenageados com a mais alta comenda da institui\u00e7\u00e3o de Seguran\u00e7a P\u00fabica\"}]},{\"@type\":\"WebSite\",\"@id\":\"https:\\\/\\\/blogdacondessa.com.br\\\/blog\\\/#website\",\"url\":\"https:\\\/\\\/blogdacondessa.com.br\\\/blog\\\/\",\"name\":\"Blog da Condessa\",\"description\":\"Com Shirley de Souza O\u2019Campos\",\"potentialAction\":[{\"@type\":\"SearchAction\",\"target\":{\"@type\":\"EntryPoint\",\"urlTemplate\":\"https:\\\/\\\/blogdacondessa.com.br\\\/blog\\\/?s={search_term_string}\"},\"query-input\":{\"@type\":\"PropertyValueSpecification\",\"valueRequired\":true,\"valueName\":\"search_term_string\"}}],\"inLanguage\":\"pt-BR\"},{\"@type\":\"Person\",\"@id\":\"https:\\\/\\\/blogdacondessa.com.br\\\/blog\\\/#\\\/schema\\\/person\\\/1d667ff8b785195b568677489d266035\",\"name\":\"Blog da Condessa\",\"image\":{\"@type\":\"ImageObject\",\"inLanguage\":\"pt-BR\",\"@id\":\"https:\\\/\\\/secure.gravatar.com\\\/avatar\\\/377c0eb8b4ad2bfc25461b41564b5971e721ca34a57642868fc7b0c8ac7b52c5?s=96&d=mm&r=g\",\"url\":\"https:\\\/\\\/secure.gravatar.com\\\/avatar\\\/377c0eb8b4ad2bfc25461b41564b5971e721ca34a57642868fc7b0c8ac7b52c5?s=96&d=mm&r=g\",\"contentUrl\":\"https:\\\/\\\/secure.gravatar.com\\\/avatar\\\/377c0eb8b4ad2bfc25461b41564b5971e721ca34a57642868fc7b0c8ac7b52c5?s=96&d=mm&r=g\",\"caption\":\"Blog da Condessa\"},\"url\":\"https:\\\/\\\/blogdacondessa.com.br\\\/blog\\\/author\\\/beatriz\\\/\"}]}<\/script>\n<!-- \/ Yoast SEO plugin. -->","yoast_head_json":{"title":"Conselheiros do TCE-MT s\u00e3o homenageados com a mais alta comenda da institui\u00e7\u00e3o de Seguran\u00e7a P\u00fabica &#8902; Blog da Condessa","robots":{"index":"index","follow":"follow","max-snippet":"max-snippet:-1","max-image-preview":"max-image-preview:large","max-video-preview":"max-video-preview:-1"},"canonical":"https:\/\/blogdacondessa.com.br\/blog\/institucional\/conselheiros-do-tce-mt-sao-homenageados-com-a-mais-alta-comenda-da-instituicao-de-seguranca-pubica\/","og_locale":"pt_BR","og_type":"article","og_title":"Conselheiros do TCE-MT s\u00e3o homenageados com a mais alta comenda da institui\u00e7\u00e3o de Seguran\u00e7a P\u00fabica &#8902; Blog da Condessa","og_description":"O presidente do Tribunal de Contas de Mato Grosso (TCE-MT), conselheiro Jos\u00e9 Carlos Novelli, e o conselheiro S\u00e9rgio Ricardo foram homenageados pela Pol\u00edcia Militar de Mato Grosso (PMMT) com a medalha \u201cHomens do Mato\u201d.\u00a0 A entrega foi feita durante a cerim\u00f4nia de 187 anos da Pol\u00edcia no estado, na noite de segunda-feira (5\/9). Esta \u00e9 [&hellip;]","og_url":"https:\/\/blogdacondessa.com.br\/blog\/institucional\/conselheiros-do-tce-mt-sao-homenageados-com-a-mais-alta-comenda-da-instituicao-de-seguranca-pubica\/","og_site_name":"Blog da Condessa","article_published_time":"2022-09-07T09:00:19+00:00","og_image":[{"width":365,"height":243,"url":"https:\/\/blogdacondessa.com.br\/blog\/wp-content\/uploads\/2022\/09\/PMMT-e-ALMT.jpg","type":"image\/jpeg"}],"author":"Blog da Condessa","twitter_card":"summary_large_image","twitter_misc":{"Escrito por":"Blog da Condessa","Est. tempo de leitura":"2 minutos"},"schema":{"@context":"https:\/\/schema.org","@graph":[{"@type":"Article","@id":"https:\/\/blogdacondessa.com.br\/blog\/institucional\/conselheiros-do-tce-mt-sao-homenageados-com-a-mais-alta-comenda-da-instituicao-de-seguranca-pubica\/#article","isPartOf":{"@id":"https:\/\/blogdacondessa.com.br\/blog\/institucional\/conselheiros-do-tce-mt-sao-homenageados-com-a-mais-alta-comenda-da-instituicao-de-seguranca-pubica\/"},"author":{"name":"Blog da Condessa","@id":"https:\/\/blogdacondessa.com.br\/blog\/#\/schema\/person\/1d667ff8b785195b568677489d266035"},"headline":"Conselheiros do TCE-MT s\u00e3o homenageados com a mais alta comenda da institui\u00e7\u00e3o de Seguran\u00e7a P\u00fabica","datePublished":"2022-09-07T09:00:19+00:00","mainEntityOfPage":{"@id":"https:\/\/blogdacondessa.com.br\/blog\/institucional\/conselheiros-do-tce-mt-sao-homenageados-com-a-mais-alta-comenda-da-instituicao-de-seguranca-pubica\/"},"wordCount":235,"image":{"@id":"https:\/\/blogdacondessa.com.br\/blog\/institucional\/conselheiros-do-tce-mt-sao-homenageados-com-a-mais-alta-comenda-da-instituicao-de-seguranca-pubica\/#primaryimage"},"thumbnailUrl":"https:\/\/blogdacondessa.com.br\/blog\/wp-content\/uploads\/2022\/09\/PMMT-e-ALMT.jpg","articleSection":["Institucional"],"inLanguage":"pt-BR"},{"@type":"WebPage","@id":"https:\/\/blogdacondessa.com.br\/blog\/institucional\/conselheiros-do-tce-mt-sao-homenageados-com-a-mais-alta-comenda-da-instituicao-de-seguranca-pubica\/","url":"https:\/\/blogdacondessa.com.br\/blog\/institucional\/conselheiros-do-tce-mt-sao-homenageados-com-a-mais-alta-comenda-da-instituicao-de-seguranca-pubica\/","name":"Conselheiros do TCE-MT s\u00e3o homenageados com a mais alta comenda da institui\u00e7\u00e3o de Seguran\u00e7a P\u00fabica &#8902; Blog da Condessa","isPartOf":{"@id":"https:\/\/blogdacondessa.com.br\/blog\/#website"},"primaryImageOfPage":{"@id":"https:\/\/blogdacondessa.com.br\/blog\/institucional\/conselheiros-do-tce-mt-sao-homenageados-com-a-mais-alta-comenda-da-instituicao-de-seguranca-pubica\/#primaryimage"},"image":{"@id":"https:\/\/blogdacondessa.com.br\/blog\/institucional\/conselheiros-do-tce-mt-sao-homenageados-com-a-mais-alta-comenda-da-instituicao-de-seguranca-pubica\/#primaryimage"},"thumbnailUrl":"https:\/\/blogdacondessa.com.br\/blog\/wp-content\/uploads\/2022\/09\/PMMT-e-ALMT.jpg","datePublished":"2022-09-07T09:00:19+00:00","author":{"@id":"https:\/\/blogdacondessa.com.br\/blog\/#\/schema\/person\/1d667ff8b785195b568677489d266035"},"breadcrumb":{"@id":"https:\/\/blogdacondessa.com.br\/blog\/institucional\/conselheiros-do-tce-mt-sao-homenageados-com-a-mais-alta-comenda-da-instituicao-de-seguranca-pubica\/#breadcrumb"},"inLanguage":"pt-BR","potentialAction":[{"@type":"ReadAction","target":["https:\/\/blogdacondessa.com.br\/blog\/institucional\/conselheiros-do-tce-mt-sao-homenageados-com-a-mais-alta-comenda-da-instituicao-de-seguranca-pubica\/"]}]},{"@type":"ImageObject","inLanguage":"pt-BR","@id":"https:\/\/blogdacondessa.com.br\/blog\/institucional\/conselheiros-do-tce-mt-sao-homenageados-com-a-mais-alta-comenda-da-instituicao-de-seguranca-pubica\/#primaryimage","url":"https:\/\/blogdacondessa.com.br\/blog\/wp-content\/uploads\/2022\/09\/PMMT-e-ALMT.jpg","contentUrl":"https:\/\/blogdacondessa.com.br\/blog\/wp-content\/uploads\/2022\/09\/PMMT-e-ALMT.jpg","width":365,"height":243,"caption":"Foto: Tony Ribeiro\/TCE-MT"},{"@type":"BreadcrumbList","@id":"https:\/\/blogdacondessa.com.br\/blog\/institucional\/conselheiros-do-tce-mt-sao-homenageados-com-a-mais-alta-comenda-da-instituicao-de-seguranca-pubica\/#breadcrumb","itemListElement":[{"@type":"ListItem","position":1,"name":"In\u00edcio","item":"https:\/\/blogdacondessa.com.br\/blog\/"},{"@type":"ListItem","position":2,"name":"Conselheiros do TCE-MT s\u00e3o homenageados com a mais alta comenda da institui\u00e7\u00e3o de Seguran\u00e7a P\u00fabica"}]},{"@type":"WebSite","@id":"https:\/\/blogdacondessa.com.br\/blog\/#website","url":"https:\/\/blogdacondessa.com.br\/blog\/","name":"Blog da Condessa","description":"Com Shirley de Souza O\u2019Campos","potentialAction":[{"@type":"SearchAction","target":{"@type":"EntryPoint","urlTemplate":"https:\/\/blogdacondessa.com.br\/blog\/?s={search_term_string}"},"query-input":{"@type":"PropertyValueSpecification","valueRequired":true,"valueName":"search_term_string"}}],"inLanguage":"pt-BR"},{"@type":"Person","@id":"https:\/\/blogdacondessa.com.br\/blog\/#\/schema\/person\/1d667ff8b785195b568677489d266035","name":"Blog da Condessa","image":{"@type":"ImageObject","inLanguage":"pt-BR","@id":"https:\/\/secure.gravatar.com\/avatar\/377c0eb8b4ad2bfc25461b41564b5971e721ca34a57642868fc7b0c8ac7b52c5?s=96&d=mm&r=g","url":"https:\/\/secure.gravatar.com\/avatar\/377c0eb8b4ad2bfc25461b41564b5971e721ca34a57642868fc7b0c8ac7b52c5?s=96&d=mm&r=g","contentUrl":"https:\/\/secure.gravatar.com\/avatar\/377c0eb8b4ad2bfc25461b41564b5971e721ca34a57642868fc7b0c8ac7b52c5?s=96&d=mm&r=g","caption":"Blog da Condessa"},"url":"https:\/\/blogdacondessa.com.br\/blog\/author\/beatriz\/"}]}},"_links":{"self":[{"href":"https:\/\/blogdacondessa.com.br\/blog\/wp-json\/wp\/v2\/posts\/4828","targetHints":{"allow":["GET"]}}],"collection":[{"href":"https:\/\/blogdacondessa.com.br\/blog\/wp-json\/wp\/v2\/posts"}],"about":[{"href":"https:\/\/blogdacondessa.com.br\/blog\/wp-json\/wp\/v2\/types\/post"}],"author":[{"embeddable":true,"href":"https:\/\/blogdacondessa.com.br\/blog\/wp-json\/wp\/v2\/users\/2"}],"replies":[{"embeddable":true,"href":"https:\/\/blogdacondessa.com.br\/blog\/wp-json\/wp\/v2\/comments?post=4828"}],"version-history":[{"count":0,"href":"https:\/\/blogdacondessa.com.br\/blog\/wp-json\/wp\/v2\/posts\/4828\/revisions"}],"wp:featuredmedia":[{"embeddable":true,"href":"https:\/\/blogdacondessa.com.br\/blog\/wp-json\/wp\/v2\/media\/4829"}],"wp:attachment":[{"href":"https:\/\/blogdacondessa.com.br\/blog\/wp-json\/wp\/v2\/media?parent=4828"}],"wp:term":[{"taxonomy":"category","embeddable":true,"href":"https:\/\/blogdacondessa.com.br\/blog\/wp-json\/wp\/v2\/categories?post=4828"},{"taxonomy":"post_tag","embeddable":true,"href":"https:\/\/blogdacondessa.com.br\/blog\/wp-json\/wp\/v2\/tags?post=4828"}],"curies":[{"name":"wp","href":"https:\/\/api.w.org\/{rel}","templated":true}]}}