{"id":4825,"date":"2022-09-07T05:00:13","date_gmt":"2022-09-07T09:00:13","guid":{"rendered":"http:\/\/blogdacondessa.com.br\/?p=4825"},"modified":"2022-09-06T17:04:00","modified_gmt":"2022-09-06T21:04:00","slug":"a-escola-vai-ao-cine-teatro","status":"publish","type":"post","link":"https:\/\/blogdacondessa.com.br\/blog\/cultura\/a-escola-vai-ao-cine-teatro\/","title":{"rendered":"\u2018A Escola vai ao Cine Teatro\u2019"},"content":{"rendered":"<p>De acordo com a diretora administrativa do Cine Teatro Cuiab\u00e1, Flavia Taques, o projeto \u2018A Escola vai ao Cine Teatro\u2019 consiste em visitas agendadas ao Cine Teatro Cuiab\u00e1 para um passeio onde os participantes, alunos e professores da rede p\u00fablica e privada de ensino de Mato Grosso, conhecem um pouco sobre o patrim\u00f4nio arquitet\u00f4nico e cultural do Estado de Mato Grosso. \u201cAl\u00e9m de descobrir o edif\u00edcio do Cine Teatro e algumas de suas hist\u00f3rias, os participantes assistir\u00e3o a filmes, incluindo curtas produzidos em Mato Grosso\u2019, observa Flavia.<\/p>\n<p>A iniciativa promovida pelo Cine Teatro j\u00e1 levou cerca de 30 mil alunos do ensino fundamental e m\u00e9dio desde o in\u00edcio do projeto, em 2017. A diretora administrativa ressalta que o projeto ficou parado durante a pandemia.<\/p>\n<p>\u201cRecebemos estudantes de Cuiab\u00e1, V\u00e1rzea Grande, zona rural e demais munic\u00edpios. O projeto come\u00e7ou em 2017 e continuar\u00e1 por toda a gest\u00e3o do Cine at\u00e9 2026\u201d, frisou.<\/p>\n<p>As sess\u00f5es de cinema s\u00e3o realizadas sempre \u00e0s ter\u00e7as-feiras, em dois hor\u00e1rios, \u00e0s 9h e \u00e0s 15h. A entrada \u00e9 gratuita para estudantes da rede p\u00fablica de ensino. J\u00e1 para os demais interessados ser\u00e1 cobrada uma taxa de manuten\u00e7\u00e3o de R$ 10 (inteira) e R$ 5 (meia).<\/p>\n<p>As escolas que desejarem participar das edi\u00e7\u00f5es devem fazer agendamento por meio do telefone (65) 2129-3848.<\/p>\n<p>&nbsp;<\/p>\n<p>&nbsp;<\/p>\n","protected":false},"excerpt":{"rendered":"<p>De acordo com a diretora administrativa do Cine Teatro Cuiab\u00e1, Flavia Taques, o projeto \u2018A Escola vai ao Cine Teatro\u2019 consiste em visitas agendadas ao Cine Teatro Cuiab\u00e1 para um passeio onde os participantes, alunos e professores da rede p\u00fablica e privada de ensino de Mato Grosso, conhecem um pouco sobre o patrim\u00f4nio arquitet\u00f4nico e [&hellip;]<\/p>\n","protected":false},"author":2,"featured_media":4826,"comment_status":"closed","ping_status":"closed","sticky":false,"template":"","format":"standard","meta":{"iawp_total_views":6,"footnotes":""},"categories":[18],"tags":[],"class_list":["post-4825","post","type-post","status-publish","format-standard","has-post-thumbnail","hentry","category-cultura"],"yoast_head":"<!-- This site is optimized with the Yoast SEO plugin v27.3 - https:\/\/yoast.com\/product\/yoast-seo-wordpress\/ -->\n<title>\u2018A Escola vai ao Cine Teatro\u2019 &#8902; Blog da Condessa<\/title>\n<meta name=\"robots\" content=\"index, follow, max-snippet:-1, max-image-preview:large, max-video-preview:-1\" \/>\n<link rel=\"canonical\" href=\"https:\/\/blogdacondessa.com.br\/blog\/cultura\/a-escola-vai-ao-cine-teatro\/\" \/>\n<meta property=\"og:locale\" content=\"pt_BR\" \/>\n<meta property=\"og:type\" content=\"article\" \/>\n<meta property=\"og:title\" content=\"\u2018A Escola vai ao Cine Teatro\u2019 &#8902; Blog da Condessa\" \/>\n<meta property=\"og:description\" content=\"De acordo com a diretora administrativa do Cine Teatro Cuiab\u00e1, Flavia Taques, o projeto \u2018A Escola vai ao Cine Teatro\u2019 consiste em visitas agendadas ao Cine Teatro Cuiab\u00e1 para um passeio onde os participantes, alunos e professores da rede p\u00fablica e privada de ensino de Mato Grosso, conhecem um pouco sobre o patrim\u00f4nio arquitet\u00f4nico e [&hellip;]\" \/>\n<meta property=\"og:url\" content=\"https:\/\/blogdacondessa.com.br\/blog\/cultura\/a-escola-vai-ao-cine-teatro\/\" \/>\n<meta property=\"og:site_name\" content=\"Blog da Condessa\" \/>\n<meta property=\"article:published_time\" content=\"2022-09-07T09:00:13+00:00\" \/>\n<meta property=\"og:image\" content=\"https:\/\/blogdacondessa.com.br\/blog\/wp-content\/uploads\/2022\/09\/projeto-escola-vai-ao-cine-teatro.jpg\" \/>\n\t<meta property=\"og:image:width\" content=\"720\" \/>\n\t<meta property=\"og:image:height\" content=\"1280\" \/>\n\t<meta property=\"og:image:type\" content=\"image\/jpeg\" \/>\n<meta name=\"author\" content=\"Blog da Condessa\" \/>\n<meta name=\"twitter:card\" content=\"summary_large_image\" \/>\n<meta name=\"twitter:label1\" content=\"Escrito por\" \/>\n\t<meta name=\"twitter:data1\" content=\"Blog da Condessa\" \/>\n\t<meta name=\"twitter:label2\" content=\"Est. tempo de leitura\" \/>\n\t<meta name=\"twitter:data2\" content=\"2 minutos\" \/>\n<script type=\"application\/ld+json\" class=\"yoast-schema-graph\">{\"@context\":\"https:\\\/\\\/schema.org\",\"@graph\":[{\"@type\":\"Article\",\"@id\":\"https:\\\/\\\/blogdacondessa.com.br\\\/blog\\\/cultura\\\/a-escola-vai-ao-cine-teatro\\\/#article\",\"isPartOf\":{\"@id\":\"https:\\\/\\\/blogdacondessa.com.br\\\/blog\\\/cultura\\\/a-escola-vai-ao-cine-teatro\\\/\"},\"author\":{\"name\":\"Blog da Condessa\",\"@id\":\"https:\\\/\\\/blogdacondessa.com.br\\\/blog\\\/#\\\/schema\\\/person\\\/1d667ff8b785195b568677489d266035\"},\"headline\":\"\u2018A Escola vai ao Cine Teatro\u2019\",\"datePublished\":\"2022-09-07T09:00:13+00:00\",\"mainEntityOfPage\":{\"@id\":\"https:\\\/\\\/blogdacondessa.com.br\\\/blog\\\/cultura\\\/a-escola-vai-ao-cine-teatro\\\/\"},\"wordCount\":234,\"image\":{\"@id\":\"https:\\\/\\\/blogdacondessa.com.br\\\/blog\\\/cultura\\\/a-escola-vai-ao-cine-teatro\\\/#primaryimage\"},\"thumbnailUrl\":\"https:\\\/\\\/blogdacondessa.com.br\\\/blog\\\/wp-content\\\/uploads\\\/2022\\\/09\\\/projeto-escola-vai-ao-cine-teatro.jpg\",\"articleSection\":[\"Cultura\"],\"inLanguage\":\"pt-BR\"},{\"@type\":\"WebPage\",\"@id\":\"https:\\\/\\\/blogdacondessa.com.br\\\/blog\\\/cultura\\\/a-escola-vai-ao-cine-teatro\\\/\",\"url\":\"https:\\\/\\\/blogdacondessa.com.br\\\/blog\\\/cultura\\\/a-escola-vai-ao-cine-teatro\\\/\",\"name\":\"\u2018A Escola vai ao Cine Teatro\u2019 &#8902; Blog da Condessa\",\"isPartOf\":{\"@id\":\"https:\\\/\\\/blogdacondessa.com.br\\\/blog\\\/#website\"},\"primaryImageOfPage\":{\"@id\":\"https:\\\/\\\/blogdacondessa.com.br\\\/blog\\\/cultura\\\/a-escola-vai-ao-cine-teatro\\\/#primaryimage\"},\"image\":{\"@id\":\"https:\\\/\\\/blogdacondessa.com.br\\\/blog\\\/cultura\\\/a-escola-vai-ao-cine-teatro\\\/#primaryimage\"},\"thumbnailUrl\":\"https:\\\/\\\/blogdacondessa.com.br\\\/blog\\\/wp-content\\\/uploads\\\/2022\\\/09\\\/projeto-escola-vai-ao-cine-teatro.jpg\",\"datePublished\":\"2022-09-07T09:00:13+00:00\",\"author\":{\"@id\":\"https:\\\/\\\/blogdacondessa.com.br\\\/blog\\\/#\\\/schema\\\/person\\\/1d667ff8b785195b568677489d266035\"},\"breadcrumb\":{\"@id\":\"https:\\\/\\\/blogdacondessa.com.br\\\/blog\\\/cultura\\\/a-escola-vai-ao-cine-teatro\\\/#breadcrumb\"},\"inLanguage\":\"pt-BR\",\"potentialAction\":[{\"@type\":\"ReadAction\",\"target\":[\"https:\\\/\\\/blogdacondessa.com.br\\\/blog\\\/cultura\\\/a-escola-vai-ao-cine-teatro\\\/\"]}]},{\"@type\":\"ImageObject\",\"inLanguage\":\"pt-BR\",\"@id\":\"https:\\\/\\\/blogdacondessa.com.br\\\/blog\\\/cultura\\\/a-escola-vai-ao-cine-teatro\\\/#primaryimage\",\"url\":\"https:\\\/\\\/blogdacondessa.com.br\\\/blog\\\/wp-content\\\/uploads\\\/2022\\\/09\\\/projeto-escola-vai-ao-cine-teatro.jpg\",\"contentUrl\":\"https:\\\/\\\/blogdacondessa.com.br\\\/blog\\\/wp-content\\\/uploads\\\/2022\\\/09\\\/projeto-escola-vai-ao-cine-teatro.jpg\",\"width\":720,\"height\":1280},{\"@type\":\"BreadcrumbList\",\"@id\":\"https:\\\/\\\/blogdacondessa.com.br\\\/blog\\\/cultura\\\/a-escola-vai-ao-cine-teatro\\\/#breadcrumb\",\"itemListElement\":[{\"@type\":\"ListItem\",\"position\":1,\"name\":\"In\u00edcio\",\"item\":\"https:\\\/\\\/blogdacondessa.com.br\\\/blog\\\/\"},{\"@type\":\"ListItem\",\"position\":2,\"name\":\"\u2018A Escola vai ao Cine Teatro\u2019\"}]},{\"@type\":\"WebSite\",\"@id\":\"https:\\\/\\\/blogdacondessa.com.br\\\/blog\\\/#website\",\"url\":\"https:\\\/\\\/blogdacondessa.com.br\\\/blog\\\/\",\"name\":\"Blog da Condessa\",\"description\":\"Com Shirley de Souza O\u2019Campos\",\"potentialAction\":[{\"@type\":\"SearchAction\",\"target\":{\"@type\":\"EntryPoint\",\"urlTemplate\":\"https:\\\/\\\/blogdacondessa.com.br\\\/blog\\\/?s={search_term_string}\"},\"query-input\":{\"@type\":\"PropertyValueSpecification\",\"valueRequired\":true,\"valueName\":\"search_term_string\"}}],\"inLanguage\":\"pt-BR\"},{\"@type\":\"Person\",\"@id\":\"https:\\\/\\\/blogdacondessa.com.br\\\/blog\\\/#\\\/schema\\\/person\\\/1d667ff8b785195b568677489d266035\",\"name\":\"Blog da Condessa\",\"image\":{\"@type\":\"ImageObject\",\"inLanguage\":\"pt-BR\",\"@id\":\"https:\\\/\\\/secure.gravatar.com\\\/avatar\\\/377c0eb8b4ad2bfc25461b41564b5971e721ca34a57642868fc7b0c8ac7b52c5?s=96&d=mm&r=g\",\"url\":\"https:\\\/\\\/secure.gravatar.com\\\/avatar\\\/377c0eb8b4ad2bfc25461b41564b5971e721ca34a57642868fc7b0c8ac7b52c5?s=96&d=mm&r=g\",\"contentUrl\":\"https:\\\/\\\/secure.gravatar.com\\\/avatar\\\/377c0eb8b4ad2bfc25461b41564b5971e721ca34a57642868fc7b0c8ac7b52c5?s=96&d=mm&r=g\",\"caption\":\"Blog da Condessa\"},\"url\":\"https:\\\/\\\/blogdacondessa.com.br\\\/blog\\\/author\\\/beatriz\\\/\"}]}<\/script>\n<!-- \/ Yoast SEO plugin. -->","yoast_head_json":{"title":"\u2018A Escola vai ao Cine Teatro\u2019 &#8902; Blog da Condessa","robots":{"index":"index","follow":"follow","max-snippet":"max-snippet:-1","max-image-preview":"max-image-preview:large","max-video-preview":"max-video-preview:-1"},"canonical":"https:\/\/blogdacondessa.com.br\/blog\/cultura\/a-escola-vai-ao-cine-teatro\/","og_locale":"pt_BR","og_type":"article","og_title":"\u2018A Escola vai ao Cine Teatro\u2019 &#8902; Blog da Condessa","og_description":"De acordo com a diretora administrativa do Cine Teatro Cuiab\u00e1, Flavia Taques, o projeto \u2018A Escola vai ao Cine Teatro\u2019 consiste em visitas agendadas ao Cine Teatro Cuiab\u00e1 para um passeio onde os participantes, alunos e professores da rede p\u00fablica e privada de ensino de Mato Grosso, conhecem um pouco sobre o patrim\u00f4nio arquitet\u00f4nico e [&hellip;]","og_url":"https:\/\/blogdacondessa.com.br\/blog\/cultura\/a-escola-vai-ao-cine-teatro\/","og_site_name":"Blog da Condessa","article_published_time":"2022-09-07T09:00:13+00:00","og_image":[{"width":720,"height":1280,"url":"https:\/\/blogdacondessa.com.br\/blog\/wp-content\/uploads\/2022\/09\/projeto-escola-vai-ao-cine-teatro.jpg","type":"image\/jpeg"}],"author":"Blog da Condessa","twitter_card":"summary_large_image","twitter_misc":{"Escrito por":"Blog da Condessa","Est. tempo de leitura":"2 minutos"},"schema":{"@context":"https:\/\/schema.org","@graph":[{"@type":"Article","@id":"https:\/\/blogdacondessa.com.br\/blog\/cultura\/a-escola-vai-ao-cine-teatro\/#article","isPartOf":{"@id":"https:\/\/blogdacondessa.com.br\/blog\/cultura\/a-escola-vai-ao-cine-teatro\/"},"author":{"name":"Blog da Condessa","@id":"https:\/\/blogdacondessa.com.br\/blog\/#\/schema\/person\/1d667ff8b785195b568677489d266035"},"headline":"\u2018A Escola vai ao Cine Teatro\u2019","datePublished":"2022-09-07T09:00:13+00:00","mainEntityOfPage":{"@id":"https:\/\/blogdacondessa.com.br\/blog\/cultura\/a-escola-vai-ao-cine-teatro\/"},"wordCount":234,"image":{"@id":"https:\/\/blogdacondessa.com.br\/blog\/cultura\/a-escola-vai-ao-cine-teatro\/#primaryimage"},"thumbnailUrl":"https:\/\/blogdacondessa.com.br\/blog\/wp-content\/uploads\/2022\/09\/projeto-escola-vai-ao-cine-teatro.jpg","articleSection":["Cultura"],"inLanguage":"pt-BR"},{"@type":"WebPage","@id":"https:\/\/blogdacondessa.com.br\/blog\/cultura\/a-escola-vai-ao-cine-teatro\/","url":"https:\/\/blogdacondessa.com.br\/blog\/cultura\/a-escola-vai-ao-cine-teatro\/","name":"\u2018A Escola vai ao Cine Teatro\u2019 &#8902; Blog da Condessa","isPartOf":{"@id":"https:\/\/blogdacondessa.com.br\/blog\/#website"},"primaryImageOfPage":{"@id":"https:\/\/blogdacondessa.com.br\/blog\/cultura\/a-escola-vai-ao-cine-teatro\/#primaryimage"},"image":{"@id":"https:\/\/blogdacondessa.com.br\/blog\/cultura\/a-escola-vai-ao-cine-teatro\/#primaryimage"},"thumbnailUrl":"https:\/\/blogdacondessa.com.br\/blog\/wp-content\/uploads\/2022\/09\/projeto-escola-vai-ao-cine-teatro.jpg","datePublished":"2022-09-07T09:00:13+00:00","author":{"@id":"https:\/\/blogdacondessa.com.br\/blog\/#\/schema\/person\/1d667ff8b785195b568677489d266035"},"breadcrumb":{"@id":"https:\/\/blogdacondessa.com.br\/blog\/cultura\/a-escola-vai-ao-cine-teatro\/#breadcrumb"},"inLanguage":"pt-BR","potentialAction":[{"@type":"ReadAction","target":["https:\/\/blogdacondessa.com.br\/blog\/cultura\/a-escola-vai-ao-cine-teatro\/"]}]},{"@type":"ImageObject","inLanguage":"pt-BR","@id":"https:\/\/blogdacondessa.com.br\/blog\/cultura\/a-escola-vai-ao-cine-teatro\/#primaryimage","url":"https:\/\/blogdacondessa.com.br\/blog\/wp-content\/uploads\/2022\/09\/projeto-escola-vai-ao-cine-teatro.jpg","contentUrl":"https:\/\/blogdacondessa.com.br\/blog\/wp-content\/uploads\/2022\/09\/projeto-escola-vai-ao-cine-teatro.jpg","width":720,"height":1280},{"@type":"BreadcrumbList","@id":"https:\/\/blogdacondessa.com.br\/blog\/cultura\/a-escola-vai-ao-cine-teatro\/#breadcrumb","itemListElement":[{"@type":"ListItem","position":1,"name":"In\u00edcio","item":"https:\/\/blogdacondessa.com.br\/blog\/"},{"@type":"ListItem","position":2,"name":"\u2018A Escola vai ao Cine Teatro\u2019"}]},{"@type":"WebSite","@id":"https:\/\/blogdacondessa.com.br\/blog\/#website","url":"https:\/\/blogdacondessa.com.br\/blog\/","name":"Blog da Condessa","description":"Com Shirley de Souza O\u2019Campos","potentialAction":[{"@type":"SearchAction","target":{"@type":"EntryPoint","urlTemplate":"https:\/\/blogdacondessa.com.br\/blog\/?s={search_term_string}"},"query-input":{"@type":"PropertyValueSpecification","valueRequired":true,"valueName":"search_term_string"}}],"inLanguage":"pt-BR"},{"@type":"Person","@id":"https:\/\/blogdacondessa.com.br\/blog\/#\/schema\/person\/1d667ff8b785195b568677489d266035","name":"Blog da Condessa","image":{"@type":"ImageObject","inLanguage":"pt-BR","@id":"https:\/\/secure.gravatar.com\/avatar\/377c0eb8b4ad2bfc25461b41564b5971e721ca34a57642868fc7b0c8ac7b52c5?s=96&d=mm&r=g","url":"https:\/\/secure.gravatar.com\/avatar\/377c0eb8b4ad2bfc25461b41564b5971e721ca34a57642868fc7b0c8ac7b52c5?s=96&d=mm&r=g","contentUrl":"https:\/\/secure.gravatar.com\/avatar\/377c0eb8b4ad2bfc25461b41564b5971e721ca34a57642868fc7b0c8ac7b52c5?s=96&d=mm&r=g","caption":"Blog da Condessa"},"url":"https:\/\/blogdacondessa.com.br\/blog\/author\/beatriz\/"}]}},"_links":{"self":[{"href":"https:\/\/blogdacondessa.com.br\/blog\/wp-json\/wp\/v2\/posts\/4825","targetHints":{"allow":["GET"]}}],"collection":[{"href":"https:\/\/blogdacondessa.com.br\/blog\/wp-json\/wp\/v2\/posts"}],"about":[{"href":"https:\/\/blogdacondessa.com.br\/blog\/wp-json\/wp\/v2\/types\/post"}],"author":[{"embeddable":true,"href":"https:\/\/blogdacondessa.com.br\/blog\/wp-json\/wp\/v2\/users\/2"}],"replies":[{"embeddable":true,"href":"https:\/\/blogdacondessa.com.br\/blog\/wp-json\/wp\/v2\/comments?post=4825"}],"version-history":[{"count":0,"href":"https:\/\/blogdacondessa.com.br\/blog\/wp-json\/wp\/v2\/posts\/4825\/revisions"}],"wp:featuredmedia":[{"embeddable":true,"href":"https:\/\/blogdacondessa.com.br\/blog\/wp-json\/wp\/v2\/media\/4826"}],"wp:attachment":[{"href":"https:\/\/blogdacondessa.com.br\/blog\/wp-json\/wp\/v2\/media?parent=4825"}],"wp:term":[{"taxonomy":"category","embeddable":true,"href":"https:\/\/blogdacondessa.com.br\/blog\/wp-json\/wp\/v2\/categories?post=4825"},{"taxonomy":"post_tag","embeddable":true,"href":"https:\/\/blogdacondessa.com.br\/blog\/wp-json\/wp\/v2\/tags?post=4825"}],"curies":[{"name":"wp","href":"https:\/\/api.w.org\/{rel}","templated":true}]}}