{"id":4822,"date":"2022-09-07T05:00:06","date_gmt":"2022-09-07T09:00:06","guid":{"rendered":"http:\/\/blogdacondessa.com.br\/?p=4822"},"modified":"2022-09-06T17:02:04","modified_gmt":"2022-09-06T21:02:04","slug":"jovem-talento-de-mt-se-apresenta-no-sesc-arsenal","status":"publish","type":"post","link":"https:\/\/blogdacondessa.com.br\/blog\/geral\/jovem-talento-de-mt-se-apresenta-no-sesc-arsenal\/","title":{"rendered":"Jovem talento de MT se apresenta no Sesc Arsenal"},"content":{"rendered":"<p>O manguebeat \u00e9 uma das influ\u00eancias da cantora, compositora e instrumentalista Karola Nunes. Al\u00e9m de se inspirar no g\u00eanero musical nascido na cidade de Recife, que mescla o maracatu com o funk, rock e hip hop, Karola tamb\u00e9m se apropria do reggae e apresenta baladas com letras que levam o p\u00fablico a embarcar em um som repleto de cr\u00edticas sociais e reflex\u00f5es sobre a vida, com a leveza de uma boa batida. O projeto \u2018M\u00fasica Ao Vivo\u2019 do Sesc Arsenal, em Cuiab\u00e1, traz o talento de Karola nesta quarta-feira (7), a partir das 17h30.<\/p>\n<p>Reconhecida como um dos jovens talentos de Mato Grosso, a artista se destaca, vencendo os festivais aos quais se inscreve. Os \u00faltimos foram de \u2018Melhor Letra\u2019 e \u2018Composi\u00e7\u00e3o In\u00e9dita\u2019 no 33\u00b0 edi\u00e7\u00e3o do Festival da Can\u00e7\u00e3o de Alta Floresta (FESCAF). A int\u00e9rprete tamb\u00e9m ganhou o trof\u00e9u de \u2018Melhor Filme\u2019 no Festival de Cinema de Caruaru com o videoclipe \u2018Chorar\u2019, seu \u00faltimo single.<\/p>\n<p>E pensar que esse talento quase foi absorvido para outro segmento. Ao programa \u2018Sesc Trajet\u00f3ria\u2019 da MT Sesc TV, Karola falou que o seu desejo inicial era o de seguir carreira como atriz, mas a m\u00fasica foi mais forte devido ao ambiente que respirava em casa com o pai e a irm\u00e3. Logo, aprendeu a tocar viol\u00e3o e come\u00e7ou a dar os primeiros passos como cantora no Sesc Rondon\u00f3polis. Ap\u00f3s um per\u00edodo de apresenta\u00e7\u00f5es, nasceu a necessidade de escrever suas pr\u00f3prias can\u00e7\u00f5es, dando origens aos primeiros projetos autorais.\u00a0\u201cSenti a necessidade de falar tamb\u00e9m o que eu sentia e n\u00e3o s\u00f3 interpretar a can\u00e7\u00e3o dos m\u00fasicos que eu curtia e foi quando eu comecei a colocar mais f\u00e9 em um trabalho autoral\u201d, observou a artista.<\/p>\n<p>Jheo Gil, Branco Barros e Luth Peixoto s\u00e3o outros nomes que sobem na plataforma do \u2018M\u00fasica Ao Vivo\u2019 do Sesc Arsenal entre quinta-feira (8) e s\u00e1bado (10). Veja a programa\u00e7\u00e3o abaixo.<\/p>\n<p>&nbsp;<\/p>\n<p><strong>*M\u00fasica Ao Vivo*<\/strong><\/p>\n<p>O \u2018M\u00fasica Ao Vivo\u2019 re\u00fane o melhor da m\u00fasica mato-grossense todas as quartas, quintas e sextas-feiras, al\u00e9m de s\u00e1bados e domingos, a partir das 17h30, no Sesc Arsenal. As apresenta\u00e7\u00f5es s\u00e3o realizadas no Espa\u00e7o de Alimenta\u00e7\u00e3o da unidade, permitindo a degusta\u00e7\u00e3o do card\u00e1pio ao som dos artistas locais.<\/p>\n<p><strong>*SERVI\u00c7O*<\/strong><\/p>\n<p>*M\u00fasica Ao Vivo*<\/p>\n<p>*Quando:* quartas-feiras, quintas-feiras, sextas-feiras, s\u00e1bados e domingos a partir das 17h30<\/p>\n<p>*Endere\u00e7o:* Sesc Arsenal \u2013 Rua 13 de Junho, 1435, Centro Sul, Cuiab\u00e1<\/p>\n<p>*Entrada gratuita*<\/p>\n<p><strong><em>*Programa\u00e7\u00e3o do M\u00fasica Ao Vivo de 7 a 10 de setembro*<\/em><\/strong><\/p>\n<p>*Karola Nunes:* quarta-feira (7), \u00e0s 17h30<\/p>\n<p>*Jheo Gil:* quinta-feira (8), \u00e0s 17h30<\/p>\n<p>*Branco Barros:* sexta-feira (9), \u00e0s 17h30<\/p>\n<p>*Luth Peixoto:* s\u00e1bado (10), \u00e0s 17h30<\/p>\n<p>&nbsp;<\/p>\n","protected":false},"excerpt":{"rendered":"<p>O manguebeat \u00e9 uma das influ\u00eancias da cantora, compositora e instrumentalista Karola Nunes. Al\u00e9m de se inspirar no g\u00eanero musical nascido na cidade de Recife, que mescla o maracatu com o funk, rock e hip hop, Karola tamb\u00e9m se apropria do reggae e apresenta baladas com letras que levam o p\u00fablico a embarcar em um [&hellip;]<\/p>\n","protected":false},"author":2,"featured_media":4823,"comment_status":"closed","ping_status":"closed","sticky":false,"template":"","format":"standard","meta":{"iawp_total_views":0,"footnotes":""},"categories":[16],"tags":[],"class_list":["post-4822","post","type-post","status-publish","format-standard","has-post-thumbnail","hentry","category-geral"],"yoast_head":"<!-- This site is optimized with the Yoast SEO plugin v27.3 - https:\/\/yoast.com\/product\/yoast-seo-wordpress\/ -->\n<title>Jovem talento de MT se apresenta no Sesc Arsenal &#8902; Blog da Condessa<\/title>\n<meta name=\"robots\" content=\"index, follow, max-snippet:-1, max-image-preview:large, max-video-preview:-1\" \/>\n<link rel=\"canonical\" href=\"https:\/\/blogdacondessa.com.br\/blog\/geral\/jovem-talento-de-mt-se-apresenta-no-sesc-arsenal\/\" \/>\n<meta property=\"og:locale\" content=\"pt_BR\" \/>\n<meta property=\"og:type\" content=\"article\" \/>\n<meta property=\"og:title\" content=\"Jovem talento de MT se apresenta no Sesc Arsenal &#8902; Blog da Condessa\" \/>\n<meta property=\"og:description\" content=\"O manguebeat \u00e9 uma das influ\u00eancias da cantora, compositora e instrumentalista Karola Nunes. Al\u00e9m de se inspirar no g\u00eanero musical nascido na cidade de Recife, que mescla o maracatu com o funk, rock e hip hop, Karola tamb\u00e9m se apropria do reggae e apresenta baladas com letras que levam o p\u00fablico a embarcar em um [&hellip;]\" \/>\n<meta property=\"og:url\" content=\"https:\/\/blogdacondessa.com.br\/blog\/geral\/jovem-talento-de-mt-se-apresenta-no-sesc-arsenal\/\" \/>\n<meta property=\"og:site_name\" content=\"Blog da Condessa\" \/>\n<meta property=\"article:published_time\" content=\"2022-09-07T09:00:06+00:00\" \/>\n<meta property=\"og:image\" content=\"https:\/\/blogdacondessa.com.br\/blog\/wp-content\/uploads\/2022\/09\/Karola-nunes.jpg\" \/>\n\t<meta property=\"og:image:width\" content=\"879\" \/>\n\t<meta property=\"og:image:height\" content=\"1280\" \/>\n\t<meta property=\"og:image:type\" content=\"image\/jpeg\" \/>\n<meta name=\"author\" content=\"Blog da Condessa\" \/>\n<meta name=\"twitter:card\" content=\"summary_large_image\" \/>\n<meta name=\"twitter:label1\" content=\"Escrito por\" \/>\n\t<meta name=\"twitter:data1\" content=\"Blog da Condessa\" \/>\n\t<meta name=\"twitter:label2\" content=\"Est. tempo de leitura\" \/>\n\t<meta name=\"twitter:data2\" content=\"3 minutos\" \/>\n<script type=\"application\/ld+json\" class=\"yoast-schema-graph\">{\"@context\":\"https:\\\/\\\/schema.org\",\"@graph\":[{\"@type\":\"Article\",\"@id\":\"https:\\\/\\\/blogdacondessa.com.br\\\/blog\\\/geral\\\/jovem-talento-de-mt-se-apresenta-no-sesc-arsenal\\\/#article\",\"isPartOf\":{\"@id\":\"https:\\\/\\\/blogdacondessa.com.br\\\/blog\\\/geral\\\/jovem-talento-de-mt-se-apresenta-no-sesc-arsenal\\\/\"},\"author\":{\"name\":\"Blog da Condessa\",\"@id\":\"https:\\\/\\\/blogdacondessa.com.br\\\/blog\\\/#\\\/schema\\\/person\\\/1d667ff8b785195b568677489d266035\"},\"headline\":\"Jovem talento de MT se apresenta no Sesc Arsenal\",\"datePublished\":\"2022-09-07T09:00:06+00:00\",\"mainEntityOfPage\":{\"@id\":\"https:\\\/\\\/blogdacondessa.com.br\\\/blog\\\/geral\\\/jovem-talento-de-mt-se-apresenta-no-sesc-arsenal\\\/\"},\"wordCount\":476,\"image\":{\"@id\":\"https:\\\/\\\/blogdacondessa.com.br\\\/blog\\\/geral\\\/jovem-talento-de-mt-se-apresenta-no-sesc-arsenal\\\/#primaryimage\"},\"thumbnailUrl\":\"https:\\\/\\\/blogdacondessa.com.br\\\/blog\\\/wp-content\\\/uploads\\\/2022\\\/09\\\/Karola-nunes.jpg\",\"articleSection\":[\"Variedades\"],\"inLanguage\":\"pt-BR\"},{\"@type\":\"WebPage\",\"@id\":\"https:\\\/\\\/blogdacondessa.com.br\\\/blog\\\/geral\\\/jovem-talento-de-mt-se-apresenta-no-sesc-arsenal\\\/\",\"url\":\"https:\\\/\\\/blogdacondessa.com.br\\\/blog\\\/geral\\\/jovem-talento-de-mt-se-apresenta-no-sesc-arsenal\\\/\",\"name\":\"Jovem talento de MT se apresenta no Sesc Arsenal &#8902; Blog da Condessa\",\"isPartOf\":{\"@id\":\"https:\\\/\\\/blogdacondessa.com.br\\\/blog\\\/#website\"},\"primaryImageOfPage\":{\"@id\":\"https:\\\/\\\/blogdacondessa.com.br\\\/blog\\\/geral\\\/jovem-talento-de-mt-se-apresenta-no-sesc-arsenal\\\/#primaryimage\"},\"image\":{\"@id\":\"https:\\\/\\\/blogdacondessa.com.br\\\/blog\\\/geral\\\/jovem-talento-de-mt-se-apresenta-no-sesc-arsenal\\\/#primaryimage\"},\"thumbnailUrl\":\"https:\\\/\\\/blogdacondessa.com.br\\\/blog\\\/wp-content\\\/uploads\\\/2022\\\/09\\\/Karola-nunes.jpg\",\"datePublished\":\"2022-09-07T09:00:06+00:00\",\"author\":{\"@id\":\"https:\\\/\\\/blogdacondessa.com.br\\\/blog\\\/#\\\/schema\\\/person\\\/1d667ff8b785195b568677489d266035\"},\"breadcrumb\":{\"@id\":\"https:\\\/\\\/blogdacondessa.com.br\\\/blog\\\/geral\\\/jovem-talento-de-mt-se-apresenta-no-sesc-arsenal\\\/#breadcrumb\"},\"inLanguage\":\"pt-BR\",\"potentialAction\":[{\"@type\":\"ReadAction\",\"target\":[\"https:\\\/\\\/blogdacondessa.com.br\\\/blog\\\/geral\\\/jovem-talento-de-mt-se-apresenta-no-sesc-arsenal\\\/\"]}]},{\"@type\":\"ImageObject\",\"inLanguage\":\"pt-BR\",\"@id\":\"https:\\\/\\\/blogdacondessa.com.br\\\/blog\\\/geral\\\/jovem-talento-de-mt-se-apresenta-no-sesc-arsenal\\\/#primaryimage\",\"url\":\"https:\\\/\\\/blogdacondessa.com.br\\\/blog\\\/wp-content\\\/uploads\\\/2022\\\/09\\\/Karola-nunes.jpg\",\"contentUrl\":\"https:\\\/\\\/blogdacondessa.com.br\\\/blog\\\/wp-content\\\/uploads\\\/2022\\\/09\\\/Karola-nunes.jpg\",\"width\":879,\"height\":1280},{\"@type\":\"BreadcrumbList\",\"@id\":\"https:\\\/\\\/blogdacondessa.com.br\\\/blog\\\/geral\\\/jovem-talento-de-mt-se-apresenta-no-sesc-arsenal\\\/#breadcrumb\",\"itemListElement\":[{\"@type\":\"ListItem\",\"position\":1,\"name\":\"In\u00edcio\",\"item\":\"https:\\\/\\\/blogdacondessa.com.br\\\/blog\\\/\"},{\"@type\":\"ListItem\",\"position\":2,\"name\":\"Jovem talento de MT se apresenta no Sesc Arsenal\"}]},{\"@type\":\"WebSite\",\"@id\":\"https:\\\/\\\/blogdacondessa.com.br\\\/blog\\\/#website\",\"url\":\"https:\\\/\\\/blogdacondessa.com.br\\\/blog\\\/\",\"name\":\"Blog da Condessa\",\"description\":\"Com Shirley de Souza O\u2019Campos\",\"potentialAction\":[{\"@type\":\"SearchAction\",\"target\":{\"@type\":\"EntryPoint\",\"urlTemplate\":\"https:\\\/\\\/blogdacondessa.com.br\\\/blog\\\/?s={search_term_string}\"},\"query-input\":{\"@type\":\"PropertyValueSpecification\",\"valueRequired\":true,\"valueName\":\"search_term_string\"}}],\"inLanguage\":\"pt-BR\"},{\"@type\":\"Person\",\"@id\":\"https:\\\/\\\/blogdacondessa.com.br\\\/blog\\\/#\\\/schema\\\/person\\\/1d667ff8b785195b568677489d266035\",\"name\":\"Blog da Condessa\",\"image\":{\"@type\":\"ImageObject\",\"inLanguage\":\"pt-BR\",\"@id\":\"https:\\\/\\\/secure.gravatar.com\\\/avatar\\\/377c0eb8b4ad2bfc25461b41564b5971e721ca34a57642868fc7b0c8ac7b52c5?s=96&d=mm&r=g\",\"url\":\"https:\\\/\\\/secure.gravatar.com\\\/avatar\\\/377c0eb8b4ad2bfc25461b41564b5971e721ca34a57642868fc7b0c8ac7b52c5?s=96&d=mm&r=g\",\"contentUrl\":\"https:\\\/\\\/secure.gravatar.com\\\/avatar\\\/377c0eb8b4ad2bfc25461b41564b5971e721ca34a57642868fc7b0c8ac7b52c5?s=96&d=mm&r=g\",\"caption\":\"Blog da Condessa\"},\"url\":\"https:\\\/\\\/blogdacondessa.com.br\\\/blog\\\/author\\\/beatriz\\\/\"}]}<\/script>\n<!-- \/ Yoast SEO plugin. -->","yoast_head_json":{"title":"Jovem talento de MT se apresenta no Sesc Arsenal &#8902; Blog da Condessa","robots":{"index":"index","follow":"follow","max-snippet":"max-snippet:-1","max-image-preview":"max-image-preview:large","max-video-preview":"max-video-preview:-1"},"canonical":"https:\/\/blogdacondessa.com.br\/blog\/geral\/jovem-talento-de-mt-se-apresenta-no-sesc-arsenal\/","og_locale":"pt_BR","og_type":"article","og_title":"Jovem talento de MT se apresenta no Sesc Arsenal &#8902; Blog da Condessa","og_description":"O manguebeat \u00e9 uma das influ\u00eancias da cantora, compositora e instrumentalista Karola Nunes. Al\u00e9m de se inspirar no g\u00eanero musical nascido na cidade de Recife, que mescla o maracatu com o funk, rock e hip hop, Karola tamb\u00e9m se apropria do reggae e apresenta baladas com letras que levam o p\u00fablico a embarcar em um [&hellip;]","og_url":"https:\/\/blogdacondessa.com.br\/blog\/geral\/jovem-talento-de-mt-se-apresenta-no-sesc-arsenal\/","og_site_name":"Blog da Condessa","article_published_time":"2022-09-07T09:00:06+00:00","og_image":[{"width":879,"height":1280,"url":"https:\/\/blogdacondessa.com.br\/blog\/wp-content\/uploads\/2022\/09\/Karola-nunes.jpg","type":"image\/jpeg"}],"author":"Blog da Condessa","twitter_card":"summary_large_image","twitter_misc":{"Escrito por":"Blog da Condessa","Est. tempo de leitura":"3 minutos"},"schema":{"@context":"https:\/\/schema.org","@graph":[{"@type":"Article","@id":"https:\/\/blogdacondessa.com.br\/blog\/geral\/jovem-talento-de-mt-se-apresenta-no-sesc-arsenal\/#article","isPartOf":{"@id":"https:\/\/blogdacondessa.com.br\/blog\/geral\/jovem-talento-de-mt-se-apresenta-no-sesc-arsenal\/"},"author":{"name":"Blog da Condessa","@id":"https:\/\/blogdacondessa.com.br\/blog\/#\/schema\/person\/1d667ff8b785195b568677489d266035"},"headline":"Jovem talento de MT se apresenta no Sesc Arsenal","datePublished":"2022-09-07T09:00:06+00:00","mainEntityOfPage":{"@id":"https:\/\/blogdacondessa.com.br\/blog\/geral\/jovem-talento-de-mt-se-apresenta-no-sesc-arsenal\/"},"wordCount":476,"image":{"@id":"https:\/\/blogdacondessa.com.br\/blog\/geral\/jovem-talento-de-mt-se-apresenta-no-sesc-arsenal\/#primaryimage"},"thumbnailUrl":"https:\/\/blogdacondessa.com.br\/blog\/wp-content\/uploads\/2022\/09\/Karola-nunes.jpg","articleSection":["Variedades"],"inLanguage":"pt-BR"},{"@type":"WebPage","@id":"https:\/\/blogdacondessa.com.br\/blog\/geral\/jovem-talento-de-mt-se-apresenta-no-sesc-arsenal\/","url":"https:\/\/blogdacondessa.com.br\/blog\/geral\/jovem-talento-de-mt-se-apresenta-no-sesc-arsenal\/","name":"Jovem talento de MT se apresenta no Sesc Arsenal &#8902; Blog da Condessa","isPartOf":{"@id":"https:\/\/blogdacondessa.com.br\/blog\/#website"},"primaryImageOfPage":{"@id":"https:\/\/blogdacondessa.com.br\/blog\/geral\/jovem-talento-de-mt-se-apresenta-no-sesc-arsenal\/#primaryimage"},"image":{"@id":"https:\/\/blogdacondessa.com.br\/blog\/geral\/jovem-talento-de-mt-se-apresenta-no-sesc-arsenal\/#primaryimage"},"thumbnailUrl":"https:\/\/blogdacondessa.com.br\/blog\/wp-content\/uploads\/2022\/09\/Karola-nunes.jpg","datePublished":"2022-09-07T09:00:06+00:00","author":{"@id":"https:\/\/blogdacondessa.com.br\/blog\/#\/schema\/person\/1d667ff8b785195b568677489d266035"},"breadcrumb":{"@id":"https:\/\/blogdacondessa.com.br\/blog\/geral\/jovem-talento-de-mt-se-apresenta-no-sesc-arsenal\/#breadcrumb"},"inLanguage":"pt-BR","potentialAction":[{"@type":"ReadAction","target":["https:\/\/blogdacondessa.com.br\/blog\/geral\/jovem-talento-de-mt-se-apresenta-no-sesc-arsenal\/"]}]},{"@type":"ImageObject","inLanguage":"pt-BR","@id":"https:\/\/blogdacondessa.com.br\/blog\/geral\/jovem-talento-de-mt-se-apresenta-no-sesc-arsenal\/#primaryimage","url":"https:\/\/blogdacondessa.com.br\/blog\/wp-content\/uploads\/2022\/09\/Karola-nunes.jpg","contentUrl":"https:\/\/blogdacondessa.com.br\/blog\/wp-content\/uploads\/2022\/09\/Karola-nunes.jpg","width":879,"height":1280},{"@type":"BreadcrumbList","@id":"https:\/\/blogdacondessa.com.br\/blog\/geral\/jovem-talento-de-mt-se-apresenta-no-sesc-arsenal\/#breadcrumb","itemListElement":[{"@type":"ListItem","position":1,"name":"In\u00edcio","item":"https:\/\/blogdacondessa.com.br\/blog\/"},{"@type":"ListItem","position":2,"name":"Jovem talento de MT se apresenta no Sesc Arsenal"}]},{"@type":"WebSite","@id":"https:\/\/blogdacondessa.com.br\/blog\/#website","url":"https:\/\/blogdacondessa.com.br\/blog\/","name":"Blog da Condessa","description":"Com Shirley de Souza O\u2019Campos","potentialAction":[{"@type":"SearchAction","target":{"@type":"EntryPoint","urlTemplate":"https:\/\/blogdacondessa.com.br\/blog\/?s={search_term_string}"},"query-input":{"@type":"PropertyValueSpecification","valueRequired":true,"valueName":"search_term_string"}}],"inLanguage":"pt-BR"},{"@type":"Person","@id":"https:\/\/blogdacondessa.com.br\/blog\/#\/schema\/person\/1d667ff8b785195b568677489d266035","name":"Blog da Condessa","image":{"@type":"ImageObject","inLanguage":"pt-BR","@id":"https:\/\/secure.gravatar.com\/avatar\/377c0eb8b4ad2bfc25461b41564b5971e721ca34a57642868fc7b0c8ac7b52c5?s=96&d=mm&r=g","url":"https:\/\/secure.gravatar.com\/avatar\/377c0eb8b4ad2bfc25461b41564b5971e721ca34a57642868fc7b0c8ac7b52c5?s=96&d=mm&r=g","contentUrl":"https:\/\/secure.gravatar.com\/avatar\/377c0eb8b4ad2bfc25461b41564b5971e721ca34a57642868fc7b0c8ac7b52c5?s=96&d=mm&r=g","caption":"Blog da Condessa"},"url":"https:\/\/blogdacondessa.com.br\/blog\/author\/beatriz\/"}]}},"_links":{"self":[{"href":"https:\/\/blogdacondessa.com.br\/blog\/wp-json\/wp\/v2\/posts\/4822","targetHints":{"allow":["GET"]}}],"collection":[{"href":"https:\/\/blogdacondessa.com.br\/blog\/wp-json\/wp\/v2\/posts"}],"about":[{"href":"https:\/\/blogdacondessa.com.br\/blog\/wp-json\/wp\/v2\/types\/post"}],"author":[{"embeddable":true,"href":"https:\/\/blogdacondessa.com.br\/blog\/wp-json\/wp\/v2\/users\/2"}],"replies":[{"embeddable":true,"href":"https:\/\/blogdacondessa.com.br\/blog\/wp-json\/wp\/v2\/comments?post=4822"}],"version-history":[{"count":0,"href":"https:\/\/blogdacondessa.com.br\/blog\/wp-json\/wp\/v2\/posts\/4822\/revisions"}],"wp:featuredmedia":[{"embeddable":true,"href":"https:\/\/blogdacondessa.com.br\/blog\/wp-json\/wp\/v2\/media\/4823"}],"wp:attachment":[{"href":"https:\/\/blogdacondessa.com.br\/blog\/wp-json\/wp\/v2\/media?parent=4822"}],"wp:term":[{"taxonomy":"category","embeddable":true,"href":"https:\/\/blogdacondessa.com.br\/blog\/wp-json\/wp\/v2\/categories?post=4822"},{"taxonomy":"post_tag","embeddable":true,"href":"https:\/\/blogdacondessa.com.br\/blog\/wp-json\/wp\/v2\/tags?post=4822"}],"curies":[{"name":"wp","href":"https:\/\/api.w.org\/{rel}","templated":true}]}}