{"id":4768,"date":"2022-08-31T12:43:03","date_gmt":"2022-08-31T16:43:03","guid":{"rendered":"http:\/\/blogdacondessa.com.br\/?p=4768"},"modified":"2022-08-31T12:43:03","modified_gmt":"2022-08-31T16:43:03","slug":"a-festa-do-peao-pantaneiro","status":"publish","type":"post","link":"https:\/\/blogdacondessa.com.br\/blog\/geral\/a-festa-do-peao-pantaneiro\/","title":{"rendered":"A Festa do Pe\u00e3o Pantaneiro"},"content":{"rendered":"<p>O ch\u00e3o vai tremer em Agrovila das Palmeiras, entre os dias 01 e 04 de setembro, na \u201c30\u00aa Festa do Pe\u00e3o Pantaneiro\u201d, com Rodeio Profissional, shows nacionais e regionais, Encontro Cultural, com apresenta\u00e7\u00e3o de Siriri, Momento de F\u00e9, homenagem de Honra ao M\u00e9rito aos pe\u00f5es da primeira edi\u00e7\u00e3o, escolha da Rainha do Rodeio, grande Queima do Alho e muita divers\u00e3o. Um evento rico em tradi\u00e7\u00f5es pantaneiras, desenvolvido e realizado pelo Instituto INCA-Inclus\u00e3o, Cidadania e A\u00e7\u00e3o, em rede com a Equipe de Rodeios Manoel Teixeira.<\/p>\n<p>A \u201c30\u00aa Festa do Pe\u00e3o Pantaneiro\u201d vai contar os 30 anos de hist\u00f3ria deste evento que leva a marca de uma popula\u00e7\u00e3o trabalhadora e que mira no Rodeio uma esperan\u00e7a de melhoria na qualidade de vida, na comunidade do munic\u00edpio de Santo Ant\u00f4nio de Leverger (a 85 km de Cuiab\u00e1).<\/p>\n<p>A festa tem o objetivo de contribuir com o desenvolvimento local e regional, com a\u00e7\u00f5es culturais e art\u00edsticas, e \u00eanfase no entretenimento que motive o turismo e a melhoria das condi\u00e7\u00f5es de renda das comunidades da regi\u00e3o de Santo Ant\u00f4nio de Leverger.<\/p>\n<p>Com recorde de inscritos, esse ano a competi\u00e7\u00e3o da Prova do Touro ter\u00e1 52 pe\u00f5es de todo o Brasil registrados como competidores, na disputa por duas motos zero km, mais R$ 10 mil. Participar\u00e3o nomes de fora do Estado, como Danikel de Oliveira, de Mineiros (GO), e outros talentos da terra, como Toni Santana, filho de Agrovila das Palmeiras, Edney de Paula, de Cuiab\u00e1 (MT) e Winicius Santos Almeida Campos, de Dom Aquino (MT).<\/p>\n<p>A programa\u00e7\u00e3o come\u00e7a nesta quinta-feira (01.09), com a missa de A\u00e7\u00e3o de Gra\u00e7as, \u00e0s 19h, no Momento de F\u00e9 com o padre Jo\u00e3o Vytor, e segue com o Encontro Cultural que ter\u00e1 a apresenta\u00e7\u00e3o de dois grupos de Siriri, do munic\u00edpio de Santo Ant\u00f4nio do Leverger.<\/p>\n<p>Ap\u00f3s, \u00e9 dada a largada da abertura do Rodeio que far\u00e1 uma homenagem aos pe\u00f5es da primeira edi\u00e7\u00e3o da Festa do Pe\u00e3o, onde receber\u00e3o o certificado de Honra ao M\u00e9rito pela comiss\u00e3o organizadora do evento.<\/p>\n<p>Dezenove cowboys ser\u00e3o lembrados pela trajet\u00f3ria nesta festa que se tornou tradicional em Mato Grosso.<\/p>\n<p>O Rodeio Profissional contar\u00e1 com a narra\u00e7\u00e3o dos locutores Sabi\u00e1 Ribeiro e Neto Cardoso, com o comentarista Jeison Gon\u00e7alves, o fiscal de brete Valdemir Jacob, com o juiz de Rodeio, Wagner Melo, o Lagartixa, e os salva-vidas Aranha D`\u00e1gua, Tio Lau e Wanderson Nem.<\/p>\n<p>A noite do primeiro dia ter\u00e1 entrada gratuita e encerra com a banda Scort Som fazendo o bail\u00e3o.<\/p>\n<p>J\u00e1 na sexta-feira (02), a entrada ser\u00e1 1 kg de alimento n\u00e3o perec\u00edvel, ao Hospital do C\u00e2ncer, e a abertura do evento ser\u00e1 \u00e0s 20h. O Rodeio come\u00e7a \u00e0s 21h, e \u00e0 meia-noite o p\u00fablico curtir\u00e1 o show nacional de Richard e Diego, dupla sertaneja que estava na festa de Barretos, no dia 27 de agosto, al\u00e9m do bail\u00e3o com Lucianinho dos Teclados.<\/p>\n<p>No s\u00e1bado (03), a entrada ser\u00e1 de R$ 32 e o os port\u00f5es se abrem \u00e0s 19h. \u00c9 neste dia, \u00e0s 20h30, que ser\u00e1 feita a escolha da Rainha do Rodeio, com o Desfile Country. Ap\u00f3s, segue com o Rodeio e depois show nacional com Renan e Ray, e o bail\u00e3o com Kinyou Mega Show.<\/p>\n<p>No \u00faltimo dia, a entrada ser\u00e1 gratuita e come\u00e7a mais cedo, com a Queima do Alho, ao meio-dia. E \u00e0 noite \u00e9 quando acontece a grande final do Rodeio Profissional, com a disputa pelas premia\u00e7\u00f5es, e encerra com Tukinha Banda Show, ap\u00f3s a premia\u00e7\u00e3o do Rodeio.<\/p>\n<p>Todo o evento ser\u00e1 transmitido pelo Youtube e Facebook da Equipe Manoel Teixeira Rodeios<\/p>\n<p>Mais informa\u00e7\u00f5es: (65) 99210-3282.<\/p>\n<p>&nbsp;<\/p>\n","protected":false},"excerpt":{"rendered":"<p>O ch\u00e3o vai tremer em Agrovila das Palmeiras, entre os dias 01 e 04 de setembro, na \u201c30\u00aa Festa do Pe\u00e3o Pantaneiro\u201d, com Rodeio Profissional, shows nacionais e regionais, Encontro Cultural, com apresenta\u00e7\u00e3o de Siriri, Momento de F\u00e9, homenagem de Honra ao M\u00e9rito aos pe\u00f5es da primeira edi\u00e7\u00e3o, escolha da Rainha do Rodeio, grande Queima [&hellip;]<\/p>\n","protected":false},"author":2,"featured_media":4769,"comment_status":"closed","ping_status":"closed","sticky":false,"template":"","format":"standard","meta":{"iawp_total_views":2,"footnotes":""},"categories":[16],"tags":[],"class_list":["post-4768","post","type-post","status-publish","format-standard","has-post-thumbnail","hentry","category-geral"],"yoast_head":"<!-- This site is optimized with the Yoast SEO plugin v27.3 - https:\/\/yoast.com\/product\/yoast-seo-wordpress\/ -->\n<title>A Festa do Pe\u00e3o Pantaneiro &#8902; Blog da Condessa<\/title>\n<meta name=\"robots\" content=\"index, follow, max-snippet:-1, max-image-preview:large, max-video-preview:-1\" \/>\n<link rel=\"canonical\" href=\"https:\/\/blogdacondessa.com.br\/blog\/geral\/a-festa-do-peao-pantaneiro\/\" \/>\n<meta property=\"og:locale\" content=\"pt_BR\" \/>\n<meta property=\"og:type\" content=\"article\" \/>\n<meta property=\"og:title\" content=\"A Festa do Pe\u00e3o Pantaneiro &#8902; Blog da Condessa\" \/>\n<meta property=\"og:description\" content=\"O ch\u00e3o vai tremer em Agrovila das Palmeiras, entre os dias 01 e 04 de setembro, na \u201c30\u00aa Festa do Pe\u00e3o Pantaneiro\u201d, com Rodeio Profissional, shows nacionais e regionais, Encontro Cultural, com apresenta\u00e7\u00e3o de Siriri, Momento de F\u00e9, homenagem de Honra ao M\u00e9rito aos pe\u00f5es da primeira edi\u00e7\u00e3o, escolha da Rainha do Rodeio, grande Queima [&hellip;]\" \/>\n<meta property=\"og:url\" content=\"https:\/\/blogdacondessa.com.br\/blog\/geral\/a-festa-do-peao-pantaneiro\/\" \/>\n<meta property=\"og:site_name\" content=\"Blog da Condessa\" \/>\n<meta property=\"article:published_time\" content=\"2022-08-31T16:43:03+00:00\" \/>\n<meta property=\"og:image\" content=\"https:\/\/blogdacondessa.com.br\/blog\/wp-content\/uploads\/2022\/08\/festa-peao-pantaneiro.webp\" \/>\n\t<meta property=\"og:image:width\" content=\"1065\" \/>\n\t<meta property=\"og:image:height\" content=\"500\" \/>\n\t<meta property=\"og:image:type\" content=\"image\/webp\" \/>\n<meta name=\"author\" content=\"Blog da Condessa\" \/>\n<meta name=\"twitter:card\" content=\"summary_large_image\" \/>\n<meta name=\"twitter:label1\" content=\"Escrito por\" \/>\n\t<meta name=\"twitter:data1\" content=\"Blog da Condessa\" \/>\n\t<meta name=\"twitter:label2\" content=\"Est. tempo de leitura\" \/>\n\t<meta name=\"twitter:data2\" content=\"4 minutos\" \/>\n<script type=\"application\/ld+json\" class=\"yoast-schema-graph\">{\"@context\":\"https:\\\/\\\/schema.org\",\"@graph\":[{\"@type\":\"Article\",\"@id\":\"https:\\\/\\\/blogdacondessa.com.br\\\/blog\\\/geral\\\/a-festa-do-peao-pantaneiro\\\/#article\",\"isPartOf\":{\"@id\":\"https:\\\/\\\/blogdacondessa.com.br\\\/blog\\\/geral\\\/a-festa-do-peao-pantaneiro\\\/\"},\"author\":{\"name\":\"Blog da Condessa\",\"@id\":\"https:\\\/\\\/blogdacondessa.com.br\\\/blog\\\/#\\\/schema\\\/person\\\/1d667ff8b785195b568677489d266035\"},\"headline\":\"A Festa do Pe\u00e3o Pantaneiro\",\"datePublished\":\"2022-08-31T16:43:03+00:00\",\"mainEntityOfPage\":{\"@id\":\"https:\\\/\\\/blogdacondessa.com.br\\\/blog\\\/geral\\\/a-festa-do-peao-pantaneiro\\\/\"},\"wordCount\":638,\"image\":{\"@id\":\"https:\\\/\\\/blogdacondessa.com.br\\\/blog\\\/geral\\\/a-festa-do-peao-pantaneiro\\\/#primaryimage\"},\"thumbnailUrl\":\"https:\\\/\\\/blogdacondessa.com.br\\\/blog\\\/wp-content\\\/uploads\\\/2022\\\/08\\\/festa-peao-pantaneiro.webp\",\"articleSection\":[\"Variedades\"],\"inLanguage\":\"pt-BR\"},{\"@type\":\"WebPage\",\"@id\":\"https:\\\/\\\/blogdacondessa.com.br\\\/blog\\\/geral\\\/a-festa-do-peao-pantaneiro\\\/\",\"url\":\"https:\\\/\\\/blogdacondessa.com.br\\\/blog\\\/geral\\\/a-festa-do-peao-pantaneiro\\\/\",\"name\":\"A Festa do Pe\u00e3o Pantaneiro &#8902; Blog da Condessa\",\"isPartOf\":{\"@id\":\"https:\\\/\\\/blogdacondessa.com.br\\\/blog\\\/#website\"},\"primaryImageOfPage\":{\"@id\":\"https:\\\/\\\/blogdacondessa.com.br\\\/blog\\\/geral\\\/a-festa-do-peao-pantaneiro\\\/#primaryimage\"},\"image\":{\"@id\":\"https:\\\/\\\/blogdacondessa.com.br\\\/blog\\\/geral\\\/a-festa-do-peao-pantaneiro\\\/#primaryimage\"},\"thumbnailUrl\":\"https:\\\/\\\/blogdacondessa.com.br\\\/blog\\\/wp-content\\\/uploads\\\/2022\\\/08\\\/festa-peao-pantaneiro.webp\",\"datePublished\":\"2022-08-31T16:43:03+00:00\",\"author\":{\"@id\":\"https:\\\/\\\/blogdacondessa.com.br\\\/blog\\\/#\\\/schema\\\/person\\\/1d667ff8b785195b568677489d266035\"},\"breadcrumb\":{\"@id\":\"https:\\\/\\\/blogdacondessa.com.br\\\/blog\\\/geral\\\/a-festa-do-peao-pantaneiro\\\/#breadcrumb\"},\"inLanguage\":\"pt-BR\",\"potentialAction\":[{\"@type\":\"ReadAction\",\"target\":[\"https:\\\/\\\/blogdacondessa.com.br\\\/blog\\\/geral\\\/a-festa-do-peao-pantaneiro\\\/\"]}]},{\"@type\":\"ImageObject\",\"inLanguage\":\"pt-BR\",\"@id\":\"https:\\\/\\\/blogdacondessa.com.br\\\/blog\\\/geral\\\/a-festa-do-peao-pantaneiro\\\/#primaryimage\",\"url\":\"https:\\\/\\\/blogdacondessa.com.br\\\/blog\\\/wp-content\\\/uploads\\\/2022\\\/08\\\/festa-peao-pantaneiro.webp\",\"contentUrl\":\"https:\\\/\\\/blogdacondessa.com.br\\\/blog\\\/wp-content\\\/uploads\\\/2022\\\/08\\\/festa-peao-pantaneiro.webp\",\"width\":1065,\"height\":500},{\"@type\":\"BreadcrumbList\",\"@id\":\"https:\\\/\\\/blogdacondessa.com.br\\\/blog\\\/geral\\\/a-festa-do-peao-pantaneiro\\\/#breadcrumb\",\"itemListElement\":[{\"@type\":\"ListItem\",\"position\":1,\"name\":\"In\u00edcio\",\"item\":\"https:\\\/\\\/blogdacondessa.com.br\\\/blog\\\/\"},{\"@type\":\"ListItem\",\"position\":2,\"name\":\"A Festa do Pe\u00e3o Pantaneiro\"}]},{\"@type\":\"WebSite\",\"@id\":\"https:\\\/\\\/blogdacondessa.com.br\\\/blog\\\/#website\",\"url\":\"https:\\\/\\\/blogdacondessa.com.br\\\/blog\\\/\",\"name\":\"Blog da Condessa\",\"description\":\"Com Shirley de Souza O\u2019Campos\",\"potentialAction\":[{\"@type\":\"SearchAction\",\"target\":{\"@type\":\"EntryPoint\",\"urlTemplate\":\"https:\\\/\\\/blogdacondessa.com.br\\\/blog\\\/?s={search_term_string}\"},\"query-input\":{\"@type\":\"PropertyValueSpecification\",\"valueRequired\":true,\"valueName\":\"search_term_string\"}}],\"inLanguage\":\"pt-BR\"},{\"@type\":\"Person\",\"@id\":\"https:\\\/\\\/blogdacondessa.com.br\\\/blog\\\/#\\\/schema\\\/person\\\/1d667ff8b785195b568677489d266035\",\"name\":\"Blog da Condessa\",\"image\":{\"@type\":\"ImageObject\",\"inLanguage\":\"pt-BR\",\"@id\":\"https:\\\/\\\/secure.gravatar.com\\\/avatar\\\/377c0eb8b4ad2bfc25461b41564b5971e721ca34a57642868fc7b0c8ac7b52c5?s=96&d=mm&r=g\",\"url\":\"https:\\\/\\\/secure.gravatar.com\\\/avatar\\\/377c0eb8b4ad2bfc25461b41564b5971e721ca34a57642868fc7b0c8ac7b52c5?s=96&d=mm&r=g\",\"contentUrl\":\"https:\\\/\\\/secure.gravatar.com\\\/avatar\\\/377c0eb8b4ad2bfc25461b41564b5971e721ca34a57642868fc7b0c8ac7b52c5?s=96&d=mm&r=g\",\"caption\":\"Blog da Condessa\"},\"url\":\"https:\\\/\\\/blogdacondessa.com.br\\\/blog\\\/author\\\/beatriz\\\/\"}]}<\/script>\n<!-- \/ Yoast SEO plugin. -->","yoast_head_json":{"title":"A Festa do Pe\u00e3o Pantaneiro &#8902; Blog da Condessa","robots":{"index":"index","follow":"follow","max-snippet":"max-snippet:-1","max-image-preview":"max-image-preview:large","max-video-preview":"max-video-preview:-1"},"canonical":"https:\/\/blogdacondessa.com.br\/blog\/geral\/a-festa-do-peao-pantaneiro\/","og_locale":"pt_BR","og_type":"article","og_title":"A Festa do Pe\u00e3o Pantaneiro &#8902; Blog da Condessa","og_description":"O ch\u00e3o vai tremer em Agrovila das Palmeiras, entre os dias 01 e 04 de setembro, na \u201c30\u00aa Festa do Pe\u00e3o Pantaneiro\u201d, com Rodeio Profissional, shows nacionais e regionais, Encontro Cultural, com apresenta\u00e7\u00e3o de Siriri, Momento de F\u00e9, homenagem de Honra ao M\u00e9rito aos pe\u00f5es da primeira edi\u00e7\u00e3o, escolha da Rainha do Rodeio, grande Queima [&hellip;]","og_url":"https:\/\/blogdacondessa.com.br\/blog\/geral\/a-festa-do-peao-pantaneiro\/","og_site_name":"Blog da Condessa","article_published_time":"2022-08-31T16:43:03+00:00","og_image":[{"width":1065,"height":500,"url":"https:\/\/blogdacondessa.com.br\/blog\/wp-content\/uploads\/2022\/08\/festa-peao-pantaneiro.webp","type":"image\/webp"}],"author":"Blog da Condessa","twitter_card":"summary_large_image","twitter_misc":{"Escrito por":"Blog da Condessa","Est. tempo de leitura":"4 minutos"},"schema":{"@context":"https:\/\/schema.org","@graph":[{"@type":"Article","@id":"https:\/\/blogdacondessa.com.br\/blog\/geral\/a-festa-do-peao-pantaneiro\/#article","isPartOf":{"@id":"https:\/\/blogdacondessa.com.br\/blog\/geral\/a-festa-do-peao-pantaneiro\/"},"author":{"name":"Blog da Condessa","@id":"https:\/\/blogdacondessa.com.br\/blog\/#\/schema\/person\/1d667ff8b785195b568677489d266035"},"headline":"A Festa do Pe\u00e3o Pantaneiro","datePublished":"2022-08-31T16:43:03+00:00","mainEntityOfPage":{"@id":"https:\/\/blogdacondessa.com.br\/blog\/geral\/a-festa-do-peao-pantaneiro\/"},"wordCount":638,"image":{"@id":"https:\/\/blogdacondessa.com.br\/blog\/geral\/a-festa-do-peao-pantaneiro\/#primaryimage"},"thumbnailUrl":"https:\/\/blogdacondessa.com.br\/blog\/wp-content\/uploads\/2022\/08\/festa-peao-pantaneiro.webp","articleSection":["Variedades"],"inLanguage":"pt-BR"},{"@type":"WebPage","@id":"https:\/\/blogdacondessa.com.br\/blog\/geral\/a-festa-do-peao-pantaneiro\/","url":"https:\/\/blogdacondessa.com.br\/blog\/geral\/a-festa-do-peao-pantaneiro\/","name":"A Festa do Pe\u00e3o Pantaneiro &#8902; Blog da Condessa","isPartOf":{"@id":"https:\/\/blogdacondessa.com.br\/blog\/#website"},"primaryImageOfPage":{"@id":"https:\/\/blogdacondessa.com.br\/blog\/geral\/a-festa-do-peao-pantaneiro\/#primaryimage"},"image":{"@id":"https:\/\/blogdacondessa.com.br\/blog\/geral\/a-festa-do-peao-pantaneiro\/#primaryimage"},"thumbnailUrl":"https:\/\/blogdacondessa.com.br\/blog\/wp-content\/uploads\/2022\/08\/festa-peao-pantaneiro.webp","datePublished":"2022-08-31T16:43:03+00:00","author":{"@id":"https:\/\/blogdacondessa.com.br\/blog\/#\/schema\/person\/1d667ff8b785195b568677489d266035"},"breadcrumb":{"@id":"https:\/\/blogdacondessa.com.br\/blog\/geral\/a-festa-do-peao-pantaneiro\/#breadcrumb"},"inLanguage":"pt-BR","potentialAction":[{"@type":"ReadAction","target":["https:\/\/blogdacondessa.com.br\/blog\/geral\/a-festa-do-peao-pantaneiro\/"]}]},{"@type":"ImageObject","inLanguage":"pt-BR","@id":"https:\/\/blogdacondessa.com.br\/blog\/geral\/a-festa-do-peao-pantaneiro\/#primaryimage","url":"https:\/\/blogdacondessa.com.br\/blog\/wp-content\/uploads\/2022\/08\/festa-peao-pantaneiro.webp","contentUrl":"https:\/\/blogdacondessa.com.br\/blog\/wp-content\/uploads\/2022\/08\/festa-peao-pantaneiro.webp","width":1065,"height":500},{"@type":"BreadcrumbList","@id":"https:\/\/blogdacondessa.com.br\/blog\/geral\/a-festa-do-peao-pantaneiro\/#breadcrumb","itemListElement":[{"@type":"ListItem","position":1,"name":"In\u00edcio","item":"https:\/\/blogdacondessa.com.br\/blog\/"},{"@type":"ListItem","position":2,"name":"A Festa do Pe\u00e3o Pantaneiro"}]},{"@type":"WebSite","@id":"https:\/\/blogdacondessa.com.br\/blog\/#website","url":"https:\/\/blogdacondessa.com.br\/blog\/","name":"Blog da Condessa","description":"Com Shirley de Souza O\u2019Campos","potentialAction":[{"@type":"SearchAction","target":{"@type":"EntryPoint","urlTemplate":"https:\/\/blogdacondessa.com.br\/blog\/?s={search_term_string}"},"query-input":{"@type":"PropertyValueSpecification","valueRequired":true,"valueName":"search_term_string"}}],"inLanguage":"pt-BR"},{"@type":"Person","@id":"https:\/\/blogdacondessa.com.br\/blog\/#\/schema\/person\/1d667ff8b785195b568677489d266035","name":"Blog da Condessa","image":{"@type":"ImageObject","inLanguage":"pt-BR","@id":"https:\/\/secure.gravatar.com\/avatar\/377c0eb8b4ad2bfc25461b41564b5971e721ca34a57642868fc7b0c8ac7b52c5?s=96&d=mm&r=g","url":"https:\/\/secure.gravatar.com\/avatar\/377c0eb8b4ad2bfc25461b41564b5971e721ca34a57642868fc7b0c8ac7b52c5?s=96&d=mm&r=g","contentUrl":"https:\/\/secure.gravatar.com\/avatar\/377c0eb8b4ad2bfc25461b41564b5971e721ca34a57642868fc7b0c8ac7b52c5?s=96&d=mm&r=g","caption":"Blog da Condessa"},"url":"https:\/\/blogdacondessa.com.br\/blog\/author\/beatriz\/"}]}},"_links":{"self":[{"href":"https:\/\/blogdacondessa.com.br\/blog\/wp-json\/wp\/v2\/posts\/4768","targetHints":{"allow":["GET"]}}],"collection":[{"href":"https:\/\/blogdacondessa.com.br\/blog\/wp-json\/wp\/v2\/posts"}],"about":[{"href":"https:\/\/blogdacondessa.com.br\/blog\/wp-json\/wp\/v2\/types\/post"}],"author":[{"embeddable":true,"href":"https:\/\/blogdacondessa.com.br\/blog\/wp-json\/wp\/v2\/users\/2"}],"replies":[{"embeddable":true,"href":"https:\/\/blogdacondessa.com.br\/blog\/wp-json\/wp\/v2\/comments?post=4768"}],"version-history":[{"count":0,"href":"https:\/\/blogdacondessa.com.br\/blog\/wp-json\/wp\/v2\/posts\/4768\/revisions"}],"wp:featuredmedia":[{"embeddable":true,"href":"https:\/\/blogdacondessa.com.br\/blog\/wp-json\/wp\/v2\/media\/4769"}],"wp:attachment":[{"href":"https:\/\/blogdacondessa.com.br\/blog\/wp-json\/wp\/v2\/media?parent=4768"}],"wp:term":[{"taxonomy":"category","embeddable":true,"href":"https:\/\/blogdacondessa.com.br\/blog\/wp-json\/wp\/v2\/categories?post=4768"},{"taxonomy":"post_tag","embeddable":true,"href":"https:\/\/blogdacondessa.com.br\/blog\/wp-json\/wp\/v2\/tags?post=4768"}],"curies":[{"name":"wp","href":"https:\/\/api.w.org\/{rel}","templated":true}]}}