{"id":4765,"date":"2022-08-31T05:00:21","date_gmt":"2022-08-31T09:00:21","guid":{"rendered":"http:\/\/blogdacondessa.com.br\/?p=4765"},"modified":"2022-08-30T16:54:21","modified_gmt":"2022-08-30T20:54:21","slug":"programa-visa-prevencao-da-corrupcao-e-o-fortalecimento-da-participacao-democratica-no-pais","status":"publish","type":"post","link":"https:\/\/blogdacondessa.com.br\/blog\/institucional\/programa-visa-prevencao-da-corrupcao-e-o-fortalecimento-da-participacao-democratica-no-pais\/","title":{"rendered":"Programa visa preven\u00e7\u00e3o da corrup\u00e7\u00e3o e o fortalecimento da participa\u00e7\u00e3o democr\u00e1tica no pa\u00eds"},"content":{"rendered":"<p>Mato Grosso \u00e9 o primeiro estado do pa\u00eds a atingir 100% de avalia\u00e7\u00e3o de todas as unidades gestoras no \u00e2mbito do\u00a0Programa Nacional de Transpar\u00eancia P\u00fablica organizado pela Associa\u00e7\u00e3o dos Membros dos Tribunais de Contas do Brasil (Atricon). O resultado em Mato Grosso \u00e9 fruto de articula\u00e7\u00e3o do Tribunal de Contas de Mato Grosso (TCE-MT) junto aos controladores internos.<\/p>\n<p>Designado coordenador nacional do programa pela Atricon e ouvidor-geral do TCE-MT, conselheiro Antonio Joaquim explica que, por meio das respostas, ser\u00e1 avaliado o n\u00edvel de transpar\u00eancia ativa dos portais dos Poderes e \u00f3rg\u00e3os fiscalizados pelos tribunais de contas brasileiros, inclu\u00eddos os sites mantidos pelas pr\u00f3prias institui\u00e7\u00f5es de controle externo.\u00a0Neste contexto, destacou a Portaria TCE\/MT 124\/22, institu\u00edda pelo presidente do TCE-MT, conselheiro Jos\u00e9 Carlos Novelli, que designou a equipe t\u00e9cnica e o relator do levantamento no Estado.<\/p>\n<p>Al\u00e9m disso, chamou a aten\u00e7\u00e3o para a import\u00e2ncia da parceria firmada com os controladores internos, fundamentais para o resultado. \u201cJ\u00e1 recebemos as 288 avalia\u00e7\u00f5es esperadas em Mato Grosso. Neste primeiro ciclo, os controladores internos de prefeituras, secretarias, c\u00e2maras e demais \u00f3rg\u00e3os fiscalizados foram estimulados a fazer a autoavalia\u00e7\u00e3o\u201d, afirma o conselheiro.<\/p>\n<p>O exame dos s\u00edtios eletr\u00f4nicos dos \u00f3rg\u00e3os p\u00fablicos brasileiros ser\u00e1 feito essencialmente a partir dos crit\u00e9rios estabelecidos pela Atricon na Resolu\u00e7\u00e3o n\u00ba 09\/2018. \u201cPor meio disso, vamos avaliar e recomendar a implementa\u00e7\u00e3o de medidas para ampliar a transpar\u00eancia p\u00fablica em todas as unidades p\u00fablicas do Brasil, contribuindo, em \u00faltima an\u00e1lise, para o exerc\u00edcio da cidadania,\u201d ressaltou.<\/p>\n<p>Vale destacar que o programa, que tamb\u00e9m conta com suporte do Instituto Rui Barbosa (IRB), tem como um de seus principais objetivos a preven\u00e7\u00e3o da corrup\u00e7\u00e3o e o fortalecimento da participa\u00e7\u00e3o democr\u00e1tica no pa\u00eds.\u00a0Al\u00e9m do Levantamento, o plano de a\u00e7\u00e3o prev\u00ea a institucionaliza\u00e7\u00e3o do M\u00eas da Transpar\u00eancia P\u00fablica Nacional e desenvolvimento do Radar da Transpar\u00eancia P\u00fablica Nacional. Este Sistema, j\u00e1 utilizado pela Corte de Contas mato-grossense, \u00e9 tido como exemplo para outras institui\u00e7\u00f5es.<\/p>\n<p>&nbsp;<\/p>\n<p>&nbsp;<\/p>\n","protected":false},"excerpt":{"rendered":"<p>Mato Grosso \u00e9 o primeiro estado do pa\u00eds a atingir 100% de avalia\u00e7\u00e3o de todas as unidades gestoras no \u00e2mbito do\u00a0Programa Nacional de Transpar\u00eancia P\u00fablica organizado pela Associa\u00e7\u00e3o dos Membros dos Tribunais de Contas do Brasil (Atricon). O resultado em Mato Grosso \u00e9 fruto de articula\u00e7\u00e3o do Tribunal de Contas de Mato Grosso (TCE-MT) junto [&hellip;]<\/p>\n","protected":false},"author":2,"featured_media":4766,"comment_status":"closed","ping_status":"closed","sticky":false,"template":"","format":"standard","meta":{"iawp_total_views":0,"footnotes":""},"categories":[13],"tags":[],"class_list":["post-4765","post","type-post","status-publish","format-standard","has-post-thumbnail","hentry","category-institucional"],"yoast_head":"<!-- This site is optimized with the Yoast SEO plugin v27.3 - https:\/\/yoast.com\/product\/yoast-seo-wordpress\/ -->\n<title>Programa visa preven\u00e7\u00e3o da corrup\u00e7\u00e3o e o fortalecimento da participa\u00e7\u00e3o democr\u00e1tica no pa\u00eds &#8902; Blog da Condessa<\/title>\n<meta name=\"robots\" content=\"index, follow, max-snippet:-1, max-image-preview:large, max-video-preview:-1\" \/>\n<link rel=\"canonical\" href=\"https:\/\/blogdacondessa.com.br\/blog\/institucional\/programa-visa-prevencao-da-corrupcao-e-o-fortalecimento-da-participacao-democratica-no-pais\/\" \/>\n<meta property=\"og:locale\" content=\"pt_BR\" \/>\n<meta property=\"og:type\" content=\"article\" \/>\n<meta property=\"og:title\" content=\"Programa visa preven\u00e7\u00e3o da corrup\u00e7\u00e3o e o fortalecimento da participa\u00e7\u00e3o democr\u00e1tica no pa\u00eds &#8902; Blog da Condessa\" \/>\n<meta property=\"og:description\" content=\"Mato Grosso \u00e9 o primeiro estado do pa\u00eds a atingir 100% de avalia\u00e7\u00e3o de todas as unidades gestoras no \u00e2mbito do\u00a0Programa Nacional de Transpar\u00eancia P\u00fablica organizado pela Associa\u00e7\u00e3o dos Membros dos Tribunais de Contas do Brasil (Atricon). O resultado em Mato Grosso \u00e9 fruto de articula\u00e7\u00e3o do Tribunal de Contas de Mato Grosso (TCE-MT) junto [&hellip;]\" \/>\n<meta property=\"og:url\" content=\"https:\/\/blogdacondessa.com.br\/blog\/institucional\/programa-visa-prevencao-da-corrupcao-e-o-fortalecimento-da-participacao-democratica-no-pais\/\" \/>\n<meta property=\"og:site_name\" content=\"Blog da Condessa\" \/>\n<meta property=\"article:published_time\" content=\"2022-08-31T09:00:21+00:00\" \/>\n<meta property=\"og:image\" content=\"https:\/\/blogdacondessa.com.br\/blog\/wp-content\/uploads\/2022\/08\/TCE-MT.jpg\" \/>\n\t<meta property=\"og:image:width\" content=\"365\" \/>\n\t<meta property=\"og:image:height\" content=\"243\" \/>\n\t<meta property=\"og:image:type\" content=\"image\/jpeg\" \/>\n<meta name=\"author\" content=\"Blog da Condessa\" \/>\n<meta name=\"twitter:card\" content=\"summary_large_image\" \/>\n<meta name=\"twitter:label1\" content=\"Escrito por\" \/>\n\t<meta name=\"twitter:data1\" content=\"Blog da Condessa\" \/>\n\t<meta name=\"twitter:label2\" content=\"Est. tempo de leitura\" \/>\n\t<meta name=\"twitter:data2\" content=\"2 minutos\" \/>\n<script type=\"application\/ld+json\" class=\"yoast-schema-graph\">{\"@context\":\"https:\\\/\\\/schema.org\",\"@graph\":[{\"@type\":\"Article\",\"@id\":\"https:\\\/\\\/blogdacondessa.com.br\\\/blog\\\/institucional\\\/programa-visa-prevencao-da-corrupcao-e-o-fortalecimento-da-participacao-democratica-no-pais\\\/#article\",\"isPartOf\":{\"@id\":\"https:\\\/\\\/blogdacondessa.com.br\\\/blog\\\/institucional\\\/programa-visa-prevencao-da-corrupcao-e-o-fortalecimento-da-participacao-democratica-no-pais\\\/\"},\"author\":{\"name\":\"Blog da Condessa\",\"@id\":\"https:\\\/\\\/blogdacondessa.com.br\\\/blog\\\/#\\\/schema\\\/person\\\/1d667ff8b785195b568677489d266035\"},\"headline\":\"Programa visa preven\u00e7\u00e3o da corrup\u00e7\u00e3o e o fortalecimento da participa\u00e7\u00e3o democr\u00e1tica no pa\u00eds\",\"datePublished\":\"2022-08-31T09:00:21+00:00\",\"mainEntityOfPage\":{\"@id\":\"https:\\\/\\\/blogdacondessa.com.br\\\/blog\\\/institucional\\\/programa-visa-prevencao-da-corrupcao-e-o-fortalecimento-da-participacao-democratica-no-pais\\\/\"},\"wordCount\":379,\"image\":{\"@id\":\"https:\\\/\\\/blogdacondessa.com.br\\\/blog\\\/institucional\\\/programa-visa-prevencao-da-corrupcao-e-o-fortalecimento-da-participacao-democratica-no-pais\\\/#primaryimage\"},\"thumbnailUrl\":\"https:\\\/\\\/blogdacondessa.com.br\\\/blog\\\/wp-content\\\/uploads\\\/2022\\\/08\\\/TCE-MT.jpg\",\"articleSection\":[\"Institucional\"],\"inLanguage\":\"pt-BR\"},{\"@type\":\"WebPage\",\"@id\":\"https:\\\/\\\/blogdacondessa.com.br\\\/blog\\\/institucional\\\/programa-visa-prevencao-da-corrupcao-e-o-fortalecimento-da-participacao-democratica-no-pais\\\/\",\"url\":\"https:\\\/\\\/blogdacondessa.com.br\\\/blog\\\/institucional\\\/programa-visa-prevencao-da-corrupcao-e-o-fortalecimento-da-participacao-democratica-no-pais\\\/\",\"name\":\"Programa visa preven\u00e7\u00e3o da corrup\u00e7\u00e3o e o fortalecimento da participa\u00e7\u00e3o democr\u00e1tica no pa\u00eds &#8902; Blog da Condessa\",\"isPartOf\":{\"@id\":\"https:\\\/\\\/blogdacondessa.com.br\\\/blog\\\/#website\"},\"primaryImageOfPage\":{\"@id\":\"https:\\\/\\\/blogdacondessa.com.br\\\/blog\\\/institucional\\\/programa-visa-prevencao-da-corrupcao-e-o-fortalecimento-da-participacao-democratica-no-pais\\\/#primaryimage\"},\"image\":{\"@id\":\"https:\\\/\\\/blogdacondessa.com.br\\\/blog\\\/institucional\\\/programa-visa-prevencao-da-corrupcao-e-o-fortalecimento-da-participacao-democratica-no-pais\\\/#primaryimage\"},\"thumbnailUrl\":\"https:\\\/\\\/blogdacondessa.com.br\\\/blog\\\/wp-content\\\/uploads\\\/2022\\\/08\\\/TCE-MT.jpg\",\"datePublished\":\"2022-08-31T09:00:21+00:00\",\"author\":{\"@id\":\"https:\\\/\\\/blogdacondessa.com.br\\\/blog\\\/#\\\/schema\\\/person\\\/1d667ff8b785195b568677489d266035\"},\"breadcrumb\":{\"@id\":\"https:\\\/\\\/blogdacondessa.com.br\\\/blog\\\/institucional\\\/programa-visa-prevencao-da-corrupcao-e-o-fortalecimento-da-participacao-democratica-no-pais\\\/#breadcrumb\"},\"inLanguage\":\"pt-BR\",\"potentialAction\":[{\"@type\":\"ReadAction\",\"target\":[\"https:\\\/\\\/blogdacondessa.com.br\\\/blog\\\/institucional\\\/programa-visa-prevencao-da-corrupcao-e-o-fortalecimento-da-participacao-democratica-no-pais\\\/\"]}]},{\"@type\":\"ImageObject\",\"inLanguage\":\"pt-BR\",\"@id\":\"https:\\\/\\\/blogdacondessa.com.br\\\/blog\\\/institucional\\\/programa-visa-prevencao-da-corrupcao-e-o-fortalecimento-da-participacao-democratica-no-pais\\\/#primaryimage\",\"url\":\"https:\\\/\\\/blogdacondessa.com.br\\\/blog\\\/wp-content\\\/uploads\\\/2022\\\/08\\\/TCE-MT.jpg\",\"contentUrl\":\"https:\\\/\\\/blogdacondessa.com.br\\\/blog\\\/wp-content\\\/uploads\\\/2022\\\/08\\\/TCE-MT.jpg\",\"width\":365,\"height\":243,\"caption\":\"Foto: Tony Ribeiro\\\/TCE-MT\"},{\"@type\":\"BreadcrumbList\",\"@id\":\"https:\\\/\\\/blogdacondessa.com.br\\\/blog\\\/institucional\\\/programa-visa-prevencao-da-corrupcao-e-o-fortalecimento-da-participacao-democratica-no-pais\\\/#breadcrumb\",\"itemListElement\":[{\"@type\":\"ListItem\",\"position\":1,\"name\":\"In\u00edcio\",\"item\":\"https:\\\/\\\/blogdacondessa.com.br\\\/blog\\\/\"},{\"@type\":\"ListItem\",\"position\":2,\"name\":\"Programa visa preven\u00e7\u00e3o da corrup\u00e7\u00e3o e o fortalecimento da participa\u00e7\u00e3o democr\u00e1tica no pa\u00eds\"}]},{\"@type\":\"WebSite\",\"@id\":\"https:\\\/\\\/blogdacondessa.com.br\\\/blog\\\/#website\",\"url\":\"https:\\\/\\\/blogdacondessa.com.br\\\/blog\\\/\",\"name\":\"Blog da Condessa\",\"description\":\"Com Shirley de Souza O\u2019Campos\",\"potentialAction\":[{\"@type\":\"SearchAction\",\"target\":{\"@type\":\"EntryPoint\",\"urlTemplate\":\"https:\\\/\\\/blogdacondessa.com.br\\\/blog\\\/?s={search_term_string}\"},\"query-input\":{\"@type\":\"PropertyValueSpecification\",\"valueRequired\":true,\"valueName\":\"search_term_string\"}}],\"inLanguage\":\"pt-BR\"},{\"@type\":\"Person\",\"@id\":\"https:\\\/\\\/blogdacondessa.com.br\\\/blog\\\/#\\\/schema\\\/person\\\/1d667ff8b785195b568677489d266035\",\"name\":\"Blog da Condessa\",\"image\":{\"@type\":\"ImageObject\",\"inLanguage\":\"pt-BR\",\"@id\":\"https:\\\/\\\/secure.gravatar.com\\\/avatar\\\/377c0eb8b4ad2bfc25461b41564b5971e721ca34a57642868fc7b0c8ac7b52c5?s=96&d=mm&r=g\",\"url\":\"https:\\\/\\\/secure.gravatar.com\\\/avatar\\\/377c0eb8b4ad2bfc25461b41564b5971e721ca34a57642868fc7b0c8ac7b52c5?s=96&d=mm&r=g\",\"contentUrl\":\"https:\\\/\\\/secure.gravatar.com\\\/avatar\\\/377c0eb8b4ad2bfc25461b41564b5971e721ca34a57642868fc7b0c8ac7b52c5?s=96&d=mm&r=g\",\"caption\":\"Blog da Condessa\"},\"url\":\"https:\\\/\\\/blogdacondessa.com.br\\\/blog\\\/author\\\/beatriz\\\/\"}]}<\/script>\n<!-- \/ Yoast SEO plugin. -->","yoast_head_json":{"title":"Programa visa preven\u00e7\u00e3o da corrup\u00e7\u00e3o e o fortalecimento da participa\u00e7\u00e3o democr\u00e1tica no pa\u00eds &#8902; Blog da Condessa","robots":{"index":"index","follow":"follow","max-snippet":"max-snippet:-1","max-image-preview":"max-image-preview:large","max-video-preview":"max-video-preview:-1"},"canonical":"https:\/\/blogdacondessa.com.br\/blog\/institucional\/programa-visa-prevencao-da-corrupcao-e-o-fortalecimento-da-participacao-democratica-no-pais\/","og_locale":"pt_BR","og_type":"article","og_title":"Programa visa preven\u00e7\u00e3o da corrup\u00e7\u00e3o e o fortalecimento da participa\u00e7\u00e3o democr\u00e1tica no pa\u00eds &#8902; Blog da Condessa","og_description":"Mato Grosso \u00e9 o primeiro estado do pa\u00eds a atingir 100% de avalia\u00e7\u00e3o de todas as unidades gestoras no \u00e2mbito do\u00a0Programa Nacional de Transpar\u00eancia P\u00fablica organizado pela Associa\u00e7\u00e3o dos Membros dos Tribunais de Contas do Brasil (Atricon). O resultado em Mato Grosso \u00e9 fruto de articula\u00e7\u00e3o do Tribunal de Contas de Mato Grosso (TCE-MT) junto [&hellip;]","og_url":"https:\/\/blogdacondessa.com.br\/blog\/institucional\/programa-visa-prevencao-da-corrupcao-e-o-fortalecimento-da-participacao-democratica-no-pais\/","og_site_name":"Blog da Condessa","article_published_time":"2022-08-31T09:00:21+00:00","og_image":[{"width":365,"height":243,"url":"https:\/\/blogdacondessa.com.br\/blog\/wp-content\/uploads\/2022\/08\/TCE-MT.jpg","type":"image\/jpeg"}],"author":"Blog da Condessa","twitter_card":"summary_large_image","twitter_misc":{"Escrito por":"Blog da Condessa","Est. tempo de leitura":"2 minutos"},"schema":{"@context":"https:\/\/schema.org","@graph":[{"@type":"Article","@id":"https:\/\/blogdacondessa.com.br\/blog\/institucional\/programa-visa-prevencao-da-corrupcao-e-o-fortalecimento-da-participacao-democratica-no-pais\/#article","isPartOf":{"@id":"https:\/\/blogdacondessa.com.br\/blog\/institucional\/programa-visa-prevencao-da-corrupcao-e-o-fortalecimento-da-participacao-democratica-no-pais\/"},"author":{"name":"Blog da Condessa","@id":"https:\/\/blogdacondessa.com.br\/blog\/#\/schema\/person\/1d667ff8b785195b568677489d266035"},"headline":"Programa visa preven\u00e7\u00e3o da corrup\u00e7\u00e3o e o fortalecimento da participa\u00e7\u00e3o democr\u00e1tica no pa\u00eds","datePublished":"2022-08-31T09:00:21+00:00","mainEntityOfPage":{"@id":"https:\/\/blogdacondessa.com.br\/blog\/institucional\/programa-visa-prevencao-da-corrupcao-e-o-fortalecimento-da-participacao-democratica-no-pais\/"},"wordCount":379,"image":{"@id":"https:\/\/blogdacondessa.com.br\/blog\/institucional\/programa-visa-prevencao-da-corrupcao-e-o-fortalecimento-da-participacao-democratica-no-pais\/#primaryimage"},"thumbnailUrl":"https:\/\/blogdacondessa.com.br\/blog\/wp-content\/uploads\/2022\/08\/TCE-MT.jpg","articleSection":["Institucional"],"inLanguage":"pt-BR"},{"@type":"WebPage","@id":"https:\/\/blogdacondessa.com.br\/blog\/institucional\/programa-visa-prevencao-da-corrupcao-e-o-fortalecimento-da-participacao-democratica-no-pais\/","url":"https:\/\/blogdacondessa.com.br\/blog\/institucional\/programa-visa-prevencao-da-corrupcao-e-o-fortalecimento-da-participacao-democratica-no-pais\/","name":"Programa visa preven\u00e7\u00e3o da corrup\u00e7\u00e3o e o fortalecimento da participa\u00e7\u00e3o democr\u00e1tica no pa\u00eds &#8902; Blog da Condessa","isPartOf":{"@id":"https:\/\/blogdacondessa.com.br\/blog\/#website"},"primaryImageOfPage":{"@id":"https:\/\/blogdacondessa.com.br\/blog\/institucional\/programa-visa-prevencao-da-corrupcao-e-o-fortalecimento-da-participacao-democratica-no-pais\/#primaryimage"},"image":{"@id":"https:\/\/blogdacondessa.com.br\/blog\/institucional\/programa-visa-prevencao-da-corrupcao-e-o-fortalecimento-da-participacao-democratica-no-pais\/#primaryimage"},"thumbnailUrl":"https:\/\/blogdacondessa.com.br\/blog\/wp-content\/uploads\/2022\/08\/TCE-MT.jpg","datePublished":"2022-08-31T09:00:21+00:00","author":{"@id":"https:\/\/blogdacondessa.com.br\/blog\/#\/schema\/person\/1d667ff8b785195b568677489d266035"},"breadcrumb":{"@id":"https:\/\/blogdacondessa.com.br\/blog\/institucional\/programa-visa-prevencao-da-corrupcao-e-o-fortalecimento-da-participacao-democratica-no-pais\/#breadcrumb"},"inLanguage":"pt-BR","potentialAction":[{"@type":"ReadAction","target":["https:\/\/blogdacondessa.com.br\/blog\/institucional\/programa-visa-prevencao-da-corrupcao-e-o-fortalecimento-da-participacao-democratica-no-pais\/"]}]},{"@type":"ImageObject","inLanguage":"pt-BR","@id":"https:\/\/blogdacondessa.com.br\/blog\/institucional\/programa-visa-prevencao-da-corrupcao-e-o-fortalecimento-da-participacao-democratica-no-pais\/#primaryimage","url":"https:\/\/blogdacondessa.com.br\/blog\/wp-content\/uploads\/2022\/08\/TCE-MT.jpg","contentUrl":"https:\/\/blogdacondessa.com.br\/blog\/wp-content\/uploads\/2022\/08\/TCE-MT.jpg","width":365,"height":243,"caption":"Foto: Tony Ribeiro\/TCE-MT"},{"@type":"BreadcrumbList","@id":"https:\/\/blogdacondessa.com.br\/blog\/institucional\/programa-visa-prevencao-da-corrupcao-e-o-fortalecimento-da-participacao-democratica-no-pais\/#breadcrumb","itemListElement":[{"@type":"ListItem","position":1,"name":"In\u00edcio","item":"https:\/\/blogdacondessa.com.br\/blog\/"},{"@type":"ListItem","position":2,"name":"Programa visa preven\u00e7\u00e3o da corrup\u00e7\u00e3o e o fortalecimento da participa\u00e7\u00e3o democr\u00e1tica no pa\u00eds"}]},{"@type":"WebSite","@id":"https:\/\/blogdacondessa.com.br\/blog\/#website","url":"https:\/\/blogdacondessa.com.br\/blog\/","name":"Blog da Condessa","description":"Com Shirley de Souza O\u2019Campos","potentialAction":[{"@type":"SearchAction","target":{"@type":"EntryPoint","urlTemplate":"https:\/\/blogdacondessa.com.br\/blog\/?s={search_term_string}"},"query-input":{"@type":"PropertyValueSpecification","valueRequired":true,"valueName":"search_term_string"}}],"inLanguage":"pt-BR"},{"@type":"Person","@id":"https:\/\/blogdacondessa.com.br\/blog\/#\/schema\/person\/1d667ff8b785195b568677489d266035","name":"Blog da Condessa","image":{"@type":"ImageObject","inLanguage":"pt-BR","@id":"https:\/\/secure.gravatar.com\/avatar\/377c0eb8b4ad2bfc25461b41564b5971e721ca34a57642868fc7b0c8ac7b52c5?s=96&d=mm&r=g","url":"https:\/\/secure.gravatar.com\/avatar\/377c0eb8b4ad2bfc25461b41564b5971e721ca34a57642868fc7b0c8ac7b52c5?s=96&d=mm&r=g","contentUrl":"https:\/\/secure.gravatar.com\/avatar\/377c0eb8b4ad2bfc25461b41564b5971e721ca34a57642868fc7b0c8ac7b52c5?s=96&d=mm&r=g","caption":"Blog da Condessa"},"url":"https:\/\/blogdacondessa.com.br\/blog\/author\/beatriz\/"}]}},"_links":{"self":[{"href":"https:\/\/blogdacondessa.com.br\/blog\/wp-json\/wp\/v2\/posts\/4765","targetHints":{"allow":["GET"]}}],"collection":[{"href":"https:\/\/blogdacondessa.com.br\/blog\/wp-json\/wp\/v2\/posts"}],"about":[{"href":"https:\/\/blogdacondessa.com.br\/blog\/wp-json\/wp\/v2\/types\/post"}],"author":[{"embeddable":true,"href":"https:\/\/blogdacondessa.com.br\/blog\/wp-json\/wp\/v2\/users\/2"}],"replies":[{"embeddable":true,"href":"https:\/\/blogdacondessa.com.br\/blog\/wp-json\/wp\/v2\/comments?post=4765"}],"version-history":[{"count":0,"href":"https:\/\/blogdacondessa.com.br\/blog\/wp-json\/wp\/v2\/posts\/4765\/revisions"}],"wp:featuredmedia":[{"embeddable":true,"href":"https:\/\/blogdacondessa.com.br\/blog\/wp-json\/wp\/v2\/media\/4766"}],"wp:attachment":[{"href":"https:\/\/blogdacondessa.com.br\/blog\/wp-json\/wp\/v2\/media?parent=4765"}],"wp:term":[{"taxonomy":"category","embeddable":true,"href":"https:\/\/blogdacondessa.com.br\/blog\/wp-json\/wp\/v2\/categories?post=4765"},{"taxonomy":"post_tag","embeddable":true,"href":"https:\/\/blogdacondessa.com.br\/blog\/wp-json\/wp\/v2\/tags?post=4765"}],"curies":[{"name":"wp","href":"https:\/\/api.w.org\/{rel}","templated":true}]}}