{"id":4762,"date":"2022-08-31T05:00:24","date_gmt":"2022-08-31T09:00:24","guid":{"rendered":"http:\/\/blogdacondessa.com.br\/?p=4762"},"modified":"2022-08-30T16:40:02","modified_gmt":"2022-08-30T20:40:02","slug":"entrega-do-cartao-postal-cuiabano-esta-marcada-para-ocorrer-ainda-este-mes","status":"publish","type":"post","link":"https:\/\/blogdacondessa.com.br\/blog\/cidades\/entrega-do-cartao-postal-cuiabano-esta-marcada-para-ocorrer-ainda-este-mes\/","title":{"rendered":"Entrega do cart\u00e3o postal cuiabano est\u00e1 marcada para ocorrer ainda este m\u00eas"},"content":{"rendered":"<p>Usada durante as manifesta\u00e7\u00f5es dos g\u00eaneros musicais como siriri e cururu, o s\u00edmbolo cultural da Capital, a Viola de Cocho, chega \u00e0 Orla do Porto II para abrilhantar o processo de requalifica\u00e7\u00e3o que est\u00e1 sendo desenvolvido pela gest\u00e3o Emanuel Pinheiro, no local.<\/p>\n<p>As equipes ajustam os detalhes finais da obra, por meio da promo\u00e7\u00e3o dos servi\u00e7os de implanta\u00e7\u00e3o de cal\u00e7adas, sistema de ilumina\u00e7\u00e3o e ciclovia.<\/p>\n<p>De acordo com a Secretaria Municipal de Obras P\u00fablicas (SMOP), respons\u00e1vel pela coordena\u00e7\u00e3o dos trabalhos, a entrega do cart\u00e3o postal cuiabano est\u00e1 marcada para ocorrer em setembro deste ano.<\/p>\n<p>Al\u00e9m disso, o ponto tur\u00edstico ter\u00e1 \u00e0 disposi\u00e7\u00e3o da popula\u00e7\u00e3o, pista de caminhada, academia ao ar livre, arboriza\u00e7\u00e3o e estacionamento, ao longo de seus mais de 600 metros de extens\u00e3o. Os investimentos aplicados pela Prefeitura de Cuiab\u00e1 s\u00e3o de mais de R $3,4 milh\u00f5es.<\/p>\n<p>O vice-prefeito e titular da SMOP, Jos\u00e9 Roberto Stopa, afirmou que o novo equipamento p\u00fablico ter\u00e1 como caracter\u00edstica predominante, a valoriza\u00e7\u00e3o da hist\u00f3ria regional e o incentivo \u00e0 inclus\u00e3o social, oportunizando aos cidad\u00e3os mais uma op\u00e7\u00e3o de lazer na cidade. &#8220;Um lugar que antes estava esquecido e, gra\u00e7as a Deus, conseguimos mudar a realidade aqui. Ser\u00e1 um espa\u00e7o de recrea\u00e7\u00e3o para as fam\u00edlias, sem deixar de lado, as suas origens e ra\u00edzes que marcaram presen\u00e7a no passado. Falta muito pouco para entregarmos mais essa bela obra, que nos orgulhamos muito em faz\u00ea-la, um presente da minha gest\u00e3o e do prefeito Emanuel Pinheiro para Cuiab\u00e1&#8221;, declarou.<\/p>\n<p>O projeto de melhorias desta segunda etapa inclui ainda, a implanta\u00e7\u00e3o de dois monumentos, em homenagem a duas grandes personalidades p\u00fablicas do munic\u00edpio, sendo eles, o estadista Dante Martins de Oliveira, bem como o carnavalesco e colunista social Jej\u00e9 de Oy\u00e1.<\/p>\n<p>Em 2021, o prefeito Emanuel Pinheiro\u00a0 entregou outra parte integrante da Orla do Porto, a Vila Cuiabana, um compromisso firmado em seu primeiro mandato, com objetivo de fomentar o setor tur\u00edstico e cultural da capital mato-grossense, garantindo assim, um espa\u00e7o digno e seguro aos frequentadores, substituindo os materiais fr\u00e1geis, por aqueles de alvenaria.<\/p>\n<p>&nbsp;<\/p>\n<p>&nbsp;<\/p>\n","protected":false},"excerpt":{"rendered":"<p>Usada durante as manifesta\u00e7\u00f5es dos g\u00eaneros musicais como siriri e cururu, o s\u00edmbolo cultural da Capital, a Viola de Cocho, chega \u00e0 Orla do Porto II para abrilhantar o processo de requalifica\u00e7\u00e3o que est\u00e1 sendo desenvolvido pela gest\u00e3o Emanuel Pinheiro, no local. As equipes ajustam os detalhes finais da obra, por meio da promo\u00e7\u00e3o dos [&hellip;]<\/p>\n","protected":false},"author":2,"featured_media":4763,"comment_status":"closed","ping_status":"closed","sticky":false,"template":"","format":"standard","meta":{"iawp_total_views":0,"footnotes":""},"categories":[12],"tags":[],"class_list":["post-4762","post","type-post","status-publish","format-standard","has-post-thumbnail","hentry","category-cidades"],"yoast_head":"<!-- This site is optimized with the Yoast SEO plugin v27.3 - https:\/\/yoast.com\/product\/yoast-seo-wordpress\/ -->\n<title>Entrega do cart\u00e3o postal cuiabano est\u00e1 marcada para ocorrer ainda este m\u00eas &#8902; Blog da Condessa<\/title>\n<meta name=\"robots\" content=\"index, follow, max-snippet:-1, max-image-preview:large, max-video-preview:-1\" \/>\n<link rel=\"canonical\" href=\"https:\/\/blogdacondessa.com.br\/blog\/cidades\/entrega-do-cartao-postal-cuiabano-esta-marcada-para-ocorrer-ainda-este-mes\/\" \/>\n<meta property=\"og:locale\" content=\"pt_BR\" \/>\n<meta property=\"og:type\" content=\"article\" \/>\n<meta property=\"og:title\" content=\"Entrega do cart\u00e3o postal cuiabano est\u00e1 marcada para ocorrer ainda este m\u00eas &#8902; Blog da Condessa\" \/>\n<meta property=\"og:description\" content=\"Usada durante as manifesta\u00e7\u00f5es dos g\u00eaneros musicais como siriri e cururu, o s\u00edmbolo cultural da Capital, a Viola de Cocho, chega \u00e0 Orla do Porto II para abrilhantar o processo de requalifica\u00e7\u00e3o que est\u00e1 sendo desenvolvido pela gest\u00e3o Emanuel Pinheiro, no local. As equipes ajustam os detalhes finais da obra, por meio da promo\u00e7\u00e3o dos [&hellip;]\" \/>\n<meta property=\"og:url\" content=\"https:\/\/blogdacondessa.com.br\/blog\/cidades\/entrega-do-cartao-postal-cuiabano-esta-marcada-para-ocorrer-ainda-este-mes\/\" \/>\n<meta property=\"og:site_name\" content=\"Blog da Condessa\" \/>\n<meta property=\"article:published_time\" content=\"2022-08-31T09:00:24+00:00\" \/>\n<meta property=\"og:image\" content=\"https:\/\/blogdacondessa.com.br\/blog\/wp-content\/uploads\/2022\/08\/viola-de-cocho.jpg\" \/>\n\t<meta property=\"og:image:width\" content=\"800\" \/>\n\t<meta property=\"og:image:height\" content=\"533\" \/>\n\t<meta property=\"og:image:type\" content=\"image\/jpeg\" \/>\n<meta name=\"author\" content=\"Blog da Condessa\" \/>\n<meta name=\"twitter:card\" content=\"summary_large_image\" \/>\n<meta name=\"twitter:label1\" content=\"Escrito por\" \/>\n\t<meta name=\"twitter:data1\" content=\"Blog da Condessa\" \/>\n\t<meta name=\"twitter:label2\" content=\"Est. tempo de leitura\" \/>\n\t<meta name=\"twitter:data2\" content=\"2 minutos\" \/>\n<script type=\"application\/ld+json\" class=\"yoast-schema-graph\">{\"@context\":\"https:\\\/\\\/schema.org\",\"@graph\":[{\"@type\":\"Article\",\"@id\":\"https:\\\/\\\/blogdacondessa.com.br\\\/blog\\\/cidades\\\/entrega-do-cartao-postal-cuiabano-esta-marcada-para-ocorrer-ainda-este-mes\\\/#article\",\"isPartOf\":{\"@id\":\"https:\\\/\\\/blogdacondessa.com.br\\\/blog\\\/cidades\\\/entrega-do-cartao-postal-cuiabano-esta-marcada-para-ocorrer-ainda-este-mes\\\/\"},\"author\":{\"name\":\"Blog da Condessa\",\"@id\":\"https:\\\/\\\/blogdacondessa.com.br\\\/blog\\\/#\\\/schema\\\/person\\\/1d667ff8b785195b568677489d266035\"},\"headline\":\"Entrega do cart\u00e3o postal cuiabano est\u00e1 marcada para ocorrer ainda este m\u00eas\",\"datePublished\":\"2022-08-31T09:00:24+00:00\",\"mainEntityOfPage\":{\"@id\":\"https:\\\/\\\/blogdacondessa.com.br\\\/blog\\\/cidades\\\/entrega-do-cartao-postal-cuiabano-esta-marcada-para-ocorrer-ainda-este-mes\\\/\"},\"wordCount\":390,\"image\":{\"@id\":\"https:\\\/\\\/blogdacondessa.com.br\\\/blog\\\/cidades\\\/entrega-do-cartao-postal-cuiabano-esta-marcada-para-ocorrer-ainda-este-mes\\\/#primaryimage\"},\"thumbnailUrl\":\"https:\\\/\\\/blogdacondessa.com.br\\\/blog\\\/wp-content\\\/uploads\\\/2022\\\/08\\\/viola-de-cocho.jpg\",\"articleSection\":[\"Cidades\"],\"inLanguage\":\"pt-BR\"},{\"@type\":\"WebPage\",\"@id\":\"https:\\\/\\\/blogdacondessa.com.br\\\/blog\\\/cidades\\\/entrega-do-cartao-postal-cuiabano-esta-marcada-para-ocorrer-ainda-este-mes\\\/\",\"url\":\"https:\\\/\\\/blogdacondessa.com.br\\\/blog\\\/cidades\\\/entrega-do-cartao-postal-cuiabano-esta-marcada-para-ocorrer-ainda-este-mes\\\/\",\"name\":\"Entrega do cart\u00e3o postal cuiabano est\u00e1 marcada para ocorrer ainda este m\u00eas &#8902; Blog da Condessa\",\"isPartOf\":{\"@id\":\"https:\\\/\\\/blogdacondessa.com.br\\\/blog\\\/#website\"},\"primaryImageOfPage\":{\"@id\":\"https:\\\/\\\/blogdacondessa.com.br\\\/blog\\\/cidades\\\/entrega-do-cartao-postal-cuiabano-esta-marcada-para-ocorrer-ainda-este-mes\\\/#primaryimage\"},\"image\":{\"@id\":\"https:\\\/\\\/blogdacondessa.com.br\\\/blog\\\/cidades\\\/entrega-do-cartao-postal-cuiabano-esta-marcada-para-ocorrer-ainda-este-mes\\\/#primaryimage\"},\"thumbnailUrl\":\"https:\\\/\\\/blogdacondessa.com.br\\\/blog\\\/wp-content\\\/uploads\\\/2022\\\/08\\\/viola-de-cocho.jpg\",\"datePublished\":\"2022-08-31T09:00:24+00:00\",\"author\":{\"@id\":\"https:\\\/\\\/blogdacondessa.com.br\\\/blog\\\/#\\\/schema\\\/person\\\/1d667ff8b785195b568677489d266035\"},\"breadcrumb\":{\"@id\":\"https:\\\/\\\/blogdacondessa.com.br\\\/blog\\\/cidades\\\/entrega-do-cartao-postal-cuiabano-esta-marcada-para-ocorrer-ainda-este-mes\\\/#breadcrumb\"},\"inLanguage\":\"pt-BR\",\"potentialAction\":[{\"@type\":\"ReadAction\",\"target\":[\"https:\\\/\\\/blogdacondessa.com.br\\\/blog\\\/cidades\\\/entrega-do-cartao-postal-cuiabano-esta-marcada-para-ocorrer-ainda-este-mes\\\/\"]}]},{\"@type\":\"ImageObject\",\"inLanguage\":\"pt-BR\",\"@id\":\"https:\\\/\\\/blogdacondessa.com.br\\\/blog\\\/cidades\\\/entrega-do-cartao-postal-cuiabano-esta-marcada-para-ocorrer-ainda-este-mes\\\/#primaryimage\",\"url\":\"https:\\\/\\\/blogdacondessa.com.br\\\/blog\\\/wp-content\\\/uploads\\\/2022\\\/08\\\/viola-de-cocho.jpg\",\"contentUrl\":\"https:\\\/\\\/blogdacondessa.com.br\\\/blog\\\/wp-content\\\/uploads\\\/2022\\\/08\\\/viola-de-cocho.jpg\",\"width\":800,\"height\":533,\"caption\":\"Foto: Luiz Alves\"},{\"@type\":\"BreadcrumbList\",\"@id\":\"https:\\\/\\\/blogdacondessa.com.br\\\/blog\\\/cidades\\\/entrega-do-cartao-postal-cuiabano-esta-marcada-para-ocorrer-ainda-este-mes\\\/#breadcrumb\",\"itemListElement\":[{\"@type\":\"ListItem\",\"position\":1,\"name\":\"In\u00edcio\",\"item\":\"https:\\\/\\\/blogdacondessa.com.br\\\/blog\\\/\"},{\"@type\":\"ListItem\",\"position\":2,\"name\":\"Entrega do cart\u00e3o postal cuiabano est\u00e1 marcada para ocorrer ainda este m\u00eas\"}]},{\"@type\":\"WebSite\",\"@id\":\"https:\\\/\\\/blogdacondessa.com.br\\\/blog\\\/#website\",\"url\":\"https:\\\/\\\/blogdacondessa.com.br\\\/blog\\\/\",\"name\":\"Blog da Condessa\",\"description\":\"Com Shirley de Souza O\u2019Campos\",\"potentialAction\":[{\"@type\":\"SearchAction\",\"target\":{\"@type\":\"EntryPoint\",\"urlTemplate\":\"https:\\\/\\\/blogdacondessa.com.br\\\/blog\\\/?s={search_term_string}\"},\"query-input\":{\"@type\":\"PropertyValueSpecification\",\"valueRequired\":true,\"valueName\":\"search_term_string\"}}],\"inLanguage\":\"pt-BR\"},{\"@type\":\"Person\",\"@id\":\"https:\\\/\\\/blogdacondessa.com.br\\\/blog\\\/#\\\/schema\\\/person\\\/1d667ff8b785195b568677489d266035\",\"name\":\"Blog da Condessa\",\"image\":{\"@type\":\"ImageObject\",\"inLanguage\":\"pt-BR\",\"@id\":\"https:\\\/\\\/secure.gravatar.com\\\/avatar\\\/377c0eb8b4ad2bfc25461b41564b5971e721ca34a57642868fc7b0c8ac7b52c5?s=96&d=mm&r=g\",\"url\":\"https:\\\/\\\/secure.gravatar.com\\\/avatar\\\/377c0eb8b4ad2bfc25461b41564b5971e721ca34a57642868fc7b0c8ac7b52c5?s=96&d=mm&r=g\",\"contentUrl\":\"https:\\\/\\\/secure.gravatar.com\\\/avatar\\\/377c0eb8b4ad2bfc25461b41564b5971e721ca34a57642868fc7b0c8ac7b52c5?s=96&d=mm&r=g\",\"caption\":\"Blog da Condessa\"},\"url\":\"https:\\\/\\\/blogdacondessa.com.br\\\/blog\\\/author\\\/beatriz\\\/\"}]}<\/script>\n<!-- \/ Yoast SEO plugin. -->","yoast_head_json":{"title":"Entrega do cart\u00e3o postal cuiabano est\u00e1 marcada para ocorrer ainda este m\u00eas &#8902; Blog da Condessa","robots":{"index":"index","follow":"follow","max-snippet":"max-snippet:-1","max-image-preview":"max-image-preview:large","max-video-preview":"max-video-preview:-1"},"canonical":"https:\/\/blogdacondessa.com.br\/blog\/cidades\/entrega-do-cartao-postal-cuiabano-esta-marcada-para-ocorrer-ainda-este-mes\/","og_locale":"pt_BR","og_type":"article","og_title":"Entrega do cart\u00e3o postal cuiabano est\u00e1 marcada para ocorrer ainda este m\u00eas &#8902; Blog da Condessa","og_description":"Usada durante as manifesta\u00e7\u00f5es dos g\u00eaneros musicais como siriri e cururu, o s\u00edmbolo cultural da Capital, a Viola de Cocho, chega \u00e0 Orla do Porto II para abrilhantar o processo de requalifica\u00e7\u00e3o que est\u00e1 sendo desenvolvido pela gest\u00e3o Emanuel Pinheiro, no local. As equipes ajustam os detalhes finais da obra, por meio da promo\u00e7\u00e3o dos [&hellip;]","og_url":"https:\/\/blogdacondessa.com.br\/blog\/cidades\/entrega-do-cartao-postal-cuiabano-esta-marcada-para-ocorrer-ainda-este-mes\/","og_site_name":"Blog da Condessa","article_published_time":"2022-08-31T09:00:24+00:00","og_image":[{"width":800,"height":533,"url":"https:\/\/blogdacondessa.com.br\/blog\/wp-content\/uploads\/2022\/08\/viola-de-cocho.jpg","type":"image\/jpeg"}],"author":"Blog da Condessa","twitter_card":"summary_large_image","twitter_misc":{"Escrito por":"Blog da Condessa","Est. tempo de leitura":"2 minutos"},"schema":{"@context":"https:\/\/schema.org","@graph":[{"@type":"Article","@id":"https:\/\/blogdacondessa.com.br\/blog\/cidades\/entrega-do-cartao-postal-cuiabano-esta-marcada-para-ocorrer-ainda-este-mes\/#article","isPartOf":{"@id":"https:\/\/blogdacondessa.com.br\/blog\/cidades\/entrega-do-cartao-postal-cuiabano-esta-marcada-para-ocorrer-ainda-este-mes\/"},"author":{"name":"Blog da Condessa","@id":"https:\/\/blogdacondessa.com.br\/blog\/#\/schema\/person\/1d667ff8b785195b568677489d266035"},"headline":"Entrega do cart\u00e3o postal cuiabano est\u00e1 marcada para ocorrer ainda este m\u00eas","datePublished":"2022-08-31T09:00:24+00:00","mainEntityOfPage":{"@id":"https:\/\/blogdacondessa.com.br\/blog\/cidades\/entrega-do-cartao-postal-cuiabano-esta-marcada-para-ocorrer-ainda-este-mes\/"},"wordCount":390,"image":{"@id":"https:\/\/blogdacondessa.com.br\/blog\/cidades\/entrega-do-cartao-postal-cuiabano-esta-marcada-para-ocorrer-ainda-este-mes\/#primaryimage"},"thumbnailUrl":"https:\/\/blogdacondessa.com.br\/blog\/wp-content\/uploads\/2022\/08\/viola-de-cocho.jpg","articleSection":["Cidades"],"inLanguage":"pt-BR"},{"@type":"WebPage","@id":"https:\/\/blogdacondessa.com.br\/blog\/cidades\/entrega-do-cartao-postal-cuiabano-esta-marcada-para-ocorrer-ainda-este-mes\/","url":"https:\/\/blogdacondessa.com.br\/blog\/cidades\/entrega-do-cartao-postal-cuiabano-esta-marcada-para-ocorrer-ainda-este-mes\/","name":"Entrega do cart\u00e3o postal cuiabano est\u00e1 marcada para ocorrer ainda este m\u00eas &#8902; Blog da Condessa","isPartOf":{"@id":"https:\/\/blogdacondessa.com.br\/blog\/#website"},"primaryImageOfPage":{"@id":"https:\/\/blogdacondessa.com.br\/blog\/cidades\/entrega-do-cartao-postal-cuiabano-esta-marcada-para-ocorrer-ainda-este-mes\/#primaryimage"},"image":{"@id":"https:\/\/blogdacondessa.com.br\/blog\/cidades\/entrega-do-cartao-postal-cuiabano-esta-marcada-para-ocorrer-ainda-este-mes\/#primaryimage"},"thumbnailUrl":"https:\/\/blogdacondessa.com.br\/blog\/wp-content\/uploads\/2022\/08\/viola-de-cocho.jpg","datePublished":"2022-08-31T09:00:24+00:00","author":{"@id":"https:\/\/blogdacondessa.com.br\/blog\/#\/schema\/person\/1d667ff8b785195b568677489d266035"},"breadcrumb":{"@id":"https:\/\/blogdacondessa.com.br\/blog\/cidades\/entrega-do-cartao-postal-cuiabano-esta-marcada-para-ocorrer-ainda-este-mes\/#breadcrumb"},"inLanguage":"pt-BR","potentialAction":[{"@type":"ReadAction","target":["https:\/\/blogdacondessa.com.br\/blog\/cidades\/entrega-do-cartao-postal-cuiabano-esta-marcada-para-ocorrer-ainda-este-mes\/"]}]},{"@type":"ImageObject","inLanguage":"pt-BR","@id":"https:\/\/blogdacondessa.com.br\/blog\/cidades\/entrega-do-cartao-postal-cuiabano-esta-marcada-para-ocorrer-ainda-este-mes\/#primaryimage","url":"https:\/\/blogdacondessa.com.br\/blog\/wp-content\/uploads\/2022\/08\/viola-de-cocho.jpg","contentUrl":"https:\/\/blogdacondessa.com.br\/blog\/wp-content\/uploads\/2022\/08\/viola-de-cocho.jpg","width":800,"height":533,"caption":"Foto: Luiz Alves"},{"@type":"BreadcrumbList","@id":"https:\/\/blogdacondessa.com.br\/blog\/cidades\/entrega-do-cartao-postal-cuiabano-esta-marcada-para-ocorrer-ainda-este-mes\/#breadcrumb","itemListElement":[{"@type":"ListItem","position":1,"name":"In\u00edcio","item":"https:\/\/blogdacondessa.com.br\/blog\/"},{"@type":"ListItem","position":2,"name":"Entrega do cart\u00e3o postal cuiabano est\u00e1 marcada para ocorrer ainda este m\u00eas"}]},{"@type":"WebSite","@id":"https:\/\/blogdacondessa.com.br\/blog\/#website","url":"https:\/\/blogdacondessa.com.br\/blog\/","name":"Blog da Condessa","description":"Com Shirley de Souza O\u2019Campos","potentialAction":[{"@type":"SearchAction","target":{"@type":"EntryPoint","urlTemplate":"https:\/\/blogdacondessa.com.br\/blog\/?s={search_term_string}"},"query-input":{"@type":"PropertyValueSpecification","valueRequired":true,"valueName":"search_term_string"}}],"inLanguage":"pt-BR"},{"@type":"Person","@id":"https:\/\/blogdacondessa.com.br\/blog\/#\/schema\/person\/1d667ff8b785195b568677489d266035","name":"Blog da Condessa","image":{"@type":"ImageObject","inLanguage":"pt-BR","@id":"https:\/\/secure.gravatar.com\/avatar\/377c0eb8b4ad2bfc25461b41564b5971e721ca34a57642868fc7b0c8ac7b52c5?s=96&d=mm&r=g","url":"https:\/\/secure.gravatar.com\/avatar\/377c0eb8b4ad2bfc25461b41564b5971e721ca34a57642868fc7b0c8ac7b52c5?s=96&d=mm&r=g","contentUrl":"https:\/\/secure.gravatar.com\/avatar\/377c0eb8b4ad2bfc25461b41564b5971e721ca34a57642868fc7b0c8ac7b52c5?s=96&d=mm&r=g","caption":"Blog da Condessa"},"url":"https:\/\/blogdacondessa.com.br\/blog\/author\/beatriz\/"}]}},"_links":{"self":[{"href":"https:\/\/blogdacondessa.com.br\/blog\/wp-json\/wp\/v2\/posts\/4762","targetHints":{"allow":["GET"]}}],"collection":[{"href":"https:\/\/blogdacondessa.com.br\/blog\/wp-json\/wp\/v2\/posts"}],"about":[{"href":"https:\/\/blogdacondessa.com.br\/blog\/wp-json\/wp\/v2\/types\/post"}],"author":[{"embeddable":true,"href":"https:\/\/blogdacondessa.com.br\/blog\/wp-json\/wp\/v2\/users\/2"}],"replies":[{"embeddable":true,"href":"https:\/\/blogdacondessa.com.br\/blog\/wp-json\/wp\/v2\/comments?post=4762"}],"version-history":[{"count":0,"href":"https:\/\/blogdacondessa.com.br\/blog\/wp-json\/wp\/v2\/posts\/4762\/revisions"}],"wp:featuredmedia":[{"embeddable":true,"href":"https:\/\/blogdacondessa.com.br\/blog\/wp-json\/wp\/v2\/media\/4763"}],"wp:attachment":[{"href":"https:\/\/blogdacondessa.com.br\/blog\/wp-json\/wp\/v2\/media?parent=4762"}],"wp:term":[{"taxonomy":"category","embeddable":true,"href":"https:\/\/blogdacondessa.com.br\/blog\/wp-json\/wp\/v2\/categories?post=4762"},{"taxonomy":"post_tag","embeddable":true,"href":"https:\/\/blogdacondessa.com.br\/blog\/wp-json\/wp\/v2\/tags?post=4762"}],"curies":[{"name":"wp","href":"https:\/\/api.w.org\/{rel}","templated":true}]}}