{"id":4738,"date":"2022-08-27T05:00:24","date_gmt":"2022-08-27T09:00:24","guid":{"rendered":"http:\/\/blogdacondessa.com.br\/?p=4738"},"modified":"2022-08-26T18:33:19","modified_gmt":"2022-08-26T22:33:19","slug":"presidente-do-tce-mt-presta-contas-de-sua-gestao","status":"publish","type":"post","link":"https:\/\/blogdacondessa.com.br\/blog\/institucional\/presidente-do-tce-mt-presta-contas-de-sua-gestao\/","title":{"rendered":"Presidente do TCE-MT presta contas de sua gest\u00e3o"},"content":{"rendered":"<p>Entusiasta do papel desempenhado pelo Tribunal de Contas de Mato Grosso (TCE-MT) de gerar de valor p\u00fablico para a sociedade, o presidente Jos\u00e9 Carlos Novelli fez quest\u00e3o de &#8220;prestar contas&#8221; de sua gest\u00e3o durante a abertura da\u00a0capacita\u00e7\u00e3o sobre a Lei Geral de Prote\u00e7\u00e3o de Dados (LGPD), realizada na Escola Superior de Contas no \u00faltimo dia 24.<\/p>\n<p>Por meio de mensagem lida pelo supervisor da Escola, conselheiro Waldir J\u00falio Teis, o presidente destacou in\u00fameras a\u00e7\u00f5es em andamento no TCE-MT, envolvendo cada um dos conselheiros, bem como elencou metas tra\u00e7adas no planejamento estrat\u00e9gico do bi\u00eanio 2022\/2023 e alcan\u00e7adas j\u00e1 nos primeiros oito meses de gest\u00e3o.<\/p>\n<p>\u201cDisse no dia da elei\u00e7\u00e3o, que pela terceira vez me conduziu por unanimidade \u00e0 Presid\u00eancia do TCE de Mato Grosso, que essa gest\u00e3o seria compartilhada entre todos os membros. Voc\u00eas s\u00e3o testemunhas de que as metas do nosso planejamento de gest\u00e3o est\u00e3o sendo cumpridas com efetivo apoio e empenho de todos os conselheiros e servidores. Somos uma organiza\u00e7\u00e3o viva, que pulsa e vibra. Uma institui\u00e7\u00e3o que se coloca como essencial para o setor p\u00fablico de Mato Grosso\u201d, salientou.<\/p>\n<p><strong>GPE<\/strong><\/p>\n<p>Na oportunidade, Novelli destacou o Programa de Apoio ao Gerenciamento do Planejamento Estrat\u00e9gico dos Munic\u00edpios de Mato Grosso (GPE), que tem o objetivo de inserir a cultura do planejamento estrat\u00e9gico e as pr\u00e1ticas da boa governan\u00e7a na gest\u00e3o p\u00fablica municipal, abrangendo os 141 munic\u00edpios do estado no per\u00edodo de 2022 e 2023.\u00a0O primeiro workshop do programa foi realizado\u00a0com o grupo das primeiras 21 prefeituras adesas.<\/p>\n<p>\u201cEm paralelo, estamos capacitando dois servidores da administra\u00e7\u00e3o p\u00fablica municipal com foco no planejamento, em n\u00edvel de p\u00f3s-gradua\u00e7\u00e3o. Essa a\u00e7\u00e3o vem ao encontro da nova vis\u00e3o estrat\u00e9gica adotada no nosso plano de gest\u00e3o e no planejamento estrat\u00e9gico de longo prazo do TCE-MT, de colaborar para que a administra\u00e7\u00e3o p\u00fablica municipal de Mato Grosso seja refer\u00eancia em qualidade de gest\u00e3o e presta\u00e7\u00e3o de bons servi\u00e7os ao cidad\u00e3o\u201d, ressaltou o presidente, acrescentando que em outubro de 2023 pretende entregar os 141 planos estrat\u00e9gicos municipais e os 242 diplomas de t\u00e9cnicos de planejamento aos servidores.<\/p>\n<p><strong>Plen\u00e1rio Virtual<\/strong><\/p>\n<p>Outro destaque da mensagem de Novelli foi a inaugura\u00e7\u00e3o da nova plataforma do\u00a0Plen\u00e1rio Virtual do TCE-MT, realizada no \u00faltimo dia 1\u00b0.\u00a0\u201cEssa plataforma \u00e9 capaz de alcan\u00e7ar todos os tipos de processos e de qualquer complexidade. Uma ferramenta moderna, que vai ampliar a nossa capacidade de julgamento e reduzir o estoque de processos. Isso faz parte do nosso objetivo estrat\u00e9gico de aprimorar os procedimentos do controle externo, que \u00e9 a nossa atividade fim, e de prestar bons servi\u00e7os jurisdicionais. \u00c9 mais uma meta de gest\u00e3o cumprida\u201d.<\/p>\n<p><strong>Interage TCE 22<\/strong><\/p>\n<p>O presidente tamb\u00e9m pontuou a\u00a0conclus\u00e3o do primeiro ciclo do Interage TCE 22, com a realiza\u00e7\u00e3o da sexta edi\u00e7\u00e3o no \u00faltimo dia\u00a0 25, desta vez sob a lideran\u00e7a do conselheiro Gon\u00e7alo Domingos de Campos Neto.<\/p>\n<p>\u201cPor meio do Interage, cada conselheiro re\u00fane os munic\u00edpios que lhe s\u00e3o jurisdicionados para um di\u00e1logo republicano com sua equipe de gabinete e a secretaria de controle externo de sua relatoria. S\u00e3o apontadas e discutidas as principais irregularidades identificadas nas presta\u00e7\u00f5es de contas. As equipes municipais s\u00e3o orientadas. \u00c9 um debate franco, com prop\u00f3sito de corrigir os erros e melhorar a qualidade da gest\u00e3o p\u00fablica. Nesta quinta completamos o primeiro ciclo, \u00e9 mais uma meta cumprida\u201d, comemorou.<\/p>\n<p><strong>Ouvidoria para Todos<\/strong><\/p>\n<p>Outro destaque trazido por Novelli foi o\u00a0curso in\u00e9dito na modalidade Ensino a Dist\u00e2ncia (EAD) que ser\u00e1 lan\u00e7ado na pr\u00f3xima segunda-feira (29), como parte integrante do projeto Ouvidoria para Todos, para capacita\u00e7\u00e3o de servidores e colaboradores das ouvidorias de \u00f3rg\u00e3os p\u00fablicos municipais e estaduais.<\/p>\n<p>\u201c\u00c9 mais uma etapa desse projeto, que \u00e9 uma a\u00e7\u00e3o do nosso Tribunal que ganhou dimens\u00e3o Nacional. Sob a lideran\u00e7a do conselheiro Antonio Joaquim, foi abra\u00e7ada pela Associa\u00e7\u00e3o dos Tribunais de Contas do Brasil (Atricon) e est\u00e1 sendo replicada nos demais tribunais de contas do pa\u00eds\u201d, lembrou.<\/p>\n<p><strong>Comit\u00eas Tem\u00e1ticos<\/strong><\/p>\n<p>O presidente salientou ainda o trabalho que vem sendo desempenhado pelos Comit\u00eas Tem\u00e1ticos de Sa\u00fade, Meio Ambiente e Educa\u00e7\u00e3o, liderados, respectivamente, pelos conselheiros Guilherme Maluf, S\u00e9rgio Ricardo e Antonio Joaquim. \u201cOs comit\u00eas est\u00e3o avan\u00e7ando na capacita\u00e7\u00e3o t\u00e9cnica das equipes e na realiza\u00e7\u00e3o de auditorias operacionais desses importantes setores\u201d.<\/p>\n<p><strong>SNJur<\/strong><\/p>\n<p>Outra meta de gest\u00e3o j\u00e1 cumprida e elencada na mensagem foi a entrega, pela Secretaria de Normas e Jurisprud\u00eancia (SNJur) do TCE-MT, sob supervis\u00e3o do conselheiro Valter Albano, do novo Regimento Interno do Tribunal de Contas,\u00a0<a href=\"https:\/\/www.tce.mt.gov.br\/noticias\/pleno-aprova-novo-regimento-interno-do-tce-mt\/54337\">j\u00e1 aprovado pelo Plen\u00e1rio<\/a>.<\/p>\n<p><strong>Ciclo Bianual de Capacita\u00e7\u00f5es<\/strong><\/p>\n<p>Por fim, Novelli enalteceu o importante passo dado ao cumprimento do ciclo bianual de capacita\u00e7\u00e3o estabelecido para Escola Superior de Contas, que tem como supervisor o conselheiro Waldir J\u00falio Teis, com a realiza\u00e7\u00e3o da palestra sobre a LGPD para servidores do Tribunal e do Minist\u00e9rio P\u00fablico de Contas (MPC).<\/p>\n<p>Ao ressaltar o curr\u00edculo da palestrante, advogada e especialista em Direito Digital e Ciberseguran\u00e7a Patr\u00edcia Peck, o presidente lembrou que h\u00e1 10 anos, em sua gest\u00e3o anterior, debatiam no Tribunal de Contas a chamada Lei Carolina Dieckmann, uma ent\u00e3o inova\u00e7\u00e3o do C\u00f3digo Penal Brasileiro, que instituiu os crimes e delitos virtuais.<\/p>\n<p>\u201cDebat\u00edamos tamb\u00e9m as premissas do que logo em seguida veio a ser o Marco Regulat\u00f3rio da Internet no Brasil. Ainda em 2012, a senhora nos deu uma aula no nosso curso EAD, modalidade que ficou famosa na pandemia e o Tribunal de Contas de Mato Grosso j\u00e1 inovava, mesmo com uma infraestrutura tecnol\u00f3gica precar\u00edssima quando comparado ao que temos dispon\u00edvel atualmente\u201d, ponderou o presidente.<\/p>\n<p>Ao prestar contas de sua gest\u00e3o e apresentar metas j\u00e1 cumpridas do planejamento estrat\u00e9gico, Novelli demonstra a expertise do Tribunal de Contas para guiar os munic\u00edpios rumo \u00e0s pr\u00e1ticas da boa governan\u00e7a na gest\u00e3o p\u00fablica.<\/p>\n","protected":false},"excerpt":{"rendered":"<p>Entusiasta do papel desempenhado pelo Tribunal de Contas de Mato Grosso (TCE-MT) de gerar de valor p\u00fablico para a sociedade, o presidente Jos\u00e9 Carlos Novelli fez quest\u00e3o de &#8220;prestar contas&#8221; de sua gest\u00e3o durante a abertura da\u00a0capacita\u00e7\u00e3o sobre a Lei Geral de Prote\u00e7\u00e3o de Dados (LGPD), realizada na Escola Superior de Contas no \u00faltimo dia [&hellip;]<\/p>\n","protected":false},"author":2,"featured_media":4739,"comment_status":"closed","ping_status":"closed","sticky":false,"template":"","format":"standard","meta":{"iawp_total_views":0,"footnotes":""},"categories":[13],"tags":[],"class_list":["post-4738","post","type-post","status-publish","format-standard","has-post-thumbnail","hentry","category-institucional"],"yoast_head":"<!-- This site is optimized with the Yoast SEO plugin v27.3 - https:\/\/yoast.com\/product\/yoast-seo-wordpress\/ -->\n<title>Presidente do TCE-MT presta contas de sua gest\u00e3o &#8902; Blog da Condessa<\/title>\n<meta name=\"robots\" content=\"index, follow, max-snippet:-1, max-image-preview:large, max-video-preview:-1\" \/>\n<link rel=\"canonical\" href=\"https:\/\/blogdacondessa.com.br\/blog\/institucional\/presidente-do-tce-mt-presta-contas-de-sua-gestao\/\" \/>\n<meta property=\"og:locale\" content=\"pt_BR\" \/>\n<meta property=\"og:type\" content=\"article\" \/>\n<meta property=\"og:title\" content=\"Presidente do TCE-MT presta contas de sua gest\u00e3o &#8902; Blog da Condessa\" \/>\n<meta property=\"og:description\" content=\"Entusiasta do papel desempenhado pelo Tribunal de Contas de Mato Grosso (TCE-MT) de gerar de valor p\u00fablico para a sociedade, o presidente Jos\u00e9 Carlos Novelli fez quest\u00e3o de &#8220;prestar contas&#8221; de sua gest\u00e3o durante a abertura da\u00a0capacita\u00e7\u00e3o sobre a Lei Geral de Prote\u00e7\u00e3o de Dados (LGPD), realizada na Escola Superior de Contas no \u00faltimo dia [&hellip;]\" \/>\n<meta property=\"og:url\" content=\"https:\/\/blogdacondessa.com.br\/blog\/institucional\/presidente-do-tce-mt-presta-contas-de-sua-gestao\/\" \/>\n<meta property=\"og:site_name\" content=\"Blog da Condessa\" \/>\n<meta property=\"article:published_time\" content=\"2022-08-27T09:00:24+00:00\" \/>\n<meta property=\"og:image\" content=\"https:\/\/blogdacondessa.com.br\/blog\/wp-content\/uploads\/2022\/08\/NOVELLI-1.jpg\" \/>\n\t<meta property=\"og:image:width\" content=\"365\" \/>\n\t<meta property=\"og:image:height\" content=\"274\" \/>\n\t<meta property=\"og:image:type\" content=\"image\/jpeg\" \/>\n<meta name=\"author\" content=\"Blog da Condessa\" \/>\n<meta name=\"twitter:card\" content=\"summary_large_image\" \/>\n<meta name=\"twitter:label1\" content=\"Escrito por\" \/>\n\t<meta name=\"twitter:data1\" content=\"Blog da Condessa\" \/>\n\t<meta name=\"twitter:label2\" content=\"Est. tempo de leitura\" \/>\n\t<meta name=\"twitter:data2\" content=\"6 minutos\" \/>\n<script type=\"application\/ld+json\" class=\"yoast-schema-graph\">{\"@context\":\"https:\\\/\\\/schema.org\",\"@graph\":[{\"@type\":\"Article\",\"@id\":\"https:\\\/\\\/blogdacondessa.com.br\\\/blog\\\/institucional\\\/presidente-do-tce-mt-presta-contas-de-sua-gestao\\\/#article\",\"isPartOf\":{\"@id\":\"https:\\\/\\\/blogdacondessa.com.br\\\/blog\\\/institucional\\\/presidente-do-tce-mt-presta-contas-de-sua-gestao\\\/\"},\"author\":{\"name\":\"Blog da Condessa\",\"@id\":\"https:\\\/\\\/blogdacondessa.com.br\\\/blog\\\/#\\\/schema\\\/person\\\/1d667ff8b785195b568677489d266035\"},\"headline\":\"Presidente do TCE-MT presta contas de sua gest\u00e3o\",\"datePublished\":\"2022-08-27T09:00:24+00:00\",\"mainEntityOfPage\":{\"@id\":\"https:\\\/\\\/blogdacondessa.com.br\\\/blog\\\/institucional\\\/presidente-do-tce-mt-presta-contas-de-sua-gestao\\\/\"},\"wordCount\":1049,\"image\":{\"@id\":\"https:\\\/\\\/blogdacondessa.com.br\\\/blog\\\/institucional\\\/presidente-do-tce-mt-presta-contas-de-sua-gestao\\\/#primaryimage\"},\"thumbnailUrl\":\"https:\\\/\\\/blogdacondessa.com.br\\\/blog\\\/wp-content\\\/uploads\\\/2022\\\/08\\\/NOVELLI-1.jpg\",\"articleSection\":[\"Institucional\"],\"inLanguage\":\"pt-BR\"},{\"@type\":\"WebPage\",\"@id\":\"https:\\\/\\\/blogdacondessa.com.br\\\/blog\\\/institucional\\\/presidente-do-tce-mt-presta-contas-de-sua-gestao\\\/\",\"url\":\"https:\\\/\\\/blogdacondessa.com.br\\\/blog\\\/institucional\\\/presidente-do-tce-mt-presta-contas-de-sua-gestao\\\/\",\"name\":\"Presidente do TCE-MT presta contas de sua gest\u00e3o &#8902; Blog da Condessa\",\"isPartOf\":{\"@id\":\"https:\\\/\\\/blogdacondessa.com.br\\\/blog\\\/#website\"},\"primaryImageOfPage\":{\"@id\":\"https:\\\/\\\/blogdacondessa.com.br\\\/blog\\\/institucional\\\/presidente-do-tce-mt-presta-contas-de-sua-gestao\\\/#primaryimage\"},\"image\":{\"@id\":\"https:\\\/\\\/blogdacondessa.com.br\\\/blog\\\/institucional\\\/presidente-do-tce-mt-presta-contas-de-sua-gestao\\\/#primaryimage\"},\"thumbnailUrl\":\"https:\\\/\\\/blogdacondessa.com.br\\\/blog\\\/wp-content\\\/uploads\\\/2022\\\/08\\\/NOVELLI-1.jpg\",\"datePublished\":\"2022-08-27T09:00:24+00:00\",\"author\":{\"@id\":\"https:\\\/\\\/blogdacondessa.com.br\\\/blog\\\/#\\\/schema\\\/person\\\/1d667ff8b785195b568677489d266035\"},\"breadcrumb\":{\"@id\":\"https:\\\/\\\/blogdacondessa.com.br\\\/blog\\\/institucional\\\/presidente-do-tce-mt-presta-contas-de-sua-gestao\\\/#breadcrumb\"},\"inLanguage\":\"pt-BR\",\"potentialAction\":[{\"@type\":\"ReadAction\",\"target\":[\"https:\\\/\\\/blogdacondessa.com.br\\\/blog\\\/institucional\\\/presidente-do-tce-mt-presta-contas-de-sua-gestao\\\/\"]}]},{\"@type\":\"ImageObject\",\"inLanguage\":\"pt-BR\",\"@id\":\"https:\\\/\\\/blogdacondessa.com.br\\\/blog\\\/institucional\\\/presidente-do-tce-mt-presta-contas-de-sua-gestao\\\/#primaryimage\",\"url\":\"https:\\\/\\\/blogdacondessa.com.br\\\/blog\\\/wp-content\\\/uploads\\\/2022\\\/08\\\/NOVELLI-1.jpg\",\"contentUrl\":\"https:\\\/\\\/blogdacondessa.com.br\\\/blog\\\/wp-content\\\/uploads\\\/2022\\\/08\\\/NOVELLI-1.jpg\",\"width\":365,\"height\":274},{\"@type\":\"BreadcrumbList\",\"@id\":\"https:\\\/\\\/blogdacondessa.com.br\\\/blog\\\/institucional\\\/presidente-do-tce-mt-presta-contas-de-sua-gestao\\\/#breadcrumb\",\"itemListElement\":[{\"@type\":\"ListItem\",\"position\":1,\"name\":\"In\u00edcio\",\"item\":\"https:\\\/\\\/blogdacondessa.com.br\\\/blog\\\/\"},{\"@type\":\"ListItem\",\"position\":2,\"name\":\"Presidente do TCE-MT presta contas de sua gest\u00e3o\"}]},{\"@type\":\"WebSite\",\"@id\":\"https:\\\/\\\/blogdacondessa.com.br\\\/blog\\\/#website\",\"url\":\"https:\\\/\\\/blogdacondessa.com.br\\\/blog\\\/\",\"name\":\"Blog da Condessa\",\"description\":\"Com Shirley de Souza O\u2019Campos\",\"potentialAction\":[{\"@type\":\"SearchAction\",\"target\":{\"@type\":\"EntryPoint\",\"urlTemplate\":\"https:\\\/\\\/blogdacondessa.com.br\\\/blog\\\/?s={search_term_string}\"},\"query-input\":{\"@type\":\"PropertyValueSpecification\",\"valueRequired\":true,\"valueName\":\"search_term_string\"}}],\"inLanguage\":\"pt-BR\"},{\"@type\":\"Person\",\"@id\":\"https:\\\/\\\/blogdacondessa.com.br\\\/blog\\\/#\\\/schema\\\/person\\\/1d667ff8b785195b568677489d266035\",\"name\":\"Blog da Condessa\",\"image\":{\"@type\":\"ImageObject\",\"inLanguage\":\"pt-BR\",\"@id\":\"https:\\\/\\\/secure.gravatar.com\\\/avatar\\\/377c0eb8b4ad2bfc25461b41564b5971e721ca34a57642868fc7b0c8ac7b52c5?s=96&d=mm&r=g\",\"url\":\"https:\\\/\\\/secure.gravatar.com\\\/avatar\\\/377c0eb8b4ad2bfc25461b41564b5971e721ca34a57642868fc7b0c8ac7b52c5?s=96&d=mm&r=g\",\"contentUrl\":\"https:\\\/\\\/secure.gravatar.com\\\/avatar\\\/377c0eb8b4ad2bfc25461b41564b5971e721ca34a57642868fc7b0c8ac7b52c5?s=96&d=mm&r=g\",\"caption\":\"Blog da Condessa\"},\"url\":\"https:\\\/\\\/blogdacondessa.com.br\\\/blog\\\/author\\\/beatriz\\\/\"}]}<\/script>\n<!-- \/ Yoast SEO plugin. -->","yoast_head_json":{"title":"Presidente do TCE-MT presta contas de sua gest\u00e3o &#8902; Blog da Condessa","robots":{"index":"index","follow":"follow","max-snippet":"max-snippet:-1","max-image-preview":"max-image-preview:large","max-video-preview":"max-video-preview:-1"},"canonical":"https:\/\/blogdacondessa.com.br\/blog\/institucional\/presidente-do-tce-mt-presta-contas-de-sua-gestao\/","og_locale":"pt_BR","og_type":"article","og_title":"Presidente do TCE-MT presta contas de sua gest\u00e3o &#8902; Blog da Condessa","og_description":"Entusiasta do papel desempenhado pelo Tribunal de Contas de Mato Grosso (TCE-MT) de gerar de valor p\u00fablico para a sociedade, o presidente Jos\u00e9 Carlos Novelli fez quest\u00e3o de &#8220;prestar contas&#8221; de sua gest\u00e3o durante a abertura da\u00a0capacita\u00e7\u00e3o sobre a Lei Geral de Prote\u00e7\u00e3o de Dados (LGPD), realizada na Escola Superior de Contas no \u00faltimo dia [&hellip;]","og_url":"https:\/\/blogdacondessa.com.br\/blog\/institucional\/presidente-do-tce-mt-presta-contas-de-sua-gestao\/","og_site_name":"Blog da Condessa","article_published_time":"2022-08-27T09:00:24+00:00","og_image":[{"width":365,"height":274,"url":"https:\/\/blogdacondessa.com.br\/blog\/wp-content\/uploads\/2022\/08\/NOVELLI-1.jpg","type":"image\/jpeg"}],"author":"Blog da Condessa","twitter_card":"summary_large_image","twitter_misc":{"Escrito por":"Blog da Condessa","Est. tempo de leitura":"6 minutos"},"schema":{"@context":"https:\/\/schema.org","@graph":[{"@type":"Article","@id":"https:\/\/blogdacondessa.com.br\/blog\/institucional\/presidente-do-tce-mt-presta-contas-de-sua-gestao\/#article","isPartOf":{"@id":"https:\/\/blogdacondessa.com.br\/blog\/institucional\/presidente-do-tce-mt-presta-contas-de-sua-gestao\/"},"author":{"name":"Blog da Condessa","@id":"https:\/\/blogdacondessa.com.br\/blog\/#\/schema\/person\/1d667ff8b785195b568677489d266035"},"headline":"Presidente do TCE-MT presta contas de sua gest\u00e3o","datePublished":"2022-08-27T09:00:24+00:00","mainEntityOfPage":{"@id":"https:\/\/blogdacondessa.com.br\/blog\/institucional\/presidente-do-tce-mt-presta-contas-de-sua-gestao\/"},"wordCount":1049,"image":{"@id":"https:\/\/blogdacondessa.com.br\/blog\/institucional\/presidente-do-tce-mt-presta-contas-de-sua-gestao\/#primaryimage"},"thumbnailUrl":"https:\/\/blogdacondessa.com.br\/blog\/wp-content\/uploads\/2022\/08\/NOVELLI-1.jpg","articleSection":["Institucional"],"inLanguage":"pt-BR"},{"@type":"WebPage","@id":"https:\/\/blogdacondessa.com.br\/blog\/institucional\/presidente-do-tce-mt-presta-contas-de-sua-gestao\/","url":"https:\/\/blogdacondessa.com.br\/blog\/institucional\/presidente-do-tce-mt-presta-contas-de-sua-gestao\/","name":"Presidente do TCE-MT presta contas de sua gest\u00e3o &#8902; Blog da Condessa","isPartOf":{"@id":"https:\/\/blogdacondessa.com.br\/blog\/#website"},"primaryImageOfPage":{"@id":"https:\/\/blogdacondessa.com.br\/blog\/institucional\/presidente-do-tce-mt-presta-contas-de-sua-gestao\/#primaryimage"},"image":{"@id":"https:\/\/blogdacondessa.com.br\/blog\/institucional\/presidente-do-tce-mt-presta-contas-de-sua-gestao\/#primaryimage"},"thumbnailUrl":"https:\/\/blogdacondessa.com.br\/blog\/wp-content\/uploads\/2022\/08\/NOVELLI-1.jpg","datePublished":"2022-08-27T09:00:24+00:00","author":{"@id":"https:\/\/blogdacondessa.com.br\/blog\/#\/schema\/person\/1d667ff8b785195b568677489d266035"},"breadcrumb":{"@id":"https:\/\/blogdacondessa.com.br\/blog\/institucional\/presidente-do-tce-mt-presta-contas-de-sua-gestao\/#breadcrumb"},"inLanguage":"pt-BR","potentialAction":[{"@type":"ReadAction","target":["https:\/\/blogdacondessa.com.br\/blog\/institucional\/presidente-do-tce-mt-presta-contas-de-sua-gestao\/"]}]},{"@type":"ImageObject","inLanguage":"pt-BR","@id":"https:\/\/blogdacondessa.com.br\/blog\/institucional\/presidente-do-tce-mt-presta-contas-de-sua-gestao\/#primaryimage","url":"https:\/\/blogdacondessa.com.br\/blog\/wp-content\/uploads\/2022\/08\/NOVELLI-1.jpg","contentUrl":"https:\/\/blogdacondessa.com.br\/blog\/wp-content\/uploads\/2022\/08\/NOVELLI-1.jpg","width":365,"height":274},{"@type":"BreadcrumbList","@id":"https:\/\/blogdacondessa.com.br\/blog\/institucional\/presidente-do-tce-mt-presta-contas-de-sua-gestao\/#breadcrumb","itemListElement":[{"@type":"ListItem","position":1,"name":"In\u00edcio","item":"https:\/\/blogdacondessa.com.br\/blog\/"},{"@type":"ListItem","position":2,"name":"Presidente do TCE-MT presta contas de sua gest\u00e3o"}]},{"@type":"WebSite","@id":"https:\/\/blogdacondessa.com.br\/blog\/#website","url":"https:\/\/blogdacondessa.com.br\/blog\/","name":"Blog da Condessa","description":"Com Shirley de Souza O\u2019Campos","potentialAction":[{"@type":"SearchAction","target":{"@type":"EntryPoint","urlTemplate":"https:\/\/blogdacondessa.com.br\/blog\/?s={search_term_string}"},"query-input":{"@type":"PropertyValueSpecification","valueRequired":true,"valueName":"search_term_string"}}],"inLanguage":"pt-BR"},{"@type":"Person","@id":"https:\/\/blogdacondessa.com.br\/blog\/#\/schema\/person\/1d667ff8b785195b568677489d266035","name":"Blog da Condessa","image":{"@type":"ImageObject","inLanguage":"pt-BR","@id":"https:\/\/secure.gravatar.com\/avatar\/377c0eb8b4ad2bfc25461b41564b5971e721ca34a57642868fc7b0c8ac7b52c5?s=96&d=mm&r=g","url":"https:\/\/secure.gravatar.com\/avatar\/377c0eb8b4ad2bfc25461b41564b5971e721ca34a57642868fc7b0c8ac7b52c5?s=96&d=mm&r=g","contentUrl":"https:\/\/secure.gravatar.com\/avatar\/377c0eb8b4ad2bfc25461b41564b5971e721ca34a57642868fc7b0c8ac7b52c5?s=96&d=mm&r=g","caption":"Blog da Condessa"},"url":"https:\/\/blogdacondessa.com.br\/blog\/author\/beatriz\/"}]}},"_links":{"self":[{"href":"https:\/\/blogdacondessa.com.br\/blog\/wp-json\/wp\/v2\/posts\/4738","targetHints":{"allow":["GET"]}}],"collection":[{"href":"https:\/\/blogdacondessa.com.br\/blog\/wp-json\/wp\/v2\/posts"}],"about":[{"href":"https:\/\/blogdacondessa.com.br\/blog\/wp-json\/wp\/v2\/types\/post"}],"author":[{"embeddable":true,"href":"https:\/\/blogdacondessa.com.br\/blog\/wp-json\/wp\/v2\/users\/2"}],"replies":[{"embeddable":true,"href":"https:\/\/blogdacondessa.com.br\/blog\/wp-json\/wp\/v2\/comments?post=4738"}],"version-history":[{"count":0,"href":"https:\/\/blogdacondessa.com.br\/blog\/wp-json\/wp\/v2\/posts\/4738\/revisions"}],"wp:featuredmedia":[{"embeddable":true,"href":"https:\/\/blogdacondessa.com.br\/blog\/wp-json\/wp\/v2\/media\/4739"}],"wp:attachment":[{"href":"https:\/\/blogdacondessa.com.br\/blog\/wp-json\/wp\/v2\/media?parent=4738"}],"wp:term":[{"taxonomy":"category","embeddable":true,"href":"https:\/\/blogdacondessa.com.br\/blog\/wp-json\/wp\/v2\/categories?post=4738"},{"taxonomy":"post_tag","embeddable":true,"href":"https:\/\/blogdacondessa.com.br\/blog\/wp-json\/wp\/v2\/tags?post=4738"}],"curies":[{"name":"wp","href":"https:\/\/api.w.org\/{rel}","templated":true}]}}