{"id":4735,"date":"2022-08-27T05:00:12","date_gmt":"2022-08-27T09:00:12","guid":{"rendered":"http:\/\/blogdacondessa.com.br\/?p=4735"},"modified":"2022-08-26T15:57:25","modified_gmt":"2022-08-26T19:57:25","slug":"abba-majestat-se-apresenta-em-cuiaba","status":"publish","type":"post","link":"https:\/\/blogdacondessa.com.br\/blog\/geral\/abba-majestat-se-apresenta-em-cuiaba\/","title":{"rendered":"ABBA Majest\u00e4t se apresenta em Cuiab\u00e1"},"content":{"rendered":"<p>A banda ABBA Majest\u00e4t, de S\u00e3o Paulo, se apresenta em Cuiab\u00e1 no dia 3 de setembro (s\u00e1bado), \u00e0s 20h, no Teatro do Cerrado Zulmira Canavarros (anexo \u00e0 ALMT). O show \u00e9 considerado o maior tributo ABBA das Am\u00e9ricas.<br \/>\nOs ingressos custam R$ 160 (inteiro), R$ 80 (meio), cabendo ainda a meia solid\u00e1ria, na doa\u00e7\u00e3o de 1 brinquedo novo ou usado, diretamente na portaria no dia do show. S\u00e3o pontos de venda a Casa de Festas (Shopping Pantanal), a Distribuidora do Loro (Morada do Ouro) e o site bilheteriadigital.com.br.<\/p>\n<p>A banda ABBA Majest\u00e4t oferece um show rico em detalhes, para levar o p\u00fablico numa viagem emotiva pela d\u00e9cada de 1970, no auge do sucesso ABBA.<\/p>\n<p>Com um requinte de detalhes cenogr\u00e1ficos, de figurino, instrumental e t\u00e9cnicas vocais de \u00e9poca aplicadas, o tributo ABBA executa as can\u00e7\u00f5es que marcaram a mem\u00f3ria e os r\u00e1dios de todo o mundo. Al\u00e9m de Dancing Queen, est\u00e3o no repert\u00f3rio cl\u00e1ssicos como Mama Mia, Chiquitita, Waterloo, I Have a Dream, Fernando e muito mais.<\/p>\n<p><strong>ABBA \u2013 a banda homenageada<br \/>\n<\/strong><br \/>\nEm meados dos anos 70 surge na Su\u00e9cia um grupo de m\u00fasica pop, integrado por Anni-Frid (Frida) Lyngstad, Benny Andersson, Bj\u00f6rn Ulvaeus e Agnetha F\u00e4ltskog. Observem que o nome ABBA \u00e9 a sigla formada pelos nomes dos integrantes.<\/p>\n<p>O quarteto se formou em Estocolmo (Su\u00e9cia), em 1972, mas s\u00f3 teve fama internacional depois de venceu a edi\u00e7\u00e3o de 1974 do Festival Eurovis\u00e3o da Can\u00e7\u00e3o. Desde ent\u00e3o, o ABBA ganhou popularidade empregando ritmos cativantes em suas can\u00e7\u00f5es, com letras simples e um som caracterizado pela harmonia das vozes femininas e da t\u00e9cnica \u201cwall of sound\u201d, efeito criado pelo produtor musical Phil Spector.<\/p>\n<p>O grupo se tornou o mais bem sucedido da gravadora Universal Music e foi a banda que mais vendeu discos nos anos 1970.<\/p>\n<p><strong>Servi\u00e7o:<br \/>\n<\/strong>ABBA Majest\u00e4t<br \/>\nData: 03 de setembro (s\u00e1bado), \u00e0s 20h<br \/>\nLocal: Teatro do Cerrado Zulmira Canavarros<br \/>\nIngressos: R$ 160 (inteiro), R$ 80 (meio e meia solid\u00e1ria, na doa\u00e7\u00e3o de 1 brinquedo novo ou usado)<br \/>\nVendas: Casa de Festas (Shopping Pantanal), a Distribuidora do Loro (Morada do Ouro) e o site bilheteriadigital.com.br<br \/>\nInforma\u00e7\u00f5es: 99919 7537 (Monge Cuiabano)<\/p>\n<p>&nbsp;<\/p>\n","protected":false},"excerpt":{"rendered":"<p>A banda ABBA Majest\u00e4t, de S\u00e3o Paulo, se apresenta em Cuiab\u00e1 no dia 3 de setembro (s\u00e1bado), \u00e0s 20h, no Teatro do Cerrado Zulmira Canavarros (anexo \u00e0 ALMT). O show \u00e9 considerado o maior tributo ABBA das Am\u00e9ricas. Os ingressos custam R$ 160 (inteiro), R$ 80 (meio), cabendo ainda a meia solid\u00e1ria, na doa\u00e7\u00e3o de [&hellip;]<\/p>\n","protected":false},"author":2,"featured_media":4736,"comment_status":"closed","ping_status":"closed","sticky":false,"template":"","format":"standard","meta":{"iawp_total_views":0,"footnotes":""},"categories":[16],"tags":[],"class_list":["post-4735","post","type-post","status-publish","format-standard","has-post-thumbnail","hentry","category-geral"],"yoast_head":"<!-- This site is optimized with the Yoast SEO plugin v27.3 - https:\/\/yoast.com\/product\/yoast-seo-wordpress\/ -->\n<title>ABBA Majest\u00e4t se apresenta em Cuiab\u00e1 &#8902; Blog da Condessa<\/title>\n<meta name=\"robots\" content=\"index, follow, max-snippet:-1, max-image-preview:large, max-video-preview:-1\" \/>\n<link rel=\"canonical\" href=\"https:\/\/blogdacondessa.com.br\/blog\/geral\/abba-majestat-se-apresenta-em-cuiaba\/\" \/>\n<meta property=\"og:locale\" content=\"pt_BR\" \/>\n<meta property=\"og:type\" content=\"article\" \/>\n<meta property=\"og:title\" content=\"ABBA Majest\u00e4t se apresenta em Cuiab\u00e1 &#8902; Blog da Condessa\" \/>\n<meta property=\"og:description\" content=\"A banda ABBA Majest\u00e4t, de S\u00e3o Paulo, se apresenta em Cuiab\u00e1 no dia 3 de setembro (s\u00e1bado), \u00e0s 20h, no Teatro do Cerrado Zulmira Canavarros (anexo \u00e0 ALMT). O show \u00e9 considerado o maior tributo ABBA das Am\u00e9ricas. Os ingressos custam R$ 160 (inteiro), R$ 80 (meio), cabendo ainda a meia solid\u00e1ria, na doa\u00e7\u00e3o de [&hellip;]\" \/>\n<meta property=\"og:url\" content=\"https:\/\/blogdacondessa.com.br\/blog\/geral\/abba-majestat-se-apresenta-em-cuiaba\/\" \/>\n<meta property=\"og:site_name\" content=\"Blog da Condessa\" \/>\n<meta property=\"article:published_time\" content=\"2022-08-27T09:00:12+00:00\" \/>\n<meta property=\"og:image\" content=\"https:\/\/blogdacondessa.com.br\/blog\/wp-content\/uploads\/2022\/08\/Abba-majestat-2.jpg\" \/>\n\t<meta property=\"og:image:width\" content=\"1280\" \/>\n\t<meta property=\"og:image:height\" content=\"853\" \/>\n\t<meta property=\"og:image:type\" content=\"image\/jpeg\" \/>\n<meta name=\"author\" content=\"Blog da Condessa\" \/>\n<meta name=\"twitter:card\" content=\"summary_large_image\" \/>\n<meta name=\"twitter:label1\" content=\"Escrito por\" \/>\n\t<meta name=\"twitter:data1\" content=\"Blog da Condessa\" \/>\n\t<meta name=\"twitter:label2\" content=\"Est. tempo de leitura\" \/>\n\t<meta name=\"twitter:data2\" content=\"2 minutos\" \/>\n<script type=\"application\/ld+json\" class=\"yoast-schema-graph\">{\"@context\":\"https:\\\/\\\/schema.org\",\"@graph\":[{\"@type\":\"Article\",\"@id\":\"https:\\\/\\\/blogdacondessa.com.br\\\/blog\\\/geral\\\/abba-majestat-se-apresenta-em-cuiaba\\\/#article\",\"isPartOf\":{\"@id\":\"https:\\\/\\\/blogdacondessa.com.br\\\/blog\\\/geral\\\/abba-majestat-se-apresenta-em-cuiaba\\\/\"},\"author\":{\"name\":\"Blog da Condessa\",\"@id\":\"https:\\\/\\\/blogdacondessa.com.br\\\/blog\\\/#\\\/schema\\\/person\\\/1d667ff8b785195b568677489d266035\"},\"headline\":\"ABBA Majest\u00e4t se apresenta em Cuiab\u00e1\",\"datePublished\":\"2022-08-27T09:00:12+00:00\",\"mainEntityOfPage\":{\"@id\":\"https:\\\/\\\/blogdacondessa.com.br\\\/blog\\\/geral\\\/abba-majestat-se-apresenta-em-cuiaba\\\/\"},\"wordCount\":381,\"image\":{\"@id\":\"https:\\\/\\\/blogdacondessa.com.br\\\/blog\\\/geral\\\/abba-majestat-se-apresenta-em-cuiaba\\\/#primaryimage\"},\"thumbnailUrl\":\"https:\\\/\\\/blogdacondessa.com.br\\\/blog\\\/wp-content\\\/uploads\\\/2022\\\/08\\\/Abba-majestat-2.jpg\",\"articleSection\":[\"Variedades\"],\"inLanguage\":\"pt-BR\"},{\"@type\":\"WebPage\",\"@id\":\"https:\\\/\\\/blogdacondessa.com.br\\\/blog\\\/geral\\\/abba-majestat-se-apresenta-em-cuiaba\\\/\",\"url\":\"https:\\\/\\\/blogdacondessa.com.br\\\/blog\\\/geral\\\/abba-majestat-se-apresenta-em-cuiaba\\\/\",\"name\":\"ABBA Majest\u00e4t se apresenta em Cuiab\u00e1 &#8902; Blog da Condessa\",\"isPartOf\":{\"@id\":\"https:\\\/\\\/blogdacondessa.com.br\\\/blog\\\/#website\"},\"primaryImageOfPage\":{\"@id\":\"https:\\\/\\\/blogdacondessa.com.br\\\/blog\\\/geral\\\/abba-majestat-se-apresenta-em-cuiaba\\\/#primaryimage\"},\"image\":{\"@id\":\"https:\\\/\\\/blogdacondessa.com.br\\\/blog\\\/geral\\\/abba-majestat-se-apresenta-em-cuiaba\\\/#primaryimage\"},\"thumbnailUrl\":\"https:\\\/\\\/blogdacondessa.com.br\\\/blog\\\/wp-content\\\/uploads\\\/2022\\\/08\\\/Abba-majestat-2.jpg\",\"datePublished\":\"2022-08-27T09:00:12+00:00\",\"author\":{\"@id\":\"https:\\\/\\\/blogdacondessa.com.br\\\/blog\\\/#\\\/schema\\\/person\\\/1d667ff8b785195b568677489d266035\"},\"breadcrumb\":{\"@id\":\"https:\\\/\\\/blogdacondessa.com.br\\\/blog\\\/geral\\\/abba-majestat-se-apresenta-em-cuiaba\\\/#breadcrumb\"},\"inLanguage\":\"pt-BR\",\"potentialAction\":[{\"@type\":\"ReadAction\",\"target\":[\"https:\\\/\\\/blogdacondessa.com.br\\\/blog\\\/geral\\\/abba-majestat-se-apresenta-em-cuiaba\\\/\"]}]},{\"@type\":\"ImageObject\",\"inLanguage\":\"pt-BR\",\"@id\":\"https:\\\/\\\/blogdacondessa.com.br\\\/blog\\\/geral\\\/abba-majestat-se-apresenta-em-cuiaba\\\/#primaryimage\",\"url\":\"https:\\\/\\\/blogdacondessa.com.br\\\/blog\\\/wp-content\\\/uploads\\\/2022\\\/08\\\/Abba-majestat-2.jpg\",\"contentUrl\":\"https:\\\/\\\/blogdacondessa.com.br\\\/blog\\\/wp-content\\\/uploads\\\/2022\\\/08\\\/Abba-majestat-2.jpg\",\"width\":1280,\"height\":853,\"caption\":\"Foto: Divulga\u00e7\u00e3o\"},{\"@type\":\"BreadcrumbList\",\"@id\":\"https:\\\/\\\/blogdacondessa.com.br\\\/blog\\\/geral\\\/abba-majestat-se-apresenta-em-cuiaba\\\/#breadcrumb\",\"itemListElement\":[{\"@type\":\"ListItem\",\"position\":1,\"name\":\"In\u00edcio\",\"item\":\"https:\\\/\\\/blogdacondessa.com.br\\\/blog\\\/\"},{\"@type\":\"ListItem\",\"position\":2,\"name\":\"ABBA Majest\u00e4t se apresenta em Cuiab\u00e1\"}]},{\"@type\":\"WebSite\",\"@id\":\"https:\\\/\\\/blogdacondessa.com.br\\\/blog\\\/#website\",\"url\":\"https:\\\/\\\/blogdacondessa.com.br\\\/blog\\\/\",\"name\":\"Blog da Condessa\",\"description\":\"Com Shirley de Souza O\u2019Campos\",\"potentialAction\":[{\"@type\":\"SearchAction\",\"target\":{\"@type\":\"EntryPoint\",\"urlTemplate\":\"https:\\\/\\\/blogdacondessa.com.br\\\/blog\\\/?s={search_term_string}\"},\"query-input\":{\"@type\":\"PropertyValueSpecification\",\"valueRequired\":true,\"valueName\":\"search_term_string\"}}],\"inLanguage\":\"pt-BR\"},{\"@type\":\"Person\",\"@id\":\"https:\\\/\\\/blogdacondessa.com.br\\\/blog\\\/#\\\/schema\\\/person\\\/1d667ff8b785195b568677489d266035\",\"name\":\"Blog da Condessa\",\"image\":{\"@type\":\"ImageObject\",\"inLanguage\":\"pt-BR\",\"@id\":\"https:\\\/\\\/secure.gravatar.com\\\/avatar\\\/377c0eb8b4ad2bfc25461b41564b5971e721ca34a57642868fc7b0c8ac7b52c5?s=96&d=mm&r=g\",\"url\":\"https:\\\/\\\/secure.gravatar.com\\\/avatar\\\/377c0eb8b4ad2bfc25461b41564b5971e721ca34a57642868fc7b0c8ac7b52c5?s=96&d=mm&r=g\",\"contentUrl\":\"https:\\\/\\\/secure.gravatar.com\\\/avatar\\\/377c0eb8b4ad2bfc25461b41564b5971e721ca34a57642868fc7b0c8ac7b52c5?s=96&d=mm&r=g\",\"caption\":\"Blog da Condessa\"},\"url\":\"https:\\\/\\\/blogdacondessa.com.br\\\/blog\\\/author\\\/beatriz\\\/\"}]}<\/script>\n<!-- \/ Yoast SEO plugin. -->","yoast_head_json":{"title":"ABBA Majest\u00e4t se apresenta em Cuiab\u00e1 &#8902; Blog da Condessa","robots":{"index":"index","follow":"follow","max-snippet":"max-snippet:-1","max-image-preview":"max-image-preview:large","max-video-preview":"max-video-preview:-1"},"canonical":"https:\/\/blogdacondessa.com.br\/blog\/geral\/abba-majestat-se-apresenta-em-cuiaba\/","og_locale":"pt_BR","og_type":"article","og_title":"ABBA Majest\u00e4t se apresenta em Cuiab\u00e1 &#8902; Blog da Condessa","og_description":"A banda ABBA Majest\u00e4t, de S\u00e3o Paulo, se apresenta em Cuiab\u00e1 no dia 3 de setembro (s\u00e1bado), \u00e0s 20h, no Teatro do Cerrado Zulmira Canavarros (anexo \u00e0 ALMT). O show \u00e9 considerado o maior tributo ABBA das Am\u00e9ricas. Os ingressos custam R$ 160 (inteiro), R$ 80 (meio), cabendo ainda a meia solid\u00e1ria, na doa\u00e7\u00e3o de [&hellip;]","og_url":"https:\/\/blogdacondessa.com.br\/blog\/geral\/abba-majestat-se-apresenta-em-cuiaba\/","og_site_name":"Blog da Condessa","article_published_time":"2022-08-27T09:00:12+00:00","og_image":[{"width":1280,"height":853,"url":"https:\/\/blogdacondessa.com.br\/blog\/wp-content\/uploads\/2022\/08\/Abba-majestat-2.jpg","type":"image\/jpeg"}],"author":"Blog da Condessa","twitter_card":"summary_large_image","twitter_misc":{"Escrito por":"Blog da Condessa","Est. tempo de leitura":"2 minutos"},"schema":{"@context":"https:\/\/schema.org","@graph":[{"@type":"Article","@id":"https:\/\/blogdacondessa.com.br\/blog\/geral\/abba-majestat-se-apresenta-em-cuiaba\/#article","isPartOf":{"@id":"https:\/\/blogdacondessa.com.br\/blog\/geral\/abba-majestat-se-apresenta-em-cuiaba\/"},"author":{"name":"Blog da Condessa","@id":"https:\/\/blogdacondessa.com.br\/blog\/#\/schema\/person\/1d667ff8b785195b568677489d266035"},"headline":"ABBA Majest\u00e4t se apresenta em Cuiab\u00e1","datePublished":"2022-08-27T09:00:12+00:00","mainEntityOfPage":{"@id":"https:\/\/blogdacondessa.com.br\/blog\/geral\/abba-majestat-se-apresenta-em-cuiaba\/"},"wordCount":381,"image":{"@id":"https:\/\/blogdacondessa.com.br\/blog\/geral\/abba-majestat-se-apresenta-em-cuiaba\/#primaryimage"},"thumbnailUrl":"https:\/\/blogdacondessa.com.br\/blog\/wp-content\/uploads\/2022\/08\/Abba-majestat-2.jpg","articleSection":["Variedades"],"inLanguage":"pt-BR"},{"@type":"WebPage","@id":"https:\/\/blogdacondessa.com.br\/blog\/geral\/abba-majestat-se-apresenta-em-cuiaba\/","url":"https:\/\/blogdacondessa.com.br\/blog\/geral\/abba-majestat-se-apresenta-em-cuiaba\/","name":"ABBA Majest\u00e4t se apresenta em Cuiab\u00e1 &#8902; Blog da Condessa","isPartOf":{"@id":"https:\/\/blogdacondessa.com.br\/blog\/#website"},"primaryImageOfPage":{"@id":"https:\/\/blogdacondessa.com.br\/blog\/geral\/abba-majestat-se-apresenta-em-cuiaba\/#primaryimage"},"image":{"@id":"https:\/\/blogdacondessa.com.br\/blog\/geral\/abba-majestat-se-apresenta-em-cuiaba\/#primaryimage"},"thumbnailUrl":"https:\/\/blogdacondessa.com.br\/blog\/wp-content\/uploads\/2022\/08\/Abba-majestat-2.jpg","datePublished":"2022-08-27T09:00:12+00:00","author":{"@id":"https:\/\/blogdacondessa.com.br\/blog\/#\/schema\/person\/1d667ff8b785195b568677489d266035"},"breadcrumb":{"@id":"https:\/\/blogdacondessa.com.br\/blog\/geral\/abba-majestat-se-apresenta-em-cuiaba\/#breadcrumb"},"inLanguage":"pt-BR","potentialAction":[{"@type":"ReadAction","target":["https:\/\/blogdacondessa.com.br\/blog\/geral\/abba-majestat-se-apresenta-em-cuiaba\/"]}]},{"@type":"ImageObject","inLanguage":"pt-BR","@id":"https:\/\/blogdacondessa.com.br\/blog\/geral\/abba-majestat-se-apresenta-em-cuiaba\/#primaryimage","url":"https:\/\/blogdacondessa.com.br\/blog\/wp-content\/uploads\/2022\/08\/Abba-majestat-2.jpg","contentUrl":"https:\/\/blogdacondessa.com.br\/blog\/wp-content\/uploads\/2022\/08\/Abba-majestat-2.jpg","width":1280,"height":853,"caption":"Foto: Divulga\u00e7\u00e3o"},{"@type":"BreadcrumbList","@id":"https:\/\/blogdacondessa.com.br\/blog\/geral\/abba-majestat-se-apresenta-em-cuiaba\/#breadcrumb","itemListElement":[{"@type":"ListItem","position":1,"name":"In\u00edcio","item":"https:\/\/blogdacondessa.com.br\/blog\/"},{"@type":"ListItem","position":2,"name":"ABBA Majest\u00e4t se apresenta em Cuiab\u00e1"}]},{"@type":"WebSite","@id":"https:\/\/blogdacondessa.com.br\/blog\/#website","url":"https:\/\/blogdacondessa.com.br\/blog\/","name":"Blog da Condessa","description":"Com Shirley de Souza O\u2019Campos","potentialAction":[{"@type":"SearchAction","target":{"@type":"EntryPoint","urlTemplate":"https:\/\/blogdacondessa.com.br\/blog\/?s={search_term_string}"},"query-input":{"@type":"PropertyValueSpecification","valueRequired":true,"valueName":"search_term_string"}}],"inLanguage":"pt-BR"},{"@type":"Person","@id":"https:\/\/blogdacondessa.com.br\/blog\/#\/schema\/person\/1d667ff8b785195b568677489d266035","name":"Blog da Condessa","image":{"@type":"ImageObject","inLanguage":"pt-BR","@id":"https:\/\/secure.gravatar.com\/avatar\/377c0eb8b4ad2bfc25461b41564b5971e721ca34a57642868fc7b0c8ac7b52c5?s=96&d=mm&r=g","url":"https:\/\/secure.gravatar.com\/avatar\/377c0eb8b4ad2bfc25461b41564b5971e721ca34a57642868fc7b0c8ac7b52c5?s=96&d=mm&r=g","contentUrl":"https:\/\/secure.gravatar.com\/avatar\/377c0eb8b4ad2bfc25461b41564b5971e721ca34a57642868fc7b0c8ac7b52c5?s=96&d=mm&r=g","caption":"Blog da Condessa"},"url":"https:\/\/blogdacondessa.com.br\/blog\/author\/beatriz\/"}]}},"_links":{"self":[{"href":"https:\/\/blogdacondessa.com.br\/blog\/wp-json\/wp\/v2\/posts\/4735","targetHints":{"allow":["GET"]}}],"collection":[{"href":"https:\/\/blogdacondessa.com.br\/blog\/wp-json\/wp\/v2\/posts"}],"about":[{"href":"https:\/\/blogdacondessa.com.br\/blog\/wp-json\/wp\/v2\/types\/post"}],"author":[{"embeddable":true,"href":"https:\/\/blogdacondessa.com.br\/blog\/wp-json\/wp\/v2\/users\/2"}],"replies":[{"embeddable":true,"href":"https:\/\/blogdacondessa.com.br\/blog\/wp-json\/wp\/v2\/comments?post=4735"}],"version-history":[{"count":0,"href":"https:\/\/blogdacondessa.com.br\/blog\/wp-json\/wp\/v2\/posts\/4735\/revisions"}],"wp:featuredmedia":[{"embeddable":true,"href":"https:\/\/blogdacondessa.com.br\/blog\/wp-json\/wp\/v2\/media\/4736"}],"wp:attachment":[{"href":"https:\/\/blogdacondessa.com.br\/blog\/wp-json\/wp\/v2\/media?parent=4735"}],"wp:term":[{"taxonomy":"category","embeddable":true,"href":"https:\/\/blogdacondessa.com.br\/blog\/wp-json\/wp\/v2\/categories?post=4735"},{"taxonomy":"post_tag","embeddable":true,"href":"https:\/\/blogdacondessa.com.br\/blog\/wp-json\/wp\/v2\/tags?post=4735"}],"curies":[{"name":"wp","href":"https:\/\/api.w.org\/{rel}","templated":true}]}}