{"id":4644,"date":"2022-08-16T10:37:18","date_gmt":"2022-08-16T14:37:18","guid":{"rendered":"http:\/\/blogdacondessa.com.br\/?p=4644"},"modified":"2022-08-16T10:37:18","modified_gmt":"2022-08-16T14:37:18","slug":"os-desafios-envolvidos-na-revitalizacao-do-centro-historico-de-cuiaba","status":"publish","type":"post","link":"https:\/\/blogdacondessa.com.br\/blog\/cidades\/os-desafios-envolvidos-na-revitalizacao-do-centro-historico-de-cuiaba\/","title":{"rendered":"\u201cOs desafios envolvidos na revitaliza\u00e7\u00e3o do Centro Hist\u00f3rico de Cuiab\u00e1\u201d"},"content":{"rendered":"<p>De acordo com o professor, economista e advogado Ant\u00f4nio Ernani Calhao, o patrim\u00f4nio \u00e9 o lugar da mem\u00f3ria. \u00c9 o espa\u00e7o que ocupamos, por onde passamos muitas vezes, e que nos d\u00e1 acesso em nossas movimenta\u00e7\u00f5es urbanas. No dia 17 de agosto se comemora o Dia Nacional do Patrim\u00f4nio Hist\u00f3rico. Os \u201cAmigos do Centro Hist\u00f3rico de Cuiab\u00e1&#8221;, a \u00a0Associa\u00e7\u00e3o Muxirum Cuiabano juntamente com a prefeitura de Cuiab\u00e1 e Universidade Federal de Mato Grosso, realizam a 4\u00aa Semana do Patrim\u00f4nio Hist\u00f3rico de Cuiab\u00e1. O evento come\u00e7a nesta quarta-feira (17) e vai at\u00e9 a pr\u00f3xima sexta-feira (19), com uma s\u00e9rie de atividades que t\u00eam como objetivo valorizar o patrim\u00f4nio material e imaterial da hist\u00f3ria cuiabana. A abertura do evento ocorre \u00e0s 17h30, com o lan\u00e7amento da cartilha \u201cA Hist\u00f3ria do Im\u00f3vel da Typographia Calh\u00e1o\u201d. Confira a seguir a entrevista concedida ao Blog da Condessa com o autor da Cartilha, Ant\u00f4nio Ernani Calhao.<\/p>\n<p><strong>Blog da Condessa &#8211; No dia 17 de agosto se comemora o Dia Nacional do Patrim\u00f4nio Hist\u00f3rico. O que essa data representa no contexto nacional, bem como local?<\/strong><\/p>\n<p><strong>Ant\u00f4nio Ernani Calhao &#8211;<\/strong> Patrim\u00f4nio Hist\u00f3rico \u00e9 constitu\u00eddo pelas marcas da vida humana no tempo. Hoje se fala muito em lugar de fala. O patrim\u00f4nio \u00e9 o lugar da mem\u00f3ria. \u00c9 o espa\u00e7o que ocupamos, por onde passamos muitas vezes, e que nos d\u00e1 acesso em nossas movimenta\u00e7\u00f5es urbanas. Mas tamb\u00e9m o espa\u00e7o pode figurar em nossas impress\u00f5es, em nosso esp\u00edrito, tornando poss\u00edvel retomar o passado, contido em nossa imagina\u00e7\u00e3o, enquanto uma lembran\u00e7a (HALBWACHS, 2012, p. 170).\u00a0Quando visitamos o antigo casario do Centro Hist\u00f3rico de Cuiab\u00e1, ou outra cidade, colhemos algumas sensa\u00e7\u00f5es de suas hist\u00f3rias, de seus enraizamentos ou, talvez, de seus desenraizamentos. Tais sensa\u00e7\u00f5es carregam tons imag\u00e9ticos imprimindo-nos ilus\u00f5es capazes de encontrar o passado no presente, que n\u00e3o envelhece e n\u00e3o perde seus encantos.<\/p>\n<p><strong>Blog da Condessa \u2013 H\u00e1 um motivo para a escolha da data?<\/strong><\/p>\n<p><strong>Ernani Calhao &#8211;<\/strong> O evento comemora do Dia Nacional do Patrim\u00f4nio Hist\u00f3rico, em todo Brasil, que se realiza, anualmente, no dia 17 de agosto. A data foi escolhida em homenagem ao historiador e jornalista, Rodrigo Melo de Andrade, respons\u00e1vel pela cria\u00e7\u00e3o do Instituto do Patrim\u00f4nio Hist\u00f3rico e Art\u00edstico Nacional\u00a0 (Iphan) em 1937.\u00a0A entidade \u00e9 respons\u00e1vel pela prote\u00e7\u00e3o e preserva\u00e7\u00e3o dos bens culturais nacionais, edif\u00edcios, centros urbanos e s\u00edtios arqueol\u00f3gicos.<\/p>\n<p><strong>\u00a0Blog da Condessa \u2013 Quem \u00e9 respons\u00e1vel pela organiza\u00e7\u00e3o da 4\u00aa Semana do Patrim\u00f4nio Hist\u00f3rico de Mato Grosso que acontece\u00a0 nos dias 17 e 18 de agosto?<\/strong><\/p>\n<p><strong>Ernani Calhao<\/strong> &#8211; O evento \u00e9 organizado, anualmente, pelo grupo \u201cAmigos do Centro Hist\u00f3rico de Cuiab\u00e1 \u2013 (ACHC)\u201d. Em sua quarta edi\u00e7\u00e3o, reunir\u00e1 institui\u00e7\u00f5es mato-grossenses envolvidas com o patrim\u00f4nio material e imaterial de expressivo valor da a nossa hist\u00f3ria que s\u00e3o: os Amigos do Centro Hist\u00f3rico de Cuiab\u00e1, Munic\u00edpio de Cuiab\u00e1 e Muxirum Cuiabano \u2013 Associa\u00e7\u00e3o Cuiabana de Cultura.<\/p>\n<p><strong>Blog da Condessa &#8211; O que visa a mobiliza\u00e7\u00e3o?<\/strong><\/p>\n<p><strong>Ernani Calhao \u00a0&#8211;<\/strong> A mobiliza\u00e7\u00e3o tem o escopo de integrar a sociedade cuiabana e a comunidade do Centro Hist\u00f3rico aos desafios envolvidos na sua revitaliza\u00e7\u00e3o. O que est\u00e1 em causa \u00e9 a identidade cuiabana e mato-grossense que sofre um grande risco de se perder naquilo que representa o seu s\u00edtio hist\u00f3rico datado do per\u00edodo colonial. \u00c9 conveniente recordar que a tem\u00e1tica do patrim\u00f4nio arquitet\u00f4nico est\u00e1 alicer\u00e7ada no conceito de raiz. Juridicamente, bens im\u00f3veis s\u00e3o bens de raiz. Por\u00e9m, no plano da sociologia, da antropologia e da psicologia social, esta no\u00e7\u00e3o \u00e9 mais ampla porque envolve o ser humano enquanto protagonista da vida social.<\/p>\n<p>Mais do que o ambiente material, nele \u2013 o ser humano \u2013 est\u00e1 contido o denominado processo de enraizamento. Este, na melhor literatura sobre o assunto, talvez seja a necessidade mais importante e mais desconhecida da alma humana. \u00c9 uma das mais dif\u00edceis de definir.\u00a0O ser humano tem uma raiz por sua participa\u00e7\u00e3o real, ativa e natural na exist\u00eancia de uma coletividade, que conserva vivos certos tesouros do passado e certos pressentimentos do futuro (WEIL, 2014, p. 46).<\/p>\n<p><strong>Blog da Condessa &#8211; O ser humano requer ra\u00edzes?<\/strong><\/p>\n<p><strong>Ernani Calhao &#8211;<\/strong> Para al\u00e9m da realidade dura presente no ambiente \u2013 constru\u00e7\u00e3o de habita\u00e7\u00f5es e edifica\u00e7\u00f5es de bens im\u00f3veis \u2013, o enraizamento abarca todo o processo de integra\u00e7\u00e3o do homem em determinado espa\u00e7o geogr\u00e1fico, pelo nascimento, pela profiss\u00e3o e pelo ambiente.\u00a0Todo ser humano necessita de m\u00faltiplas ra\u00edzes englobando vida moral, intelectual e espiritual, por interm\u00e9dio dos ambientes a que naturalmente pertence.<\/p>\n<p>Quando o Muxirum Cuiabano foi fundado, o grande desafio foi reconhecer as marcas desse enraizamento em um legado tricenten\u00e1rio, mesclando multif\u00e1rias influ\u00eancias do seu processo de afirma\u00e7\u00e3o enquanto sociedade com caracter\u00edsticas pr\u00f3prias.<\/p>\n<p><strong>Blog da Condessa \u2013 Por favor, comente sobre a forma\u00e7\u00e3o social de Mato Grosso.<\/strong><\/p>\n<p><strong>Ernani Calhao<\/strong> &#8211; Em sua trajet\u00f3ria tricenten\u00e1ria, Cuiab\u00e1 teve um percurso hist\u00f3rico marcado por diferentes etapas de sua estrutura de poder dentro dos quadros pol\u00edticos delineados atrav\u00e9s do tempo. Perpassa a Col\u00f4nia, o Imp\u00e9rio e chega \u00e0 Rep\u00fablica enfrentando todas as dificuldades em raz\u00e3o de sua localiza\u00e7\u00e3o no extremo oeste brasileiro.\u00a0 A forma\u00e7\u00e3o social do povo mato-grossense, indiscutivelmente, \u00e9 marcada pelas correntes migrat\u00f3rias. Tudo isso est\u00e1 representado no complexo arquitet\u00f4nico e n\u00e3o pode se perder.<\/p>\n<p><strong>Blog da Condessa &#8211; \u00a0Por favor, comente sobre a Cartilha \u201cA Hist\u00f3ria do Im\u00f3vel da Typographia Calh\u00e1o\u2019 de sua autoria cujo lan\u00e7amento ser\u00e1 no dia 17, \u00e0s 17h30.\u00a0<\/strong><\/p>\n<p><strong>Ernani Calhao &#8211;<\/strong> A finalidade da Cartilha \u00e9 educar os atuais inquilinos do im\u00f3vel sobre a hist\u00f3ria daquela casa de 1881. Muitos transeuntes que passam no local perguntam sobre o casar\u00e3o. Diante de uma pesquisa feita com os ocupantes do im\u00f3vel constatou-se que eles desconheciam totalmente a sua hist\u00f3ria. Ent\u00e3o foi elaborada a Cartilha que servir\u00e1 de guia de orienta\u00e7\u00e3o para os comerciantes e seus funcion\u00e1rios para educa-los sobre o patrim\u00f4nio e funcionar como multiplicadores diante da comunidade.<\/p>\n<p><strong>Blog da Condessa &#8211; Destaque a programa\u00e7\u00e3o, por gentileza.<\/strong><\/p>\n<p><em><u>Programa\u00e7\u00e3o<\/u><\/em><\/p>\n<p><strong>Abertura 17 de agosto<\/strong> (quarta-feira). Rua Candido Mariano esquina com a Rua Ricardo Franco &#8211; Cal\u00e7ad\u00e3o<\/p>\n<p>17h30 \u2013 Lan\u00e7amento da Cartilha sobre o im\u00f3vel no cal\u00e7ad\u00e3o onde funcionou a Typographia Calh\u00e1o.<\/p>\n<p>Presen\u00e7a do Pianista Dario Scherner com seu piano de cauda, colocado diretamente no cal\u00e7ad\u00e3o.<\/p>\n<p>19 horas- Casa de Bem-Bem<\/p>\n<p>Atividade musical. Orquestra de Sopros do Grupo Ciranda. \u201cEspet\u00e1culo Mestre Albertino\u201d. Valsas e Rasqueados<\/p>\n<p><strong>Dia 18 de agosto<\/strong> (quinta-feira) 19 horas \u2013 Audit\u00f3rio da<\/p>\n<p>Associa\u00e7\u00e3o Comercial de Cuiab\u00e1 \u2013 Ed. Pal\u00e1cio do Com\u00e9rcio. Rua Galdino Pimentel &#8211; Centro<\/p>\n<p><strong><u>Rodas de conversas\u00a0<\/u><\/strong><\/p>\n<p>1\u00aa Roda. Universidade Federal de Mato Grosso. Plano de Gest\u00e3o para o Centro Hist\u00f3rico de Cuiab\u00e1. Profa. Luciana Pelaes Mascaro. Professora do Departamento de Arquitetura e Urbanismo da FAET\/UFMT Luciana Pelaes Mascaro.<\/p>\n<p>Breve resumo tem\u00e1tico. O Centro Hist\u00f3rico de Cuiab\u00e1, reconhecido como Patrim\u00f4nio Nacional pelo IPHAN encontra-se em processo de degrada\u00e7\u00e3o. Sua reconstru\u00e7\u00e3o leva em considera\u00e7\u00e3o o processo econ\u00f4mico e a gera\u00e7\u00e3o dos empregos verdes tendentes \u00e0 regenera\u00e7\u00e3o do patrim\u00f4nio cultural e ambiental da regi\u00e3o. Os setores \u00e2ncora a serem incentivados s\u00e3o as atividades educativas e a constru\u00e7\u00e3o civil, e os demais agentes como o com\u00e9rcio e servi\u00e7os variados, a economia criativa e atividades ligadas ao turismo.<\/p>\n<p>2\u00aa Roda. Prefeitura Municipal de Cuiab\u00e1. Secretaria de Cultura, Esporte e Lazer. Plano Municipal de Cultura, que integra o Sistema Nacional de Cultura (SNC).<\/p>\n<p>Breve resumo tem\u00e1tico.\u00a0 O Plano de Gest\u00e3o de Cultura Municipal consiste em instrumento de gest\u00e3o compartilhada de pol\u00edticas p\u00fablicas culturais entre os entes federados e a sociedade civil por um per\u00edodo de 10 anos. Visa o fortalecimento e a promo\u00e7\u00e3o do acesso \u00e0 cultura no \u00e2mbito municipal. A estrat\u00e9gia de constru\u00e7\u00e3o envolve a participa\u00e7\u00e3o direta da sociedade civil por meio de audi\u00eancias p\u00fablicas, f\u00f3runs, confer\u00eancias e outros instrumentos onde artistas, entidade socioculturais e profissionais afins possam apresentar suas reivindica\u00e7\u00f5es.<\/p>\n<p>&nbsp;<\/p>\n","protected":false},"excerpt":{"rendered":"<p>De acordo com o professor, economista e advogado Ant\u00f4nio Ernani Calhao, o patrim\u00f4nio \u00e9 o lugar da mem\u00f3ria. \u00c9 o espa\u00e7o que ocupamos, por onde passamos muitas vezes, e que nos d\u00e1 acesso em nossas movimenta\u00e7\u00f5es urbanas. No dia 17 de agosto se comemora o Dia Nacional do Patrim\u00f4nio Hist\u00f3rico. Os \u201cAmigos do Centro Hist\u00f3rico [&hellip;]<\/p>\n","protected":false},"author":2,"featured_media":4645,"comment_status":"closed","ping_status":"closed","sticky":false,"template":"","format":"standard","meta":{"iawp_total_views":2,"footnotes":""},"categories":[12],"tags":[],"class_list":["post-4644","post","type-post","status-publish","format-standard","has-post-thumbnail","hentry","category-cidades"],"yoast_head":"<!-- This site is optimized with the Yoast SEO plugin v27.3 - https:\/\/yoast.com\/product\/yoast-seo-wordpress\/ -->\n<title>\u201cOs desafios envolvidos na revitaliza\u00e7\u00e3o do Centro Hist\u00f3rico de Cuiab\u00e1\u201d &#8902; Blog da Condessa<\/title>\n<meta name=\"robots\" content=\"index, follow, max-snippet:-1, max-image-preview:large, max-video-preview:-1\" \/>\n<link rel=\"canonical\" href=\"https:\/\/blogdacondessa.com.br\/blog\/cidades\/os-desafios-envolvidos-na-revitalizacao-do-centro-historico-de-cuiaba\/\" \/>\n<meta property=\"og:locale\" content=\"pt_BR\" \/>\n<meta property=\"og:type\" content=\"article\" \/>\n<meta property=\"og:title\" content=\"\u201cOs desafios envolvidos na revitaliza\u00e7\u00e3o do Centro Hist\u00f3rico de Cuiab\u00e1\u201d &#8902; Blog da Condessa\" \/>\n<meta property=\"og:description\" content=\"De acordo com o professor, economista e advogado Ant\u00f4nio Ernani Calhao, o patrim\u00f4nio \u00e9 o lugar da mem\u00f3ria. \u00c9 o espa\u00e7o que ocupamos, por onde passamos muitas vezes, e que nos d\u00e1 acesso em nossas movimenta\u00e7\u00f5es urbanas. No dia 17 de agosto se comemora o Dia Nacional do Patrim\u00f4nio Hist\u00f3rico. Os \u201cAmigos do Centro Hist\u00f3rico [&hellip;]\" \/>\n<meta property=\"og:url\" content=\"https:\/\/blogdacondessa.com.br\/blog\/cidades\/os-desafios-envolvidos-na-revitalizacao-do-centro-historico-de-cuiaba\/\" \/>\n<meta property=\"og:site_name\" content=\"Blog da Condessa\" \/>\n<meta property=\"article:published_time\" content=\"2022-08-16T14:37:18+00:00\" \/>\n<meta property=\"og:image\" content=\"https:\/\/blogdacondessa.com.br\/blog\/wp-content\/uploads\/2022\/08\/foto-ernani.jpg\" \/>\n\t<meta property=\"og:image:width\" content=\"426\" \/>\n\t<meta property=\"og:image:height\" content=\"587\" \/>\n\t<meta property=\"og:image:type\" content=\"image\/jpeg\" \/>\n<meta name=\"author\" content=\"Blog da Condessa\" \/>\n<meta name=\"twitter:card\" content=\"summary_large_image\" \/>\n<meta name=\"twitter:label1\" content=\"Escrito por\" \/>\n\t<meta name=\"twitter:data1\" content=\"Blog da Condessa\" \/>\n\t<meta name=\"twitter:label2\" content=\"Est. tempo de leitura\" \/>\n\t<meta name=\"twitter:data2\" content=\"7 minutos\" \/>\n<script type=\"application\/ld+json\" class=\"yoast-schema-graph\">{\"@context\":\"https:\\\/\\\/schema.org\",\"@graph\":[{\"@type\":\"Article\",\"@id\":\"https:\\\/\\\/blogdacondessa.com.br\\\/blog\\\/cidades\\\/os-desafios-envolvidos-na-revitalizacao-do-centro-historico-de-cuiaba\\\/#article\",\"isPartOf\":{\"@id\":\"https:\\\/\\\/blogdacondessa.com.br\\\/blog\\\/cidades\\\/os-desafios-envolvidos-na-revitalizacao-do-centro-historico-de-cuiaba\\\/\"},\"author\":{\"name\":\"Blog da Condessa\",\"@id\":\"https:\\\/\\\/blogdacondessa.com.br\\\/blog\\\/#\\\/schema\\\/person\\\/1d667ff8b785195b568677489d266035\"},\"headline\":\"\u201cOs desafios envolvidos na revitaliza\u00e7\u00e3o do Centro Hist\u00f3rico de Cuiab\u00e1\u201d\",\"datePublished\":\"2022-08-16T14:37:18+00:00\",\"mainEntityOfPage\":{\"@id\":\"https:\\\/\\\/blogdacondessa.com.br\\\/blog\\\/cidades\\\/os-desafios-envolvidos-na-revitalizacao-do-centro-historico-de-cuiaba\\\/\"},\"wordCount\":1422,\"image\":{\"@id\":\"https:\\\/\\\/blogdacondessa.com.br\\\/blog\\\/cidades\\\/os-desafios-envolvidos-na-revitalizacao-do-centro-historico-de-cuiaba\\\/#primaryimage\"},\"thumbnailUrl\":\"https:\\\/\\\/blogdacondessa.com.br\\\/blog\\\/wp-content\\\/uploads\\\/2022\\\/08\\\/foto-ernani.jpg\",\"articleSection\":[\"Cidades\"],\"inLanguage\":\"pt-BR\"},{\"@type\":\"WebPage\",\"@id\":\"https:\\\/\\\/blogdacondessa.com.br\\\/blog\\\/cidades\\\/os-desafios-envolvidos-na-revitalizacao-do-centro-historico-de-cuiaba\\\/\",\"url\":\"https:\\\/\\\/blogdacondessa.com.br\\\/blog\\\/cidades\\\/os-desafios-envolvidos-na-revitalizacao-do-centro-historico-de-cuiaba\\\/\",\"name\":\"\u201cOs desafios envolvidos na revitaliza\u00e7\u00e3o do Centro Hist\u00f3rico de Cuiab\u00e1\u201d &#8902; Blog da Condessa\",\"isPartOf\":{\"@id\":\"https:\\\/\\\/blogdacondessa.com.br\\\/blog\\\/#website\"},\"primaryImageOfPage\":{\"@id\":\"https:\\\/\\\/blogdacondessa.com.br\\\/blog\\\/cidades\\\/os-desafios-envolvidos-na-revitalizacao-do-centro-historico-de-cuiaba\\\/#primaryimage\"},\"image\":{\"@id\":\"https:\\\/\\\/blogdacondessa.com.br\\\/blog\\\/cidades\\\/os-desafios-envolvidos-na-revitalizacao-do-centro-historico-de-cuiaba\\\/#primaryimage\"},\"thumbnailUrl\":\"https:\\\/\\\/blogdacondessa.com.br\\\/blog\\\/wp-content\\\/uploads\\\/2022\\\/08\\\/foto-ernani.jpg\",\"datePublished\":\"2022-08-16T14:37:18+00:00\",\"author\":{\"@id\":\"https:\\\/\\\/blogdacondessa.com.br\\\/blog\\\/#\\\/schema\\\/person\\\/1d667ff8b785195b568677489d266035\"},\"breadcrumb\":{\"@id\":\"https:\\\/\\\/blogdacondessa.com.br\\\/blog\\\/cidades\\\/os-desafios-envolvidos-na-revitalizacao-do-centro-historico-de-cuiaba\\\/#breadcrumb\"},\"inLanguage\":\"pt-BR\",\"potentialAction\":[{\"@type\":\"ReadAction\",\"target\":[\"https:\\\/\\\/blogdacondessa.com.br\\\/blog\\\/cidades\\\/os-desafios-envolvidos-na-revitalizacao-do-centro-historico-de-cuiaba\\\/\"]}]},{\"@type\":\"ImageObject\",\"inLanguage\":\"pt-BR\",\"@id\":\"https:\\\/\\\/blogdacondessa.com.br\\\/blog\\\/cidades\\\/os-desafios-envolvidos-na-revitalizacao-do-centro-historico-de-cuiaba\\\/#primaryimage\",\"url\":\"https:\\\/\\\/blogdacondessa.com.br\\\/blog\\\/wp-content\\\/uploads\\\/2022\\\/08\\\/foto-ernani.jpg\",\"contentUrl\":\"https:\\\/\\\/blogdacondessa.com.br\\\/blog\\\/wp-content\\\/uploads\\\/2022\\\/08\\\/foto-ernani.jpg\",\"width\":426,\"height\":587},{\"@type\":\"BreadcrumbList\",\"@id\":\"https:\\\/\\\/blogdacondessa.com.br\\\/blog\\\/cidades\\\/os-desafios-envolvidos-na-revitalizacao-do-centro-historico-de-cuiaba\\\/#breadcrumb\",\"itemListElement\":[{\"@type\":\"ListItem\",\"position\":1,\"name\":\"In\u00edcio\",\"item\":\"https:\\\/\\\/blogdacondessa.com.br\\\/blog\\\/\"},{\"@type\":\"ListItem\",\"position\":2,\"name\":\"\u201cOs desafios envolvidos na revitaliza\u00e7\u00e3o do Centro Hist\u00f3rico de Cuiab\u00e1\u201d\"}]},{\"@type\":\"WebSite\",\"@id\":\"https:\\\/\\\/blogdacondessa.com.br\\\/blog\\\/#website\",\"url\":\"https:\\\/\\\/blogdacondessa.com.br\\\/blog\\\/\",\"name\":\"Blog da Condessa\",\"description\":\"Com Shirley de Souza O\u2019Campos\",\"potentialAction\":[{\"@type\":\"SearchAction\",\"target\":{\"@type\":\"EntryPoint\",\"urlTemplate\":\"https:\\\/\\\/blogdacondessa.com.br\\\/blog\\\/?s={search_term_string}\"},\"query-input\":{\"@type\":\"PropertyValueSpecification\",\"valueRequired\":true,\"valueName\":\"search_term_string\"}}],\"inLanguage\":\"pt-BR\"},{\"@type\":\"Person\",\"@id\":\"https:\\\/\\\/blogdacondessa.com.br\\\/blog\\\/#\\\/schema\\\/person\\\/1d667ff8b785195b568677489d266035\",\"name\":\"Blog da Condessa\",\"image\":{\"@type\":\"ImageObject\",\"inLanguage\":\"pt-BR\",\"@id\":\"https:\\\/\\\/secure.gravatar.com\\\/avatar\\\/377c0eb8b4ad2bfc25461b41564b5971e721ca34a57642868fc7b0c8ac7b52c5?s=96&d=mm&r=g\",\"url\":\"https:\\\/\\\/secure.gravatar.com\\\/avatar\\\/377c0eb8b4ad2bfc25461b41564b5971e721ca34a57642868fc7b0c8ac7b52c5?s=96&d=mm&r=g\",\"contentUrl\":\"https:\\\/\\\/secure.gravatar.com\\\/avatar\\\/377c0eb8b4ad2bfc25461b41564b5971e721ca34a57642868fc7b0c8ac7b52c5?s=96&d=mm&r=g\",\"caption\":\"Blog da Condessa\"},\"url\":\"https:\\\/\\\/blogdacondessa.com.br\\\/blog\\\/author\\\/beatriz\\\/\"}]}<\/script>\n<!-- \/ Yoast SEO plugin. -->","yoast_head_json":{"title":"\u201cOs desafios envolvidos na revitaliza\u00e7\u00e3o do Centro Hist\u00f3rico de Cuiab\u00e1\u201d &#8902; Blog da Condessa","robots":{"index":"index","follow":"follow","max-snippet":"max-snippet:-1","max-image-preview":"max-image-preview:large","max-video-preview":"max-video-preview:-1"},"canonical":"https:\/\/blogdacondessa.com.br\/blog\/cidades\/os-desafios-envolvidos-na-revitalizacao-do-centro-historico-de-cuiaba\/","og_locale":"pt_BR","og_type":"article","og_title":"\u201cOs desafios envolvidos na revitaliza\u00e7\u00e3o do Centro Hist\u00f3rico de Cuiab\u00e1\u201d &#8902; Blog da Condessa","og_description":"De acordo com o professor, economista e advogado Ant\u00f4nio Ernani Calhao, o patrim\u00f4nio \u00e9 o lugar da mem\u00f3ria. \u00c9 o espa\u00e7o que ocupamos, por onde passamos muitas vezes, e que nos d\u00e1 acesso em nossas movimenta\u00e7\u00f5es urbanas. No dia 17 de agosto se comemora o Dia Nacional do Patrim\u00f4nio Hist\u00f3rico. Os \u201cAmigos do Centro Hist\u00f3rico [&hellip;]","og_url":"https:\/\/blogdacondessa.com.br\/blog\/cidades\/os-desafios-envolvidos-na-revitalizacao-do-centro-historico-de-cuiaba\/","og_site_name":"Blog da Condessa","article_published_time":"2022-08-16T14:37:18+00:00","og_image":[{"width":426,"height":587,"url":"https:\/\/blogdacondessa.com.br\/blog\/wp-content\/uploads\/2022\/08\/foto-ernani.jpg","type":"image\/jpeg"}],"author":"Blog da Condessa","twitter_card":"summary_large_image","twitter_misc":{"Escrito por":"Blog da Condessa","Est. tempo de leitura":"7 minutos"},"schema":{"@context":"https:\/\/schema.org","@graph":[{"@type":"Article","@id":"https:\/\/blogdacondessa.com.br\/blog\/cidades\/os-desafios-envolvidos-na-revitalizacao-do-centro-historico-de-cuiaba\/#article","isPartOf":{"@id":"https:\/\/blogdacondessa.com.br\/blog\/cidades\/os-desafios-envolvidos-na-revitalizacao-do-centro-historico-de-cuiaba\/"},"author":{"name":"Blog da Condessa","@id":"https:\/\/blogdacondessa.com.br\/blog\/#\/schema\/person\/1d667ff8b785195b568677489d266035"},"headline":"\u201cOs desafios envolvidos na revitaliza\u00e7\u00e3o do Centro Hist\u00f3rico de Cuiab\u00e1\u201d","datePublished":"2022-08-16T14:37:18+00:00","mainEntityOfPage":{"@id":"https:\/\/blogdacondessa.com.br\/blog\/cidades\/os-desafios-envolvidos-na-revitalizacao-do-centro-historico-de-cuiaba\/"},"wordCount":1422,"image":{"@id":"https:\/\/blogdacondessa.com.br\/blog\/cidades\/os-desafios-envolvidos-na-revitalizacao-do-centro-historico-de-cuiaba\/#primaryimage"},"thumbnailUrl":"https:\/\/blogdacondessa.com.br\/blog\/wp-content\/uploads\/2022\/08\/foto-ernani.jpg","articleSection":["Cidades"],"inLanguage":"pt-BR"},{"@type":"WebPage","@id":"https:\/\/blogdacondessa.com.br\/blog\/cidades\/os-desafios-envolvidos-na-revitalizacao-do-centro-historico-de-cuiaba\/","url":"https:\/\/blogdacondessa.com.br\/blog\/cidades\/os-desafios-envolvidos-na-revitalizacao-do-centro-historico-de-cuiaba\/","name":"\u201cOs desafios envolvidos na revitaliza\u00e7\u00e3o do Centro Hist\u00f3rico de Cuiab\u00e1\u201d &#8902; Blog da Condessa","isPartOf":{"@id":"https:\/\/blogdacondessa.com.br\/blog\/#website"},"primaryImageOfPage":{"@id":"https:\/\/blogdacondessa.com.br\/blog\/cidades\/os-desafios-envolvidos-na-revitalizacao-do-centro-historico-de-cuiaba\/#primaryimage"},"image":{"@id":"https:\/\/blogdacondessa.com.br\/blog\/cidades\/os-desafios-envolvidos-na-revitalizacao-do-centro-historico-de-cuiaba\/#primaryimage"},"thumbnailUrl":"https:\/\/blogdacondessa.com.br\/blog\/wp-content\/uploads\/2022\/08\/foto-ernani.jpg","datePublished":"2022-08-16T14:37:18+00:00","author":{"@id":"https:\/\/blogdacondessa.com.br\/blog\/#\/schema\/person\/1d667ff8b785195b568677489d266035"},"breadcrumb":{"@id":"https:\/\/blogdacondessa.com.br\/blog\/cidades\/os-desafios-envolvidos-na-revitalizacao-do-centro-historico-de-cuiaba\/#breadcrumb"},"inLanguage":"pt-BR","potentialAction":[{"@type":"ReadAction","target":["https:\/\/blogdacondessa.com.br\/blog\/cidades\/os-desafios-envolvidos-na-revitalizacao-do-centro-historico-de-cuiaba\/"]}]},{"@type":"ImageObject","inLanguage":"pt-BR","@id":"https:\/\/blogdacondessa.com.br\/blog\/cidades\/os-desafios-envolvidos-na-revitalizacao-do-centro-historico-de-cuiaba\/#primaryimage","url":"https:\/\/blogdacondessa.com.br\/blog\/wp-content\/uploads\/2022\/08\/foto-ernani.jpg","contentUrl":"https:\/\/blogdacondessa.com.br\/blog\/wp-content\/uploads\/2022\/08\/foto-ernani.jpg","width":426,"height":587},{"@type":"BreadcrumbList","@id":"https:\/\/blogdacondessa.com.br\/blog\/cidades\/os-desafios-envolvidos-na-revitalizacao-do-centro-historico-de-cuiaba\/#breadcrumb","itemListElement":[{"@type":"ListItem","position":1,"name":"In\u00edcio","item":"https:\/\/blogdacondessa.com.br\/blog\/"},{"@type":"ListItem","position":2,"name":"\u201cOs desafios envolvidos na revitaliza\u00e7\u00e3o do Centro Hist\u00f3rico de Cuiab\u00e1\u201d"}]},{"@type":"WebSite","@id":"https:\/\/blogdacondessa.com.br\/blog\/#website","url":"https:\/\/blogdacondessa.com.br\/blog\/","name":"Blog da Condessa","description":"Com Shirley de Souza O\u2019Campos","potentialAction":[{"@type":"SearchAction","target":{"@type":"EntryPoint","urlTemplate":"https:\/\/blogdacondessa.com.br\/blog\/?s={search_term_string}"},"query-input":{"@type":"PropertyValueSpecification","valueRequired":true,"valueName":"search_term_string"}}],"inLanguage":"pt-BR"},{"@type":"Person","@id":"https:\/\/blogdacondessa.com.br\/blog\/#\/schema\/person\/1d667ff8b785195b568677489d266035","name":"Blog da Condessa","image":{"@type":"ImageObject","inLanguage":"pt-BR","@id":"https:\/\/secure.gravatar.com\/avatar\/377c0eb8b4ad2bfc25461b41564b5971e721ca34a57642868fc7b0c8ac7b52c5?s=96&d=mm&r=g","url":"https:\/\/secure.gravatar.com\/avatar\/377c0eb8b4ad2bfc25461b41564b5971e721ca34a57642868fc7b0c8ac7b52c5?s=96&d=mm&r=g","contentUrl":"https:\/\/secure.gravatar.com\/avatar\/377c0eb8b4ad2bfc25461b41564b5971e721ca34a57642868fc7b0c8ac7b52c5?s=96&d=mm&r=g","caption":"Blog da Condessa"},"url":"https:\/\/blogdacondessa.com.br\/blog\/author\/beatriz\/"}]}},"_links":{"self":[{"href":"https:\/\/blogdacondessa.com.br\/blog\/wp-json\/wp\/v2\/posts\/4644","targetHints":{"allow":["GET"]}}],"collection":[{"href":"https:\/\/blogdacondessa.com.br\/blog\/wp-json\/wp\/v2\/posts"}],"about":[{"href":"https:\/\/blogdacondessa.com.br\/blog\/wp-json\/wp\/v2\/types\/post"}],"author":[{"embeddable":true,"href":"https:\/\/blogdacondessa.com.br\/blog\/wp-json\/wp\/v2\/users\/2"}],"replies":[{"embeddable":true,"href":"https:\/\/blogdacondessa.com.br\/blog\/wp-json\/wp\/v2\/comments?post=4644"}],"version-history":[{"count":0,"href":"https:\/\/blogdacondessa.com.br\/blog\/wp-json\/wp\/v2\/posts\/4644\/revisions"}],"wp:featuredmedia":[{"embeddable":true,"href":"https:\/\/blogdacondessa.com.br\/blog\/wp-json\/wp\/v2\/media\/4645"}],"wp:attachment":[{"href":"https:\/\/blogdacondessa.com.br\/blog\/wp-json\/wp\/v2\/media?parent=4644"}],"wp:term":[{"taxonomy":"category","embeddable":true,"href":"https:\/\/blogdacondessa.com.br\/blog\/wp-json\/wp\/v2\/categories?post=4644"},{"taxonomy":"post_tag","embeddable":true,"href":"https:\/\/blogdacondessa.com.br\/blog\/wp-json\/wp\/v2\/tags?post=4644"}],"curies":[{"name":"wp","href":"https:\/\/api.w.org\/{rel}","templated":true}]}}