{"id":4641,"date":"2022-08-16T05:00:51","date_gmt":"2022-08-16T09:00:51","guid":{"rendered":"http:\/\/blogdacondessa.com.br\/?p=4641"},"modified":"2022-08-15T18:05:12","modified_gmt":"2022-08-15T22:05:12","slug":"sera-a-olimpiada-do-pantanal","status":"publish","type":"post","link":"https:\/\/blogdacondessa.com.br\/blog\/institucional\/sera-a-olimpiada-do-pantanal\/","title":{"rendered":"\u201cSer\u00e1 a Olimp\u00edada do Pantanal\u201d"},"content":{"rendered":"<p>Faltam menos de 10 dias para as Olimp\u00edadas dos Servidores dos Tribunais de Contas do Brasil (OTC), em Natal. Para registrar a data, os atletas do Tribunal de Contas de Mato Grosso (TCE-MT) se reuniram na manh\u00e3 do \u00faltimo dia 15 para a foto oficial da equipe que representar\u00e1 a Corte de Contas nesta edi\u00e7\u00e3o, que ser\u00e1 realizada entre os dias 22 e 27 de agosto.<\/p>\n<p>\u201cA uni\u00e3o aqui no Tribunal se d\u00e1 em todos os n\u00edveis, desde a harmonia entre os conselheiros, passando pelos servidores. \u00c9 por isso que temos resultados t\u00e3o positivos, t\u00e3o favor\u00e1veis. Somos uma institui\u00e7\u00e3o ativa, colaboradora com os gestores do estado e, \u00e9 claro, que entre n\u00f3s tamb\u00e9m existe este esp\u00edrito, o que \u00e9 maravilhoso\u201d, disse o conselheiro e chefe da delega\u00e7\u00e3o, S\u00e9rgio Ricardo.<\/p>\n<p>Na ocasi\u00e3o, o conselheiro tamb\u00e9m lembrou que a edi\u00e7\u00e3o de 2023 da OTC acontecer\u00e1 em Mato Grosso. \u201cSer\u00e1 a Olimp\u00edada do Pantanal, quando o TCE-MT estar\u00e1 comemorando seus 70 anos de exist\u00eancia.\u00a0 Al\u00e9m de incentivar o esporte, fomentaremos a economia de Mato Grosso, movimentando hot\u00e9is, pontos tur\u00edsticos, restaurantes e ag\u00eancias de turismo\u201d, pontuou.<\/p>\n<p>Desde a \u00faltima edi\u00e7\u00e3o da disputa, em 2019, a delega\u00e7\u00e3o mato-grossense mais do que dobrou e o n\u00famero de participantes chega a 70 neste ano, o sexto maior do pa\u00eds. \u00c9 o que explica o presidente da comiss\u00e3o organizadora em Mato Grosso, Nelson Kawahara. \u201cNo come\u00e7o da delega\u00e7\u00e3o era pequena, a foto tinha poucas pessoas. Ent\u00e3o este encontro hoje evidencia esse aumento.\u201d<\/p>\n<p>A recomenda\u00e7\u00e3o para os atletas nesta reta final \u00e9 para desacelerar os treinos para evitar contus\u00f5es. \u00c9 o que tem feito a atleta Lourine Neves, que participa da Olimp\u00edada desde 2017 e est\u00e1 inscrita em seis modalidades neste ano. \u201cA prepara\u00e7\u00e3o j\u00e1 vem desde 2020 quando a gente come\u00e7ou os preparativos. O esporte tem essa fun\u00e7\u00e3o integrativa, al\u00e9m de melhorar a qualidade f\u00edsica e dar motiva\u00e7\u00e3o para o trabalho\u201d, diz.<\/p>\n<p><strong>OTC Natal\u00a0<\/strong><\/p>\n<p>Para a OTC Natal s\u00e3o esperados 1.071 atletas e 347 acompanhantes que disputar\u00e3o 23 modalidades esportivas coletivas e individuais. Esta ser\u00e1 a maior Olimp\u00edada em n\u00famero de participantes desde o in\u00edcio dos jogos, em 2005. Al\u00e9m disso, esta \u00e9 a primeira competi\u00e7\u00e3o ap\u00f3s o per\u00edodo de restri\u00e7\u00f5es provocado pela pandemia de Covid-19, tendo sido a \u00faltima realizada em 2019 na cidade de Manaus (AM).<\/p>\n<p>As disputas re\u00fanem representantes de 27 cortes de contas e do Tribunal de Contas da Rep\u00fablica do Uruguai. Os atletas disputam as seguintes modalidades: basquete, futsal, futebol society, futev\u00f4lei, voleibol, v\u00f4lei de praia, atletismo, beach tennis, bocha, boliche, corrida, nata\u00e7\u00e3o, t\u00eanis de campo, t\u00eanis de mesa, tiro esportivo, pesca, sinuca, poker, domin\u00f3, damas, xadrez, truco e pebolim.<\/p>\n<p>Natal tamb\u00e9m ser\u00e1 a primeira cidade do Nordeste a sediar a OTC, maior evento esportivo da Am\u00e9rica Latina, envolvendo os membros e servidores das cortes de contas. Vale destacar que, desde 2018, os jogos passaram a ser realizados anualmente pela Associa\u00e7\u00e3o Nacional Ol\u00edmpica, Recreativa, Cultural e Social dos Tribunais de Contas do Brasil (ANOSTC).<\/p>\n<p>&nbsp;<\/p>\n","protected":false},"excerpt":{"rendered":"<p>Faltam menos de 10 dias para as Olimp\u00edadas dos Servidores dos Tribunais de Contas do Brasil (OTC), em Natal. Para registrar a data, os atletas do Tribunal de Contas de Mato Grosso (TCE-MT) se reuniram na manh\u00e3 do \u00faltimo dia 15 para a foto oficial da equipe que representar\u00e1 a Corte de Contas nesta edi\u00e7\u00e3o, [&hellip;]<\/p>\n","protected":false},"author":2,"featured_media":4642,"comment_status":"closed","ping_status":"closed","sticky":false,"template":"","format":"standard","meta":{"iawp_total_views":1,"footnotes":""},"categories":[13],"tags":[],"class_list":["post-4641","post","type-post","status-publish","format-standard","has-post-thumbnail","hentry","category-institucional"],"yoast_head":"<!-- This site is optimized with the Yoast SEO plugin v27.3 - https:\/\/yoast.com\/product\/yoast-seo-wordpress\/ -->\n<title>\u201cSer\u00e1 a Olimp\u00edada do Pantanal\u201d &#8902; Blog da Condessa<\/title>\n<meta name=\"robots\" content=\"index, follow, max-snippet:-1, max-image-preview:large, max-video-preview:-1\" \/>\n<link rel=\"canonical\" href=\"https:\/\/blogdacondessa.com.br\/blog\/institucional\/sera-a-olimpiada-do-pantanal\/\" \/>\n<meta property=\"og:locale\" content=\"pt_BR\" \/>\n<meta property=\"og:type\" content=\"article\" \/>\n<meta property=\"og:title\" content=\"\u201cSer\u00e1 a Olimp\u00edada do Pantanal\u201d &#8902; Blog da Condessa\" \/>\n<meta property=\"og:description\" content=\"Faltam menos de 10 dias para as Olimp\u00edadas dos Servidores dos Tribunais de Contas do Brasil (OTC), em Natal. Para registrar a data, os atletas do Tribunal de Contas de Mato Grosso (TCE-MT) se reuniram na manh\u00e3 do \u00faltimo dia 15 para a foto oficial da equipe que representar\u00e1 a Corte de Contas nesta edi\u00e7\u00e3o, [&hellip;]\" \/>\n<meta property=\"og:url\" content=\"https:\/\/blogdacondessa.com.br\/blog\/institucional\/sera-a-olimpiada-do-pantanal\/\" \/>\n<meta property=\"og:site_name\" content=\"Blog da Condessa\" \/>\n<meta property=\"article:published_time\" content=\"2022-08-16T09:00:51+00:00\" \/>\n<meta property=\"og:image\" content=\"https:\/\/blogdacondessa.com.br\/blog\/wp-content\/uploads\/2022\/08\/TCE-olimpiadas.jpg\" \/>\n\t<meta property=\"og:image:width\" content=\"365\" \/>\n\t<meta property=\"og:image:height\" content=\"243\" \/>\n\t<meta property=\"og:image:type\" content=\"image\/jpeg\" \/>\n<meta name=\"author\" content=\"Blog da Condessa\" \/>\n<meta name=\"twitter:card\" content=\"summary_large_image\" \/>\n<meta name=\"twitter:label1\" content=\"Escrito por\" \/>\n\t<meta name=\"twitter:data1\" content=\"Blog da Condessa\" \/>\n\t<meta name=\"twitter:label2\" content=\"Est. tempo de leitura\" \/>\n\t<meta name=\"twitter:data2\" content=\"3 minutos\" \/>\n<script type=\"application\/ld+json\" class=\"yoast-schema-graph\">{\"@context\":\"https:\\\/\\\/schema.org\",\"@graph\":[{\"@type\":\"Article\",\"@id\":\"https:\\\/\\\/blogdacondessa.com.br\\\/blog\\\/institucional\\\/sera-a-olimpiada-do-pantanal\\\/#article\",\"isPartOf\":{\"@id\":\"https:\\\/\\\/blogdacondessa.com.br\\\/blog\\\/institucional\\\/sera-a-olimpiada-do-pantanal\\\/\"},\"author\":{\"name\":\"Blog da Condessa\",\"@id\":\"https:\\\/\\\/blogdacondessa.com.br\\\/blog\\\/#\\\/schema\\\/person\\\/1d667ff8b785195b568677489d266035\"},\"headline\":\"\u201cSer\u00e1 a Olimp\u00edada do Pantanal\u201d\",\"datePublished\":\"2022-08-16T09:00:51+00:00\",\"mainEntityOfPage\":{\"@id\":\"https:\\\/\\\/blogdacondessa.com.br\\\/blog\\\/institucional\\\/sera-a-olimpiada-do-pantanal\\\/\"},\"wordCount\":534,\"image\":{\"@id\":\"https:\\\/\\\/blogdacondessa.com.br\\\/blog\\\/institucional\\\/sera-a-olimpiada-do-pantanal\\\/#primaryimage\"},\"thumbnailUrl\":\"https:\\\/\\\/blogdacondessa.com.br\\\/blog\\\/wp-content\\\/uploads\\\/2022\\\/08\\\/TCE-olimpiadas.jpg\",\"articleSection\":[\"Institucional\"],\"inLanguage\":\"pt-BR\"},{\"@type\":\"WebPage\",\"@id\":\"https:\\\/\\\/blogdacondessa.com.br\\\/blog\\\/institucional\\\/sera-a-olimpiada-do-pantanal\\\/\",\"url\":\"https:\\\/\\\/blogdacondessa.com.br\\\/blog\\\/institucional\\\/sera-a-olimpiada-do-pantanal\\\/\",\"name\":\"\u201cSer\u00e1 a Olimp\u00edada do Pantanal\u201d &#8902; Blog da Condessa\",\"isPartOf\":{\"@id\":\"https:\\\/\\\/blogdacondessa.com.br\\\/blog\\\/#website\"},\"primaryImageOfPage\":{\"@id\":\"https:\\\/\\\/blogdacondessa.com.br\\\/blog\\\/institucional\\\/sera-a-olimpiada-do-pantanal\\\/#primaryimage\"},\"image\":{\"@id\":\"https:\\\/\\\/blogdacondessa.com.br\\\/blog\\\/institucional\\\/sera-a-olimpiada-do-pantanal\\\/#primaryimage\"},\"thumbnailUrl\":\"https:\\\/\\\/blogdacondessa.com.br\\\/blog\\\/wp-content\\\/uploads\\\/2022\\\/08\\\/TCE-olimpiadas.jpg\",\"datePublished\":\"2022-08-16T09:00:51+00:00\",\"author\":{\"@id\":\"https:\\\/\\\/blogdacondessa.com.br\\\/blog\\\/#\\\/schema\\\/person\\\/1d667ff8b785195b568677489d266035\"},\"breadcrumb\":{\"@id\":\"https:\\\/\\\/blogdacondessa.com.br\\\/blog\\\/institucional\\\/sera-a-olimpiada-do-pantanal\\\/#breadcrumb\"},\"inLanguage\":\"pt-BR\",\"potentialAction\":[{\"@type\":\"ReadAction\",\"target\":[\"https:\\\/\\\/blogdacondessa.com.br\\\/blog\\\/institucional\\\/sera-a-olimpiada-do-pantanal\\\/\"]}]},{\"@type\":\"ImageObject\",\"inLanguage\":\"pt-BR\",\"@id\":\"https:\\\/\\\/blogdacondessa.com.br\\\/blog\\\/institucional\\\/sera-a-olimpiada-do-pantanal\\\/#primaryimage\",\"url\":\"https:\\\/\\\/blogdacondessa.com.br\\\/blog\\\/wp-content\\\/uploads\\\/2022\\\/08\\\/TCE-olimpiadas.jpg\",\"contentUrl\":\"https:\\\/\\\/blogdacondessa.com.br\\\/blog\\\/wp-content\\\/uploads\\\/2022\\\/08\\\/TCE-olimpiadas.jpg\",\"width\":365,\"height\":243,\"caption\":\"Foto: Thiago Bergamasco\\\/TCE-MT\"},{\"@type\":\"BreadcrumbList\",\"@id\":\"https:\\\/\\\/blogdacondessa.com.br\\\/blog\\\/institucional\\\/sera-a-olimpiada-do-pantanal\\\/#breadcrumb\",\"itemListElement\":[{\"@type\":\"ListItem\",\"position\":1,\"name\":\"In\u00edcio\",\"item\":\"https:\\\/\\\/blogdacondessa.com.br\\\/blog\\\/\"},{\"@type\":\"ListItem\",\"position\":2,\"name\":\"\u201cSer\u00e1 a Olimp\u00edada do Pantanal\u201d\"}]},{\"@type\":\"WebSite\",\"@id\":\"https:\\\/\\\/blogdacondessa.com.br\\\/blog\\\/#website\",\"url\":\"https:\\\/\\\/blogdacondessa.com.br\\\/blog\\\/\",\"name\":\"Blog da Condessa\",\"description\":\"Com Shirley de Souza O\u2019Campos\",\"potentialAction\":[{\"@type\":\"SearchAction\",\"target\":{\"@type\":\"EntryPoint\",\"urlTemplate\":\"https:\\\/\\\/blogdacondessa.com.br\\\/blog\\\/?s={search_term_string}\"},\"query-input\":{\"@type\":\"PropertyValueSpecification\",\"valueRequired\":true,\"valueName\":\"search_term_string\"}}],\"inLanguage\":\"pt-BR\"},{\"@type\":\"Person\",\"@id\":\"https:\\\/\\\/blogdacondessa.com.br\\\/blog\\\/#\\\/schema\\\/person\\\/1d667ff8b785195b568677489d266035\",\"name\":\"Blog da Condessa\",\"image\":{\"@type\":\"ImageObject\",\"inLanguage\":\"pt-BR\",\"@id\":\"https:\\\/\\\/secure.gravatar.com\\\/avatar\\\/377c0eb8b4ad2bfc25461b41564b5971e721ca34a57642868fc7b0c8ac7b52c5?s=96&d=mm&r=g\",\"url\":\"https:\\\/\\\/secure.gravatar.com\\\/avatar\\\/377c0eb8b4ad2bfc25461b41564b5971e721ca34a57642868fc7b0c8ac7b52c5?s=96&d=mm&r=g\",\"contentUrl\":\"https:\\\/\\\/secure.gravatar.com\\\/avatar\\\/377c0eb8b4ad2bfc25461b41564b5971e721ca34a57642868fc7b0c8ac7b52c5?s=96&d=mm&r=g\",\"caption\":\"Blog da Condessa\"},\"url\":\"https:\\\/\\\/blogdacondessa.com.br\\\/blog\\\/author\\\/beatriz\\\/\"}]}<\/script>\n<!-- \/ Yoast SEO plugin. -->","yoast_head_json":{"title":"\u201cSer\u00e1 a Olimp\u00edada do Pantanal\u201d &#8902; Blog da Condessa","robots":{"index":"index","follow":"follow","max-snippet":"max-snippet:-1","max-image-preview":"max-image-preview:large","max-video-preview":"max-video-preview:-1"},"canonical":"https:\/\/blogdacondessa.com.br\/blog\/institucional\/sera-a-olimpiada-do-pantanal\/","og_locale":"pt_BR","og_type":"article","og_title":"\u201cSer\u00e1 a Olimp\u00edada do Pantanal\u201d &#8902; Blog da Condessa","og_description":"Faltam menos de 10 dias para as Olimp\u00edadas dos Servidores dos Tribunais de Contas do Brasil (OTC), em Natal. Para registrar a data, os atletas do Tribunal de Contas de Mato Grosso (TCE-MT) se reuniram na manh\u00e3 do \u00faltimo dia 15 para a foto oficial da equipe que representar\u00e1 a Corte de Contas nesta edi\u00e7\u00e3o, [&hellip;]","og_url":"https:\/\/blogdacondessa.com.br\/blog\/institucional\/sera-a-olimpiada-do-pantanal\/","og_site_name":"Blog da Condessa","article_published_time":"2022-08-16T09:00:51+00:00","og_image":[{"width":365,"height":243,"url":"https:\/\/blogdacondessa.com.br\/blog\/wp-content\/uploads\/2022\/08\/TCE-olimpiadas.jpg","type":"image\/jpeg"}],"author":"Blog da Condessa","twitter_card":"summary_large_image","twitter_misc":{"Escrito por":"Blog da Condessa","Est. tempo de leitura":"3 minutos"},"schema":{"@context":"https:\/\/schema.org","@graph":[{"@type":"Article","@id":"https:\/\/blogdacondessa.com.br\/blog\/institucional\/sera-a-olimpiada-do-pantanal\/#article","isPartOf":{"@id":"https:\/\/blogdacondessa.com.br\/blog\/institucional\/sera-a-olimpiada-do-pantanal\/"},"author":{"name":"Blog da Condessa","@id":"https:\/\/blogdacondessa.com.br\/blog\/#\/schema\/person\/1d667ff8b785195b568677489d266035"},"headline":"\u201cSer\u00e1 a Olimp\u00edada do Pantanal\u201d","datePublished":"2022-08-16T09:00:51+00:00","mainEntityOfPage":{"@id":"https:\/\/blogdacondessa.com.br\/blog\/institucional\/sera-a-olimpiada-do-pantanal\/"},"wordCount":534,"image":{"@id":"https:\/\/blogdacondessa.com.br\/blog\/institucional\/sera-a-olimpiada-do-pantanal\/#primaryimage"},"thumbnailUrl":"https:\/\/blogdacondessa.com.br\/blog\/wp-content\/uploads\/2022\/08\/TCE-olimpiadas.jpg","articleSection":["Institucional"],"inLanguage":"pt-BR"},{"@type":"WebPage","@id":"https:\/\/blogdacondessa.com.br\/blog\/institucional\/sera-a-olimpiada-do-pantanal\/","url":"https:\/\/blogdacondessa.com.br\/blog\/institucional\/sera-a-olimpiada-do-pantanal\/","name":"\u201cSer\u00e1 a Olimp\u00edada do Pantanal\u201d &#8902; Blog da Condessa","isPartOf":{"@id":"https:\/\/blogdacondessa.com.br\/blog\/#website"},"primaryImageOfPage":{"@id":"https:\/\/blogdacondessa.com.br\/blog\/institucional\/sera-a-olimpiada-do-pantanal\/#primaryimage"},"image":{"@id":"https:\/\/blogdacondessa.com.br\/blog\/institucional\/sera-a-olimpiada-do-pantanal\/#primaryimage"},"thumbnailUrl":"https:\/\/blogdacondessa.com.br\/blog\/wp-content\/uploads\/2022\/08\/TCE-olimpiadas.jpg","datePublished":"2022-08-16T09:00:51+00:00","author":{"@id":"https:\/\/blogdacondessa.com.br\/blog\/#\/schema\/person\/1d667ff8b785195b568677489d266035"},"breadcrumb":{"@id":"https:\/\/blogdacondessa.com.br\/blog\/institucional\/sera-a-olimpiada-do-pantanal\/#breadcrumb"},"inLanguage":"pt-BR","potentialAction":[{"@type":"ReadAction","target":["https:\/\/blogdacondessa.com.br\/blog\/institucional\/sera-a-olimpiada-do-pantanal\/"]}]},{"@type":"ImageObject","inLanguage":"pt-BR","@id":"https:\/\/blogdacondessa.com.br\/blog\/institucional\/sera-a-olimpiada-do-pantanal\/#primaryimage","url":"https:\/\/blogdacondessa.com.br\/blog\/wp-content\/uploads\/2022\/08\/TCE-olimpiadas.jpg","contentUrl":"https:\/\/blogdacondessa.com.br\/blog\/wp-content\/uploads\/2022\/08\/TCE-olimpiadas.jpg","width":365,"height":243,"caption":"Foto: Thiago Bergamasco\/TCE-MT"},{"@type":"BreadcrumbList","@id":"https:\/\/blogdacondessa.com.br\/blog\/institucional\/sera-a-olimpiada-do-pantanal\/#breadcrumb","itemListElement":[{"@type":"ListItem","position":1,"name":"In\u00edcio","item":"https:\/\/blogdacondessa.com.br\/blog\/"},{"@type":"ListItem","position":2,"name":"\u201cSer\u00e1 a Olimp\u00edada do Pantanal\u201d"}]},{"@type":"WebSite","@id":"https:\/\/blogdacondessa.com.br\/blog\/#website","url":"https:\/\/blogdacondessa.com.br\/blog\/","name":"Blog da Condessa","description":"Com Shirley de Souza O\u2019Campos","potentialAction":[{"@type":"SearchAction","target":{"@type":"EntryPoint","urlTemplate":"https:\/\/blogdacondessa.com.br\/blog\/?s={search_term_string}"},"query-input":{"@type":"PropertyValueSpecification","valueRequired":true,"valueName":"search_term_string"}}],"inLanguage":"pt-BR"},{"@type":"Person","@id":"https:\/\/blogdacondessa.com.br\/blog\/#\/schema\/person\/1d667ff8b785195b568677489d266035","name":"Blog da Condessa","image":{"@type":"ImageObject","inLanguage":"pt-BR","@id":"https:\/\/secure.gravatar.com\/avatar\/377c0eb8b4ad2bfc25461b41564b5971e721ca34a57642868fc7b0c8ac7b52c5?s=96&d=mm&r=g","url":"https:\/\/secure.gravatar.com\/avatar\/377c0eb8b4ad2bfc25461b41564b5971e721ca34a57642868fc7b0c8ac7b52c5?s=96&d=mm&r=g","contentUrl":"https:\/\/secure.gravatar.com\/avatar\/377c0eb8b4ad2bfc25461b41564b5971e721ca34a57642868fc7b0c8ac7b52c5?s=96&d=mm&r=g","caption":"Blog da Condessa"},"url":"https:\/\/blogdacondessa.com.br\/blog\/author\/beatriz\/"}]}},"_links":{"self":[{"href":"https:\/\/blogdacondessa.com.br\/blog\/wp-json\/wp\/v2\/posts\/4641","targetHints":{"allow":["GET"]}}],"collection":[{"href":"https:\/\/blogdacondessa.com.br\/blog\/wp-json\/wp\/v2\/posts"}],"about":[{"href":"https:\/\/blogdacondessa.com.br\/blog\/wp-json\/wp\/v2\/types\/post"}],"author":[{"embeddable":true,"href":"https:\/\/blogdacondessa.com.br\/blog\/wp-json\/wp\/v2\/users\/2"}],"replies":[{"embeddable":true,"href":"https:\/\/blogdacondessa.com.br\/blog\/wp-json\/wp\/v2\/comments?post=4641"}],"version-history":[{"count":0,"href":"https:\/\/blogdacondessa.com.br\/blog\/wp-json\/wp\/v2\/posts\/4641\/revisions"}],"wp:featuredmedia":[{"embeddable":true,"href":"https:\/\/blogdacondessa.com.br\/blog\/wp-json\/wp\/v2\/media\/4642"}],"wp:attachment":[{"href":"https:\/\/blogdacondessa.com.br\/blog\/wp-json\/wp\/v2\/media?parent=4641"}],"wp:term":[{"taxonomy":"category","embeddable":true,"href":"https:\/\/blogdacondessa.com.br\/blog\/wp-json\/wp\/v2\/categories?post=4641"},{"taxonomy":"post_tag","embeddable":true,"href":"https:\/\/blogdacondessa.com.br\/blog\/wp-json\/wp\/v2\/tags?post=4641"}],"curies":[{"name":"wp","href":"https:\/\/api.w.org\/{rel}","templated":true}]}}