{"id":4600,"date":"2022-08-12T05:00:56","date_gmt":"2022-08-12T09:00:56","guid":{"rendered":"http:\/\/blogdacondessa.com.br\/?p=4600"},"modified":"2022-08-11T17:27:32","modified_gmt":"2022-08-11T21:27:32","slug":"kalil-reafirma-recurso-de-r-250-milhoes-para-execucao-de-diversas-obras","status":"publish","type":"post","link":"https:\/\/blogdacondessa.com.br\/blog\/cidades\/kalil-reafirma-recurso-de-r-250-milhoes-para-execucao-de-diversas-obras\/","title":{"rendered":"Kalil reafirma recurso de R$ 250 milh\u00f5es para execu\u00e7\u00e3o de diversas obras"},"content":{"rendered":"<p>Mesmo tratando todas as \u00e1reas da Administra\u00e7\u00e3o P\u00fablica como essenciais, o prefeito de V\u00e1rzea Grande, Kalil Baracat, aproveitou o Dia do Estudante, comemorado no \u00faltimo dia 11, para vistoriar as obras da secretaria de Educa\u00e7\u00e3o, Esporte, Cultura e Lazer que est\u00e3o sendo executadas e com previs\u00e3o de serem entregues ainda em 2022.<\/p>\n<p>As novas unidades escolares ir\u00e3o ampliar a capacidade de atendimento da rede municipal que atualmente possui mais de 30 mil alunos matriculados nas 90 unidades escolares da rede municipal de V\u00e1rzea Grande.<\/p>\n<p>\u201cEstamos trabalhando para melhorar as unidades escolares, para abrir mais vagas no ensino p\u00fablico e, principalmente, garantir qualidade no ensino, al\u00e9m de fomentar a pr\u00e1tica esportiva, o lazer e o entretenimento\u201d, explicou Kalil Baracat acompanhado pelo vice-prefeito Jos\u00e9 Hazama e pelos secret\u00e1rios, de Educa\u00e7\u00e3o, Cultura, Esporte e Lazer, Silvio Fid\u00e9lis e de Via\u00e7\u00e3o e Obras P\u00fablicas, Luiz Celso Morais.<\/p>\n<p>No decorrer da vistoria, Kalil Baracat\u00a0e Jos\u00e9 Hazama, cobraram qualidade nas obras executadas e, especialmente, zelo com os gastos p\u00fablicos para que mais pessoas possam usufruir das pol\u00edticas p\u00fablicas, principalmente a maior parcela da popula\u00e7\u00e3o que necessita do suporte p\u00fablico para ter acesso \u00e0 educa\u00e7\u00e3o, \u00e0 sa\u00fade, \u00e0 seguran\u00e7a, ao social e \u00e0s obras que valorizam a cidade como um todo.<\/p>\n<p>\u201cUma unidade escolar, quando bem gerida e tendo qualidade, ela se torna referencial para a comunidade que vive em fun\u00e7\u00e3o da mesma\u201d, lembrou Kalil Baracat, sinalizando que a Educa\u00e7\u00e3o em V\u00e1rzea Grande tem sido constru\u00edda sob avan\u00e7os significativos para os alunos, para os pais e para os profissionais que atuam diretamente na Educa\u00e7\u00e3o P\u00fablica.<\/p>\n<p>O secret\u00e1rio Silvio Fid\u00e9lis lembrou que est\u00e1 em fase final de execu\u00e7\u00e3o das obras do Espa\u00e7o Esportivo &#8216;Jo\u00e3o Gon\u00e7alo da Costa&#8217;, no bairro da Manga, no Cristo Rei, anexo ao Centro Municipal de Educa\u00e7\u00e3o B\u00e1sica (CMEI) que leva o nome do saudoso senador Jonas Pinheiro da Silva.<\/p>\n<p>O Espa\u00e7o Esportivo Jo\u00e3o Gon\u00e7alo da Costa \u00e9 composto por academia ao ar livre com 8 aparelhos para a pr\u00e1tica e melhoria do condicionamento f\u00edsico, al\u00e9m de um playground para as crian\u00e7as. \u201cQueremos e vamos refor\u00e7ar os espa\u00e7os de lazer e entretenimento para que a fam\u00edlia v\u00e1rzea-grandense seja valorizada e tenha cada vez mais satisfa\u00e7\u00e3o de viver na cidade\u201d, explicou o secret\u00e1rio Silvio Fid\u00e9lis.<\/p>\n<p>As autoridades visitaram ainda o funcionamento da CMEI Senador Jonas Pinheiro e conheceram a funcionalidade e cobraram da diretora da unidade, Carla Let\u00edcia Borges, resultados, pois a base educacional \u00e9 essencial na forma\u00e7\u00e3o dos futuros profissionais.<\/p>\n<p>J\u00e1 as obras da CMEI &#8216;Nair Sacre&#8217;, na Cohab Cristo Rei, est\u00e1 sendo reformada e ampliada e vai atender at\u00e9 400 crian\u00e7as de 1 a 3 anos. \u201cHoje existe uma ansiedade muito grande da popula\u00e7\u00e3o, que vive no entorno, para a entrega da unidade de ensino que \u00e9 refer\u00eancia para os pais das crian\u00e7as\u201d, disse a diretora da unidade Rosana Domingas da Silva.<\/p>\n<p>Considerada como uma das mais importantes obras do setor educacional, com um projeto inovador e com capacidade entre 700 a 1.200 alunos, a EMEB &#8216;Alino Ferreira de Magalh\u00e3es&#8217;, no bairro Alto da Boa Vista, no Grande Parque do Lago, teve suas obras retomadas e se encontram em est\u00e1gio avan\u00e7ado.<\/p>\n<p>\u201cEstamos unindo qualidade de obras, com salas com ar-condicionado, acessibilidade, espa\u00e7os multiusos, enfim toda uma gama estrutural, que somada ao \u00edndice de ensino praticado pelos professores, auxiliares, t\u00e9cnicos entre outros, vai potencializar o ensino e os resultados que queremos e desejamos para todos os alunos\u201d, sinalizou o vice-prefeito Jos\u00e9 Hazama, exaltando o compromisso da atual gest\u00e3o com as \u00e1reas essenciais como sa\u00fade, educa\u00e7\u00e3o, seguran\u00e7a, social entre outros.<\/p>\n<p>Durante a vistoria das obras do CMEI &#8216;Maria Ign\u00eas Fran\u00e7a Auad&#8217;, na Vila Arthur, e que leva o nome da m\u00e3e do ex-prefeito de Cuiab\u00e1, ex-deputado estadual, ex-deputado federal, o apresentador de Televis\u00e3o, Roberto Fran\u00e7a Auad, o prefeito Kalil Baracat e o secret\u00e1rio Silvio Fid\u00e9lis, reafirmaram o compromisso de concluir at\u00e9 o final de 2024, diversas obras que consumir\u00e3o mais de R$ 250 milh\u00f5es em recursos p\u00fablicos.<\/p>\n<p>A CMEI tipo 1 Padr\u00e3o FNDE \u2013 Fundo Nacional de Desenvolvimento da Educa\u00e7\u00e3o &#8211; com 10 salas de aula, sala multiuso, lact\u00e1rio, sala de amamenta\u00e7\u00e3o, vesti\u00e1rio, rouparia, lavanderia, cozinha, despensa e dep\u00f3sito, al\u00e9m de sala de professores, secretaria e diretoria.<\/p>\n<p>A capacidade da unidade do Vila Arthur \u00e9 de at\u00e9 350 alunos de 1 a 3 anos.<\/p>\n<p>Silvio Fid\u00e9lis lembrou que al\u00e9m das unidades vistoriadas pelo prefeito Kalil Baracat, pelo vice, Jos\u00e9 Hazama, mais duas unidades est\u00e3o com suas obras em fase de finaliza\u00e7\u00e3o e dever\u00e3o ser entregues at\u00e9 o final deste ano. \u201cA EMEB &#8216;Mamed Untar&#8217; do bairro Jardim Al\u00e1 e a EMEB &#8216;Maria de Lourdes Toledo Areias&#8217;, da localidade de Praia Grande j\u00e1 est\u00e3o com suas obras praticamente prontas, aguardando mobili\u00e1rio e equipamentos para serem inclu\u00eddas no calend\u00e1rio de inaugura\u00e7\u00f5es da prefeitura.<\/p>\n<p>&nbsp;<\/p>\n","protected":false},"excerpt":{"rendered":"<p>Mesmo tratando todas as \u00e1reas da Administra\u00e7\u00e3o P\u00fablica como essenciais, o prefeito de V\u00e1rzea Grande, Kalil Baracat, aproveitou o Dia do Estudante, comemorado no \u00faltimo dia 11, para vistoriar as obras da secretaria de Educa\u00e7\u00e3o, Esporte, Cultura e Lazer que est\u00e3o sendo executadas e com previs\u00e3o de serem entregues ainda em 2022. As novas unidades [&hellip;]<\/p>\n","protected":false},"author":2,"featured_media":4601,"comment_status":"closed","ping_status":"closed","sticky":false,"template":"","format":"standard","meta":{"iawp_total_views":0,"footnotes":""},"categories":[12],"tags":[],"class_list":["post-4600","post","type-post","status-publish","format-standard","has-post-thumbnail","hentry","category-cidades"],"yoast_head":"<!-- This site is optimized with the Yoast SEO plugin v27.3 - https:\/\/yoast.com\/product\/yoast-seo-wordpress\/ -->\n<title>Kalil reafirma recurso de R$ 250 milh\u00f5es para execu\u00e7\u00e3o de diversas obras &#8902; Blog da Condessa<\/title>\n<meta name=\"robots\" content=\"index, follow, max-snippet:-1, max-image-preview:large, max-video-preview:-1\" \/>\n<link rel=\"canonical\" href=\"https:\/\/blogdacondessa.com.br\/blog\/cidades\/kalil-reafirma-recurso-de-r-250-milhoes-para-execucao-de-diversas-obras\/\" \/>\n<meta property=\"og:locale\" content=\"pt_BR\" \/>\n<meta property=\"og:type\" content=\"article\" \/>\n<meta property=\"og:title\" content=\"Kalil reafirma recurso de R$ 250 milh\u00f5es para execu\u00e7\u00e3o de diversas obras &#8902; Blog da Condessa\" \/>\n<meta property=\"og:description\" content=\"Mesmo tratando todas as \u00e1reas da Administra\u00e7\u00e3o P\u00fablica como essenciais, o prefeito de V\u00e1rzea Grande, Kalil Baracat, aproveitou o Dia do Estudante, comemorado no \u00faltimo dia 11, para vistoriar as obras da secretaria de Educa\u00e7\u00e3o, Esporte, Cultura e Lazer que est\u00e3o sendo executadas e com previs\u00e3o de serem entregues ainda em 2022. As novas unidades [&hellip;]\" \/>\n<meta property=\"og:url\" content=\"https:\/\/blogdacondessa.com.br\/blog\/cidades\/kalil-reafirma-recurso-de-r-250-milhoes-para-execucao-de-diversas-obras\/\" \/>\n<meta property=\"og:site_name\" content=\"Blog da Condessa\" \/>\n<meta property=\"article:published_time\" content=\"2022-08-12T09:00:56+00:00\" \/>\n<meta property=\"og:image\" content=\"https:\/\/blogdacondessa.com.br\/blog\/wp-content\/uploads\/2022\/08\/kalil-VG-scaled.jpg\" \/>\n\t<meta property=\"og:image:width\" content=\"2560\" \/>\n\t<meta property=\"og:image:height\" content=\"1707\" \/>\n\t<meta property=\"og:image:type\" content=\"image\/jpeg\" \/>\n<meta name=\"author\" content=\"Blog da Condessa\" \/>\n<meta name=\"twitter:card\" content=\"summary_large_image\" \/>\n<meta name=\"twitter:label1\" content=\"Escrito por\" \/>\n\t<meta name=\"twitter:data1\" content=\"Blog da Condessa\" \/>\n\t<meta name=\"twitter:label2\" content=\"Est. tempo de leitura\" \/>\n\t<meta name=\"twitter:data2\" content=\"5 minutos\" \/>\n<script type=\"application\/ld+json\" class=\"yoast-schema-graph\">{\"@context\":\"https:\\\/\\\/schema.org\",\"@graph\":[{\"@type\":\"Article\",\"@id\":\"https:\\\/\\\/blogdacondessa.com.br\\\/blog\\\/cidades\\\/kalil-reafirma-recurso-de-r-250-milhoes-para-execucao-de-diversas-obras\\\/#article\",\"isPartOf\":{\"@id\":\"https:\\\/\\\/blogdacondessa.com.br\\\/blog\\\/cidades\\\/kalil-reafirma-recurso-de-r-250-milhoes-para-execucao-de-diversas-obras\\\/\"},\"author\":{\"name\":\"Blog da Condessa\",\"@id\":\"https:\\\/\\\/blogdacondessa.com.br\\\/blog\\\/#\\\/schema\\\/person\\\/1d667ff8b785195b568677489d266035\"},\"headline\":\"Kalil reafirma recurso de R$ 250 milh\u00f5es para execu\u00e7\u00e3o de diversas obras\",\"datePublished\":\"2022-08-12T09:00:56+00:00\",\"mainEntityOfPage\":{\"@id\":\"https:\\\/\\\/blogdacondessa.com.br\\\/blog\\\/cidades\\\/kalil-reafirma-recurso-de-r-250-milhoes-para-execucao-de-diversas-obras\\\/\"},\"wordCount\":870,\"image\":{\"@id\":\"https:\\\/\\\/blogdacondessa.com.br\\\/blog\\\/cidades\\\/kalil-reafirma-recurso-de-r-250-milhoes-para-execucao-de-diversas-obras\\\/#primaryimage\"},\"thumbnailUrl\":\"https:\\\/\\\/blogdacondessa.com.br\\\/blog\\\/wp-content\\\/uploads\\\/2022\\\/08\\\/kalil-VG-scaled.jpg\",\"articleSection\":[\"Cidades\"],\"inLanguage\":\"pt-BR\"},{\"@type\":\"WebPage\",\"@id\":\"https:\\\/\\\/blogdacondessa.com.br\\\/blog\\\/cidades\\\/kalil-reafirma-recurso-de-r-250-milhoes-para-execucao-de-diversas-obras\\\/\",\"url\":\"https:\\\/\\\/blogdacondessa.com.br\\\/blog\\\/cidades\\\/kalil-reafirma-recurso-de-r-250-milhoes-para-execucao-de-diversas-obras\\\/\",\"name\":\"Kalil reafirma recurso de R$ 250 milh\u00f5es para execu\u00e7\u00e3o de diversas obras &#8902; Blog da Condessa\",\"isPartOf\":{\"@id\":\"https:\\\/\\\/blogdacondessa.com.br\\\/blog\\\/#website\"},\"primaryImageOfPage\":{\"@id\":\"https:\\\/\\\/blogdacondessa.com.br\\\/blog\\\/cidades\\\/kalil-reafirma-recurso-de-r-250-milhoes-para-execucao-de-diversas-obras\\\/#primaryimage\"},\"image\":{\"@id\":\"https:\\\/\\\/blogdacondessa.com.br\\\/blog\\\/cidades\\\/kalil-reafirma-recurso-de-r-250-milhoes-para-execucao-de-diversas-obras\\\/#primaryimage\"},\"thumbnailUrl\":\"https:\\\/\\\/blogdacondessa.com.br\\\/blog\\\/wp-content\\\/uploads\\\/2022\\\/08\\\/kalil-VG-scaled.jpg\",\"datePublished\":\"2022-08-12T09:00:56+00:00\",\"author\":{\"@id\":\"https:\\\/\\\/blogdacondessa.com.br\\\/blog\\\/#\\\/schema\\\/person\\\/1d667ff8b785195b568677489d266035\"},\"breadcrumb\":{\"@id\":\"https:\\\/\\\/blogdacondessa.com.br\\\/blog\\\/cidades\\\/kalil-reafirma-recurso-de-r-250-milhoes-para-execucao-de-diversas-obras\\\/#breadcrumb\"},\"inLanguage\":\"pt-BR\",\"potentialAction\":[{\"@type\":\"ReadAction\",\"target\":[\"https:\\\/\\\/blogdacondessa.com.br\\\/blog\\\/cidades\\\/kalil-reafirma-recurso-de-r-250-milhoes-para-execucao-de-diversas-obras\\\/\"]}]},{\"@type\":\"ImageObject\",\"inLanguage\":\"pt-BR\",\"@id\":\"https:\\\/\\\/blogdacondessa.com.br\\\/blog\\\/cidades\\\/kalil-reafirma-recurso-de-r-250-milhoes-para-execucao-de-diversas-obras\\\/#primaryimage\",\"url\":\"https:\\\/\\\/blogdacondessa.com.br\\\/blog\\\/wp-content\\\/uploads\\\/2022\\\/08\\\/kalil-VG-scaled.jpg\",\"contentUrl\":\"https:\\\/\\\/blogdacondessa.com.br\\\/blog\\\/wp-content\\\/uploads\\\/2022\\\/08\\\/kalil-VG-scaled.jpg\",\"width\":2560,\"height\":1707,\"caption\":\"Foto: Secom\\\/VG\"},{\"@type\":\"BreadcrumbList\",\"@id\":\"https:\\\/\\\/blogdacondessa.com.br\\\/blog\\\/cidades\\\/kalil-reafirma-recurso-de-r-250-milhoes-para-execucao-de-diversas-obras\\\/#breadcrumb\",\"itemListElement\":[{\"@type\":\"ListItem\",\"position\":1,\"name\":\"In\u00edcio\",\"item\":\"https:\\\/\\\/blogdacondessa.com.br\\\/blog\\\/\"},{\"@type\":\"ListItem\",\"position\":2,\"name\":\"Kalil reafirma recurso de R$ 250 milh\u00f5es para execu\u00e7\u00e3o de diversas obras\"}]},{\"@type\":\"WebSite\",\"@id\":\"https:\\\/\\\/blogdacondessa.com.br\\\/blog\\\/#website\",\"url\":\"https:\\\/\\\/blogdacondessa.com.br\\\/blog\\\/\",\"name\":\"Blog da Condessa\",\"description\":\"Com Shirley de Souza O\u2019Campos\",\"potentialAction\":[{\"@type\":\"SearchAction\",\"target\":{\"@type\":\"EntryPoint\",\"urlTemplate\":\"https:\\\/\\\/blogdacondessa.com.br\\\/blog\\\/?s={search_term_string}\"},\"query-input\":{\"@type\":\"PropertyValueSpecification\",\"valueRequired\":true,\"valueName\":\"search_term_string\"}}],\"inLanguage\":\"pt-BR\"},{\"@type\":\"Person\",\"@id\":\"https:\\\/\\\/blogdacondessa.com.br\\\/blog\\\/#\\\/schema\\\/person\\\/1d667ff8b785195b568677489d266035\",\"name\":\"Blog da Condessa\",\"image\":{\"@type\":\"ImageObject\",\"inLanguage\":\"pt-BR\",\"@id\":\"https:\\\/\\\/secure.gravatar.com\\\/avatar\\\/377c0eb8b4ad2bfc25461b41564b5971e721ca34a57642868fc7b0c8ac7b52c5?s=96&d=mm&r=g\",\"url\":\"https:\\\/\\\/secure.gravatar.com\\\/avatar\\\/377c0eb8b4ad2bfc25461b41564b5971e721ca34a57642868fc7b0c8ac7b52c5?s=96&d=mm&r=g\",\"contentUrl\":\"https:\\\/\\\/secure.gravatar.com\\\/avatar\\\/377c0eb8b4ad2bfc25461b41564b5971e721ca34a57642868fc7b0c8ac7b52c5?s=96&d=mm&r=g\",\"caption\":\"Blog da Condessa\"},\"url\":\"https:\\\/\\\/blogdacondessa.com.br\\\/blog\\\/author\\\/beatriz\\\/\"}]}<\/script>\n<!-- \/ Yoast SEO plugin. -->","yoast_head_json":{"title":"Kalil reafirma recurso de R$ 250 milh\u00f5es para execu\u00e7\u00e3o de diversas obras &#8902; Blog da Condessa","robots":{"index":"index","follow":"follow","max-snippet":"max-snippet:-1","max-image-preview":"max-image-preview:large","max-video-preview":"max-video-preview:-1"},"canonical":"https:\/\/blogdacondessa.com.br\/blog\/cidades\/kalil-reafirma-recurso-de-r-250-milhoes-para-execucao-de-diversas-obras\/","og_locale":"pt_BR","og_type":"article","og_title":"Kalil reafirma recurso de R$ 250 milh\u00f5es para execu\u00e7\u00e3o de diversas obras &#8902; Blog da Condessa","og_description":"Mesmo tratando todas as \u00e1reas da Administra\u00e7\u00e3o P\u00fablica como essenciais, o prefeito de V\u00e1rzea Grande, Kalil Baracat, aproveitou o Dia do Estudante, comemorado no \u00faltimo dia 11, para vistoriar as obras da secretaria de Educa\u00e7\u00e3o, Esporte, Cultura e Lazer que est\u00e3o sendo executadas e com previs\u00e3o de serem entregues ainda em 2022. As novas unidades [&hellip;]","og_url":"https:\/\/blogdacondessa.com.br\/blog\/cidades\/kalil-reafirma-recurso-de-r-250-milhoes-para-execucao-de-diversas-obras\/","og_site_name":"Blog da Condessa","article_published_time":"2022-08-12T09:00:56+00:00","og_image":[{"width":2560,"height":1707,"url":"https:\/\/blogdacondessa.com.br\/blog\/wp-content\/uploads\/2022\/08\/kalil-VG-scaled.jpg","type":"image\/jpeg"}],"author":"Blog da Condessa","twitter_card":"summary_large_image","twitter_misc":{"Escrito por":"Blog da Condessa","Est. tempo de leitura":"5 minutos"},"schema":{"@context":"https:\/\/schema.org","@graph":[{"@type":"Article","@id":"https:\/\/blogdacondessa.com.br\/blog\/cidades\/kalil-reafirma-recurso-de-r-250-milhoes-para-execucao-de-diversas-obras\/#article","isPartOf":{"@id":"https:\/\/blogdacondessa.com.br\/blog\/cidades\/kalil-reafirma-recurso-de-r-250-milhoes-para-execucao-de-diversas-obras\/"},"author":{"name":"Blog da Condessa","@id":"https:\/\/blogdacondessa.com.br\/blog\/#\/schema\/person\/1d667ff8b785195b568677489d266035"},"headline":"Kalil reafirma recurso de R$ 250 milh\u00f5es para execu\u00e7\u00e3o de diversas obras","datePublished":"2022-08-12T09:00:56+00:00","mainEntityOfPage":{"@id":"https:\/\/blogdacondessa.com.br\/blog\/cidades\/kalil-reafirma-recurso-de-r-250-milhoes-para-execucao-de-diversas-obras\/"},"wordCount":870,"image":{"@id":"https:\/\/blogdacondessa.com.br\/blog\/cidades\/kalil-reafirma-recurso-de-r-250-milhoes-para-execucao-de-diversas-obras\/#primaryimage"},"thumbnailUrl":"https:\/\/blogdacondessa.com.br\/blog\/wp-content\/uploads\/2022\/08\/kalil-VG-scaled.jpg","articleSection":["Cidades"],"inLanguage":"pt-BR"},{"@type":"WebPage","@id":"https:\/\/blogdacondessa.com.br\/blog\/cidades\/kalil-reafirma-recurso-de-r-250-milhoes-para-execucao-de-diversas-obras\/","url":"https:\/\/blogdacondessa.com.br\/blog\/cidades\/kalil-reafirma-recurso-de-r-250-milhoes-para-execucao-de-diversas-obras\/","name":"Kalil reafirma recurso de R$ 250 milh\u00f5es para execu\u00e7\u00e3o de diversas obras &#8902; Blog da Condessa","isPartOf":{"@id":"https:\/\/blogdacondessa.com.br\/blog\/#website"},"primaryImageOfPage":{"@id":"https:\/\/blogdacondessa.com.br\/blog\/cidades\/kalil-reafirma-recurso-de-r-250-milhoes-para-execucao-de-diversas-obras\/#primaryimage"},"image":{"@id":"https:\/\/blogdacondessa.com.br\/blog\/cidades\/kalil-reafirma-recurso-de-r-250-milhoes-para-execucao-de-diversas-obras\/#primaryimage"},"thumbnailUrl":"https:\/\/blogdacondessa.com.br\/blog\/wp-content\/uploads\/2022\/08\/kalil-VG-scaled.jpg","datePublished":"2022-08-12T09:00:56+00:00","author":{"@id":"https:\/\/blogdacondessa.com.br\/blog\/#\/schema\/person\/1d667ff8b785195b568677489d266035"},"breadcrumb":{"@id":"https:\/\/blogdacondessa.com.br\/blog\/cidades\/kalil-reafirma-recurso-de-r-250-milhoes-para-execucao-de-diversas-obras\/#breadcrumb"},"inLanguage":"pt-BR","potentialAction":[{"@type":"ReadAction","target":["https:\/\/blogdacondessa.com.br\/blog\/cidades\/kalil-reafirma-recurso-de-r-250-milhoes-para-execucao-de-diversas-obras\/"]}]},{"@type":"ImageObject","inLanguage":"pt-BR","@id":"https:\/\/blogdacondessa.com.br\/blog\/cidades\/kalil-reafirma-recurso-de-r-250-milhoes-para-execucao-de-diversas-obras\/#primaryimage","url":"https:\/\/blogdacondessa.com.br\/blog\/wp-content\/uploads\/2022\/08\/kalil-VG-scaled.jpg","contentUrl":"https:\/\/blogdacondessa.com.br\/blog\/wp-content\/uploads\/2022\/08\/kalil-VG-scaled.jpg","width":2560,"height":1707,"caption":"Foto: Secom\/VG"},{"@type":"BreadcrumbList","@id":"https:\/\/blogdacondessa.com.br\/blog\/cidades\/kalil-reafirma-recurso-de-r-250-milhoes-para-execucao-de-diversas-obras\/#breadcrumb","itemListElement":[{"@type":"ListItem","position":1,"name":"In\u00edcio","item":"https:\/\/blogdacondessa.com.br\/blog\/"},{"@type":"ListItem","position":2,"name":"Kalil reafirma recurso de R$ 250 milh\u00f5es para execu\u00e7\u00e3o de diversas obras"}]},{"@type":"WebSite","@id":"https:\/\/blogdacondessa.com.br\/blog\/#website","url":"https:\/\/blogdacondessa.com.br\/blog\/","name":"Blog da Condessa","description":"Com Shirley de Souza O\u2019Campos","potentialAction":[{"@type":"SearchAction","target":{"@type":"EntryPoint","urlTemplate":"https:\/\/blogdacondessa.com.br\/blog\/?s={search_term_string}"},"query-input":{"@type":"PropertyValueSpecification","valueRequired":true,"valueName":"search_term_string"}}],"inLanguage":"pt-BR"},{"@type":"Person","@id":"https:\/\/blogdacondessa.com.br\/blog\/#\/schema\/person\/1d667ff8b785195b568677489d266035","name":"Blog da Condessa","image":{"@type":"ImageObject","inLanguage":"pt-BR","@id":"https:\/\/secure.gravatar.com\/avatar\/377c0eb8b4ad2bfc25461b41564b5971e721ca34a57642868fc7b0c8ac7b52c5?s=96&d=mm&r=g","url":"https:\/\/secure.gravatar.com\/avatar\/377c0eb8b4ad2bfc25461b41564b5971e721ca34a57642868fc7b0c8ac7b52c5?s=96&d=mm&r=g","contentUrl":"https:\/\/secure.gravatar.com\/avatar\/377c0eb8b4ad2bfc25461b41564b5971e721ca34a57642868fc7b0c8ac7b52c5?s=96&d=mm&r=g","caption":"Blog da Condessa"},"url":"https:\/\/blogdacondessa.com.br\/blog\/author\/beatriz\/"}]}},"_links":{"self":[{"href":"https:\/\/blogdacondessa.com.br\/blog\/wp-json\/wp\/v2\/posts\/4600","targetHints":{"allow":["GET"]}}],"collection":[{"href":"https:\/\/blogdacondessa.com.br\/blog\/wp-json\/wp\/v2\/posts"}],"about":[{"href":"https:\/\/blogdacondessa.com.br\/blog\/wp-json\/wp\/v2\/types\/post"}],"author":[{"embeddable":true,"href":"https:\/\/blogdacondessa.com.br\/blog\/wp-json\/wp\/v2\/users\/2"}],"replies":[{"embeddable":true,"href":"https:\/\/blogdacondessa.com.br\/blog\/wp-json\/wp\/v2\/comments?post=4600"}],"version-history":[{"count":0,"href":"https:\/\/blogdacondessa.com.br\/blog\/wp-json\/wp\/v2\/posts\/4600\/revisions"}],"wp:featuredmedia":[{"embeddable":true,"href":"https:\/\/blogdacondessa.com.br\/blog\/wp-json\/wp\/v2\/media\/4601"}],"wp:attachment":[{"href":"https:\/\/blogdacondessa.com.br\/blog\/wp-json\/wp\/v2\/media?parent=4600"}],"wp:term":[{"taxonomy":"category","embeddable":true,"href":"https:\/\/blogdacondessa.com.br\/blog\/wp-json\/wp\/v2\/categories?post=4600"},{"taxonomy":"post_tag","embeddable":true,"href":"https:\/\/blogdacondessa.com.br\/blog\/wp-json\/wp\/v2\/tags?post=4600"}],"curies":[{"name":"wp","href":"https:\/\/api.w.org\/{rel}","templated":true}]}}