{"id":4590,"date":"2022-08-12T05:00:57","date_gmt":"2022-08-12T09:00:57","guid":{"rendered":"http:\/\/blogdacondessa.com.br\/?p=4590"},"modified":"2022-08-12T09:50:23","modified_gmt":"2022-08-12T13:50:23","slug":"bazar-da-estacao-da-marias-boutique","status":"publish","type":"post","link":"https:\/\/blogdacondessa.com.br\/blog\/moda\/bazar-da-estacao-da-marias-boutique\/","title":{"rendered":"Bazar da Esta\u00e7\u00e3o da Marias\u2019 Boutique"},"content":{"rendered":"<p>A Marias\u2019 Boutique promove seu segundo Bazar da Esta\u00e7\u00e3o que acontece no dia 13 de agosto (s\u00e1bado), das 10 \u00e0s 20horas, na \u00a0Rua Gr\u00e9cia, 345. A loja oferece tamanhos diversos, incluindo pe\u00e7as plus size.<\/p>\n<p>Em setembro, com a chegada da primavera, tamb\u00e9m chegam novos modelos. Ou seja, lan\u00e7amento da c\u00e1psula nova das confec\u00e7\u00f5es. \u201cAdquirimos novos modelos para na sequ\u00eancia fazermos o lan\u00e7amento da nova cole\u00e7\u00e3o. Obviamente com novos pre\u00e7os. No entanto, a cole\u00e7\u00e3o anterior n\u00e3o deixa nada a desejar. Pe\u00e7as confort\u00e1veis e com qualidade, tecidos naturais e confec\u00e7\u00f5es renomadas. O bazar \u00e9 realizado justamente no final de cada esta\u00e7\u00e3o\u201d, observa a empres\u00e1ria Telma Preza.<\/p>\n<p>Segundo a consultora de moda, o pr\u00f3ximo bazar ser\u00e1 em novembro com o lan\u00e7amento da alta temporada \u2013 o ver\u00e3o. Telma lembra que as roupas da esta\u00e7\u00e3o da loja seguem o crit\u00e9rio do clima local. Ou seja, apropriadas para a temperatura da regi\u00e3o. \u201cS\u00e3o roupas leves, fresquinhas, com conforto t\u00e9rmico. Mantemos essa preocupa\u00e7\u00e3o\u201d, frisou.<\/p>\n<p>Os recursos arrecadados s\u00e3o para uma finalidade espec\u00edfica: tratamento da filha de Telma que encontra-se em tratamento em S\u00e3o Paulo. \u201cEsse tamb\u00e9m foi o objetivo do primeiro bazar quando Maria Stela, minha filha, j\u00e1 estava em tratamento do sarcoma. Os custos s\u00e3o muito elevados\u201d, disse Telma.<\/p>\n<p>Na sua opini\u00e3o, a pe\u00e7a\/as que n\u00e3o pode\u00a0 faltar hoje no arm\u00e1rio \u00e9 o que chamamos de arm\u00e1rio c\u00e1psula. \u201cS\u00e3o pe\u00e7as b\u00e1sicas que podemos compor diversos looks. Por exemplo, um vestido preto que permite diversas combina\u00e7\u00f5es e acess\u00f3rios. Uma camisa branca tamb\u00e9m \u00e9 coringa, bem como as cal\u00e7as compridas nas cores neutras: cinza, bege, branco, azul marinho e preto. Um bom colete alongado tamb\u00e9m \u00e9 relevante. Hoje a saia midi \u00e9 essencial, principalmente nas cores azul marinho, preto e off White\u201d, destaca a consultora de moda.<\/p>\n<p>O conforto tem tido cada vez mais espa\u00e7o no mundo da moda. De acordo com Tela Preza,\u00a0 a tend\u00eancia de moda atual est\u00e1 mais para uma oferta de escolha.\u00a0 \u201cO estilo t\u00eam prevalecido. Por mais que a moda ofere\u00e7a in\u00fameras varia\u00e7\u00f5es e modelagens \u00e9 a pessoa que escolhe o estilo. Hoje, vemos nas ruas todas os estilos. A moda n\u00e3o \u00e9 mais imposta. Ela \u00e9 uma oferta. Acabou a ditadura da moda.\u00a0 Tudo est\u00e1 na moda, desde que vista bem e que a pessoa se sinta bem. A moda \u00e9 ampla e oferece para todos os estilos seja cl\u00e1ssico, rom\u00e2ntico, ex\u00f3tico, despojado, sensual\u201d, conclui.<\/p>\n<p>&nbsp;<\/p>\n","protected":false},"excerpt":{"rendered":"<p>A Marias\u2019 Boutique promove seu segundo Bazar da Esta\u00e7\u00e3o que acontece no dia 13 de agosto (s\u00e1bado), das 10 \u00e0s 20horas, na \u00a0Rua Gr\u00e9cia, 345. A loja oferece tamanhos diversos, incluindo pe\u00e7as plus size. Em setembro, com a chegada da primavera, tamb\u00e9m chegam novos modelos. Ou seja, lan\u00e7amento da c\u00e1psula nova das confec\u00e7\u00f5es. \u201cAdquirimos novos [&hellip;]<\/p>\n","protected":false},"author":2,"featured_media":4603,"comment_status":"closed","ping_status":"closed","sticky":false,"template":"","format":"standard","meta":{"iawp_total_views":0,"footnotes":""},"categories":[21],"tags":[],"class_list":["post-4590","post","type-post","status-publish","format-standard","has-post-thumbnail","hentry","category-moda"],"yoast_head":"<!-- This site is optimized with the Yoast SEO plugin v27.3 - https:\/\/yoast.com\/product\/yoast-seo-wordpress\/ -->\n<title>Bazar da Esta\u00e7\u00e3o da Marias\u2019 Boutique &#8902; Blog da Condessa<\/title>\n<meta name=\"robots\" content=\"index, follow, max-snippet:-1, max-image-preview:large, max-video-preview:-1\" \/>\n<link rel=\"canonical\" href=\"https:\/\/blogdacondessa.com.br\/blog\/moda\/bazar-da-estacao-da-marias-boutique\/\" \/>\n<meta property=\"og:locale\" content=\"pt_BR\" \/>\n<meta property=\"og:type\" content=\"article\" \/>\n<meta property=\"og:title\" content=\"Bazar da Esta\u00e7\u00e3o da Marias\u2019 Boutique &#8902; Blog da Condessa\" \/>\n<meta property=\"og:description\" content=\"A Marias\u2019 Boutique promove seu segundo Bazar da Esta\u00e7\u00e3o que acontece no dia 13 de agosto (s\u00e1bado), das 10 \u00e0s 20horas, na \u00a0Rua Gr\u00e9cia, 345. A loja oferece tamanhos diversos, incluindo pe\u00e7as plus size. Em setembro, com a chegada da primavera, tamb\u00e9m chegam novos modelos. Ou seja, lan\u00e7amento da c\u00e1psula nova das confec\u00e7\u00f5es. \u201cAdquirimos novos [&hellip;]\" \/>\n<meta property=\"og:url\" content=\"https:\/\/blogdacondessa.com.br\/blog\/moda\/bazar-da-estacao-da-marias-boutique\/\" \/>\n<meta property=\"og:site_name\" content=\"Blog da Condessa\" \/>\n<meta property=\"article:published_time\" content=\"2022-08-12T09:00:57+00:00\" \/>\n<meta property=\"article:modified_time\" content=\"2022-08-12T13:50:23+00:00\" \/>\n<meta property=\"og:image\" content=\"https:\/\/blogdacondessa.com.br\/blog\/wp-content\/uploads\/2022\/08\/1-1.jpg\" \/>\n\t<meta property=\"og:image:width\" content=\"768\" \/>\n\t<meta property=\"og:image:height\" content=\"1024\" \/>\n\t<meta property=\"og:image:type\" content=\"image\/jpeg\" \/>\n<meta name=\"author\" content=\"Blog da Condessa\" \/>\n<meta name=\"twitter:card\" content=\"summary_large_image\" \/>\n<meta name=\"twitter:label1\" content=\"Escrito por\" \/>\n\t<meta name=\"twitter:data1\" content=\"Blog da Condessa\" \/>\n\t<meta name=\"twitter:label2\" content=\"Est. tempo de leitura\" \/>\n\t<meta name=\"twitter:data2\" content=\"2 minutos\" \/>\n<script type=\"application\/ld+json\" class=\"yoast-schema-graph\">{\"@context\":\"https:\\\/\\\/schema.org\",\"@graph\":[{\"@type\":\"Article\",\"@id\":\"https:\\\/\\\/blogdacondessa.com.br\\\/blog\\\/moda\\\/bazar-da-estacao-da-marias-boutique\\\/#article\",\"isPartOf\":{\"@id\":\"https:\\\/\\\/blogdacondessa.com.br\\\/blog\\\/moda\\\/bazar-da-estacao-da-marias-boutique\\\/\"},\"author\":{\"name\":\"Blog da Condessa\",\"@id\":\"https:\\\/\\\/blogdacondessa.com.br\\\/blog\\\/#\\\/schema\\\/person\\\/1d667ff8b785195b568677489d266035\"},\"headline\":\"Bazar da Esta\u00e7\u00e3o da Marias\u2019 Boutique\",\"datePublished\":\"2022-08-12T09:00:57+00:00\",\"dateModified\":\"2022-08-12T13:50:23+00:00\",\"mainEntityOfPage\":{\"@id\":\"https:\\\/\\\/blogdacondessa.com.br\\\/blog\\\/moda\\\/bazar-da-estacao-da-marias-boutique\\\/\"},\"wordCount\":447,\"image\":{\"@id\":\"https:\\\/\\\/blogdacondessa.com.br\\\/blog\\\/moda\\\/bazar-da-estacao-da-marias-boutique\\\/#primaryimage\"},\"thumbnailUrl\":\"https:\\\/\\\/blogdacondessa.com.br\\\/blog\\\/wp-content\\\/uploads\\\/2022\\\/08\\\/1-1.jpg\",\"articleSection\":[\"Moda\"],\"inLanguage\":\"pt-BR\"},{\"@type\":\"WebPage\",\"@id\":\"https:\\\/\\\/blogdacondessa.com.br\\\/blog\\\/moda\\\/bazar-da-estacao-da-marias-boutique\\\/\",\"url\":\"https:\\\/\\\/blogdacondessa.com.br\\\/blog\\\/moda\\\/bazar-da-estacao-da-marias-boutique\\\/\",\"name\":\"Bazar da Esta\u00e7\u00e3o da Marias\u2019 Boutique &#8902; Blog da Condessa\",\"isPartOf\":{\"@id\":\"https:\\\/\\\/blogdacondessa.com.br\\\/blog\\\/#website\"},\"primaryImageOfPage\":{\"@id\":\"https:\\\/\\\/blogdacondessa.com.br\\\/blog\\\/moda\\\/bazar-da-estacao-da-marias-boutique\\\/#primaryimage\"},\"image\":{\"@id\":\"https:\\\/\\\/blogdacondessa.com.br\\\/blog\\\/moda\\\/bazar-da-estacao-da-marias-boutique\\\/#primaryimage\"},\"thumbnailUrl\":\"https:\\\/\\\/blogdacondessa.com.br\\\/blog\\\/wp-content\\\/uploads\\\/2022\\\/08\\\/1-1.jpg\",\"datePublished\":\"2022-08-12T09:00:57+00:00\",\"dateModified\":\"2022-08-12T13:50:23+00:00\",\"author\":{\"@id\":\"https:\\\/\\\/blogdacondessa.com.br\\\/blog\\\/#\\\/schema\\\/person\\\/1d667ff8b785195b568677489d266035\"},\"breadcrumb\":{\"@id\":\"https:\\\/\\\/blogdacondessa.com.br\\\/blog\\\/moda\\\/bazar-da-estacao-da-marias-boutique\\\/#breadcrumb\"},\"inLanguage\":\"pt-BR\",\"potentialAction\":[{\"@type\":\"ReadAction\",\"target\":[\"https:\\\/\\\/blogdacondessa.com.br\\\/blog\\\/moda\\\/bazar-da-estacao-da-marias-boutique\\\/\"]}]},{\"@type\":\"ImageObject\",\"inLanguage\":\"pt-BR\",\"@id\":\"https:\\\/\\\/blogdacondessa.com.br\\\/blog\\\/moda\\\/bazar-da-estacao-da-marias-boutique\\\/#primaryimage\",\"url\":\"https:\\\/\\\/blogdacondessa.com.br\\\/blog\\\/wp-content\\\/uploads\\\/2022\\\/08\\\/1-1.jpg\",\"contentUrl\":\"https:\\\/\\\/blogdacondessa.com.br\\\/blog\\\/wp-content\\\/uploads\\\/2022\\\/08\\\/1-1.jpg\",\"width\":768,\"height\":1024},{\"@type\":\"BreadcrumbList\",\"@id\":\"https:\\\/\\\/blogdacondessa.com.br\\\/blog\\\/moda\\\/bazar-da-estacao-da-marias-boutique\\\/#breadcrumb\",\"itemListElement\":[{\"@type\":\"ListItem\",\"position\":1,\"name\":\"In\u00edcio\",\"item\":\"https:\\\/\\\/blogdacondessa.com.br\\\/blog\\\/\"},{\"@type\":\"ListItem\",\"position\":2,\"name\":\"Bazar da Esta\u00e7\u00e3o da Marias\u2019 Boutique\"}]},{\"@type\":\"WebSite\",\"@id\":\"https:\\\/\\\/blogdacondessa.com.br\\\/blog\\\/#website\",\"url\":\"https:\\\/\\\/blogdacondessa.com.br\\\/blog\\\/\",\"name\":\"Blog da Condessa\",\"description\":\"Com Shirley de Souza O\u2019Campos\",\"potentialAction\":[{\"@type\":\"SearchAction\",\"target\":{\"@type\":\"EntryPoint\",\"urlTemplate\":\"https:\\\/\\\/blogdacondessa.com.br\\\/blog\\\/?s={search_term_string}\"},\"query-input\":{\"@type\":\"PropertyValueSpecification\",\"valueRequired\":true,\"valueName\":\"search_term_string\"}}],\"inLanguage\":\"pt-BR\"},{\"@type\":\"Person\",\"@id\":\"https:\\\/\\\/blogdacondessa.com.br\\\/blog\\\/#\\\/schema\\\/person\\\/1d667ff8b785195b568677489d266035\",\"name\":\"Blog da Condessa\",\"image\":{\"@type\":\"ImageObject\",\"inLanguage\":\"pt-BR\",\"@id\":\"https:\\\/\\\/secure.gravatar.com\\\/avatar\\\/377c0eb8b4ad2bfc25461b41564b5971e721ca34a57642868fc7b0c8ac7b52c5?s=96&d=mm&r=g\",\"url\":\"https:\\\/\\\/secure.gravatar.com\\\/avatar\\\/377c0eb8b4ad2bfc25461b41564b5971e721ca34a57642868fc7b0c8ac7b52c5?s=96&d=mm&r=g\",\"contentUrl\":\"https:\\\/\\\/secure.gravatar.com\\\/avatar\\\/377c0eb8b4ad2bfc25461b41564b5971e721ca34a57642868fc7b0c8ac7b52c5?s=96&d=mm&r=g\",\"caption\":\"Blog da Condessa\"},\"url\":\"https:\\\/\\\/blogdacondessa.com.br\\\/blog\\\/author\\\/beatriz\\\/\"}]}<\/script>\n<!-- \/ Yoast SEO plugin. -->","yoast_head_json":{"title":"Bazar da Esta\u00e7\u00e3o da Marias\u2019 Boutique &#8902; Blog da Condessa","robots":{"index":"index","follow":"follow","max-snippet":"max-snippet:-1","max-image-preview":"max-image-preview:large","max-video-preview":"max-video-preview:-1"},"canonical":"https:\/\/blogdacondessa.com.br\/blog\/moda\/bazar-da-estacao-da-marias-boutique\/","og_locale":"pt_BR","og_type":"article","og_title":"Bazar da Esta\u00e7\u00e3o da Marias\u2019 Boutique &#8902; Blog da Condessa","og_description":"A Marias\u2019 Boutique promove seu segundo Bazar da Esta\u00e7\u00e3o que acontece no dia 13 de agosto (s\u00e1bado), das 10 \u00e0s 20horas, na \u00a0Rua Gr\u00e9cia, 345. A loja oferece tamanhos diversos, incluindo pe\u00e7as plus size. Em setembro, com a chegada da primavera, tamb\u00e9m chegam novos modelos. Ou seja, lan\u00e7amento da c\u00e1psula nova das confec\u00e7\u00f5es. \u201cAdquirimos novos [&hellip;]","og_url":"https:\/\/blogdacondessa.com.br\/blog\/moda\/bazar-da-estacao-da-marias-boutique\/","og_site_name":"Blog da Condessa","article_published_time":"2022-08-12T09:00:57+00:00","article_modified_time":"2022-08-12T13:50:23+00:00","og_image":[{"width":768,"height":1024,"url":"https:\/\/blogdacondessa.com.br\/blog\/wp-content\/uploads\/2022\/08\/1-1.jpg","type":"image\/jpeg"}],"author":"Blog da Condessa","twitter_card":"summary_large_image","twitter_misc":{"Escrito por":"Blog da Condessa","Est. tempo de leitura":"2 minutos"},"schema":{"@context":"https:\/\/schema.org","@graph":[{"@type":"Article","@id":"https:\/\/blogdacondessa.com.br\/blog\/moda\/bazar-da-estacao-da-marias-boutique\/#article","isPartOf":{"@id":"https:\/\/blogdacondessa.com.br\/blog\/moda\/bazar-da-estacao-da-marias-boutique\/"},"author":{"name":"Blog da Condessa","@id":"https:\/\/blogdacondessa.com.br\/blog\/#\/schema\/person\/1d667ff8b785195b568677489d266035"},"headline":"Bazar da Esta\u00e7\u00e3o da Marias\u2019 Boutique","datePublished":"2022-08-12T09:00:57+00:00","dateModified":"2022-08-12T13:50:23+00:00","mainEntityOfPage":{"@id":"https:\/\/blogdacondessa.com.br\/blog\/moda\/bazar-da-estacao-da-marias-boutique\/"},"wordCount":447,"image":{"@id":"https:\/\/blogdacondessa.com.br\/blog\/moda\/bazar-da-estacao-da-marias-boutique\/#primaryimage"},"thumbnailUrl":"https:\/\/blogdacondessa.com.br\/blog\/wp-content\/uploads\/2022\/08\/1-1.jpg","articleSection":["Moda"],"inLanguage":"pt-BR"},{"@type":"WebPage","@id":"https:\/\/blogdacondessa.com.br\/blog\/moda\/bazar-da-estacao-da-marias-boutique\/","url":"https:\/\/blogdacondessa.com.br\/blog\/moda\/bazar-da-estacao-da-marias-boutique\/","name":"Bazar da Esta\u00e7\u00e3o da Marias\u2019 Boutique &#8902; Blog da Condessa","isPartOf":{"@id":"https:\/\/blogdacondessa.com.br\/blog\/#website"},"primaryImageOfPage":{"@id":"https:\/\/blogdacondessa.com.br\/blog\/moda\/bazar-da-estacao-da-marias-boutique\/#primaryimage"},"image":{"@id":"https:\/\/blogdacondessa.com.br\/blog\/moda\/bazar-da-estacao-da-marias-boutique\/#primaryimage"},"thumbnailUrl":"https:\/\/blogdacondessa.com.br\/blog\/wp-content\/uploads\/2022\/08\/1-1.jpg","datePublished":"2022-08-12T09:00:57+00:00","dateModified":"2022-08-12T13:50:23+00:00","author":{"@id":"https:\/\/blogdacondessa.com.br\/blog\/#\/schema\/person\/1d667ff8b785195b568677489d266035"},"breadcrumb":{"@id":"https:\/\/blogdacondessa.com.br\/blog\/moda\/bazar-da-estacao-da-marias-boutique\/#breadcrumb"},"inLanguage":"pt-BR","potentialAction":[{"@type":"ReadAction","target":["https:\/\/blogdacondessa.com.br\/blog\/moda\/bazar-da-estacao-da-marias-boutique\/"]}]},{"@type":"ImageObject","inLanguage":"pt-BR","@id":"https:\/\/blogdacondessa.com.br\/blog\/moda\/bazar-da-estacao-da-marias-boutique\/#primaryimage","url":"https:\/\/blogdacondessa.com.br\/blog\/wp-content\/uploads\/2022\/08\/1-1.jpg","contentUrl":"https:\/\/blogdacondessa.com.br\/blog\/wp-content\/uploads\/2022\/08\/1-1.jpg","width":768,"height":1024},{"@type":"BreadcrumbList","@id":"https:\/\/blogdacondessa.com.br\/blog\/moda\/bazar-da-estacao-da-marias-boutique\/#breadcrumb","itemListElement":[{"@type":"ListItem","position":1,"name":"In\u00edcio","item":"https:\/\/blogdacondessa.com.br\/blog\/"},{"@type":"ListItem","position":2,"name":"Bazar da Esta\u00e7\u00e3o da Marias\u2019 Boutique"}]},{"@type":"WebSite","@id":"https:\/\/blogdacondessa.com.br\/blog\/#website","url":"https:\/\/blogdacondessa.com.br\/blog\/","name":"Blog da Condessa","description":"Com Shirley de Souza O\u2019Campos","potentialAction":[{"@type":"SearchAction","target":{"@type":"EntryPoint","urlTemplate":"https:\/\/blogdacondessa.com.br\/blog\/?s={search_term_string}"},"query-input":{"@type":"PropertyValueSpecification","valueRequired":true,"valueName":"search_term_string"}}],"inLanguage":"pt-BR"},{"@type":"Person","@id":"https:\/\/blogdacondessa.com.br\/blog\/#\/schema\/person\/1d667ff8b785195b568677489d266035","name":"Blog da Condessa","image":{"@type":"ImageObject","inLanguage":"pt-BR","@id":"https:\/\/secure.gravatar.com\/avatar\/377c0eb8b4ad2bfc25461b41564b5971e721ca34a57642868fc7b0c8ac7b52c5?s=96&d=mm&r=g","url":"https:\/\/secure.gravatar.com\/avatar\/377c0eb8b4ad2bfc25461b41564b5971e721ca34a57642868fc7b0c8ac7b52c5?s=96&d=mm&r=g","contentUrl":"https:\/\/secure.gravatar.com\/avatar\/377c0eb8b4ad2bfc25461b41564b5971e721ca34a57642868fc7b0c8ac7b52c5?s=96&d=mm&r=g","caption":"Blog da Condessa"},"url":"https:\/\/blogdacondessa.com.br\/blog\/author\/beatriz\/"}]}},"_links":{"self":[{"href":"https:\/\/blogdacondessa.com.br\/blog\/wp-json\/wp\/v2\/posts\/4590","targetHints":{"allow":["GET"]}}],"collection":[{"href":"https:\/\/blogdacondessa.com.br\/blog\/wp-json\/wp\/v2\/posts"}],"about":[{"href":"https:\/\/blogdacondessa.com.br\/blog\/wp-json\/wp\/v2\/types\/post"}],"author":[{"embeddable":true,"href":"https:\/\/blogdacondessa.com.br\/blog\/wp-json\/wp\/v2\/users\/2"}],"replies":[{"embeddable":true,"href":"https:\/\/blogdacondessa.com.br\/blog\/wp-json\/wp\/v2\/comments?post=4590"}],"version-history":[{"count":0,"href":"https:\/\/blogdacondessa.com.br\/blog\/wp-json\/wp\/v2\/posts\/4590\/revisions"}],"wp:featuredmedia":[{"embeddable":true,"href":"https:\/\/blogdacondessa.com.br\/blog\/wp-json\/wp\/v2\/media\/4603"}],"wp:attachment":[{"href":"https:\/\/blogdacondessa.com.br\/blog\/wp-json\/wp\/v2\/media?parent=4590"}],"wp:term":[{"taxonomy":"category","embeddable":true,"href":"https:\/\/blogdacondessa.com.br\/blog\/wp-json\/wp\/v2\/categories?post=4590"},{"taxonomy":"post_tag","embeddable":true,"href":"https:\/\/blogdacondessa.com.br\/blog\/wp-json\/wp\/v2\/tags?post=4590"}],"curies":[{"name":"wp","href":"https:\/\/api.w.org\/{rel}","templated":true}]}}