{"id":4583,"date":"2022-08-14T05:00:40","date_gmt":"2022-08-14T09:00:40","guid":{"rendered":"http:\/\/blogdacondessa.com.br\/?p=4583"},"modified":"2022-08-11T16:52:48","modified_gmt":"2022-08-11T20:52:48","slug":"camara-de-cuiaba-institui-por-lei-fevereiro-laranja","status":"publish","type":"post","link":"https:\/\/blogdacondessa.com.br\/blog\/politica\/camara-de-cuiaba-institui-por-lei-fevereiro-laranja\/","title":{"rendered":"C\u00e2mara de Cuiab\u00e1 institui por lei \u201cFevereiro Laranja\u201d"},"content":{"rendered":"<p>Foi sancionada a Lei n\u00ba 6.848 que institui o \u201cFevereiro Laranja\u201d campanha de conscientiza\u00e7\u00e3o sobre a leucemia, a ser realizada anualmente na primeira semana do m\u00eas de fevereiro. A proposta foi aprovada pela C\u00e2mara Municipal, sancionada pelo prefeito no dia 5 de agosto e publicada no dia 9 do mesmo m\u00eas.<\/p>\n<p>Conforme a justificativa do projeto, a leucemia \u00e9 um tipo de c\u00e2ncer que acomete a medula \u00f3ssea. \u201cQuando uma delas n\u00e3o atinge a maturidade, sofre uma muta\u00e7\u00e3o gen\u00e9tica que transforma em c\u00e9lulas cancer\u00edgenas. Elas acabam sendo maioria, substituindo as c\u00e9lulas que s\u00e3o saud\u00e1veis\u201d.<\/p>\n<p>De autoria da vereadora Michelly Alencar (Uni\u00e3o Brasil) a lei tem o objetivo esclarecer sobre o diagn\u00f3stico e tratamento da leucemia, ressaltando a import\u00e2ncia da medula \u00f3ssea. Na semana do \u201cFevereiro Laranja\u201d poder\u00e3o ser promovidos eventos e atividades para a conscientiza\u00e7\u00e3o dos mun\u00edcipes sobre o tema, uma vez que a incid\u00eancia de casos da doen\u00e7a no Brasil \u00e9 grande. Os eventos e atividades promovidas poder\u00e3o ser realizadas atrav\u00e9s de parcerias com entidades p\u00fablicas ou privadas, organiza\u00e7\u00f5es da sociedade civil e profissionais capacitados.<\/p>\n","protected":false},"excerpt":{"rendered":"<p>Foi sancionada a Lei n\u00ba 6.848 que institui o \u201cFevereiro Laranja\u201d campanha de conscientiza\u00e7\u00e3o sobre a leucemia, a ser realizada anualmente na primeira semana do m\u00eas de fevereiro. A proposta foi aprovada pela C\u00e2mara Municipal, sancionada pelo prefeito no dia 5 de agosto e publicada no dia 9 do mesmo m\u00eas. Conforme a justificativa do [&hellip;]<\/p>\n","protected":false},"author":2,"featured_media":4585,"comment_status":"closed","ping_status":"closed","sticky":false,"template":"","format":"standard","meta":{"iawp_total_views":0,"footnotes":""},"categories":[10],"tags":[],"class_list":["post-4583","post","type-post","status-publish","format-standard","has-post-thumbnail","hentry","category-politica"],"yoast_head":"<!-- This site is optimized with the Yoast SEO plugin v27.3 - https:\/\/yoast.com\/product\/yoast-seo-wordpress\/ -->\n<title>C\u00e2mara de Cuiab\u00e1 institui por lei \u201cFevereiro Laranja\u201d &#8902; Blog da Condessa<\/title>\n<meta name=\"robots\" content=\"index, follow, max-snippet:-1, max-image-preview:large, max-video-preview:-1\" \/>\n<link rel=\"canonical\" href=\"https:\/\/blogdacondessa.com.br\/blog\/politica\/camara-de-cuiaba-institui-por-lei-fevereiro-laranja\/\" \/>\n<meta property=\"og:locale\" content=\"pt_BR\" \/>\n<meta property=\"og:type\" content=\"article\" \/>\n<meta property=\"og:title\" content=\"C\u00e2mara de Cuiab\u00e1 institui por lei \u201cFevereiro Laranja\u201d &#8902; Blog da Condessa\" \/>\n<meta property=\"og:description\" content=\"Foi sancionada a Lei n\u00ba 6.848 que institui o \u201cFevereiro Laranja\u201d campanha de conscientiza\u00e7\u00e3o sobre a leucemia, a ser realizada anualmente na primeira semana do m\u00eas de fevereiro. A proposta foi aprovada pela C\u00e2mara Municipal, sancionada pelo prefeito no dia 5 de agosto e publicada no dia 9 do mesmo m\u00eas. Conforme a justificativa do [&hellip;]\" \/>\n<meta property=\"og:url\" content=\"https:\/\/blogdacondessa.com.br\/blog\/politica\/camara-de-cuiaba-institui-por-lei-fevereiro-laranja\/\" \/>\n<meta property=\"og:site_name\" content=\"Blog da Condessa\" \/>\n<meta property=\"article:published_time\" content=\"2022-08-14T09:00:40+00:00\" \/>\n<meta property=\"og:image\" content=\"https:\/\/blogdacondessa.com.br\/blog\/wp-content\/uploads\/2022\/08\/fevreiro-laranja.png\" \/>\n\t<meta property=\"og:image:width\" content=\"960\" \/>\n\t<meta property=\"og:image:height\" content=\"720\" \/>\n\t<meta property=\"og:image:type\" content=\"image\/png\" \/>\n<meta name=\"author\" content=\"Blog da Condessa\" \/>\n<meta name=\"twitter:card\" content=\"summary_large_image\" \/>\n<meta name=\"twitter:label1\" content=\"Escrito por\" \/>\n\t<meta name=\"twitter:data1\" content=\"Blog da Condessa\" \/>\n\t<meta name=\"twitter:label2\" content=\"Est. tempo de leitura\" \/>\n\t<meta name=\"twitter:data2\" content=\"1 minuto\" \/>\n<script type=\"application\/ld+json\" class=\"yoast-schema-graph\">{\"@context\":\"https:\\\/\\\/schema.org\",\"@graph\":[{\"@type\":\"Article\",\"@id\":\"https:\\\/\\\/blogdacondessa.com.br\\\/blog\\\/politica\\\/camara-de-cuiaba-institui-por-lei-fevereiro-laranja\\\/#article\",\"isPartOf\":{\"@id\":\"https:\\\/\\\/blogdacondessa.com.br\\\/blog\\\/politica\\\/camara-de-cuiaba-institui-por-lei-fevereiro-laranja\\\/\"},\"author\":{\"name\":\"Blog da Condessa\",\"@id\":\"https:\\\/\\\/blogdacondessa.com.br\\\/blog\\\/#\\\/schema\\\/person\\\/1d667ff8b785195b568677489d266035\"},\"headline\":\"C\u00e2mara de Cuiab\u00e1 institui por lei \u201cFevereiro Laranja\u201d\",\"datePublished\":\"2022-08-14T09:00:40+00:00\",\"mainEntityOfPage\":{\"@id\":\"https:\\\/\\\/blogdacondessa.com.br\\\/blog\\\/politica\\\/camara-de-cuiaba-institui-por-lei-fevereiro-laranja\\\/\"},\"wordCount\":205,\"image\":{\"@id\":\"https:\\\/\\\/blogdacondessa.com.br\\\/blog\\\/politica\\\/camara-de-cuiaba-institui-por-lei-fevereiro-laranja\\\/#primaryimage\"},\"thumbnailUrl\":\"https:\\\/\\\/blogdacondessa.com.br\\\/blog\\\/wp-content\\\/uploads\\\/2022\\\/08\\\/fevreiro-laranja.png\",\"articleSection\":[\"Pol\u00edtica\"],\"inLanguage\":\"pt-BR\"},{\"@type\":\"WebPage\",\"@id\":\"https:\\\/\\\/blogdacondessa.com.br\\\/blog\\\/politica\\\/camara-de-cuiaba-institui-por-lei-fevereiro-laranja\\\/\",\"url\":\"https:\\\/\\\/blogdacondessa.com.br\\\/blog\\\/politica\\\/camara-de-cuiaba-institui-por-lei-fevereiro-laranja\\\/\",\"name\":\"C\u00e2mara de Cuiab\u00e1 institui por lei \u201cFevereiro Laranja\u201d &#8902; Blog da Condessa\",\"isPartOf\":{\"@id\":\"https:\\\/\\\/blogdacondessa.com.br\\\/blog\\\/#website\"},\"primaryImageOfPage\":{\"@id\":\"https:\\\/\\\/blogdacondessa.com.br\\\/blog\\\/politica\\\/camara-de-cuiaba-institui-por-lei-fevereiro-laranja\\\/#primaryimage\"},\"image\":{\"@id\":\"https:\\\/\\\/blogdacondessa.com.br\\\/blog\\\/politica\\\/camara-de-cuiaba-institui-por-lei-fevereiro-laranja\\\/#primaryimage\"},\"thumbnailUrl\":\"https:\\\/\\\/blogdacondessa.com.br\\\/blog\\\/wp-content\\\/uploads\\\/2022\\\/08\\\/fevreiro-laranja.png\",\"datePublished\":\"2022-08-14T09:00:40+00:00\",\"author\":{\"@id\":\"https:\\\/\\\/blogdacondessa.com.br\\\/blog\\\/#\\\/schema\\\/person\\\/1d667ff8b785195b568677489d266035\"},\"breadcrumb\":{\"@id\":\"https:\\\/\\\/blogdacondessa.com.br\\\/blog\\\/politica\\\/camara-de-cuiaba-institui-por-lei-fevereiro-laranja\\\/#breadcrumb\"},\"inLanguage\":\"pt-BR\",\"potentialAction\":[{\"@type\":\"ReadAction\",\"target\":[\"https:\\\/\\\/blogdacondessa.com.br\\\/blog\\\/politica\\\/camara-de-cuiaba-institui-por-lei-fevereiro-laranja\\\/\"]}]},{\"@type\":\"ImageObject\",\"inLanguage\":\"pt-BR\",\"@id\":\"https:\\\/\\\/blogdacondessa.com.br\\\/blog\\\/politica\\\/camara-de-cuiaba-institui-por-lei-fevereiro-laranja\\\/#primaryimage\",\"url\":\"https:\\\/\\\/blogdacondessa.com.br\\\/blog\\\/wp-content\\\/uploads\\\/2022\\\/08\\\/fevreiro-laranja.png\",\"contentUrl\":\"https:\\\/\\\/blogdacondessa.com.br\\\/blog\\\/wp-content\\\/uploads\\\/2022\\\/08\\\/fevreiro-laranja.png\",\"width\":960,\"height\":720},{\"@type\":\"BreadcrumbList\",\"@id\":\"https:\\\/\\\/blogdacondessa.com.br\\\/blog\\\/politica\\\/camara-de-cuiaba-institui-por-lei-fevereiro-laranja\\\/#breadcrumb\",\"itemListElement\":[{\"@type\":\"ListItem\",\"position\":1,\"name\":\"In\u00edcio\",\"item\":\"https:\\\/\\\/blogdacondessa.com.br\\\/blog\\\/\"},{\"@type\":\"ListItem\",\"position\":2,\"name\":\"C\u00e2mara de Cuiab\u00e1 institui por lei \u201cFevereiro Laranja\u201d\"}]},{\"@type\":\"WebSite\",\"@id\":\"https:\\\/\\\/blogdacondessa.com.br\\\/blog\\\/#website\",\"url\":\"https:\\\/\\\/blogdacondessa.com.br\\\/blog\\\/\",\"name\":\"Blog da Condessa\",\"description\":\"Com Shirley de Souza O\u2019Campos\",\"potentialAction\":[{\"@type\":\"SearchAction\",\"target\":{\"@type\":\"EntryPoint\",\"urlTemplate\":\"https:\\\/\\\/blogdacondessa.com.br\\\/blog\\\/?s={search_term_string}\"},\"query-input\":{\"@type\":\"PropertyValueSpecification\",\"valueRequired\":true,\"valueName\":\"search_term_string\"}}],\"inLanguage\":\"pt-BR\"},{\"@type\":\"Person\",\"@id\":\"https:\\\/\\\/blogdacondessa.com.br\\\/blog\\\/#\\\/schema\\\/person\\\/1d667ff8b785195b568677489d266035\",\"name\":\"Blog da Condessa\",\"image\":{\"@type\":\"ImageObject\",\"inLanguage\":\"pt-BR\",\"@id\":\"https:\\\/\\\/secure.gravatar.com\\\/avatar\\\/377c0eb8b4ad2bfc25461b41564b5971e721ca34a57642868fc7b0c8ac7b52c5?s=96&d=mm&r=g\",\"url\":\"https:\\\/\\\/secure.gravatar.com\\\/avatar\\\/377c0eb8b4ad2bfc25461b41564b5971e721ca34a57642868fc7b0c8ac7b52c5?s=96&d=mm&r=g\",\"contentUrl\":\"https:\\\/\\\/secure.gravatar.com\\\/avatar\\\/377c0eb8b4ad2bfc25461b41564b5971e721ca34a57642868fc7b0c8ac7b52c5?s=96&d=mm&r=g\",\"caption\":\"Blog da Condessa\"},\"url\":\"https:\\\/\\\/blogdacondessa.com.br\\\/blog\\\/author\\\/beatriz\\\/\"}]}<\/script>\n<!-- \/ Yoast SEO plugin. -->","yoast_head_json":{"title":"C\u00e2mara de Cuiab\u00e1 institui por lei \u201cFevereiro Laranja\u201d &#8902; Blog da Condessa","robots":{"index":"index","follow":"follow","max-snippet":"max-snippet:-1","max-image-preview":"max-image-preview:large","max-video-preview":"max-video-preview:-1"},"canonical":"https:\/\/blogdacondessa.com.br\/blog\/politica\/camara-de-cuiaba-institui-por-lei-fevereiro-laranja\/","og_locale":"pt_BR","og_type":"article","og_title":"C\u00e2mara de Cuiab\u00e1 institui por lei \u201cFevereiro Laranja\u201d &#8902; Blog da Condessa","og_description":"Foi sancionada a Lei n\u00ba 6.848 que institui o \u201cFevereiro Laranja\u201d campanha de conscientiza\u00e7\u00e3o sobre a leucemia, a ser realizada anualmente na primeira semana do m\u00eas de fevereiro. A proposta foi aprovada pela C\u00e2mara Municipal, sancionada pelo prefeito no dia 5 de agosto e publicada no dia 9 do mesmo m\u00eas. Conforme a justificativa do [&hellip;]","og_url":"https:\/\/blogdacondessa.com.br\/blog\/politica\/camara-de-cuiaba-institui-por-lei-fevereiro-laranja\/","og_site_name":"Blog da Condessa","article_published_time":"2022-08-14T09:00:40+00:00","og_image":[{"width":960,"height":720,"url":"https:\/\/blogdacondessa.com.br\/blog\/wp-content\/uploads\/2022\/08\/fevreiro-laranja.png","type":"image\/png"}],"author":"Blog da Condessa","twitter_card":"summary_large_image","twitter_misc":{"Escrito por":"Blog da Condessa","Est. tempo de leitura":"1 minuto"},"schema":{"@context":"https:\/\/schema.org","@graph":[{"@type":"Article","@id":"https:\/\/blogdacondessa.com.br\/blog\/politica\/camara-de-cuiaba-institui-por-lei-fevereiro-laranja\/#article","isPartOf":{"@id":"https:\/\/blogdacondessa.com.br\/blog\/politica\/camara-de-cuiaba-institui-por-lei-fevereiro-laranja\/"},"author":{"name":"Blog da Condessa","@id":"https:\/\/blogdacondessa.com.br\/blog\/#\/schema\/person\/1d667ff8b785195b568677489d266035"},"headline":"C\u00e2mara de Cuiab\u00e1 institui por lei \u201cFevereiro Laranja\u201d","datePublished":"2022-08-14T09:00:40+00:00","mainEntityOfPage":{"@id":"https:\/\/blogdacondessa.com.br\/blog\/politica\/camara-de-cuiaba-institui-por-lei-fevereiro-laranja\/"},"wordCount":205,"image":{"@id":"https:\/\/blogdacondessa.com.br\/blog\/politica\/camara-de-cuiaba-institui-por-lei-fevereiro-laranja\/#primaryimage"},"thumbnailUrl":"https:\/\/blogdacondessa.com.br\/blog\/wp-content\/uploads\/2022\/08\/fevreiro-laranja.png","articleSection":["Pol\u00edtica"],"inLanguage":"pt-BR"},{"@type":"WebPage","@id":"https:\/\/blogdacondessa.com.br\/blog\/politica\/camara-de-cuiaba-institui-por-lei-fevereiro-laranja\/","url":"https:\/\/blogdacondessa.com.br\/blog\/politica\/camara-de-cuiaba-institui-por-lei-fevereiro-laranja\/","name":"C\u00e2mara de Cuiab\u00e1 institui por lei \u201cFevereiro Laranja\u201d &#8902; Blog da Condessa","isPartOf":{"@id":"https:\/\/blogdacondessa.com.br\/blog\/#website"},"primaryImageOfPage":{"@id":"https:\/\/blogdacondessa.com.br\/blog\/politica\/camara-de-cuiaba-institui-por-lei-fevereiro-laranja\/#primaryimage"},"image":{"@id":"https:\/\/blogdacondessa.com.br\/blog\/politica\/camara-de-cuiaba-institui-por-lei-fevereiro-laranja\/#primaryimage"},"thumbnailUrl":"https:\/\/blogdacondessa.com.br\/blog\/wp-content\/uploads\/2022\/08\/fevreiro-laranja.png","datePublished":"2022-08-14T09:00:40+00:00","author":{"@id":"https:\/\/blogdacondessa.com.br\/blog\/#\/schema\/person\/1d667ff8b785195b568677489d266035"},"breadcrumb":{"@id":"https:\/\/blogdacondessa.com.br\/blog\/politica\/camara-de-cuiaba-institui-por-lei-fevereiro-laranja\/#breadcrumb"},"inLanguage":"pt-BR","potentialAction":[{"@type":"ReadAction","target":["https:\/\/blogdacondessa.com.br\/blog\/politica\/camara-de-cuiaba-institui-por-lei-fevereiro-laranja\/"]}]},{"@type":"ImageObject","inLanguage":"pt-BR","@id":"https:\/\/blogdacondessa.com.br\/blog\/politica\/camara-de-cuiaba-institui-por-lei-fevereiro-laranja\/#primaryimage","url":"https:\/\/blogdacondessa.com.br\/blog\/wp-content\/uploads\/2022\/08\/fevreiro-laranja.png","contentUrl":"https:\/\/blogdacondessa.com.br\/blog\/wp-content\/uploads\/2022\/08\/fevreiro-laranja.png","width":960,"height":720},{"@type":"BreadcrumbList","@id":"https:\/\/blogdacondessa.com.br\/blog\/politica\/camara-de-cuiaba-institui-por-lei-fevereiro-laranja\/#breadcrumb","itemListElement":[{"@type":"ListItem","position":1,"name":"In\u00edcio","item":"https:\/\/blogdacondessa.com.br\/blog\/"},{"@type":"ListItem","position":2,"name":"C\u00e2mara de Cuiab\u00e1 institui por lei \u201cFevereiro Laranja\u201d"}]},{"@type":"WebSite","@id":"https:\/\/blogdacondessa.com.br\/blog\/#website","url":"https:\/\/blogdacondessa.com.br\/blog\/","name":"Blog da Condessa","description":"Com Shirley de Souza O\u2019Campos","potentialAction":[{"@type":"SearchAction","target":{"@type":"EntryPoint","urlTemplate":"https:\/\/blogdacondessa.com.br\/blog\/?s={search_term_string}"},"query-input":{"@type":"PropertyValueSpecification","valueRequired":true,"valueName":"search_term_string"}}],"inLanguage":"pt-BR"},{"@type":"Person","@id":"https:\/\/blogdacondessa.com.br\/blog\/#\/schema\/person\/1d667ff8b785195b568677489d266035","name":"Blog da Condessa","image":{"@type":"ImageObject","inLanguage":"pt-BR","@id":"https:\/\/secure.gravatar.com\/avatar\/377c0eb8b4ad2bfc25461b41564b5971e721ca34a57642868fc7b0c8ac7b52c5?s=96&d=mm&r=g","url":"https:\/\/secure.gravatar.com\/avatar\/377c0eb8b4ad2bfc25461b41564b5971e721ca34a57642868fc7b0c8ac7b52c5?s=96&d=mm&r=g","contentUrl":"https:\/\/secure.gravatar.com\/avatar\/377c0eb8b4ad2bfc25461b41564b5971e721ca34a57642868fc7b0c8ac7b52c5?s=96&d=mm&r=g","caption":"Blog da Condessa"},"url":"https:\/\/blogdacondessa.com.br\/blog\/author\/beatriz\/"}]}},"_links":{"self":[{"href":"https:\/\/blogdacondessa.com.br\/blog\/wp-json\/wp\/v2\/posts\/4583","targetHints":{"allow":["GET"]}}],"collection":[{"href":"https:\/\/blogdacondessa.com.br\/blog\/wp-json\/wp\/v2\/posts"}],"about":[{"href":"https:\/\/blogdacondessa.com.br\/blog\/wp-json\/wp\/v2\/types\/post"}],"author":[{"embeddable":true,"href":"https:\/\/blogdacondessa.com.br\/blog\/wp-json\/wp\/v2\/users\/2"}],"replies":[{"embeddable":true,"href":"https:\/\/blogdacondessa.com.br\/blog\/wp-json\/wp\/v2\/comments?post=4583"}],"version-history":[{"count":0,"href":"https:\/\/blogdacondessa.com.br\/blog\/wp-json\/wp\/v2\/posts\/4583\/revisions"}],"wp:featuredmedia":[{"embeddable":true,"href":"https:\/\/blogdacondessa.com.br\/blog\/wp-json\/wp\/v2\/media\/4585"}],"wp:attachment":[{"href":"https:\/\/blogdacondessa.com.br\/blog\/wp-json\/wp\/v2\/media?parent=4583"}],"wp:term":[{"taxonomy":"category","embeddable":true,"href":"https:\/\/blogdacondessa.com.br\/blog\/wp-json\/wp\/v2\/categories?post=4583"},{"taxonomy":"post_tag","embeddable":true,"href":"https:\/\/blogdacondessa.com.br\/blog\/wp-json\/wp\/v2\/tags?post=4583"}],"curies":[{"name":"wp","href":"https:\/\/api.w.org\/{rel}","templated":true}]}}