{"id":4571,"date":"2022-08-10T16:34:49","date_gmt":"2022-08-10T20:34:49","guid":{"rendered":"http:\/\/blogdacondessa.com.br\/?p=4571"},"modified":"2022-08-10T16:34:49","modified_gmt":"2022-08-10T20:34:49","slug":"semana-de-conscientizacao-e-combate-ao-preconceito-contra-as-pessoas-portadoras-de-nanismo-agora-no-calendario-municipal","status":"publish","type":"post","link":"https:\/\/blogdacondessa.com.br\/blog\/politica\/semana-de-conscientizacao-e-combate-ao-preconceito-contra-as-pessoas-portadoras-de-nanismo-agora-no-calendario-municipal\/","title":{"rendered":"\u2018Semana de Conscientiza\u00e7\u00e3o e Combate ao Preconceito contra as Pessoas Portadoras de Nanismo\u2019 agora no Calend\u00e1rio Municipal"},"content":{"rendered":"<p>A\u00a0Semana Municipal de Conscientiza\u00e7\u00e3o e Combate ao Preconceito contra as Pessoas com Nanismo\u00a0agora \u00e9 lei. A lei de autoria do vereador Demilson\u00a0 Nogueira (PP), foi sancionada pelo prefeito no dia 05 de agosto e aprovada pela C\u00e2mara Municipal no dia\u00a014 de julho, a medida de n\u00b06.849\/2022 coloca a semana\u00a0no Calend\u00e1rio Municipal, a ser realizado anualmente no m\u00eas de outubro.<\/p>\n<p>O\u00a0Nanismo \u00e9 um transtorno que se caracteriza por uma defici\u00eancia no crescimento, que resulta numa pessoa com baixa estrutura se comparada com a m\u00e9dia da popula\u00e7\u00e3o de mesma idade e sexo podendo afetar mulheres e homens indistintamente que, salvo rar\u00edssimas exce\u00e7\u00f5es, mant\u00eam a capacidade intelectual preservada e podem levar vida normal e de boa qualidade.<\/p>\n<p>Em muitas situa\u00e7\u00f5es, as pessoas com nanismo s\u00e3o obrigadas a lidar com preconceito e a discrimina\u00e7\u00e3o social e a contornar dificuldades de acesso em ambientes preparados para receber pessoas mais altas.<\/p>\n<p>Normalmente, o nanismo n\u00e3o tem cura, mas o tratamento pode aliviar algumas das complica\u00e7\u00f5es ou corrigir deformidades que podem surgir com o desenvolvimento da crian\u00e7a.<\/p>\n<p>O parlamentar defende a justificativa que a medida visa combater \u201c muitas vezes\u00a0 a pessoa tem essa defici\u00eancia \u00a0precisa de ajuda para realizar tarefas simples, como utilizar o caixa eletr\u00f4nico o transporte p\u00fablico, alcan\u00e7ar os produtos nas prateleiras de supermercados, entre outras dificuldades, o nosso PL vem para divulgar informa\u00e7\u00f5es sobre o tema, cobrar das autoridades e estabelecimentos p\u00fablicos e privadas, adequa\u00e7\u00f5es, acesso a acessibilidade e sobretudo a conscientiza\u00e7\u00e3o e respeito com esses indiv\u00edduos\u201d, disse o vereador.<\/p>\n<p>A Secretaria Municipal de Educa\u00e7\u00e3o e Esporte, em parceria com a Secretaria Municipal de Sa\u00fade, promover\u00e1 a regulamenta\u00e7\u00e3o da mat\u00e9ria, e promover\u00e1 as atividades.<\/p>\n","protected":false},"excerpt":{"rendered":"<p>A\u00a0Semana Municipal de Conscientiza\u00e7\u00e3o e Combate ao Preconceito contra as Pessoas com Nanismo\u00a0agora \u00e9 lei. A lei de autoria do vereador Demilson\u00a0 Nogueira (PP), foi sancionada pelo prefeito no dia 05 de agosto e aprovada pela C\u00e2mara Municipal no dia\u00a014 de julho, a medida de n\u00b06.849\/2022 coloca a semana\u00a0no Calend\u00e1rio Municipal, a ser realizado anualmente [&hellip;]<\/p>\n","protected":false},"author":2,"featured_media":4572,"comment_status":"closed","ping_status":"closed","sticky":false,"template":"","format":"standard","meta":{"iawp_total_views":0,"footnotes":""},"categories":[10],"tags":[],"class_list":["post-4571","post","type-post","status-publish","format-standard","has-post-thumbnail","hentry","category-politica"],"yoast_head":"<!-- This site is optimized with the Yoast SEO plugin v27.3 - https:\/\/yoast.com\/product\/yoast-seo-wordpress\/ -->\n<title>\u2018Semana de Conscientiza\u00e7\u00e3o e Combate ao Preconceito contra as Pessoas Portadoras de Nanismo\u2019 agora no Calend\u00e1rio Municipal &#8902; Blog da Condessa<\/title>\n<meta name=\"robots\" content=\"index, follow, max-snippet:-1, max-image-preview:large, max-video-preview:-1\" \/>\n<link rel=\"canonical\" href=\"https:\/\/blogdacondessa.com.br\/blog\/politica\/semana-de-conscientizacao-e-combate-ao-preconceito-contra-as-pessoas-portadoras-de-nanismo-agora-no-calendario-municipal\/\" \/>\n<meta property=\"og:locale\" content=\"pt_BR\" \/>\n<meta property=\"og:type\" content=\"article\" \/>\n<meta property=\"og:title\" content=\"\u2018Semana de Conscientiza\u00e7\u00e3o e Combate ao Preconceito contra as Pessoas Portadoras de Nanismo\u2019 agora no Calend\u00e1rio Municipal &#8902; Blog da Condessa\" \/>\n<meta property=\"og:description\" content=\"A\u00a0Semana Municipal de Conscientiza\u00e7\u00e3o e Combate ao Preconceito contra as Pessoas com Nanismo\u00a0agora \u00e9 lei. A lei de autoria do vereador Demilson\u00a0 Nogueira (PP), foi sancionada pelo prefeito no dia 05 de agosto e aprovada pela C\u00e2mara Municipal no dia\u00a014 de julho, a medida de n\u00b06.849\/2022 coloca a semana\u00a0no Calend\u00e1rio Municipal, a ser realizado anualmente [&hellip;]\" \/>\n<meta property=\"og:url\" content=\"https:\/\/blogdacondessa.com.br\/blog\/politica\/semana-de-conscientizacao-e-combate-ao-preconceito-contra-as-pessoas-portadoras-de-nanismo-agora-no-calendario-municipal\/\" \/>\n<meta property=\"og:site_name\" content=\"Blog da Condessa\" \/>\n<meta property=\"article:published_time\" content=\"2022-08-10T20:34:49+00:00\" \/>\n<meta property=\"og:image\" content=\"https:\/\/blogdacondessa.com.br\/blog\/wp-content\/uploads\/2022\/08\/NABNSMO-LEI.jpg\" \/>\n\t<meta property=\"og:image:width\" content=\"600\" \/>\n\t<meta property=\"og:image:height\" content=\"450\" \/>\n\t<meta property=\"og:image:type\" content=\"image\/jpeg\" \/>\n<meta name=\"author\" content=\"Blog da Condessa\" \/>\n<meta name=\"twitter:card\" content=\"summary_large_image\" \/>\n<meta name=\"twitter:label1\" content=\"Escrito por\" \/>\n\t<meta name=\"twitter:data1\" content=\"Blog da Condessa\" \/>\n\t<meta name=\"twitter:label2\" content=\"Est. tempo de leitura\" \/>\n\t<meta name=\"twitter:data2\" content=\"2 minutos\" \/>\n<script type=\"application\/ld+json\" class=\"yoast-schema-graph\">{\"@context\":\"https:\\\/\\\/schema.org\",\"@graph\":[{\"@type\":\"Article\",\"@id\":\"https:\\\/\\\/blogdacondessa.com.br\\\/blog\\\/politica\\\/semana-de-conscientizacao-e-combate-ao-preconceito-contra-as-pessoas-portadoras-de-nanismo-agora-no-calendario-municipal\\\/#article\",\"isPartOf\":{\"@id\":\"https:\\\/\\\/blogdacondessa.com.br\\\/blog\\\/politica\\\/semana-de-conscientizacao-e-combate-ao-preconceito-contra-as-pessoas-portadoras-de-nanismo-agora-no-calendario-municipal\\\/\"},\"author\":{\"name\":\"Blog da Condessa\",\"@id\":\"https:\\\/\\\/blogdacondessa.com.br\\\/blog\\\/#\\\/schema\\\/person\\\/1d667ff8b785195b568677489d266035\"},\"headline\":\"\u2018Semana de Conscientiza\u00e7\u00e3o e Combate ao Preconceito contra as Pessoas Portadoras de Nanismo\u2019 agora no Calend\u00e1rio Municipal\",\"datePublished\":\"2022-08-10T20:34:49+00:00\",\"mainEntityOfPage\":{\"@id\":\"https:\\\/\\\/blogdacondessa.com.br\\\/blog\\\/politica\\\/semana-de-conscientizacao-e-combate-ao-preconceito-contra-as-pessoas-portadoras-de-nanismo-agora-no-calendario-municipal\\\/\"},\"wordCount\":319,\"image\":{\"@id\":\"https:\\\/\\\/blogdacondessa.com.br\\\/blog\\\/politica\\\/semana-de-conscientizacao-e-combate-ao-preconceito-contra-as-pessoas-portadoras-de-nanismo-agora-no-calendario-municipal\\\/#primaryimage\"},\"thumbnailUrl\":\"https:\\\/\\\/blogdacondessa.com.br\\\/blog\\\/wp-content\\\/uploads\\\/2022\\\/08\\\/NABNSMO-LEI.jpg\",\"articleSection\":[\"Pol\u00edtica\"],\"inLanguage\":\"pt-BR\"},{\"@type\":\"WebPage\",\"@id\":\"https:\\\/\\\/blogdacondessa.com.br\\\/blog\\\/politica\\\/semana-de-conscientizacao-e-combate-ao-preconceito-contra-as-pessoas-portadoras-de-nanismo-agora-no-calendario-municipal\\\/\",\"url\":\"https:\\\/\\\/blogdacondessa.com.br\\\/blog\\\/politica\\\/semana-de-conscientizacao-e-combate-ao-preconceito-contra-as-pessoas-portadoras-de-nanismo-agora-no-calendario-municipal\\\/\",\"name\":\"\u2018Semana de Conscientiza\u00e7\u00e3o e Combate ao Preconceito contra as Pessoas Portadoras de Nanismo\u2019 agora no Calend\u00e1rio Municipal &#8902; Blog da Condessa\",\"isPartOf\":{\"@id\":\"https:\\\/\\\/blogdacondessa.com.br\\\/blog\\\/#website\"},\"primaryImageOfPage\":{\"@id\":\"https:\\\/\\\/blogdacondessa.com.br\\\/blog\\\/politica\\\/semana-de-conscientizacao-e-combate-ao-preconceito-contra-as-pessoas-portadoras-de-nanismo-agora-no-calendario-municipal\\\/#primaryimage\"},\"image\":{\"@id\":\"https:\\\/\\\/blogdacondessa.com.br\\\/blog\\\/politica\\\/semana-de-conscientizacao-e-combate-ao-preconceito-contra-as-pessoas-portadoras-de-nanismo-agora-no-calendario-municipal\\\/#primaryimage\"},\"thumbnailUrl\":\"https:\\\/\\\/blogdacondessa.com.br\\\/blog\\\/wp-content\\\/uploads\\\/2022\\\/08\\\/NABNSMO-LEI.jpg\",\"datePublished\":\"2022-08-10T20:34:49+00:00\",\"author\":{\"@id\":\"https:\\\/\\\/blogdacondessa.com.br\\\/blog\\\/#\\\/schema\\\/person\\\/1d667ff8b785195b568677489d266035\"},\"breadcrumb\":{\"@id\":\"https:\\\/\\\/blogdacondessa.com.br\\\/blog\\\/politica\\\/semana-de-conscientizacao-e-combate-ao-preconceito-contra-as-pessoas-portadoras-de-nanismo-agora-no-calendario-municipal\\\/#breadcrumb\"},\"inLanguage\":\"pt-BR\",\"potentialAction\":[{\"@type\":\"ReadAction\",\"target\":[\"https:\\\/\\\/blogdacondessa.com.br\\\/blog\\\/politica\\\/semana-de-conscientizacao-e-combate-ao-preconceito-contra-as-pessoas-portadoras-de-nanismo-agora-no-calendario-municipal\\\/\"]}]},{\"@type\":\"ImageObject\",\"inLanguage\":\"pt-BR\",\"@id\":\"https:\\\/\\\/blogdacondessa.com.br\\\/blog\\\/politica\\\/semana-de-conscientizacao-e-combate-ao-preconceito-contra-as-pessoas-portadoras-de-nanismo-agora-no-calendario-municipal\\\/#primaryimage\",\"url\":\"https:\\\/\\\/blogdacondessa.com.br\\\/blog\\\/wp-content\\\/uploads\\\/2022\\\/08\\\/NABNSMO-LEI.jpg\",\"contentUrl\":\"https:\\\/\\\/blogdacondessa.com.br\\\/blog\\\/wp-content\\\/uploads\\\/2022\\\/08\\\/NABNSMO-LEI.jpg\",\"width\":600,\"height\":450,\"caption\":\"Foto: Secom\\\/C\u00e2mara\"},{\"@type\":\"BreadcrumbList\",\"@id\":\"https:\\\/\\\/blogdacondessa.com.br\\\/blog\\\/politica\\\/semana-de-conscientizacao-e-combate-ao-preconceito-contra-as-pessoas-portadoras-de-nanismo-agora-no-calendario-municipal\\\/#breadcrumb\",\"itemListElement\":[{\"@type\":\"ListItem\",\"position\":1,\"name\":\"In\u00edcio\",\"item\":\"https:\\\/\\\/blogdacondessa.com.br\\\/blog\\\/\"},{\"@type\":\"ListItem\",\"position\":2,\"name\":\"\u2018Semana de Conscientiza\u00e7\u00e3o e Combate ao Preconceito contra as Pessoas Portadoras de Nanismo\u2019 agora no Calend\u00e1rio Municipal\"}]},{\"@type\":\"WebSite\",\"@id\":\"https:\\\/\\\/blogdacondessa.com.br\\\/blog\\\/#website\",\"url\":\"https:\\\/\\\/blogdacondessa.com.br\\\/blog\\\/\",\"name\":\"Blog da Condessa\",\"description\":\"Com Shirley de Souza O\u2019Campos\",\"potentialAction\":[{\"@type\":\"SearchAction\",\"target\":{\"@type\":\"EntryPoint\",\"urlTemplate\":\"https:\\\/\\\/blogdacondessa.com.br\\\/blog\\\/?s={search_term_string}\"},\"query-input\":{\"@type\":\"PropertyValueSpecification\",\"valueRequired\":true,\"valueName\":\"search_term_string\"}}],\"inLanguage\":\"pt-BR\"},{\"@type\":\"Person\",\"@id\":\"https:\\\/\\\/blogdacondessa.com.br\\\/blog\\\/#\\\/schema\\\/person\\\/1d667ff8b785195b568677489d266035\",\"name\":\"Blog da Condessa\",\"image\":{\"@type\":\"ImageObject\",\"inLanguage\":\"pt-BR\",\"@id\":\"https:\\\/\\\/secure.gravatar.com\\\/avatar\\\/377c0eb8b4ad2bfc25461b41564b5971e721ca34a57642868fc7b0c8ac7b52c5?s=96&d=mm&r=g\",\"url\":\"https:\\\/\\\/secure.gravatar.com\\\/avatar\\\/377c0eb8b4ad2bfc25461b41564b5971e721ca34a57642868fc7b0c8ac7b52c5?s=96&d=mm&r=g\",\"contentUrl\":\"https:\\\/\\\/secure.gravatar.com\\\/avatar\\\/377c0eb8b4ad2bfc25461b41564b5971e721ca34a57642868fc7b0c8ac7b52c5?s=96&d=mm&r=g\",\"caption\":\"Blog da Condessa\"},\"url\":\"https:\\\/\\\/blogdacondessa.com.br\\\/blog\\\/author\\\/beatriz\\\/\"}]}<\/script>\n<!-- \/ Yoast SEO plugin. -->","yoast_head_json":{"title":"\u2018Semana de Conscientiza\u00e7\u00e3o e Combate ao Preconceito contra as Pessoas Portadoras de Nanismo\u2019 agora no Calend\u00e1rio Municipal &#8902; Blog da Condessa","robots":{"index":"index","follow":"follow","max-snippet":"max-snippet:-1","max-image-preview":"max-image-preview:large","max-video-preview":"max-video-preview:-1"},"canonical":"https:\/\/blogdacondessa.com.br\/blog\/politica\/semana-de-conscientizacao-e-combate-ao-preconceito-contra-as-pessoas-portadoras-de-nanismo-agora-no-calendario-municipal\/","og_locale":"pt_BR","og_type":"article","og_title":"\u2018Semana de Conscientiza\u00e7\u00e3o e Combate ao Preconceito contra as Pessoas Portadoras de Nanismo\u2019 agora no Calend\u00e1rio Municipal &#8902; Blog da Condessa","og_description":"A\u00a0Semana Municipal de Conscientiza\u00e7\u00e3o e Combate ao Preconceito contra as Pessoas com Nanismo\u00a0agora \u00e9 lei. A lei de autoria do vereador Demilson\u00a0 Nogueira (PP), foi sancionada pelo prefeito no dia 05 de agosto e aprovada pela C\u00e2mara Municipal no dia\u00a014 de julho, a medida de n\u00b06.849\/2022 coloca a semana\u00a0no Calend\u00e1rio Municipal, a ser realizado anualmente [&hellip;]","og_url":"https:\/\/blogdacondessa.com.br\/blog\/politica\/semana-de-conscientizacao-e-combate-ao-preconceito-contra-as-pessoas-portadoras-de-nanismo-agora-no-calendario-municipal\/","og_site_name":"Blog da Condessa","article_published_time":"2022-08-10T20:34:49+00:00","og_image":[{"width":600,"height":450,"url":"https:\/\/blogdacondessa.com.br\/blog\/wp-content\/uploads\/2022\/08\/NABNSMO-LEI.jpg","type":"image\/jpeg"}],"author":"Blog da Condessa","twitter_card":"summary_large_image","twitter_misc":{"Escrito por":"Blog da Condessa","Est. tempo de leitura":"2 minutos"},"schema":{"@context":"https:\/\/schema.org","@graph":[{"@type":"Article","@id":"https:\/\/blogdacondessa.com.br\/blog\/politica\/semana-de-conscientizacao-e-combate-ao-preconceito-contra-as-pessoas-portadoras-de-nanismo-agora-no-calendario-municipal\/#article","isPartOf":{"@id":"https:\/\/blogdacondessa.com.br\/blog\/politica\/semana-de-conscientizacao-e-combate-ao-preconceito-contra-as-pessoas-portadoras-de-nanismo-agora-no-calendario-municipal\/"},"author":{"name":"Blog da Condessa","@id":"https:\/\/blogdacondessa.com.br\/blog\/#\/schema\/person\/1d667ff8b785195b568677489d266035"},"headline":"\u2018Semana de Conscientiza\u00e7\u00e3o e Combate ao Preconceito contra as Pessoas Portadoras de Nanismo\u2019 agora no Calend\u00e1rio Municipal","datePublished":"2022-08-10T20:34:49+00:00","mainEntityOfPage":{"@id":"https:\/\/blogdacondessa.com.br\/blog\/politica\/semana-de-conscientizacao-e-combate-ao-preconceito-contra-as-pessoas-portadoras-de-nanismo-agora-no-calendario-municipal\/"},"wordCount":319,"image":{"@id":"https:\/\/blogdacondessa.com.br\/blog\/politica\/semana-de-conscientizacao-e-combate-ao-preconceito-contra-as-pessoas-portadoras-de-nanismo-agora-no-calendario-municipal\/#primaryimage"},"thumbnailUrl":"https:\/\/blogdacondessa.com.br\/blog\/wp-content\/uploads\/2022\/08\/NABNSMO-LEI.jpg","articleSection":["Pol\u00edtica"],"inLanguage":"pt-BR"},{"@type":"WebPage","@id":"https:\/\/blogdacondessa.com.br\/blog\/politica\/semana-de-conscientizacao-e-combate-ao-preconceito-contra-as-pessoas-portadoras-de-nanismo-agora-no-calendario-municipal\/","url":"https:\/\/blogdacondessa.com.br\/blog\/politica\/semana-de-conscientizacao-e-combate-ao-preconceito-contra-as-pessoas-portadoras-de-nanismo-agora-no-calendario-municipal\/","name":"\u2018Semana de Conscientiza\u00e7\u00e3o e Combate ao Preconceito contra as Pessoas Portadoras de Nanismo\u2019 agora no Calend\u00e1rio Municipal &#8902; Blog da Condessa","isPartOf":{"@id":"https:\/\/blogdacondessa.com.br\/blog\/#website"},"primaryImageOfPage":{"@id":"https:\/\/blogdacondessa.com.br\/blog\/politica\/semana-de-conscientizacao-e-combate-ao-preconceito-contra-as-pessoas-portadoras-de-nanismo-agora-no-calendario-municipal\/#primaryimage"},"image":{"@id":"https:\/\/blogdacondessa.com.br\/blog\/politica\/semana-de-conscientizacao-e-combate-ao-preconceito-contra-as-pessoas-portadoras-de-nanismo-agora-no-calendario-municipal\/#primaryimage"},"thumbnailUrl":"https:\/\/blogdacondessa.com.br\/blog\/wp-content\/uploads\/2022\/08\/NABNSMO-LEI.jpg","datePublished":"2022-08-10T20:34:49+00:00","author":{"@id":"https:\/\/blogdacondessa.com.br\/blog\/#\/schema\/person\/1d667ff8b785195b568677489d266035"},"breadcrumb":{"@id":"https:\/\/blogdacondessa.com.br\/blog\/politica\/semana-de-conscientizacao-e-combate-ao-preconceito-contra-as-pessoas-portadoras-de-nanismo-agora-no-calendario-municipal\/#breadcrumb"},"inLanguage":"pt-BR","potentialAction":[{"@type":"ReadAction","target":["https:\/\/blogdacondessa.com.br\/blog\/politica\/semana-de-conscientizacao-e-combate-ao-preconceito-contra-as-pessoas-portadoras-de-nanismo-agora-no-calendario-municipal\/"]}]},{"@type":"ImageObject","inLanguage":"pt-BR","@id":"https:\/\/blogdacondessa.com.br\/blog\/politica\/semana-de-conscientizacao-e-combate-ao-preconceito-contra-as-pessoas-portadoras-de-nanismo-agora-no-calendario-municipal\/#primaryimage","url":"https:\/\/blogdacondessa.com.br\/blog\/wp-content\/uploads\/2022\/08\/NABNSMO-LEI.jpg","contentUrl":"https:\/\/blogdacondessa.com.br\/blog\/wp-content\/uploads\/2022\/08\/NABNSMO-LEI.jpg","width":600,"height":450,"caption":"Foto: Secom\/C\u00e2mara"},{"@type":"BreadcrumbList","@id":"https:\/\/blogdacondessa.com.br\/blog\/politica\/semana-de-conscientizacao-e-combate-ao-preconceito-contra-as-pessoas-portadoras-de-nanismo-agora-no-calendario-municipal\/#breadcrumb","itemListElement":[{"@type":"ListItem","position":1,"name":"In\u00edcio","item":"https:\/\/blogdacondessa.com.br\/blog\/"},{"@type":"ListItem","position":2,"name":"\u2018Semana de Conscientiza\u00e7\u00e3o e Combate ao Preconceito contra as Pessoas Portadoras de Nanismo\u2019 agora no Calend\u00e1rio Municipal"}]},{"@type":"WebSite","@id":"https:\/\/blogdacondessa.com.br\/blog\/#website","url":"https:\/\/blogdacondessa.com.br\/blog\/","name":"Blog da Condessa","description":"Com Shirley de Souza O\u2019Campos","potentialAction":[{"@type":"SearchAction","target":{"@type":"EntryPoint","urlTemplate":"https:\/\/blogdacondessa.com.br\/blog\/?s={search_term_string}"},"query-input":{"@type":"PropertyValueSpecification","valueRequired":true,"valueName":"search_term_string"}}],"inLanguage":"pt-BR"},{"@type":"Person","@id":"https:\/\/blogdacondessa.com.br\/blog\/#\/schema\/person\/1d667ff8b785195b568677489d266035","name":"Blog da Condessa","image":{"@type":"ImageObject","inLanguage":"pt-BR","@id":"https:\/\/secure.gravatar.com\/avatar\/377c0eb8b4ad2bfc25461b41564b5971e721ca34a57642868fc7b0c8ac7b52c5?s=96&d=mm&r=g","url":"https:\/\/secure.gravatar.com\/avatar\/377c0eb8b4ad2bfc25461b41564b5971e721ca34a57642868fc7b0c8ac7b52c5?s=96&d=mm&r=g","contentUrl":"https:\/\/secure.gravatar.com\/avatar\/377c0eb8b4ad2bfc25461b41564b5971e721ca34a57642868fc7b0c8ac7b52c5?s=96&d=mm&r=g","caption":"Blog da Condessa"},"url":"https:\/\/blogdacondessa.com.br\/blog\/author\/beatriz\/"}]}},"_links":{"self":[{"href":"https:\/\/blogdacondessa.com.br\/blog\/wp-json\/wp\/v2\/posts\/4571","targetHints":{"allow":["GET"]}}],"collection":[{"href":"https:\/\/blogdacondessa.com.br\/blog\/wp-json\/wp\/v2\/posts"}],"about":[{"href":"https:\/\/blogdacondessa.com.br\/blog\/wp-json\/wp\/v2\/types\/post"}],"author":[{"embeddable":true,"href":"https:\/\/blogdacondessa.com.br\/blog\/wp-json\/wp\/v2\/users\/2"}],"replies":[{"embeddable":true,"href":"https:\/\/blogdacondessa.com.br\/blog\/wp-json\/wp\/v2\/comments?post=4571"}],"version-history":[{"count":0,"href":"https:\/\/blogdacondessa.com.br\/blog\/wp-json\/wp\/v2\/posts\/4571\/revisions"}],"wp:featuredmedia":[{"embeddable":true,"href":"https:\/\/blogdacondessa.com.br\/blog\/wp-json\/wp\/v2\/media\/4572"}],"wp:attachment":[{"href":"https:\/\/blogdacondessa.com.br\/blog\/wp-json\/wp\/v2\/media?parent=4571"}],"wp:term":[{"taxonomy":"category","embeddable":true,"href":"https:\/\/blogdacondessa.com.br\/blog\/wp-json\/wp\/v2\/categories?post=4571"},{"taxonomy":"post_tag","embeddable":true,"href":"https:\/\/blogdacondessa.com.br\/blog\/wp-json\/wp\/v2\/tags?post=4571"}],"curies":[{"name":"wp","href":"https:\/\/api.w.org\/{rel}","templated":true}]}}