{"id":4473,"date":"2022-07-30T05:00:37","date_gmt":"2022-07-30T09:00:37","guid":{"rendered":"http:\/\/blogdacondessa.com.br\/?p=4473"},"modified":"2022-07-29T15:27:55","modified_gmt":"2022-07-29T19:27:55","slug":"e-como-se-fosse-uma-coroacao-da-minha-carreira","status":"publish","type":"post","link":"https:\/\/blogdacondessa.com.br\/blog\/juridico\/e-como-se-fosse-uma-coroacao-da-minha-carreira\/","title":{"rendered":"\u201c\u00c9 como se fosse uma coroa\u00e7\u00e3o da minha carreira\u201d"},"content":{"rendered":"<p>O Pleno do Tribunal de Justi\u00e7a de Mato Grosso (TJMT) elegeu, por unanimidade, a ju\u00edza Maria Aparecida Ferreira Fago como nova desembargadora. A escolha ocorreu durante sess\u00e3o extraordin\u00e1ria realizada no \u00faltimo dia 28. Com a magistrada, o TJMT passa a contar com 10 desembargadoras que representam um ter\u00e7o dos 30 magistrados.<\/p>\n<p>Eleita, Maria Ferreira Fago afirmou receber a not\u00edcia com muita satisfa\u00e7\u00e3o e alegria. \u201c\u00c9 como se fosse uma coroa\u00e7\u00e3o da minha carreira. J\u00e1 trabalhamos muito e ainda temos muito a trabalhar na Segunda Inst\u00e2ncia. Quero fazer o melhor trabalho poss\u00edvel, as pessoas costumam falar que v\u00e3o para somar e eu prefiro dizer que quero multiplicar.\u201d<\/p>\n<p>A escolha foi por antiguidade e a desembargadora ocupar\u00e1 a vaga deixada por ocasi\u00e3o da aposentadoria do desembargador Alberto Ferreira de Souza. Al\u00e9m do crit\u00e9rio de antiguidade, o preenchimento de vagas de desembargador(a) do Tribunal de Justi\u00e7a tamb\u00e9m se d\u00e1 por merecimento, alternadamente.<\/p>\n<p>\u201cAcredito que as mulheres v\u00e3o conquistando seu espa\u00e7o e cada uma tem o seu caminho. Acho que as demais mulheres podem se sentir prestigiadas ao verem uma mulher ascendendo na carreira como a que tive\u201d, declarou Maria Aparecida Ferreira Fago.<\/p>\n<p>Ao todo cinco ju\u00edzas e ju\u00edzes, que integram a 1\u00aa quinta parte da lista de antiguidade, se inscreveram para a vaga.<\/p>\n<p><strong>Trajet\u00f3ria<\/strong><\/p>\n<p>Integrante da Academia Mato-Grossense de Magistrados desde a sua funda\u00e7\u00e3o, Maria Aparecida Ferreira Fago tem 66 anos, ingressou na magistratura h\u00e1 30 anos, em 15 de janeiro de 1992. Atualmente titular na 12\u00aa Vara Criminal de Cuiab\u00e1 e designada para o Segundo Juizado Especial C\u00edvel de Cuiab\u00e1, a magistrada j\u00e1 passou pelas comarcas de Alto Gar\u00e7as, Jaciara, Rondon\u00f3polis e Cuiab\u00e1.<\/p>\n<p>Foi coordenadora Administrativa do F\u00f3rum da Comarca de V\u00e1rzea Grande-MT, no per\u00edodo de 5 de janeiro de 1989 a 14 de maio de 1989, e diretora do Foro da Comarca de Cuiab\u00e1, nos per\u00edodos de 25 de abril de 2007 a 3 de mar\u00e7o de 2009 e de 10 de mar\u00e7o de 2010 a 28 de fevereiro 2011.<\/p>\n<p>Graduada em Letras e Direito, sua primeira aprova\u00e7\u00e3o em concurso foi para o cargo de professora de l\u00edngua portuguesa, na rede estadual de S\u00e3o Paulo, em 1980, de onde saiu em 1986. Logo em seguida foi aprovada para o cargo de ju\u00edza substituta no Judici\u00e1rio de Mato Grosso, em 1991, assumindo no ano seguinte. At\u00e9 o dia de sua posse, atuou na assessoria jur\u00eddica do desembargador Athaide Monteiro da Silva.<\/p>\n<p>&nbsp;<\/p>\n","protected":false},"excerpt":{"rendered":"<p>O Pleno do Tribunal de Justi\u00e7a de Mato Grosso (TJMT) elegeu, por unanimidade, a ju\u00edza Maria Aparecida Ferreira Fago como nova desembargadora. A escolha ocorreu durante sess\u00e3o extraordin\u00e1ria realizada no \u00faltimo dia 28. Com a magistrada, o TJMT passa a contar com 10 desembargadoras que representam um ter\u00e7o dos 30 magistrados. Eleita, Maria Ferreira Fago [&hellip;]<\/p>\n","protected":false},"author":2,"featured_media":4474,"comment_status":"closed","ping_status":"closed","sticky":false,"template":"","format":"standard","meta":{"iawp_total_views":0,"footnotes":""},"categories":[26],"tags":[],"class_list":["post-4473","post","type-post","status-publish","format-standard","has-post-thumbnail","hentry","category-juridico"],"yoast_head":"<!-- This site is optimized with the Yoast SEO plugin v27.3 - https:\/\/yoast.com\/product\/yoast-seo-wordpress\/ -->\n<title>\u201c\u00c9 como se fosse uma coroa\u00e7\u00e3o da minha carreira\u201d &#8902; Blog da Condessa<\/title>\n<meta name=\"robots\" content=\"index, follow, max-snippet:-1, max-image-preview:large, max-video-preview:-1\" \/>\n<link rel=\"canonical\" href=\"https:\/\/blogdacondessa.com.br\/blog\/juridico\/e-como-se-fosse-uma-coroacao-da-minha-carreira\/\" \/>\n<meta property=\"og:locale\" content=\"pt_BR\" \/>\n<meta property=\"og:type\" content=\"article\" \/>\n<meta property=\"og:title\" content=\"\u201c\u00c9 como se fosse uma coroa\u00e7\u00e3o da minha carreira\u201d &#8902; Blog da Condessa\" \/>\n<meta property=\"og:description\" content=\"O Pleno do Tribunal de Justi\u00e7a de Mato Grosso (TJMT) elegeu, por unanimidade, a ju\u00edza Maria Aparecida Ferreira Fago como nova desembargadora. A escolha ocorreu durante sess\u00e3o extraordin\u00e1ria realizada no \u00faltimo dia 28. Com a magistrada, o TJMT passa a contar com 10 desembargadoras que representam um ter\u00e7o dos 30 magistrados. Eleita, Maria Ferreira Fago [&hellip;]\" \/>\n<meta property=\"og:url\" content=\"https:\/\/blogdacondessa.com.br\/blog\/juridico\/e-como-se-fosse-uma-coroacao-da-minha-carreira\/\" \/>\n<meta property=\"og:site_name\" content=\"Blog da Condessa\" \/>\n<meta property=\"article:published_time\" content=\"2022-07-30T09:00:37+00:00\" \/>\n<meta property=\"og:image\" content=\"https:\/\/blogdacondessa.com.br\/blog\/wp-content\/uploads\/2022\/07\/desembargadora-maria-ferreira.jpg\" \/>\n\t<meta property=\"og:image:width\" content=\"1240\" \/>\n\t<meta property=\"og:image:height\" content=\"827\" \/>\n\t<meta property=\"og:image:type\" content=\"image\/jpeg\" \/>\n<meta name=\"author\" content=\"Blog da Condessa\" \/>\n<meta name=\"twitter:card\" content=\"summary_large_image\" \/>\n<meta name=\"twitter:label1\" content=\"Escrito por\" \/>\n\t<meta name=\"twitter:data1\" content=\"Blog da Condessa\" \/>\n\t<meta name=\"twitter:label2\" content=\"Est. tempo de leitura\" \/>\n\t<meta name=\"twitter:data2\" content=\"3 minutos\" \/>\n<script type=\"application\/ld+json\" class=\"yoast-schema-graph\">{\"@context\":\"https:\\\/\\\/schema.org\",\"@graph\":[{\"@type\":\"Article\",\"@id\":\"https:\\\/\\\/blogdacondessa.com.br\\\/blog\\\/juridico\\\/e-como-se-fosse-uma-coroacao-da-minha-carreira\\\/#article\",\"isPartOf\":{\"@id\":\"https:\\\/\\\/blogdacondessa.com.br\\\/blog\\\/juridico\\\/e-como-se-fosse-uma-coroacao-da-minha-carreira\\\/\"},\"author\":{\"name\":\"Blog da Condessa\",\"@id\":\"https:\\\/\\\/blogdacondessa.com.br\\\/blog\\\/#\\\/schema\\\/person\\\/1d667ff8b785195b568677489d266035\"},\"headline\":\"\u201c\u00c9 como se fosse uma coroa\u00e7\u00e3o da minha carreira\u201d\",\"datePublished\":\"2022-07-30T09:00:37+00:00\",\"mainEntityOfPage\":{\"@id\":\"https:\\\/\\\/blogdacondessa.com.br\\\/blog\\\/juridico\\\/e-como-se-fosse-uma-coroacao-da-minha-carreira\\\/\"},\"wordCount\":422,\"image\":{\"@id\":\"https:\\\/\\\/blogdacondessa.com.br\\\/blog\\\/juridico\\\/e-como-se-fosse-uma-coroacao-da-minha-carreira\\\/#primaryimage\"},\"thumbnailUrl\":\"https:\\\/\\\/blogdacondessa.com.br\\\/blog\\\/wp-content\\\/uploads\\\/2022\\\/07\\\/desembargadora-maria-ferreira.jpg\",\"articleSection\":[\"Jur\u00eddico\"],\"inLanguage\":\"pt-BR\"},{\"@type\":\"WebPage\",\"@id\":\"https:\\\/\\\/blogdacondessa.com.br\\\/blog\\\/juridico\\\/e-como-se-fosse-uma-coroacao-da-minha-carreira\\\/\",\"url\":\"https:\\\/\\\/blogdacondessa.com.br\\\/blog\\\/juridico\\\/e-como-se-fosse-uma-coroacao-da-minha-carreira\\\/\",\"name\":\"\u201c\u00c9 como se fosse uma coroa\u00e7\u00e3o da minha carreira\u201d &#8902; Blog da Condessa\",\"isPartOf\":{\"@id\":\"https:\\\/\\\/blogdacondessa.com.br\\\/blog\\\/#website\"},\"primaryImageOfPage\":{\"@id\":\"https:\\\/\\\/blogdacondessa.com.br\\\/blog\\\/juridico\\\/e-como-se-fosse-uma-coroacao-da-minha-carreira\\\/#primaryimage\"},\"image\":{\"@id\":\"https:\\\/\\\/blogdacondessa.com.br\\\/blog\\\/juridico\\\/e-como-se-fosse-uma-coroacao-da-minha-carreira\\\/#primaryimage\"},\"thumbnailUrl\":\"https:\\\/\\\/blogdacondessa.com.br\\\/blog\\\/wp-content\\\/uploads\\\/2022\\\/07\\\/desembargadora-maria-ferreira.jpg\",\"datePublished\":\"2022-07-30T09:00:37+00:00\",\"author\":{\"@id\":\"https:\\\/\\\/blogdacondessa.com.br\\\/blog\\\/#\\\/schema\\\/person\\\/1d667ff8b785195b568677489d266035\"},\"breadcrumb\":{\"@id\":\"https:\\\/\\\/blogdacondessa.com.br\\\/blog\\\/juridico\\\/e-como-se-fosse-uma-coroacao-da-minha-carreira\\\/#breadcrumb\"},\"inLanguage\":\"pt-BR\",\"potentialAction\":[{\"@type\":\"ReadAction\",\"target\":[\"https:\\\/\\\/blogdacondessa.com.br\\\/blog\\\/juridico\\\/e-como-se-fosse-uma-coroacao-da-minha-carreira\\\/\"]}]},{\"@type\":\"ImageObject\",\"inLanguage\":\"pt-BR\",\"@id\":\"https:\\\/\\\/blogdacondessa.com.br\\\/blog\\\/juridico\\\/e-como-se-fosse-uma-coroacao-da-minha-carreira\\\/#primaryimage\",\"url\":\"https:\\\/\\\/blogdacondessa.com.br\\\/blog\\\/wp-content\\\/uploads\\\/2022\\\/07\\\/desembargadora-maria-ferreira.jpg\",\"contentUrl\":\"https:\\\/\\\/blogdacondessa.com.br\\\/blog\\\/wp-content\\\/uploads\\\/2022\\\/07\\\/desembargadora-maria-ferreira.jpg\",\"width\":1240,\"height\":827,\"caption\":\"Foto: Alair Ribeiro\"},{\"@type\":\"BreadcrumbList\",\"@id\":\"https:\\\/\\\/blogdacondessa.com.br\\\/blog\\\/juridico\\\/e-como-se-fosse-uma-coroacao-da-minha-carreira\\\/#breadcrumb\",\"itemListElement\":[{\"@type\":\"ListItem\",\"position\":1,\"name\":\"In\u00edcio\",\"item\":\"https:\\\/\\\/blogdacondessa.com.br\\\/blog\\\/\"},{\"@type\":\"ListItem\",\"position\":2,\"name\":\"\u201c\u00c9 como se fosse uma coroa\u00e7\u00e3o da minha carreira\u201d\"}]},{\"@type\":\"WebSite\",\"@id\":\"https:\\\/\\\/blogdacondessa.com.br\\\/blog\\\/#website\",\"url\":\"https:\\\/\\\/blogdacondessa.com.br\\\/blog\\\/\",\"name\":\"Blog da Condessa\",\"description\":\"Com Shirley de Souza O\u2019Campos\",\"potentialAction\":[{\"@type\":\"SearchAction\",\"target\":{\"@type\":\"EntryPoint\",\"urlTemplate\":\"https:\\\/\\\/blogdacondessa.com.br\\\/blog\\\/?s={search_term_string}\"},\"query-input\":{\"@type\":\"PropertyValueSpecification\",\"valueRequired\":true,\"valueName\":\"search_term_string\"}}],\"inLanguage\":\"pt-BR\"},{\"@type\":\"Person\",\"@id\":\"https:\\\/\\\/blogdacondessa.com.br\\\/blog\\\/#\\\/schema\\\/person\\\/1d667ff8b785195b568677489d266035\",\"name\":\"Blog da Condessa\",\"image\":{\"@type\":\"ImageObject\",\"inLanguage\":\"pt-BR\",\"@id\":\"https:\\\/\\\/secure.gravatar.com\\\/avatar\\\/377c0eb8b4ad2bfc25461b41564b5971e721ca34a57642868fc7b0c8ac7b52c5?s=96&d=mm&r=g\",\"url\":\"https:\\\/\\\/secure.gravatar.com\\\/avatar\\\/377c0eb8b4ad2bfc25461b41564b5971e721ca34a57642868fc7b0c8ac7b52c5?s=96&d=mm&r=g\",\"contentUrl\":\"https:\\\/\\\/secure.gravatar.com\\\/avatar\\\/377c0eb8b4ad2bfc25461b41564b5971e721ca34a57642868fc7b0c8ac7b52c5?s=96&d=mm&r=g\",\"caption\":\"Blog da Condessa\"},\"url\":\"https:\\\/\\\/blogdacondessa.com.br\\\/blog\\\/author\\\/beatriz\\\/\"}]}<\/script>\n<!-- \/ Yoast SEO plugin. -->","yoast_head_json":{"title":"\u201c\u00c9 como se fosse uma coroa\u00e7\u00e3o da minha carreira\u201d &#8902; Blog da Condessa","robots":{"index":"index","follow":"follow","max-snippet":"max-snippet:-1","max-image-preview":"max-image-preview:large","max-video-preview":"max-video-preview:-1"},"canonical":"https:\/\/blogdacondessa.com.br\/blog\/juridico\/e-como-se-fosse-uma-coroacao-da-minha-carreira\/","og_locale":"pt_BR","og_type":"article","og_title":"\u201c\u00c9 como se fosse uma coroa\u00e7\u00e3o da minha carreira\u201d &#8902; Blog da Condessa","og_description":"O Pleno do Tribunal de Justi\u00e7a de Mato Grosso (TJMT) elegeu, por unanimidade, a ju\u00edza Maria Aparecida Ferreira Fago como nova desembargadora. A escolha ocorreu durante sess\u00e3o extraordin\u00e1ria realizada no \u00faltimo dia 28. Com a magistrada, o TJMT passa a contar com 10 desembargadoras que representam um ter\u00e7o dos 30 magistrados. Eleita, Maria Ferreira Fago [&hellip;]","og_url":"https:\/\/blogdacondessa.com.br\/blog\/juridico\/e-como-se-fosse-uma-coroacao-da-minha-carreira\/","og_site_name":"Blog da Condessa","article_published_time":"2022-07-30T09:00:37+00:00","og_image":[{"width":1240,"height":827,"url":"https:\/\/blogdacondessa.com.br\/blog\/wp-content\/uploads\/2022\/07\/desembargadora-maria-ferreira.jpg","type":"image\/jpeg"}],"author":"Blog da Condessa","twitter_card":"summary_large_image","twitter_misc":{"Escrito por":"Blog da Condessa","Est. tempo de leitura":"3 minutos"},"schema":{"@context":"https:\/\/schema.org","@graph":[{"@type":"Article","@id":"https:\/\/blogdacondessa.com.br\/blog\/juridico\/e-como-se-fosse-uma-coroacao-da-minha-carreira\/#article","isPartOf":{"@id":"https:\/\/blogdacondessa.com.br\/blog\/juridico\/e-como-se-fosse-uma-coroacao-da-minha-carreira\/"},"author":{"name":"Blog da Condessa","@id":"https:\/\/blogdacondessa.com.br\/blog\/#\/schema\/person\/1d667ff8b785195b568677489d266035"},"headline":"\u201c\u00c9 como se fosse uma coroa\u00e7\u00e3o da minha carreira\u201d","datePublished":"2022-07-30T09:00:37+00:00","mainEntityOfPage":{"@id":"https:\/\/blogdacondessa.com.br\/blog\/juridico\/e-como-se-fosse-uma-coroacao-da-minha-carreira\/"},"wordCount":422,"image":{"@id":"https:\/\/blogdacondessa.com.br\/blog\/juridico\/e-como-se-fosse-uma-coroacao-da-minha-carreira\/#primaryimage"},"thumbnailUrl":"https:\/\/blogdacondessa.com.br\/blog\/wp-content\/uploads\/2022\/07\/desembargadora-maria-ferreira.jpg","articleSection":["Jur\u00eddico"],"inLanguage":"pt-BR"},{"@type":"WebPage","@id":"https:\/\/blogdacondessa.com.br\/blog\/juridico\/e-como-se-fosse-uma-coroacao-da-minha-carreira\/","url":"https:\/\/blogdacondessa.com.br\/blog\/juridico\/e-como-se-fosse-uma-coroacao-da-minha-carreira\/","name":"\u201c\u00c9 como se fosse uma coroa\u00e7\u00e3o da minha carreira\u201d &#8902; Blog da Condessa","isPartOf":{"@id":"https:\/\/blogdacondessa.com.br\/blog\/#website"},"primaryImageOfPage":{"@id":"https:\/\/blogdacondessa.com.br\/blog\/juridico\/e-como-se-fosse-uma-coroacao-da-minha-carreira\/#primaryimage"},"image":{"@id":"https:\/\/blogdacondessa.com.br\/blog\/juridico\/e-como-se-fosse-uma-coroacao-da-minha-carreira\/#primaryimage"},"thumbnailUrl":"https:\/\/blogdacondessa.com.br\/blog\/wp-content\/uploads\/2022\/07\/desembargadora-maria-ferreira.jpg","datePublished":"2022-07-30T09:00:37+00:00","author":{"@id":"https:\/\/blogdacondessa.com.br\/blog\/#\/schema\/person\/1d667ff8b785195b568677489d266035"},"breadcrumb":{"@id":"https:\/\/blogdacondessa.com.br\/blog\/juridico\/e-como-se-fosse-uma-coroacao-da-minha-carreira\/#breadcrumb"},"inLanguage":"pt-BR","potentialAction":[{"@type":"ReadAction","target":["https:\/\/blogdacondessa.com.br\/blog\/juridico\/e-como-se-fosse-uma-coroacao-da-minha-carreira\/"]}]},{"@type":"ImageObject","inLanguage":"pt-BR","@id":"https:\/\/blogdacondessa.com.br\/blog\/juridico\/e-como-se-fosse-uma-coroacao-da-minha-carreira\/#primaryimage","url":"https:\/\/blogdacondessa.com.br\/blog\/wp-content\/uploads\/2022\/07\/desembargadora-maria-ferreira.jpg","contentUrl":"https:\/\/blogdacondessa.com.br\/blog\/wp-content\/uploads\/2022\/07\/desembargadora-maria-ferreira.jpg","width":1240,"height":827,"caption":"Foto: Alair Ribeiro"},{"@type":"BreadcrumbList","@id":"https:\/\/blogdacondessa.com.br\/blog\/juridico\/e-como-se-fosse-uma-coroacao-da-minha-carreira\/#breadcrumb","itemListElement":[{"@type":"ListItem","position":1,"name":"In\u00edcio","item":"https:\/\/blogdacondessa.com.br\/blog\/"},{"@type":"ListItem","position":2,"name":"\u201c\u00c9 como se fosse uma coroa\u00e7\u00e3o da minha carreira\u201d"}]},{"@type":"WebSite","@id":"https:\/\/blogdacondessa.com.br\/blog\/#website","url":"https:\/\/blogdacondessa.com.br\/blog\/","name":"Blog da Condessa","description":"Com Shirley de Souza O\u2019Campos","potentialAction":[{"@type":"SearchAction","target":{"@type":"EntryPoint","urlTemplate":"https:\/\/blogdacondessa.com.br\/blog\/?s={search_term_string}"},"query-input":{"@type":"PropertyValueSpecification","valueRequired":true,"valueName":"search_term_string"}}],"inLanguage":"pt-BR"},{"@type":"Person","@id":"https:\/\/blogdacondessa.com.br\/blog\/#\/schema\/person\/1d667ff8b785195b568677489d266035","name":"Blog da Condessa","image":{"@type":"ImageObject","inLanguage":"pt-BR","@id":"https:\/\/secure.gravatar.com\/avatar\/377c0eb8b4ad2bfc25461b41564b5971e721ca34a57642868fc7b0c8ac7b52c5?s=96&d=mm&r=g","url":"https:\/\/secure.gravatar.com\/avatar\/377c0eb8b4ad2bfc25461b41564b5971e721ca34a57642868fc7b0c8ac7b52c5?s=96&d=mm&r=g","contentUrl":"https:\/\/secure.gravatar.com\/avatar\/377c0eb8b4ad2bfc25461b41564b5971e721ca34a57642868fc7b0c8ac7b52c5?s=96&d=mm&r=g","caption":"Blog da Condessa"},"url":"https:\/\/blogdacondessa.com.br\/blog\/author\/beatriz\/"}]}},"_links":{"self":[{"href":"https:\/\/blogdacondessa.com.br\/blog\/wp-json\/wp\/v2\/posts\/4473","targetHints":{"allow":["GET"]}}],"collection":[{"href":"https:\/\/blogdacondessa.com.br\/blog\/wp-json\/wp\/v2\/posts"}],"about":[{"href":"https:\/\/blogdacondessa.com.br\/blog\/wp-json\/wp\/v2\/types\/post"}],"author":[{"embeddable":true,"href":"https:\/\/blogdacondessa.com.br\/blog\/wp-json\/wp\/v2\/users\/2"}],"replies":[{"embeddable":true,"href":"https:\/\/blogdacondessa.com.br\/blog\/wp-json\/wp\/v2\/comments?post=4473"}],"version-history":[{"count":0,"href":"https:\/\/blogdacondessa.com.br\/blog\/wp-json\/wp\/v2\/posts\/4473\/revisions"}],"wp:featuredmedia":[{"embeddable":true,"href":"https:\/\/blogdacondessa.com.br\/blog\/wp-json\/wp\/v2\/media\/4474"}],"wp:attachment":[{"href":"https:\/\/blogdacondessa.com.br\/blog\/wp-json\/wp\/v2\/media?parent=4473"}],"wp:term":[{"taxonomy":"category","embeddable":true,"href":"https:\/\/blogdacondessa.com.br\/blog\/wp-json\/wp\/v2\/categories?post=4473"},{"taxonomy":"post_tag","embeddable":true,"href":"https:\/\/blogdacondessa.com.br\/blog\/wp-json\/wp\/v2\/tags?post=4473"}],"curies":[{"name":"wp","href":"https:\/\/api.w.org\/{rel}","templated":true}]}}