{"id":4470,"date":"2022-07-30T05:00:08","date_gmt":"2022-07-30T09:00:08","guid":{"rendered":"http:\/\/blogdacondessa.com.br\/?p=4470"},"modified":"2022-07-29T15:15:26","modified_gmt":"2022-07-29T19:15:26","slug":"qualifica-mais-progredir","status":"publish","type":"post","link":"https:\/\/blogdacondessa.com.br\/blog\/economia\/qualifica-mais-progredir\/","title":{"rendered":"\u201cQualifica mais Progredir\u201d"},"content":{"rendered":"<p>As inscri\u00e7\u00f5es para a segunda turma do curso para Microempreendedor Individual (MEI) do \u201cQualifica mais Progredir\u201d foram prorrogadas at\u00e9 o dia 12 de agosto. Do total de vagas ofertadas, 240, a coordena\u00e7\u00e3o j\u00e1 computou 259 inscritos, mas o prazo foi ampliado considerando eventuais desist\u00eancias ou n\u00e3o entrega de documenta\u00e7\u00e3o para participa\u00e7\u00e3o do curso de qualifica\u00e7\u00e3o profissional.<\/p>\n<p>\u201cDecidimos prorrogar o per\u00edodo de inscri\u00e7\u00f5es j\u00e1 que muitas pessoas continuam procurando os Centros de Refer\u00eancia de Assist\u00eancia Social (CRAS) interessadso nas vagas. Deixam\u00a0 nome e contato e, ent\u00e3o, em caso de desist\u00eancia, a vaga ser\u00e1 preenchida com o segundo interessado&#8221;, disse a coordenadora do Programa no IFMT, Elo\u00edsa Azevedo.<\/p>\n<p>A iniciativa \u00e9 voltada para qualifica\u00e7\u00e3o profissional na \u00e1rea de MEI e possui como p\u00fablico alvo os benefici\u00e1rios do Aux\u00edlio Brasil e os inscritos no Cadastro \u00danico (Cad\u00danico).\u00a0A a\u00e7\u00e3o \u00e9 organizada pela Prefeitura de Cuiab\u00e1, por meio das secretarias de Governo, Assist\u00eancia Social, Direitos Humanos e da Pessoa com Defici\u00eancia, e de Agricultura, Trabalho e Desenvolvimento Econ\u00f4mico, em conjunto com o IFMT (Campus Cel. Octayde Jorge da Silva) e C\u00e2mara Municipal de Cuiab\u00e1.<\/p>\n<p>As aulas ir\u00e3o come\u00e7ar no dia 15 de agosto e ser\u00e3o ministradas na sede do Instituto Federal de Mato Grosso (IFMT, no campus Cel. Octayde Jorge da Silva). As atividades ser\u00e3o realizadas na modalidade presencial, de segunda a quinta-feira e um s\u00e1bado por etapa (seis etapas), no per\u00edodo noturno (19h \u00e0s 22h).\u00a0 O processo formativo ser\u00e1 realizado ao longo de quatro meses.<\/p>\n<p>Para quem tem interesse em participar do curso voltado para a forma\u00e7\u00e3o de novos Microempreendedores Individuais (MEI\u2019s) basta procurar uma, das quatorze unidades, dos Centros de Refer\u00eancia de Assist\u00eancia Social (CRAS), distribu\u00eddos em diferentes pontos da capital.<\/p>\n<p>No ato da inscri\u00e7\u00e3o \u00e9 necess\u00e1ria a apresenta\u00e7\u00e3o e c\u00f3pia de um comprovante de resid\u00eancia (ou declara\u00e7\u00e3o dos \u00faltimos tr\u00eas meses); c\u00f3pia da certid\u00e3o de nascimento ou casamento; o hist\u00f3rico escolar ou certificado de conclus\u00e3o do ensino fundamental; c\u00f3pia de RG e CPF; prova de quita\u00e7\u00e3o com o servi\u00e7o militar; t\u00edtulo de eleitor e cart\u00e3o no N\u00famero de Identifica\u00e7\u00e3o Social- NIS.<\/p>\n<p>O Instituto Federal de Mato Grosso (IFMT) &#8211; Campus Cel. Octayde Jorge da Silva est\u00e1 situado \u00e0 Rua Zulmira Canavarros, 95 &#8211; Centro, Cuiab\u00e1 &#8211; MT, 78005-390.<br \/>\n<strong>Veja a lista dos CRAS:<\/strong><\/p>\n<p><strong>\u00a0REGIONAL SUL<\/strong><\/p>\n<p>01 \u2013 CRAS Tijucal \u201cDr. Bento Machado Lobo\u201d<\/p>\n<p>Endere\u00e7o: Av. Espig\u00e3o, s\/n Bairro: Tijucal (ao lado da Creche Crian\u00e7a Feliz)<\/p>\n<p>Fone: (65) 3616-6720\/99206-6978<\/p>\n<p>02 \u2013 CRAS Get\u00falio Vargas \u201cDante Martins de Oliveira\u201d<\/p>\n<p>Endere\u00e7o: Rua S Esquina com Av. Principal s\/n Bairro: Get\u00falio Vargas (Antigo Centro da Juventude)<\/p>\n<p>Fone: (65) 3313-3144\/9.9313-4305<\/p>\n<p>03 \u2013 *CRAS Osmar Cabral *<\/p>\n<p>Endere\u00e7o: Rua Domingas Alves da Costa, Qd. 05, n\u00ba 99 Fone: 3621-4484 E-mail:\u00a0<a href=\"mailto:cras.jardimimperial@cuiaba.mt.gov.br\">cras.jardimimperial@cuiaba.mt.gov.br<\/a><\/p>\n<p>04 \u2013 CRAS Nova Esperan\u00e7a \u201cMarciano de Arruda\u201d<\/p>\n<p>Endere\u00e7o: Rua J s\/n Bairro: Nova Esperan\u00e7a (Pr\u00f3ximo a Escola Jesus Crian\u00e7a) Fone: (65) 3313-3107 E-mail:\u00a0<a href=\"mailto:cras.novaesperanca@cuiaba.mt.gov.br\">cras.novaesperanca@cuiaba.mt.gov.br<\/a><\/p>\n<p>05 \u2013 *CRAS Pedra 90 \u201cPastor Sebasti\u00e3o Rodrigues de Souza\u201d<\/p>\n<p>Endere\u00e7o: Av. Milton Rabelo de castro s\/n Bairro: Pedra 90*<\/p>\n<p>Fone: (65) 3617-1954\/9.9207-1762<\/p>\n<p><strong>*REGIONAL LESTE *<\/strong><\/p>\n<p>06 &#8211; CRAS Dom Aquino<\/p>\n<p>Endere\u00e7o: Rua Irm\u00e3 Elvira Paris s\/n Bairro: Dom Aquino<\/p>\n<p>Fone: (65) 3617-1233\/ 9.9209-5812<\/p>\n<p>07 \u2013 CRAS Planalto \u201cDr. Estev\u00e3o Torquato da Silva\u201d<\/p>\n<p>Endere\u00e7o: Rua Atlas s\/n Bairro: Planalto<\/p>\n<p>Fone: (65) 3619-5568\/9.9207-0145<\/p>\n<p>08 \u2013 CRAS Praeiro<\/p>\n<p>Endere\u00e7o: Rua Mato Grosso, 124 Bairro: Praeirinho.<\/p>\n<p>Fone: 3617-1606\/9.9288-0969<\/p>\n<p>09 \u2013 CRAS Pedregal<\/p>\n<p>Endere\u00e7o: Rua Mana\u00edra s\/n Bairro: Pedregal (Antigo Centro da Juventude)<\/p>\n<p>Fone: 65-3619-5567\/9.9206-6231<\/p>\n<p><strong>REGIONAL OESTE<\/strong><\/p>\n<p>10 \u2013 CRAS Jd. Ara\u00e7\u00e1 \u201cMaria Nazareth Hahn\u201d<\/p>\n<p>Endere\u00e7o: Rua J s\/n\u00ba Bairro: Jd. Ara\u00e7\u00e1<\/p>\n<p>Fone: (65) 3616-6672\/9.9207-0928<\/p>\n<p>11 \u2013 CRAS Novo Colorado \u201cAnt\u00f4nio Lat\u00edrio de Campos\u201d<\/p>\n<p>Endere\u00e7o: Rua Ant\u00f4nio Gon\u00e7alves Qd. B n\u00ba33 Bairro: Novo Colorado<\/p>\n<p>Fone: 3313-3281\/3617-1770\/99316-5838<\/p>\n<p><strong>REGIONAL NORTE<\/strong><\/p>\n<p>12 \u2013 CRAS Jd. Uni\u00e3o \u201cFrei Quirino Franz\u201d<\/p>\n<p>Endere\u00e7o: Rua 04 s\/n Bairro: Jardim Uni\u00e3o<\/p>\n<p>Fone: (65) 3663-6690\/9.9207-1487<\/p>\n<p>13 \u2013 CRAS CPA<\/p>\n<p>Endere\u00e7o: Rua 67 Qd. 09 N\u00ba 47 Bairro: CPA III Setor I<\/p>\n<p>Fone: 3646-7167\/99324-2345<\/p>\n<p>14 \u2013 *CRAS Dr. F\u00e1bio \u201cDom Bonif\u00e1cio Piccinini\u201d *<\/p>\n<p>Endere\u00e7o: Rua V\u00e1rzea Grande, 437 (atr\u00e1s do Posto de Sa\u00fade) Bairro: DR. Fabio I<\/p>\n<p>Fone: 3649-5382 \/9.9299-0856<\/p>\n","protected":false},"excerpt":{"rendered":"<p>As inscri\u00e7\u00f5es para a segunda turma do curso para Microempreendedor Individual (MEI) do \u201cQualifica mais Progredir\u201d foram prorrogadas at\u00e9 o dia 12 de agosto. Do total de vagas ofertadas, 240, a coordena\u00e7\u00e3o j\u00e1 computou 259 inscritos, mas o prazo foi ampliado considerando eventuais desist\u00eancias ou n\u00e3o entrega de documenta\u00e7\u00e3o para participa\u00e7\u00e3o do curso de qualifica\u00e7\u00e3o [&hellip;]<\/p>\n","protected":false},"author":2,"featured_media":4471,"comment_status":"closed","ping_status":"closed","sticky":false,"template":"","format":"standard","meta":{"iawp_total_views":1,"footnotes":""},"categories":[9],"tags":[],"class_list":["post-4470","post","type-post","status-publish","format-standard","has-post-thumbnail","hentry","category-economia"],"yoast_head":"<!-- This site is optimized with the Yoast SEO plugin v27.3 - https:\/\/yoast.com\/product\/yoast-seo-wordpress\/ -->\n<title>\u201cQualifica mais Progredir\u201d &#8902; Blog da Condessa<\/title>\n<meta name=\"robots\" content=\"index, follow, max-snippet:-1, max-image-preview:large, max-video-preview:-1\" \/>\n<link rel=\"canonical\" href=\"https:\/\/blogdacondessa.com.br\/blog\/economia\/qualifica-mais-progredir\/\" \/>\n<meta property=\"og:locale\" content=\"pt_BR\" \/>\n<meta property=\"og:type\" content=\"article\" \/>\n<meta property=\"og:title\" content=\"\u201cQualifica mais Progredir\u201d &#8902; Blog da Condessa\" \/>\n<meta property=\"og:description\" content=\"As inscri\u00e7\u00f5es para a segunda turma do curso para Microempreendedor Individual (MEI) do \u201cQualifica mais Progredir\u201d foram prorrogadas at\u00e9 o dia 12 de agosto. Do total de vagas ofertadas, 240, a coordena\u00e7\u00e3o j\u00e1 computou 259 inscritos, mas o prazo foi ampliado considerando eventuais desist\u00eancias ou n\u00e3o entrega de documenta\u00e7\u00e3o para participa\u00e7\u00e3o do curso de qualifica\u00e7\u00e3o [&hellip;]\" \/>\n<meta property=\"og:url\" content=\"https:\/\/blogdacondessa.com.br\/blog\/economia\/qualifica-mais-progredir\/\" \/>\n<meta property=\"og:site_name\" content=\"Blog da Condessa\" \/>\n<meta property=\"article:published_time\" content=\"2022-07-30T09:00:08+00:00\" \/>\n<meta property=\"og:image\" content=\"https:\/\/blogdacondessa.com.br\/blog\/wp-content\/uploads\/2022\/07\/qualifica-MT.jpg\" \/>\n\t<meta property=\"og:image:width\" content=\"560\" \/>\n\t<meta property=\"og:image:height\" content=\"420\" \/>\n\t<meta property=\"og:image:type\" content=\"image\/jpeg\" \/>\n<meta name=\"author\" content=\"Blog da Condessa\" \/>\n<meta name=\"twitter:card\" content=\"summary_large_image\" \/>\n<meta name=\"twitter:label1\" content=\"Escrito por\" \/>\n\t<meta name=\"twitter:data1\" content=\"Blog da Condessa\" \/>\n\t<meta name=\"twitter:label2\" content=\"Est. tempo de leitura\" \/>\n\t<meta name=\"twitter:data2\" content=\"4 minutos\" \/>\n<script type=\"application\/ld+json\" class=\"yoast-schema-graph\">{\"@context\":\"https:\\\/\\\/schema.org\",\"@graph\":[{\"@type\":\"Article\",\"@id\":\"https:\\\/\\\/blogdacondessa.com.br\\\/blog\\\/economia\\\/qualifica-mais-progredir\\\/#article\",\"isPartOf\":{\"@id\":\"https:\\\/\\\/blogdacondessa.com.br\\\/blog\\\/economia\\\/qualifica-mais-progredir\\\/\"},\"author\":{\"name\":\"Blog da Condessa\",\"@id\":\"https:\\\/\\\/blogdacondessa.com.br\\\/blog\\\/#\\\/schema\\\/person\\\/1d667ff8b785195b568677489d266035\"},\"headline\":\"\u201cQualifica mais Progredir\u201d\",\"datePublished\":\"2022-07-30T09:00:08+00:00\",\"mainEntityOfPage\":{\"@id\":\"https:\\\/\\\/blogdacondessa.com.br\\\/blog\\\/economia\\\/qualifica-mais-progredir\\\/\"},\"wordCount\":731,\"image\":{\"@id\":\"https:\\\/\\\/blogdacondessa.com.br\\\/blog\\\/economia\\\/qualifica-mais-progredir\\\/#primaryimage\"},\"thumbnailUrl\":\"https:\\\/\\\/blogdacondessa.com.br\\\/blog\\\/wp-content\\\/uploads\\\/2022\\\/07\\\/qualifica-MT.jpg\",\"articleSection\":[\"Economia\"],\"inLanguage\":\"pt-BR\"},{\"@type\":\"WebPage\",\"@id\":\"https:\\\/\\\/blogdacondessa.com.br\\\/blog\\\/economia\\\/qualifica-mais-progredir\\\/\",\"url\":\"https:\\\/\\\/blogdacondessa.com.br\\\/blog\\\/economia\\\/qualifica-mais-progredir\\\/\",\"name\":\"\u201cQualifica mais Progredir\u201d &#8902; Blog da Condessa\",\"isPartOf\":{\"@id\":\"https:\\\/\\\/blogdacondessa.com.br\\\/blog\\\/#website\"},\"primaryImageOfPage\":{\"@id\":\"https:\\\/\\\/blogdacondessa.com.br\\\/blog\\\/economia\\\/qualifica-mais-progredir\\\/#primaryimage\"},\"image\":{\"@id\":\"https:\\\/\\\/blogdacondessa.com.br\\\/blog\\\/economia\\\/qualifica-mais-progredir\\\/#primaryimage\"},\"thumbnailUrl\":\"https:\\\/\\\/blogdacondessa.com.br\\\/blog\\\/wp-content\\\/uploads\\\/2022\\\/07\\\/qualifica-MT.jpg\",\"datePublished\":\"2022-07-30T09:00:08+00:00\",\"author\":{\"@id\":\"https:\\\/\\\/blogdacondessa.com.br\\\/blog\\\/#\\\/schema\\\/person\\\/1d667ff8b785195b568677489d266035\"},\"breadcrumb\":{\"@id\":\"https:\\\/\\\/blogdacondessa.com.br\\\/blog\\\/economia\\\/qualifica-mais-progredir\\\/#breadcrumb\"},\"inLanguage\":\"pt-BR\",\"potentialAction\":[{\"@type\":\"ReadAction\",\"target\":[\"https:\\\/\\\/blogdacondessa.com.br\\\/blog\\\/economia\\\/qualifica-mais-progredir\\\/\"]}]},{\"@type\":\"ImageObject\",\"inLanguage\":\"pt-BR\",\"@id\":\"https:\\\/\\\/blogdacondessa.com.br\\\/blog\\\/economia\\\/qualifica-mais-progredir\\\/#primaryimage\",\"url\":\"https:\\\/\\\/blogdacondessa.com.br\\\/blog\\\/wp-content\\\/uploads\\\/2022\\\/07\\\/qualifica-MT.jpg\",\"contentUrl\":\"https:\\\/\\\/blogdacondessa.com.br\\\/blog\\\/wp-content\\\/uploads\\\/2022\\\/07\\\/qualifica-MT.jpg\",\"width\":560,\"height\":420},{\"@type\":\"BreadcrumbList\",\"@id\":\"https:\\\/\\\/blogdacondessa.com.br\\\/blog\\\/economia\\\/qualifica-mais-progredir\\\/#breadcrumb\",\"itemListElement\":[{\"@type\":\"ListItem\",\"position\":1,\"name\":\"In\u00edcio\",\"item\":\"https:\\\/\\\/blogdacondessa.com.br\\\/blog\\\/\"},{\"@type\":\"ListItem\",\"position\":2,\"name\":\"\u201cQualifica mais Progredir\u201d\"}]},{\"@type\":\"WebSite\",\"@id\":\"https:\\\/\\\/blogdacondessa.com.br\\\/blog\\\/#website\",\"url\":\"https:\\\/\\\/blogdacondessa.com.br\\\/blog\\\/\",\"name\":\"Blog da Condessa\",\"description\":\"Com Shirley de Souza O\u2019Campos\",\"potentialAction\":[{\"@type\":\"SearchAction\",\"target\":{\"@type\":\"EntryPoint\",\"urlTemplate\":\"https:\\\/\\\/blogdacondessa.com.br\\\/blog\\\/?s={search_term_string}\"},\"query-input\":{\"@type\":\"PropertyValueSpecification\",\"valueRequired\":true,\"valueName\":\"search_term_string\"}}],\"inLanguage\":\"pt-BR\"},{\"@type\":\"Person\",\"@id\":\"https:\\\/\\\/blogdacondessa.com.br\\\/blog\\\/#\\\/schema\\\/person\\\/1d667ff8b785195b568677489d266035\",\"name\":\"Blog da Condessa\",\"image\":{\"@type\":\"ImageObject\",\"inLanguage\":\"pt-BR\",\"@id\":\"https:\\\/\\\/secure.gravatar.com\\\/avatar\\\/377c0eb8b4ad2bfc25461b41564b5971e721ca34a57642868fc7b0c8ac7b52c5?s=96&d=mm&r=g\",\"url\":\"https:\\\/\\\/secure.gravatar.com\\\/avatar\\\/377c0eb8b4ad2bfc25461b41564b5971e721ca34a57642868fc7b0c8ac7b52c5?s=96&d=mm&r=g\",\"contentUrl\":\"https:\\\/\\\/secure.gravatar.com\\\/avatar\\\/377c0eb8b4ad2bfc25461b41564b5971e721ca34a57642868fc7b0c8ac7b52c5?s=96&d=mm&r=g\",\"caption\":\"Blog da Condessa\"},\"url\":\"https:\\\/\\\/blogdacondessa.com.br\\\/blog\\\/author\\\/beatriz\\\/\"}]}<\/script>\n<!-- \/ Yoast SEO plugin. -->","yoast_head_json":{"title":"\u201cQualifica mais Progredir\u201d &#8902; Blog da Condessa","robots":{"index":"index","follow":"follow","max-snippet":"max-snippet:-1","max-image-preview":"max-image-preview:large","max-video-preview":"max-video-preview:-1"},"canonical":"https:\/\/blogdacondessa.com.br\/blog\/economia\/qualifica-mais-progredir\/","og_locale":"pt_BR","og_type":"article","og_title":"\u201cQualifica mais Progredir\u201d &#8902; Blog da Condessa","og_description":"As inscri\u00e7\u00f5es para a segunda turma do curso para Microempreendedor Individual (MEI) do \u201cQualifica mais Progredir\u201d foram prorrogadas at\u00e9 o dia 12 de agosto. Do total de vagas ofertadas, 240, a coordena\u00e7\u00e3o j\u00e1 computou 259 inscritos, mas o prazo foi ampliado considerando eventuais desist\u00eancias ou n\u00e3o entrega de documenta\u00e7\u00e3o para participa\u00e7\u00e3o do curso de qualifica\u00e7\u00e3o [&hellip;]","og_url":"https:\/\/blogdacondessa.com.br\/blog\/economia\/qualifica-mais-progredir\/","og_site_name":"Blog da Condessa","article_published_time":"2022-07-30T09:00:08+00:00","og_image":[{"width":560,"height":420,"url":"https:\/\/blogdacondessa.com.br\/blog\/wp-content\/uploads\/2022\/07\/qualifica-MT.jpg","type":"image\/jpeg"}],"author":"Blog da Condessa","twitter_card":"summary_large_image","twitter_misc":{"Escrito por":"Blog da Condessa","Est. tempo de leitura":"4 minutos"},"schema":{"@context":"https:\/\/schema.org","@graph":[{"@type":"Article","@id":"https:\/\/blogdacondessa.com.br\/blog\/economia\/qualifica-mais-progredir\/#article","isPartOf":{"@id":"https:\/\/blogdacondessa.com.br\/blog\/economia\/qualifica-mais-progredir\/"},"author":{"name":"Blog da Condessa","@id":"https:\/\/blogdacondessa.com.br\/blog\/#\/schema\/person\/1d667ff8b785195b568677489d266035"},"headline":"\u201cQualifica mais Progredir\u201d","datePublished":"2022-07-30T09:00:08+00:00","mainEntityOfPage":{"@id":"https:\/\/blogdacondessa.com.br\/blog\/economia\/qualifica-mais-progredir\/"},"wordCount":731,"image":{"@id":"https:\/\/blogdacondessa.com.br\/blog\/economia\/qualifica-mais-progredir\/#primaryimage"},"thumbnailUrl":"https:\/\/blogdacondessa.com.br\/blog\/wp-content\/uploads\/2022\/07\/qualifica-MT.jpg","articleSection":["Economia"],"inLanguage":"pt-BR"},{"@type":"WebPage","@id":"https:\/\/blogdacondessa.com.br\/blog\/economia\/qualifica-mais-progredir\/","url":"https:\/\/blogdacondessa.com.br\/blog\/economia\/qualifica-mais-progredir\/","name":"\u201cQualifica mais Progredir\u201d &#8902; Blog da Condessa","isPartOf":{"@id":"https:\/\/blogdacondessa.com.br\/blog\/#website"},"primaryImageOfPage":{"@id":"https:\/\/blogdacondessa.com.br\/blog\/economia\/qualifica-mais-progredir\/#primaryimage"},"image":{"@id":"https:\/\/blogdacondessa.com.br\/blog\/economia\/qualifica-mais-progredir\/#primaryimage"},"thumbnailUrl":"https:\/\/blogdacondessa.com.br\/blog\/wp-content\/uploads\/2022\/07\/qualifica-MT.jpg","datePublished":"2022-07-30T09:00:08+00:00","author":{"@id":"https:\/\/blogdacondessa.com.br\/blog\/#\/schema\/person\/1d667ff8b785195b568677489d266035"},"breadcrumb":{"@id":"https:\/\/blogdacondessa.com.br\/blog\/economia\/qualifica-mais-progredir\/#breadcrumb"},"inLanguage":"pt-BR","potentialAction":[{"@type":"ReadAction","target":["https:\/\/blogdacondessa.com.br\/blog\/economia\/qualifica-mais-progredir\/"]}]},{"@type":"ImageObject","inLanguage":"pt-BR","@id":"https:\/\/blogdacondessa.com.br\/blog\/economia\/qualifica-mais-progredir\/#primaryimage","url":"https:\/\/blogdacondessa.com.br\/blog\/wp-content\/uploads\/2022\/07\/qualifica-MT.jpg","contentUrl":"https:\/\/blogdacondessa.com.br\/blog\/wp-content\/uploads\/2022\/07\/qualifica-MT.jpg","width":560,"height":420},{"@type":"BreadcrumbList","@id":"https:\/\/blogdacondessa.com.br\/blog\/economia\/qualifica-mais-progredir\/#breadcrumb","itemListElement":[{"@type":"ListItem","position":1,"name":"In\u00edcio","item":"https:\/\/blogdacondessa.com.br\/blog\/"},{"@type":"ListItem","position":2,"name":"\u201cQualifica mais Progredir\u201d"}]},{"@type":"WebSite","@id":"https:\/\/blogdacondessa.com.br\/blog\/#website","url":"https:\/\/blogdacondessa.com.br\/blog\/","name":"Blog da Condessa","description":"Com Shirley de Souza O\u2019Campos","potentialAction":[{"@type":"SearchAction","target":{"@type":"EntryPoint","urlTemplate":"https:\/\/blogdacondessa.com.br\/blog\/?s={search_term_string}"},"query-input":{"@type":"PropertyValueSpecification","valueRequired":true,"valueName":"search_term_string"}}],"inLanguage":"pt-BR"},{"@type":"Person","@id":"https:\/\/blogdacondessa.com.br\/blog\/#\/schema\/person\/1d667ff8b785195b568677489d266035","name":"Blog da Condessa","image":{"@type":"ImageObject","inLanguage":"pt-BR","@id":"https:\/\/secure.gravatar.com\/avatar\/377c0eb8b4ad2bfc25461b41564b5971e721ca34a57642868fc7b0c8ac7b52c5?s=96&d=mm&r=g","url":"https:\/\/secure.gravatar.com\/avatar\/377c0eb8b4ad2bfc25461b41564b5971e721ca34a57642868fc7b0c8ac7b52c5?s=96&d=mm&r=g","contentUrl":"https:\/\/secure.gravatar.com\/avatar\/377c0eb8b4ad2bfc25461b41564b5971e721ca34a57642868fc7b0c8ac7b52c5?s=96&d=mm&r=g","caption":"Blog da Condessa"},"url":"https:\/\/blogdacondessa.com.br\/blog\/author\/beatriz\/"}]}},"_links":{"self":[{"href":"https:\/\/blogdacondessa.com.br\/blog\/wp-json\/wp\/v2\/posts\/4470","targetHints":{"allow":["GET"]}}],"collection":[{"href":"https:\/\/blogdacondessa.com.br\/blog\/wp-json\/wp\/v2\/posts"}],"about":[{"href":"https:\/\/blogdacondessa.com.br\/blog\/wp-json\/wp\/v2\/types\/post"}],"author":[{"embeddable":true,"href":"https:\/\/blogdacondessa.com.br\/blog\/wp-json\/wp\/v2\/users\/2"}],"replies":[{"embeddable":true,"href":"https:\/\/blogdacondessa.com.br\/blog\/wp-json\/wp\/v2\/comments?post=4470"}],"version-history":[{"count":0,"href":"https:\/\/blogdacondessa.com.br\/blog\/wp-json\/wp\/v2\/posts\/4470\/revisions"}],"wp:featuredmedia":[{"embeddable":true,"href":"https:\/\/blogdacondessa.com.br\/blog\/wp-json\/wp\/v2\/media\/4471"}],"wp:attachment":[{"href":"https:\/\/blogdacondessa.com.br\/blog\/wp-json\/wp\/v2\/media?parent=4470"}],"wp:term":[{"taxonomy":"category","embeddable":true,"href":"https:\/\/blogdacondessa.com.br\/blog\/wp-json\/wp\/v2\/categories?post=4470"},{"taxonomy":"post_tag","embeddable":true,"href":"https:\/\/blogdacondessa.com.br\/blog\/wp-json\/wp\/v2\/tags?post=4470"}],"curies":[{"name":"wp","href":"https:\/\/api.w.org\/{rel}","templated":true}]}}