{"id":4467,"date":"2022-07-30T05:00:30","date_gmt":"2022-07-30T09:00:30","guid":{"rendered":"http:\/\/blogdacondessa.com.br\/?p=4467"},"modified":"2022-07-29T15:00:45","modified_gmt":"2022-07-29T19:00:45","slug":"ser-um-paradigma-para-tornar-a-gestao-publica-mato-grossense-referencia-nacional","status":"publish","type":"post","link":"https:\/\/blogdacondessa.com.br\/blog\/institucional\/ser-um-paradigma-para-tornar-a-gestao-publica-mato-grossense-referencia-nacional\/","title":{"rendered":"\u201cSer um paradigma para tornar a gest\u00e3o p\u00fablica mato-grossense refer\u00eancia nacional\u201d"},"content":{"rendered":"<p>Com lan\u00e7amento de programas voltados ao protagonismo da administra\u00e7\u00e3o p\u00fablica municipal, o presidente do Tribunal de Contas de Mato Grosso (TCE-MT), conselheiro Jos\u00e9 Carlos Novelli, consolidou, ainda no primeiro semestre de gest\u00e3o, a implementa\u00e7\u00e3o da\u00a0nova vis\u00e3o institucional\u00a0do \u00f3rg\u00e3o de controle externo: ser um paradigma para tornar a gest\u00e3o p\u00fablica mato-grossense refer\u00eancia nacional.<\/p>\n<p>\u201cN\u00f3s temos como miss\u00e3o o controle externo, mas passamos a ter a orienta\u00e7\u00e3o e a intera\u00e7\u00e3o com gestores p\u00fablicos como voca\u00e7\u00e3o.\u00a0 N\u00e3o queremos ser um Tribunal de Contas refer\u00eancia nacional, isso j\u00e1 fomos e podemos afirmar que ainda somos, afinal\u00a0obtivemos a renova\u00e7\u00e3o das certifica\u00e7\u00f5es ISO 9001 em sete produtos.\u00a0Queremos transformar a gest\u00e3o p\u00fablica mato-grossense em refer\u00eancia nacional, especialmente a municipal\u201d, declarou o presidente.<\/p>\n<p><strong>Colaboratividade\u00a0<\/strong><\/p>\n<p>Pondo em pr\u00e1tica o primeiro mote &#8211; a orienta\u00e7\u00e3o, foi lan\u00e7ado o Programa de Apoio ao Gerenciamento do Planejamento Estrat\u00e9gico dos Munic\u00edpios (GPE),\u00a0que j\u00e1 contava com mais de 50 protocolos de inten\u00e7\u00e3o de ades\u00e3o assinados pouco mais de dois meses\u00a0ap\u00f3s o lan\u00e7amento, realizado ainda nos primeiros 100 dias de gest\u00e3o. Previsto para 12 anos, o programa tem por intuito assegurar planejamento estrat\u00e9gico aos 141 munic\u00edpios de Mato Grosso.<\/p>\n<p>A partir desse planejamento, que busca desburocratizar processos, reduzir erros e dar efetividade \u00e0s pol\u00edticas de desenvolvimento econ\u00f4mico e social dos munic\u00edpios, os gestores passar\u00e3o a ter \u00e0 disposi\u00e7\u00e3o uma ferramenta com eixos e metas j\u00e1 estabelecidos.\u00a0O GPE conta com a parceria da Associa\u00e7\u00e3o Mato-grossense dos Munic\u00edpios (AMM) e da Universidade Federal de Mato Grosso (UFMT).<\/p>\n<p>Na mesma vertente, Novelli tamb\u00e9m lan\u00e7ou o\u00a0ciclo bianual de capacita\u00e7\u00e3o da gest\u00e3o p\u00fablica municipal, desenvolvido pela Escola Superior de Contas em parceria com a Associa\u00e7\u00e3o Mato-grossense dos Munic\u00edpios (AMM) e a Uni\u00e3o das C\u00e2maras Municipais de Mato Grosso (UCMMAT) e est\u00e1 implantando a plataforma permanente de capacita\u00e7\u00e3o, que busca facilitar o acesso \u00e0 qualifica\u00e7\u00e3o para aumentar a efici\u00eancia e reduzir custos na administra\u00e7\u00e3o p\u00fablica.<\/p>\n<p>A fim de fortalecer a rede educacional formada pelo \u00f3rg\u00e3o de controle externo voltada ao desenvolvimento de a\u00e7\u00f5es m\u00fatuas para capacita\u00e7\u00e3o de servidores das institui\u00e7\u00f5es e de gestores p\u00fablicos, o presidente firmou parcerias com \u00f3rg\u00e3os como o\u00a0<a href=\"https:\/\/www.tce.mt.gov.br\/noticias\/tce-mt-e-trt-mt-firmam-parceria-para-capacitacao-de-servidores-e-aprimoramento-da-gestao-publica\/54464\">Tribunal Regional do Trabalho da 23\u00aa Regi\u00e3o (TRT-MT)\u00a0<\/a>e\u00a0Secretaria de Estado de Fazenda (Sefaz). \u00a0Essa rede de interc\u00e2mbio de atividades pedag\u00f3gicas conta com acordos semelhantes junto ao Tribunal Regional Eleitoral (TRE-MT),\u00a0Tribunal de Justi\u00e7a de Mato Grosso (TJMT), Minist\u00e9rio P\u00fablico do Estado (MPMT) e Assembleia Legislativa de Mato Grosso (ALMT).<\/p>\n<p><strong>Intera\u00e7\u00e3o\u00a0<\/strong><\/p>\n<p>Com foco no outro mote vocacional da nova vis\u00e3o \u2013 a intera\u00e7\u00e3o, Novelli\u00a0<a href=\"https:\/\/www.tce.mt.gov.br\/noticias\/interage-tce-22-sera-realizado-nesta-quarta-feira-8\/54278\">lan\u00e7ou o Interage TCE 22<\/a>, encontro promovido de forma segmentada com cada conselheiro e os respectivos gestores dos munic\u00edpios por ele relatados com o intuito de reduzir a ocorr\u00eancia de irregularidades e trazer mais efici\u00eancia \u00e0 administra\u00e7\u00e3o p\u00fablica municipal.<\/p>\n<p>No primeiro semestre, foram realizados os encontros dos conselheiros<a href=\"https:\/\/www.tce.mt.gov.br\/noticias\/tce-mt-capacita-prefeitos-e-suas-equipes-para-reduzir-irregularidades-em-contas-anuais\/54200\">Waldir Julio Teis<\/a>,\u00a0<a href=\"https:\/\/www.tce.mt.gov.br\/noticias\/tce-mt-promove-evento-de-interacao-com-foco-na-eficiencia-da-administracao-publica-municipal\/54286\">Antonio Joaquim<\/a>\u00a0e\u00a0<a href=\"https:\/\/www.tce.mt.gov.br\/noticias\/gestores-de-22-municipios-lotam-auditorio-no-tce-mt-para-debater-eficiencia-na-gestao-publica\/54392\">S\u00e9rgio Ricardo.<\/a>\u00a0Na ocasi\u00e3o, representantes de nove unidades do TCE-MT, que possuem um canal direto com a administra\u00e7\u00e3o p\u00fablica municipal, tamb\u00e9m estiveram \u00e0 disposi\u00e7\u00e3o dos agentes p\u00fablicos para compartilhar informa\u00e7\u00f5es e apresentar produtos do \u00f3rg\u00e3o de controle externo que visam auxiliar na condu\u00e7\u00e3o da gest\u00e3o.<\/p>\n<p>Nestes primeiros seis meses, o Tribunal de Contas tamb\u00e9m reuniu quase 600 pessoas da regi\u00e3o Araguaia em Barra do Gar\u00e7as, para realiza\u00e7\u00e3o do\u00a0<a href=\"https:\/\/www.tce.mt.gov.br\/noticias\/tce-mt-capacita-prefeitos-e-vereadores-de-32-municipios-em-barra-do-garcas\/54443\">ent\u00e3o Conex\u00e3o TCE<\/a>, hoje denominado TCE em Movimento. Prefeitos, vereadores e servidores dos poderes executivo e legislativo de 32 cidades lotaram a capacita\u00e7\u00e3o, que englobou palestras do\u00a0<a href=\"https:\/\/www.tce.mt.gov.br\/noticias\/democracia-ativa-do-tce-mt-mobiliza-vereadores-da-regiao-araguaia\/54448\">\u201cDemocracia Ativa&#8221;<\/a>\u00a0e oficinas do projeto\u00a0<a href=\"https:\/\/www.tce.mt.gov.br\/noticias\/tce-mt-realiza-oficina-ouvidoria-para-todos-com-orientacoes-sobre-adequacao-a-lei-do-codigo-de-defesa-dos-usuarios-do-servico-publico\/54447\">&#8220;Ouvidoria Para Todos&#8221;<\/a>.<\/p>\n<p>Na oportunidade, Jos\u00e9 Carlos Novelli destacou as mudan\u00e7as no rumo da institui\u00e7\u00e3o. \u201cEstamos promovendo uma verdadeira guinada nos rumos do TCE-MT, que est\u00e1 se estabelecendo como motor da transforma\u00e7\u00e3o e da melhoria da gest\u00e3o p\u00fablica municipal de Mato Grosso. Estamos chamando voc\u00eas para uma parceria produtiva e positiva, na qual quem ganha \u00e9 a popula\u00e7\u00e3o. Nosso sucesso \u00e9 uma administra\u00e7\u00e3o bem-sucedida, capaz de prestar excelentes servi\u00e7os&#8221;, pontuou.<\/p>\n<p>O fortalecimento institucional junto aos jurisdicionados, por meio da capacita\u00e7\u00e3o dos gestores p\u00fablicos e, consequente, aprimoramento do planejamento estrat\u00e9gico dos munic\u00edpios moveram as a\u00e7\u00f5es do primeiro semestre e s\u00e3o o foco da atual gest\u00e3o.<\/p>\n<p>\u201cN\u00e3o basta investir na infraestrutura para assegurar o desenvolvimento de Mato Grosso. A garantia da continuidade e efic\u00e1cia desse investimento passa tamb\u00e9m pela melhoria da qualidade da gest\u00e3o p\u00fablica municipal. Melhorar as cidades \u00e9 melhorar a vida de todos e esse \u00e9 o principal objetivo da nossa gest\u00e3o \u00e0 frente da Corte de Contas e foco da maioria das a\u00e7\u00f5es que estamos implementando\u201d, finalizou Novelli.<\/p>\n","protected":false},"excerpt":{"rendered":"<p>Com lan\u00e7amento de programas voltados ao protagonismo da administra\u00e7\u00e3o p\u00fablica municipal, o presidente do Tribunal de Contas de Mato Grosso (TCE-MT), conselheiro Jos\u00e9 Carlos Novelli, consolidou, ainda no primeiro semestre de gest\u00e3o, a implementa\u00e7\u00e3o da\u00a0nova vis\u00e3o institucional\u00a0do \u00f3rg\u00e3o de controle externo: ser um paradigma para tornar a gest\u00e3o p\u00fablica mato-grossense refer\u00eancia nacional. \u201cN\u00f3s temos como [&hellip;]<\/p>\n","protected":false},"author":2,"featured_media":4468,"comment_status":"closed","ping_status":"closed","sticky":false,"template":"","format":"standard","meta":{"iawp_total_views":0,"footnotes":""},"categories":[13],"tags":[],"class_list":["post-4467","post","type-post","status-publish","format-standard","has-post-thumbnail","hentry","category-institucional"],"yoast_head":"<!-- This site is optimized with the Yoast SEO plugin v27.3 - https:\/\/yoast.com\/product\/yoast-seo-wordpress\/ -->\n<title>\u201cSer um paradigma para tornar a gest\u00e3o p\u00fablica mato-grossense refer\u00eancia nacional\u201d &#8902; Blog da Condessa<\/title>\n<meta name=\"robots\" content=\"index, follow, max-snippet:-1, max-image-preview:large, max-video-preview:-1\" \/>\n<link rel=\"canonical\" href=\"https:\/\/blogdacondessa.com.br\/blog\/institucional\/ser-um-paradigma-para-tornar-a-gestao-publica-mato-grossense-referencia-nacional\/\" \/>\n<meta property=\"og:locale\" content=\"pt_BR\" \/>\n<meta property=\"og:type\" content=\"article\" \/>\n<meta property=\"og:title\" content=\"\u201cSer um paradigma para tornar a gest\u00e3o p\u00fablica mato-grossense refer\u00eancia nacional\u201d &#8902; Blog da Condessa\" \/>\n<meta property=\"og:description\" content=\"Com lan\u00e7amento de programas voltados ao protagonismo da administra\u00e7\u00e3o p\u00fablica municipal, o presidente do Tribunal de Contas de Mato Grosso (TCE-MT), conselheiro Jos\u00e9 Carlos Novelli, consolidou, ainda no primeiro semestre de gest\u00e3o, a implementa\u00e7\u00e3o da\u00a0nova vis\u00e3o institucional\u00a0do \u00f3rg\u00e3o de controle externo: ser um paradigma para tornar a gest\u00e3o p\u00fablica mato-grossense refer\u00eancia nacional. \u201cN\u00f3s temos como [&hellip;]\" \/>\n<meta property=\"og:url\" content=\"https:\/\/blogdacondessa.com.br\/blog\/institucional\/ser-um-paradigma-para-tornar-a-gestao-publica-mato-grossense-referencia-nacional\/\" \/>\n<meta property=\"og:site_name\" content=\"Blog da Condessa\" \/>\n<meta property=\"article:published_time\" content=\"2022-07-30T09:00:30+00:00\" \/>\n<meta property=\"og:image\" content=\"https:\/\/blogdacondessa.com.br\/blog\/wp-content\/uploads\/2022\/07\/novelli-certa.jpg\" \/>\n\t<meta property=\"og:image:width\" content=\"365\" \/>\n\t<meta property=\"og:image:height\" content=\"243\" \/>\n\t<meta property=\"og:image:type\" content=\"image\/jpeg\" \/>\n<meta name=\"author\" content=\"Blog da Condessa\" \/>\n<meta name=\"twitter:card\" content=\"summary_large_image\" \/>\n<meta name=\"twitter:label1\" content=\"Escrito por\" \/>\n\t<meta name=\"twitter:data1\" content=\"Blog da Condessa\" \/>\n\t<meta name=\"twitter:label2\" content=\"Est. tempo de leitura\" \/>\n\t<meta name=\"twitter:data2\" content=\"5 minutos\" \/>\n<script type=\"application\/ld+json\" class=\"yoast-schema-graph\">{\"@context\":\"https:\\\/\\\/schema.org\",\"@graph\":[{\"@type\":\"Article\",\"@id\":\"https:\\\/\\\/blogdacondessa.com.br\\\/blog\\\/institucional\\\/ser-um-paradigma-para-tornar-a-gestao-publica-mato-grossense-referencia-nacional\\\/#article\",\"isPartOf\":{\"@id\":\"https:\\\/\\\/blogdacondessa.com.br\\\/blog\\\/institucional\\\/ser-um-paradigma-para-tornar-a-gestao-publica-mato-grossense-referencia-nacional\\\/\"},\"author\":{\"name\":\"Blog da Condessa\",\"@id\":\"https:\\\/\\\/blogdacondessa.com.br\\\/blog\\\/#\\\/schema\\\/person\\\/1d667ff8b785195b568677489d266035\"},\"headline\":\"\u201cSer um paradigma para tornar a gest\u00e3o p\u00fablica mato-grossense refer\u00eancia nacional\u201d\",\"datePublished\":\"2022-07-30T09:00:30+00:00\",\"mainEntityOfPage\":{\"@id\":\"https:\\\/\\\/blogdacondessa.com.br\\\/blog\\\/institucional\\\/ser-um-paradigma-para-tornar-a-gestao-publica-mato-grossense-referencia-nacional\\\/\"},\"wordCount\":851,\"image\":{\"@id\":\"https:\\\/\\\/blogdacondessa.com.br\\\/blog\\\/institucional\\\/ser-um-paradigma-para-tornar-a-gestao-publica-mato-grossense-referencia-nacional\\\/#primaryimage\"},\"thumbnailUrl\":\"https:\\\/\\\/blogdacondessa.com.br\\\/blog\\\/wp-content\\\/uploads\\\/2022\\\/07\\\/novelli-certa.jpg\",\"articleSection\":[\"Institucional\"],\"inLanguage\":\"pt-BR\"},{\"@type\":\"WebPage\",\"@id\":\"https:\\\/\\\/blogdacondessa.com.br\\\/blog\\\/institucional\\\/ser-um-paradigma-para-tornar-a-gestao-publica-mato-grossense-referencia-nacional\\\/\",\"url\":\"https:\\\/\\\/blogdacondessa.com.br\\\/blog\\\/institucional\\\/ser-um-paradigma-para-tornar-a-gestao-publica-mato-grossense-referencia-nacional\\\/\",\"name\":\"\u201cSer um paradigma para tornar a gest\u00e3o p\u00fablica mato-grossense refer\u00eancia nacional\u201d &#8902; Blog da Condessa\",\"isPartOf\":{\"@id\":\"https:\\\/\\\/blogdacondessa.com.br\\\/blog\\\/#website\"},\"primaryImageOfPage\":{\"@id\":\"https:\\\/\\\/blogdacondessa.com.br\\\/blog\\\/institucional\\\/ser-um-paradigma-para-tornar-a-gestao-publica-mato-grossense-referencia-nacional\\\/#primaryimage\"},\"image\":{\"@id\":\"https:\\\/\\\/blogdacondessa.com.br\\\/blog\\\/institucional\\\/ser-um-paradigma-para-tornar-a-gestao-publica-mato-grossense-referencia-nacional\\\/#primaryimage\"},\"thumbnailUrl\":\"https:\\\/\\\/blogdacondessa.com.br\\\/blog\\\/wp-content\\\/uploads\\\/2022\\\/07\\\/novelli-certa.jpg\",\"datePublished\":\"2022-07-30T09:00:30+00:00\",\"author\":{\"@id\":\"https:\\\/\\\/blogdacondessa.com.br\\\/blog\\\/#\\\/schema\\\/person\\\/1d667ff8b785195b568677489d266035\"},\"breadcrumb\":{\"@id\":\"https:\\\/\\\/blogdacondessa.com.br\\\/blog\\\/institucional\\\/ser-um-paradigma-para-tornar-a-gestao-publica-mato-grossense-referencia-nacional\\\/#breadcrumb\"},\"inLanguage\":\"pt-BR\",\"potentialAction\":[{\"@type\":\"ReadAction\",\"target\":[\"https:\\\/\\\/blogdacondessa.com.br\\\/blog\\\/institucional\\\/ser-um-paradigma-para-tornar-a-gestao-publica-mato-grossense-referencia-nacional\\\/\"]}]},{\"@type\":\"ImageObject\",\"inLanguage\":\"pt-BR\",\"@id\":\"https:\\\/\\\/blogdacondessa.com.br\\\/blog\\\/institucional\\\/ser-um-paradigma-para-tornar-a-gestao-publica-mato-grossense-referencia-nacional\\\/#primaryimage\",\"url\":\"https:\\\/\\\/blogdacondessa.com.br\\\/blog\\\/wp-content\\\/uploads\\\/2022\\\/07\\\/novelli-certa.jpg\",\"contentUrl\":\"https:\\\/\\\/blogdacondessa.com.br\\\/blog\\\/wp-content\\\/uploads\\\/2022\\\/07\\\/novelli-certa.jpg\",\"width\":365,\"height\":243,\"caption\":\"Foto: Foto: Tony Ribeiro\\\/TCE-MT\"},{\"@type\":\"BreadcrumbList\",\"@id\":\"https:\\\/\\\/blogdacondessa.com.br\\\/blog\\\/institucional\\\/ser-um-paradigma-para-tornar-a-gestao-publica-mato-grossense-referencia-nacional\\\/#breadcrumb\",\"itemListElement\":[{\"@type\":\"ListItem\",\"position\":1,\"name\":\"In\u00edcio\",\"item\":\"https:\\\/\\\/blogdacondessa.com.br\\\/blog\\\/\"},{\"@type\":\"ListItem\",\"position\":2,\"name\":\"\u201cSer um paradigma para tornar a gest\u00e3o p\u00fablica mato-grossense refer\u00eancia nacional\u201d\"}]},{\"@type\":\"WebSite\",\"@id\":\"https:\\\/\\\/blogdacondessa.com.br\\\/blog\\\/#website\",\"url\":\"https:\\\/\\\/blogdacondessa.com.br\\\/blog\\\/\",\"name\":\"Blog da Condessa\",\"description\":\"Com Shirley de Souza O\u2019Campos\",\"potentialAction\":[{\"@type\":\"SearchAction\",\"target\":{\"@type\":\"EntryPoint\",\"urlTemplate\":\"https:\\\/\\\/blogdacondessa.com.br\\\/blog\\\/?s={search_term_string}\"},\"query-input\":{\"@type\":\"PropertyValueSpecification\",\"valueRequired\":true,\"valueName\":\"search_term_string\"}}],\"inLanguage\":\"pt-BR\"},{\"@type\":\"Person\",\"@id\":\"https:\\\/\\\/blogdacondessa.com.br\\\/blog\\\/#\\\/schema\\\/person\\\/1d667ff8b785195b568677489d266035\",\"name\":\"Blog da Condessa\",\"image\":{\"@type\":\"ImageObject\",\"inLanguage\":\"pt-BR\",\"@id\":\"https:\\\/\\\/secure.gravatar.com\\\/avatar\\\/377c0eb8b4ad2bfc25461b41564b5971e721ca34a57642868fc7b0c8ac7b52c5?s=96&d=mm&r=g\",\"url\":\"https:\\\/\\\/secure.gravatar.com\\\/avatar\\\/377c0eb8b4ad2bfc25461b41564b5971e721ca34a57642868fc7b0c8ac7b52c5?s=96&d=mm&r=g\",\"contentUrl\":\"https:\\\/\\\/secure.gravatar.com\\\/avatar\\\/377c0eb8b4ad2bfc25461b41564b5971e721ca34a57642868fc7b0c8ac7b52c5?s=96&d=mm&r=g\",\"caption\":\"Blog da Condessa\"},\"url\":\"https:\\\/\\\/blogdacondessa.com.br\\\/blog\\\/author\\\/beatriz\\\/\"}]}<\/script>\n<!-- \/ Yoast SEO plugin. -->","yoast_head_json":{"title":"\u201cSer um paradigma para tornar a gest\u00e3o p\u00fablica mato-grossense refer\u00eancia nacional\u201d &#8902; Blog da Condessa","robots":{"index":"index","follow":"follow","max-snippet":"max-snippet:-1","max-image-preview":"max-image-preview:large","max-video-preview":"max-video-preview:-1"},"canonical":"https:\/\/blogdacondessa.com.br\/blog\/institucional\/ser-um-paradigma-para-tornar-a-gestao-publica-mato-grossense-referencia-nacional\/","og_locale":"pt_BR","og_type":"article","og_title":"\u201cSer um paradigma para tornar a gest\u00e3o p\u00fablica mato-grossense refer\u00eancia nacional\u201d &#8902; Blog da Condessa","og_description":"Com lan\u00e7amento de programas voltados ao protagonismo da administra\u00e7\u00e3o p\u00fablica municipal, o presidente do Tribunal de Contas de Mato Grosso (TCE-MT), conselheiro Jos\u00e9 Carlos Novelli, consolidou, ainda no primeiro semestre de gest\u00e3o, a implementa\u00e7\u00e3o da\u00a0nova vis\u00e3o institucional\u00a0do \u00f3rg\u00e3o de controle externo: ser um paradigma para tornar a gest\u00e3o p\u00fablica mato-grossense refer\u00eancia nacional. \u201cN\u00f3s temos como [&hellip;]","og_url":"https:\/\/blogdacondessa.com.br\/blog\/institucional\/ser-um-paradigma-para-tornar-a-gestao-publica-mato-grossense-referencia-nacional\/","og_site_name":"Blog da Condessa","article_published_time":"2022-07-30T09:00:30+00:00","og_image":[{"width":365,"height":243,"url":"https:\/\/blogdacondessa.com.br\/blog\/wp-content\/uploads\/2022\/07\/novelli-certa.jpg","type":"image\/jpeg"}],"author":"Blog da Condessa","twitter_card":"summary_large_image","twitter_misc":{"Escrito por":"Blog da Condessa","Est. tempo de leitura":"5 minutos"},"schema":{"@context":"https:\/\/schema.org","@graph":[{"@type":"Article","@id":"https:\/\/blogdacondessa.com.br\/blog\/institucional\/ser-um-paradigma-para-tornar-a-gestao-publica-mato-grossense-referencia-nacional\/#article","isPartOf":{"@id":"https:\/\/blogdacondessa.com.br\/blog\/institucional\/ser-um-paradigma-para-tornar-a-gestao-publica-mato-grossense-referencia-nacional\/"},"author":{"name":"Blog da Condessa","@id":"https:\/\/blogdacondessa.com.br\/blog\/#\/schema\/person\/1d667ff8b785195b568677489d266035"},"headline":"\u201cSer um paradigma para tornar a gest\u00e3o p\u00fablica mato-grossense refer\u00eancia nacional\u201d","datePublished":"2022-07-30T09:00:30+00:00","mainEntityOfPage":{"@id":"https:\/\/blogdacondessa.com.br\/blog\/institucional\/ser-um-paradigma-para-tornar-a-gestao-publica-mato-grossense-referencia-nacional\/"},"wordCount":851,"image":{"@id":"https:\/\/blogdacondessa.com.br\/blog\/institucional\/ser-um-paradigma-para-tornar-a-gestao-publica-mato-grossense-referencia-nacional\/#primaryimage"},"thumbnailUrl":"https:\/\/blogdacondessa.com.br\/blog\/wp-content\/uploads\/2022\/07\/novelli-certa.jpg","articleSection":["Institucional"],"inLanguage":"pt-BR"},{"@type":"WebPage","@id":"https:\/\/blogdacondessa.com.br\/blog\/institucional\/ser-um-paradigma-para-tornar-a-gestao-publica-mato-grossense-referencia-nacional\/","url":"https:\/\/blogdacondessa.com.br\/blog\/institucional\/ser-um-paradigma-para-tornar-a-gestao-publica-mato-grossense-referencia-nacional\/","name":"\u201cSer um paradigma para tornar a gest\u00e3o p\u00fablica mato-grossense refer\u00eancia nacional\u201d &#8902; Blog da Condessa","isPartOf":{"@id":"https:\/\/blogdacondessa.com.br\/blog\/#website"},"primaryImageOfPage":{"@id":"https:\/\/blogdacondessa.com.br\/blog\/institucional\/ser-um-paradigma-para-tornar-a-gestao-publica-mato-grossense-referencia-nacional\/#primaryimage"},"image":{"@id":"https:\/\/blogdacondessa.com.br\/blog\/institucional\/ser-um-paradigma-para-tornar-a-gestao-publica-mato-grossense-referencia-nacional\/#primaryimage"},"thumbnailUrl":"https:\/\/blogdacondessa.com.br\/blog\/wp-content\/uploads\/2022\/07\/novelli-certa.jpg","datePublished":"2022-07-30T09:00:30+00:00","author":{"@id":"https:\/\/blogdacondessa.com.br\/blog\/#\/schema\/person\/1d667ff8b785195b568677489d266035"},"breadcrumb":{"@id":"https:\/\/blogdacondessa.com.br\/blog\/institucional\/ser-um-paradigma-para-tornar-a-gestao-publica-mato-grossense-referencia-nacional\/#breadcrumb"},"inLanguage":"pt-BR","potentialAction":[{"@type":"ReadAction","target":["https:\/\/blogdacondessa.com.br\/blog\/institucional\/ser-um-paradigma-para-tornar-a-gestao-publica-mato-grossense-referencia-nacional\/"]}]},{"@type":"ImageObject","inLanguage":"pt-BR","@id":"https:\/\/blogdacondessa.com.br\/blog\/institucional\/ser-um-paradigma-para-tornar-a-gestao-publica-mato-grossense-referencia-nacional\/#primaryimage","url":"https:\/\/blogdacondessa.com.br\/blog\/wp-content\/uploads\/2022\/07\/novelli-certa.jpg","contentUrl":"https:\/\/blogdacondessa.com.br\/blog\/wp-content\/uploads\/2022\/07\/novelli-certa.jpg","width":365,"height":243,"caption":"Foto: Foto: Tony Ribeiro\/TCE-MT"},{"@type":"BreadcrumbList","@id":"https:\/\/blogdacondessa.com.br\/blog\/institucional\/ser-um-paradigma-para-tornar-a-gestao-publica-mato-grossense-referencia-nacional\/#breadcrumb","itemListElement":[{"@type":"ListItem","position":1,"name":"In\u00edcio","item":"https:\/\/blogdacondessa.com.br\/blog\/"},{"@type":"ListItem","position":2,"name":"\u201cSer um paradigma para tornar a gest\u00e3o p\u00fablica mato-grossense refer\u00eancia nacional\u201d"}]},{"@type":"WebSite","@id":"https:\/\/blogdacondessa.com.br\/blog\/#website","url":"https:\/\/blogdacondessa.com.br\/blog\/","name":"Blog da Condessa","description":"Com Shirley de Souza O\u2019Campos","potentialAction":[{"@type":"SearchAction","target":{"@type":"EntryPoint","urlTemplate":"https:\/\/blogdacondessa.com.br\/blog\/?s={search_term_string}"},"query-input":{"@type":"PropertyValueSpecification","valueRequired":true,"valueName":"search_term_string"}}],"inLanguage":"pt-BR"},{"@type":"Person","@id":"https:\/\/blogdacondessa.com.br\/blog\/#\/schema\/person\/1d667ff8b785195b568677489d266035","name":"Blog da Condessa","image":{"@type":"ImageObject","inLanguage":"pt-BR","@id":"https:\/\/secure.gravatar.com\/avatar\/377c0eb8b4ad2bfc25461b41564b5971e721ca34a57642868fc7b0c8ac7b52c5?s=96&d=mm&r=g","url":"https:\/\/secure.gravatar.com\/avatar\/377c0eb8b4ad2bfc25461b41564b5971e721ca34a57642868fc7b0c8ac7b52c5?s=96&d=mm&r=g","contentUrl":"https:\/\/secure.gravatar.com\/avatar\/377c0eb8b4ad2bfc25461b41564b5971e721ca34a57642868fc7b0c8ac7b52c5?s=96&d=mm&r=g","caption":"Blog da Condessa"},"url":"https:\/\/blogdacondessa.com.br\/blog\/author\/beatriz\/"}]}},"_links":{"self":[{"href":"https:\/\/blogdacondessa.com.br\/blog\/wp-json\/wp\/v2\/posts\/4467","targetHints":{"allow":["GET"]}}],"collection":[{"href":"https:\/\/blogdacondessa.com.br\/blog\/wp-json\/wp\/v2\/posts"}],"about":[{"href":"https:\/\/blogdacondessa.com.br\/blog\/wp-json\/wp\/v2\/types\/post"}],"author":[{"embeddable":true,"href":"https:\/\/blogdacondessa.com.br\/blog\/wp-json\/wp\/v2\/users\/2"}],"replies":[{"embeddable":true,"href":"https:\/\/blogdacondessa.com.br\/blog\/wp-json\/wp\/v2\/comments?post=4467"}],"version-history":[{"count":0,"href":"https:\/\/blogdacondessa.com.br\/blog\/wp-json\/wp\/v2\/posts\/4467\/revisions"}],"wp:featuredmedia":[{"embeddable":true,"href":"https:\/\/blogdacondessa.com.br\/blog\/wp-json\/wp\/v2\/media\/4468"}],"wp:attachment":[{"href":"https:\/\/blogdacondessa.com.br\/blog\/wp-json\/wp\/v2\/media?parent=4467"}],"wp:term":[{"taxonomy":"category","embeddable":true,"href":"https:\/\/blogdacondessa.com.br\/blog\/wp-json\/wp\/v2\/categories?post=4467"},{"taxonomy":"post_tag","embeddable":true,"href":"https:\/\/blogdacondessa.com.br\/blog\/wp-json\/wp\/v2\/tags?post=4467"}],"curies":[{"name":"wp","href":"https:\/\/api.w.org\/{rel}","templated":true}]}}