{"id":4235,"date":"2022-07-03T05:00:33","date_gmt":"2022-07-03T09:00:33","guid":{"rendered":"http:\/\/blogdacondessa.com.br\/?p=4235"},"modified":"2022-07-02T17:08:23","modified_gmt":"2022-07-02T21:08:23","slug":"poder-judiciario-inaugura-novo-forum-de-varzea-grande","status":"publish","type":"post","link":"https:\/\/blogdacondessa.com.br\/blog\/juridico\/poder-judiciario-inaugura-novo-forum-de-varzea-grande\/","title":{"rendered":"Poder Judici\u00e1rio inaugura novo F\u00f3rum de V\u00e1rzea Grande"},"content":{"rendered":"<p>O Poder Judici\u00e1rio de Mato Grosso inaugurou o novo F\u00f3rum de V\u00e1rzea Grande na tarde do \u00faltimo dia 1\u00ba. A estrutura substitui o antigo f\u00f3rum que, durante 38 anos abrigou a sede da Comarca de V\u00e1rzea Grande, e traz a marca da acessibilidade, sustentabilidade e modernidade. O novo espa\u00e7o oferece comodidade e seguran\u00e7a a magistrados (as), servidores (as), colaboradores (as), \u00e0 popula\u00e7\u00e3o e concretiza mais um compromisso com a Prioriza\u00e7\u00e3o do Primeiro Grau de Jurisdi\u00e7\u00e3o e demonstra a amplia\u00e7\u00e3o do acesso \u00e0 Justi\u00e7a, uma das prioridades da Administra\u00e7\u00e3o da Justi\u00e7a estadual.<\/p>\n<p>No in\u00edcio da cerim\u00f4nia, o juiz diretor do F\u00f3rum, Luis Ot\u00e1vio Pereira Marques, entregou homenagem a magistrados presentes e que contribu\u00edram para a efetiva\u00e7\u00e3o da obra. Foram agraciados ex-presidentes do TJMT: desembargadores Rubens de Oliveira Santos Filho, Paulo da Cunha e Rui Ramos Ribeiro e os ju\u00edzes que foram diretores do f\u00f3rum: Jones Gattass Dias, Ot\u00e1vio Peixoto e Eduardo Calmon de Almeida Cezar.<\/p>\n<p>A presidente do Tribunal de Justi\u00e7a de Mato Grosso, desembargadora Maria Helena P\u00f3voas falou da satisfa\u00e7\u00e3o de entregar esta obra, mas ressaltou que n\u00e3o \u00e9 a \u00fanica respons\u00e1vel pelo feito. Ela se referiu aos desembargadores que a antecederam na Presid\u00eancia. \u201cTivemos v\u00e1rias m\u00e3os nessa obra marcada pela acessibilidade e sustentabilidade. Esse \u00e9 um momento \u00edmpar para V\u00e1rzea Grande e \u00e9 muito prazeroso estar aqui. Aquele pr\u00e9dio que sonh\u00e1vamos se materializou, com mais conforto e condi\u00e7\u00f5es para todos estarem aqui desempenhando seu trabalho. Agrade\u00e7o tamb\u00e9m a todos os servidores do Judici\u00e1rio que n\u00e3o meditam esfor\u00e7os para a concretiza\u00e7\u00e3o desse aparato que hoje \u00e9 realidade\u201d, disse.<\/p>\n<p>A magistrada ressaltou que esta \u00e9 mais uma a\u00e7\u00e3o voltada \u00e0s necessidades do Primeiro Grau de Jurisdi\u00e7\u00e3o. \u201cEssa obra faz parte da pol\u00edtica desta gest\u00e3o, de valorizar o Primeiro Grau de Jurisdi\u00e7\u00e3o, t\u00e3o importante para os cidad\u00e3os e cidad\u00e3s de V\u00e1rzea Grande e \u00e9 a porta de entrada para o Poder Judici\u00e1rio local\u201d, afirmou.<\/p>\n<p>&nbsp;<\/p>\n<p>Presente na solenidade, o governador do Estado, Mauro Mendes, destacou o papel do Judici\u00e1rio mato-grossense no desenvolvimento dos servi\u00e7os prestados \u00e0 popula\u00e7\u00e3o, a exemplo do novo f\u00f3rum inaugurado. \u201cParab\u00e9ns ao Tribunal de Justi\u00e7a e \u00e0queles que estar\u00e3o neste f\u00f3rum prestando esse importante servi\u00e7o para a popula\u00e7\u00e3o. Quando se investe em uma obra adequada como essa criamos condi\u00e7\u00f5es para desenvolver melhor o trabalho. Parabenizo tamb\u00e9m aqueles que idealizaram esse novo f\u00f3rum e hoje temos essa bel\u00edssima obra.\u201d<\/p>\n<p>O prefeito de V\u00e1rzea Grande, Kalil Baracat, mencionou algumas das caracter\u00edsticas da nova edifica\u00e7\u00e3o: moderna, ampla e confort\u00e1vel e reafirmou a import\u00e2ncia da nova estrutura para a localidade. \u201cA vinda do f\u00f3rum confirma o potencial de crescimento e desenvolvimento da regi\u00e3o do Chap\u00e9u do Sol. V\u00e1rzea Grande cresceu e com ela as demandas trazidas ao Judici\u00e1rio. Obrigada ao Poder Judici\u00e1rio pelos avan\u00e7os que trouxe e agradecemos os esfor\u00e7os de todos que se empenharam para construir uma obra t\u00e3o importante\u201d, refor\u00e7ou.<\/p>\n<p>A presidente da Ordem dos Advogados do Brasil seccional Mato Grosso (OAB-MT), Gisela Cardoso falou da satisfa\u00e7\u00e3o de participar desse momento t\u00e3o significativo. \u201c\u00c9 uma grande alegria estar presente aqui. Um im\u00f3vel t\u00e3o importante que ser\u00e1 de grande benef\u00edcio de toda sociedade e quem far\u00e1 a diferen\u00e7a na vida s\u00e3o aqueles que trabalhar\u00e3o aqui para entregar a presta\u00e7\u00e3o jurisdicional \u00e0 popula\u00e7\u00e3o.\u201d<\/p>\n<p>O Procurador de Justi\u00e7a Milton Matos da Silveira Neto j\u00e1 foi estagi\u00e1rio no F\u00f3rum de V\u00e1rzea Grande e hoje estava na cerim\u00f4nia de inaugura\u00e7\u00e3o representando o procurador-geral de Justi\u00e7a, Jos\u00e9 Antonio Borges, o que para ele, foi motivo de honra. \u201cEstar aqui hoje participando da inaugura\u00e7\u00e3o \u00e9 motivo de satisfa\u00e7\u00e3o. Uma obra para que os servidores se sintam acolhidos. O antigo pr\u00e9dio estava defasado e pequeno para o p\u00fablico e hoje se entrega esta casa maravilhosa. O Minist\u00e9rio P\u00fablico est\u00e1 \u00e0 disposi\u00e7\u00e3o sempre para caminharmos juntos. O cidad\u00e3o estar\u00e1 bem acolhido nessa nova casa\u201d, comentou.<\/p>\n<p>O juiz diretor do F\u00f3rum, Luis Ot\u00e1vio Pereira Marques falou da representatividade da nova estrutura para o munic\u00edpio, para os que ali trabalham e agradeceu aos magistrados por esta entrega.<\/p>\n<p>\u201cEstamos diante de uma realidade de suma import\u00e2ncia para nosso querido munic\u00edpio de V\u00e1rzea Grande. A inaugura\u00e7\u00e3o da nova sede da comarca \u00e9 resultado de sensibilidade, dedica\u00e7\u00e3o, compreens\u00e3o e decis\u00e3o, por for\u00e7a de uma nobre consci\u00eancia beneficiando toda a popula\u00e7\u00e3o v\u00e1rzea-grandense, representando um significativo avan\u00e7o na efetividade da presta\u00e7\u00e3o jurisdicional. O Tribunal de Justi\u00e7a de Mato Grosso n\u00e3o mediu esfor\u00e7os para concretiza\u00e7\u00e3o desta obra visando proporcionar a melhor qualidade no ambiente de trabalho a todos servidores, colaboradores e magistrados e por consequ\u00eancia contribuindo na melhoria do atendimento ao jurisdicionado e auxiliares da Justi\u00e7a\u201d, falou.<\/p>\n<p>Ap\u00f3s as falas do dispositivo houve o descerramento da placa do f\u00f3rum e da galeria de diretores do foro da comarca de V\u00e1rzea Grande.\u00a0O F\u00f3rum leva o mesmo nome da antiga sede, Desembargador Cesarino Delfino C\u00e9sar.<\/p>\n<p><strong>\u00a0Estrutura\u00a0&#8211;<\/strong> A unidade judici\u00e1ria de V\u00e1rzea Grande come\u00e7ou funcionar com duas varas (C\u00edvel e Criminal). Hoje s\u00e3o 18 varas na Comarca, sendo quatro varas C\u00edveis, cinco varas Criminais, tr\u00eas varas de Fam\u00edlia, tr\u00eas varas de Fazenda P\u00fablica, Uma Vara Banc\u00e1ria, uma Vara da Inf\u00e2ncia e Juventude e uma vara de Viol\u00eancia Dom\u00e9stica e Familiar Contra a Mulher.<\/p>\n<p>Atualmente a Comarca conta com 20 ju\u00edzes e ju\u00edzas, sendo 18 deles atuando nas varas e tr\u00eas nos juizados especiais, al\u00e9m de 242 servidores e servidoras.<\/p>\n<p>Cerca de 70 mil processos tramitam na Comarca de V\u00e1rzea Grande, demandas judiciais da popula\u00e7\u00e3o de aproximadamente 300 mil habitantes.<\/p>\n<p>S\u00e3o tr\u00eas pavimentos (subsolo, t\u00e9rreo e piso superior) com rampas, elevadores, sistema de reutiliza\u00e7\u00e3o de \u00e1gua e sistema de tratamento de esgoto pr\u00f3prio em aten\u00e7\u00e3o \u00e0 acessibilidade e sustentabilidade, em atendimento \u00e0s determina\u00e7\u00f5es do Conselho Nacional de Justi\u00e7a (CNJ).<\/p>\n<p>Para a concretiza\u00e7\u00e3o desta obra, os esfor\u00e7os perpassaram ao longo de v\u00e1rias gest\u00f5es do Poder Judici\u00e1rio de Mato Grosso.<\/p>\n","protected":false},"excerpt":{"rendered":"<p>O Poder Judici\u00e1rio de Mato Grosso inaugurou o novo F\u00f3rum de V\u00e1rzea Grande na tarde do \u00faltimo dia 1\u00ba. A estrutura substitui o antigo f\u00f3rum que, durante 38 anos abrigou a sede da Comarca de V\u00e1rzea Grande, e traz a marca da acessibilidade, sustentabilidade e modernidade. O novo espa\u00e7o oferece comodidade e seguran\u00e7a a magistrados [&hellip;]<\/p>\n","protected":false},"author":2,"featured_media":4236,"comment_status":"closed","ping_status":"closed","sticky":false,"template":"","format":"standard","meta":{"iawp_total_views":1,"footnotes":""},"categories":[26],"tags":[],"class_list":["post-4235","post","type-post","status-publish","format-standard","has-post-thumbnail","hentry","category-juridico"],"yoast_head":"<!-- This site is optimized with the Yoast SEO plugin v27.3 - https:\/\/yoast.com\/product\/yoast-seo-wordpress\/ -->\n<title>Poder Judici\u00e1rio inaugura novo F\u00f3rum de V\u00e1rzea Grande &#8902; Blog da Condessa<\/title>\n<meta name=\"robots\" content=\"index, follow, max-snippet:-1, max-image-preview:large, max-video-preview:-1\" \/>\n<link rel=\"canonical\" href=\"https:\/\/blogdacondessa.com.br\/blog\/juridico\/poder-judiciario-inaugura-novo-forum-de-varzea-grande\/\" \/>\n<meta property=\"og:locale\" content=\"pt_BR\" \/>\n<meta property=\"og:type\" content=\"article\" \/>\n<meta property=\"og:title\" content=\"Poder Judici\u00e1rio inaugura novo F\u00f3rum de V\u00e1rzea Grande &#8902; Blog da Condessa\" \/>\n<meta property=\"og:description\" content=\"O Poder Judici\u00e1rio de Mato Grosso inaugurou o novo F\u00f3rum de V\u00e1rzea Grande na tarde do \u00faltimo dia 1\u00ba. A estrutura substitui o antigo f\u00f3rum que, durante 38 anos abrigou a sede da Comarca de V\u00e1rzea Grande, e traz a marca da acessibilidade, sustentabilidade e modernidade. O novo espa\u00e7o oferece comodidade e seguran\u00e7a a magistrados [&hellip;]\" \/>\n<meta property=\"og:url\" content=\"https:\/\/blogdacondessa.com.br\/blog\/juridico\/poder-judiciario-inaugura-novo-forum-de-varzea-grande\/\" \/>\n<meta property=\"og:site_name\" content=\"Blog da Condessa\" \/>\n<meta property=\"article:published_time\" content=\"2022-07-03T09:00:33+00:00\" \/>\n<meta property=\"og:image\" content=\"https:\/\/blogdacondessa.com.br\/blog\/wp-content\/uploads\/2022\/07\/01-forum_VG_dispositivo.jpg\" \/>\n\t<meta property=\"og:image:width\" content=\"812\" \/>\n\t<meta property=\"og:image:height\" content=\"489\" \/>\n\t<meta property=\"og:image:type\" content=\"image\/jpeg\" \/>\n<meta name=\"author\" content=\"Blog da Condessa\" \/>\n<meta name=\"twitter:card\" content=\"summary_large_image\" \/>\n<meta name=\"twitter:label1\" content=\"Escrito por\" \/>\n\t<meta name=\"twitter:data1\" content=\"Blog da Condessa\" \/>\n\t<meta name=\"twitter:label2\" content=\"Est. tempo de leitura\" \/>\n\t<meta name=\"twitter:data2\" content=\"6 minutos\" \/>\n<script type=\"application\/ld+json\" class=\"yoast-schema-graph\">{\"@context\":\"https:\\\/\\\/schema.org\",\"@graph\":[{\"@type\":\"Article\",\"@id\":\"https:\\\/\\\/blogdacondessa.com.br\\\/blog\\\/juridico\\\/poder-judiciario-inaugura-novo-forum-de-varzea-grande\\\/#article\",\"isPartOf\":{\"@id\":\"https:\\\/\\\/blogdacondessa.com.br\\\/blog\\\/juridico\\\/poder-judiciario-inaugura-novo-forum-de-varzea-grande\\\/\"},\"author\":{\"name\":\"Blog da Condessa\",\"@id\":\"https:\\\/\\\/blogdacondessa.com.br\\\/blog\\\/#\\\/schema\\\/person\\\/1d667ff8b785195b568677489d266035\"},\"headline\":\"Poder Judici\u00e1rio inaugura novo F\u00f3rum de V\u00e1rzea Grande\",\"datePublished\":\"2022-07-03T09:00:33+00:00\",\"mainEntityOfPage\":{\"@id\":\"https:\\\/\\\/blogdacondessa.com.br\\\/blog\\\/juridico\\\/poder-judiciario-inaugura-novo-forum-de-varzea-grande\\\/\"},\"wordCount\":1101,\"image\":{\"@id\":\"https:\\\/\\\/blogdacondessa.com.br\\\/blog\\\/juridico\\\/poder-judiciario-inaugura-novo-forum-de-varzea-grande\\\/#primaryimage\"},\"thumbnailUrl\":\"https:\\\/\\\/blogdacondessa.com.br\\\/blog\\\/wp-content\\\/uploads\\\/2022\\\/07\\\/01-forum_VG_dispositivo.jpg\",\"articleSection\":[\"Jur\u00eddico\"],\"inLanguage\":\"pt-BR\"},{\"@type\":\"WebPage\",\"@id\":\"https:\\\/\\\/blogdacondessa.com.br\\\/blog\\\/juridico\\\/poder-judiciario-inaugura-novo-forum-de-varzea-grande\\\/\",\"url\":\"https:\\\/\\\/blogdacondessa.com.br\\\/blog\\\/juridico\\\/poder-judiciario-inaugura-novo-forum-de-varzea-grande\\\/\",\"name\":\"Poder Judici\u00e1rio inaugura novo F\u00f3rum de V\u00e1rzea Grande &#8902; Blog da Condessa\",\"isPartOf\":{\"@id\":\"https:\\\/\\\/blogdacondessa.com.br\\\/blog\\\/#website\"},\"primaryImageOfPage\":{\"@id\":\"https:\\\/\\\/blogdacondessa.com.br\\\/blog\\\/juridico\\\/poder-judiciario-inaugura-novo-forum-de-varzea-grande\\\/#primaryimage\"},\"image\":{\"@id\":\"https:\\\/\\\/blogdacondessa.com.br\\\/blog\\\/juridico\\\/poder-judiciario-inaugura-novo-forum-de-varzea-grande\\\/#primaryimage\"},\"thumbnailUrl\":\"https:\\\/\\\/blogdacondessa.com.br\\\/blog\\\/wp-content\\\/uploads\\\/2022\\\/07\\\/01-forum_VG_dispositivo.jpg\",\"datePublished\":\"2022-07-03T09:00:33+00:00\",\"author\":{\"@id\":\"https:\\\/\\\/blogdacondessa.com.br\\\/blog\\\/#\\\/schema\\\/person\\\/1d667ff8b785195b568677489d266035\"},\"breadcrumb\":{\"@id\":\"https:\\\/\\\/blogdacondessa.com.br\\\/blog\\\/juridico\\\/poder-judiciario-inaugura-novo-forum-de-varzea-grande\\\/#breadcrumb\"},\"inLanguage\":\"pt-BR\",\"potentialAction\":[{\"@type\":\"ReadAction\",\"target\":[\"https:\\\/\\\/blogdacondessa.com.br\\\/blog\\\/juridico\\\/poder-judiciario-inaugura-novo-forum-de-varzea-grande\\\/\"]}]},{\"@type\":\"ImageObject\",\"inLanguage\":\"pt-BR\",\"@id\":\"https:\\\/\\\/blogdacondessa.com.br\\\/blog\\\/juridico\\\/poder-judiciario-inaugura-novo-forum-de-varzea-grande\\\/#primaryimage\",\"url\":\"https:\\\/\\\/blogdacondessa.com.br\\\/blog\\\/wp-content\\\/uploads\\\/2022\\\/07\\\/01-forum_VG_dispositivo.jpg\",\"contentUrl\":\"https:\\\/\\\/blogdacondessa.com.br\\\/blog\\\/wp-content\\\/uploads\\\/2022\\\/07\\\/01-forum_VG_dispositivo.jpg\",\"width\":812,\"height\":489,\"caption\":\"Foto: Alair Ribeiro\"},{\"@type\":\"BreadcrumbList\",\"@id\":\"https:\\\/\\\/blogdacondessa.com.br\\\/blog\\\/juridico\\\/poder-judiciario-inaugura-novo-forum-de-varzea-grande\\\/#breadcrumb\",\"itemListElement\":[{\"@type\":\"ListItem\",\"position\":1,\"name\":\"In\u00edcio\",\"item\":\"https:\\\/\\\/blogdacondessa.com.br\\\/blog\\\/\"},{\"@type\":\"ListItem\",\"position\":2,\"name\":\"Poder Judici\u00e1rio inaugura novo F\u00f3rum de V\u00e1rzea Grande\"}]},{\"@type\":\"WebSite\",\"@id\":\"https:\\\/\\\/blogdacondessa.com.br\\\/blog\\\/#website\",\"url\":\"https:\\\/\\\/blogdacondessa.com.br\\\/blog\\\/\",\"name\":\"Blog da Condessa\",\"description\":\"Com Shirley de Souza O\u2019Campos\",\"potentialAction\":[{\"@type\":\"SearchAction\",\"target\":{\"@type\":\"EntryPoint\",\"urlTemplate\":\"https:\\\/\\\/blogdacondessa.com.br\\\/blog\\\/?s={search_term_string}\"},\"query-input\":{\"@type\":\"PropertyValueSpecification\",\"valueRequired\":true,\"valueName\":\"search_term_string\"}}],\"inLanguage\":\"pt-BR\"},{\"@type\":\"Person\",\"@id\":\"https:\\\/\\\/blogdacondessa.com.br\\\/blog\\\/#\\\/schema\\\/person\\\/1d667ff8b785195b568677489d266035\",\"name\":\"Blog da Condessa\",\"image\":{\"@type\":\"ImageObject\",\"inLanguage\":\"pt-BR\",\"@id\":\"https:\\\/\\\/secure.gravatar.com\\\/avatar\\\/377c0eb8b4ad2bfc25461b41564b5971e721ca34a57642868fc7b0c8ac7b52c5?s=96&d=mm&r=g\",\"url\":\"https:\\\/\\\/secure.gravatar.com\\\/avatar\\\/377c0eb8b4ad2bfc25461b41564b5971e721ca34a57642868fc7b0c8ac7b52c5?s=96&d=mm&r=g\",\"contentUrl\":\"https:\\\/\\\/secure.gravatar.com\\\/avatar\\\/377c0eb8b4ad2bfc25461b41564b5971e721ca34a57642868fc7b0c8ac7b52c5?s=96&d=mm&r=g\",\"caption\":\"Blog da Condessa\"},\"url\":\"https:\\\/\\\/blogdacondessa.com.br\\\/blog\\\/author\\\/beatriz\\\/\"}]}<\/script>\n<!-- \/ Yoast SEO plugin. -->","yoast_head_json":{"title":"Poder Judici\u00e1rio inaugura novo F\u00f3rum de V\u00e1rzea Grande &#8902; Blog da Condessa","robots":{"index":"index","follow":"follow","max-snippet":"max-snippet:-1","max-image-preview":"max-image-preview:large","max-video-preview":"max-video-preview:-1"},"canonical":"https:\/\/blogdacondessa.com.br\/blog\/juridico\/poder-judiciario-inaugura-novo-forum-de-varzea-grande\/","og_locale":"pt_BR","og_type":"article","og_title":"Poder Judici\u00e1rio inaugura novo F\u00f3rum de V\u00e1rzea Grande &#8902; Blog da Condessa","og_description":"O Poder Judici\u00e1rio de Mato Grosso inaugurou o novo F\u00f3rum de V\u00e1rzea Grande na tarde do \u00faltimo dia 1\u00ba. A estrutura substitui o antigo f\u00f3rum que, durante 38 anos abrigou a sede da Comarca de V\u00e1rzea Grande, e traz a marca da acessibilidade, sustentabilidade e modernidade. O novo espa\u00e7o oferece comodidade e seguran\u00e7a a magistrados [&hellip;]","og_url":"https:\/\/blogdacondessa.com.br\/blog\/juridico\/poder-judiciario-inaugura-novo-forum-de-varzea-grande\/","og_site_name":"Blog da Condessa","article_published_time":"2022-07-03T09:00:33+00:00","og_image":[{"width":812,"height":489,"url":"https:\/\/blogdacondessa.com.br\/blog\/wp-content\/uploads\/2022\/07\/01-forum_VG_dispositivo.jpg","type":"image\/jpeg"}],"author":"Blog da Condessa","twitter_card":"summary_large_image","twitter_misc":{"Escrito por":"Blog da Condessa","Est. tempo de leitura":"6 minutos"},"schema":{"@context":"https:\/\/schema.org","@graph":[{"@type":"Article","@id":"https:\/\/blogdacondessa.com.br\/blog\/juridico\/poder-judiciario-inaugura-novo-forum-de-varzea-grande\/#article","isPartOf":{"@id":"https:\/\/blogdacondessa.com.br\/blog\/juridico\/poder-judiciario-inaugura-novo-forum-de-varzea-grande\/"},"author":{"name":"Blog da Condessa","@id":"https:\/\/blogdacondessa.com.br\/blog\/#\/schema\/person\/1d667ff8b785195b568677489d266035"},"headline":"Poder Judici\u00e1rio inaugura novo F\u00f3rum de V\u00e1rzea Grande","datePublished":"2022-07-03T09:00:33+00:00","mainEntityOfPage":{"@id":"https:\/\/blogdacondessa.com.br\/blog\/juridico\/poder-judiciario-inaugura-novo-forum-de-varzea-grande\/"},"wordCount":1101,"image":{"@id":"https:\/\/blogdacondessa.com.br\/blog\/juridico\/poder-judiciario-inaugura-novo-forum-de-varzea-grande\/#primaryimage"},"thumbnailUrl":"https:\/\/blogdacondessa.com.br\/blog\/wp-content\/uploads\/2022\/07\/01-forum_VG_dispositivo.jpg","articleSection":["Jur\u00eddico"],"inLanguage":"pt-BR"},{"@type":"WebPage","@id":"https:\/\/blogdacondessa.com.br\/blog\/juridico\/poder-judiciario-inaugura-novo-forum-de-varzea-grande\/","url":"https:\/\/blogdacondessa.com.br\/blog\/juridico\/poder-judiciario-inaugura-novo-forum-de-varzea-grande\/","name":"Poder Judici\u00e1rio inaugura novo F\u00f3rum de V\u00e1rzea Grande &#8902; Blog da Condessa","isPartOf":{"@id":"https:\/\/blogdacondessa.com.br\/blog\/#website"},"primaryImageOfPage":{"@id":"https:\/\/blogdacondessa.com.br\/blog\/juridico\/poder-judiciario-inaugura-novo-forum-de-varzea-grande\/#primaryimage"},"image":{"@id":"https:\/\/blogdacondessa.com.br\/blog\/juridico\/poder-judiciario-inaugura-novo-forum-de-varzea-grande\/#primaryimage"},"thumbnailUrl":"https:\/\/blogdacondessa.com.br\/blog\/wp-content\/uploads\/2022\/07\/01-forum_VG_dispositivo.jpg","datePublished":"2022-07-03T09:00:33+00:00","author":{"@id":"https:\/\/blogdacondessa.com.br\/blog\/#\/schema\/person\/1d667ff8b785195b568677489d266035"},"breadcrumb":{"@id":"https:\/\/blogdacondessa.com.br\/blog\/juridico\/poder-judiciario-inaugura-novo-forum-de-varzea-grande\/#breadcrumb"},"inLanguage":"pt-BR","potentialAction":[{"@type":"ReadAction","target":["https:\/\/blogdacondessa.com.br\/blog\/juridico\/poder-judiciario-inaugura-novo-forum-de-varzea-grande\/"]}]},{"@type":"ImageObject","inLanguage":"pt-BR","@id":"https:\/\/blogdacondessa.com.br\/blog\/juridico\/poder-judiciario-inaugura-novo-forum-de-varzea-grande\/#primaryimage","url":"https:\/\/blogdacondessa.com.br\/blog\/wp-content\/uploads\/2022\/07\/01-forum_VG_dispositivo.jpg","contentUrl":"https:\/\/blogdacondessa.com.br\/blog\/wp-content\/uploads\/2022\/07\/01-forum_VG_dispositivo.jpg","width":812,"height":489,"caption":"Foto: Alair Ribeiro"},{"@type":"BreadcrumbList","@id":"https:\/\/blogdacondessa.com.br\/blog\/juridico\/poder-judiciario-inaugura-novo-forum-de-varzea-grande\/#breadcrumb","itemListElement":[{"@type":"ListItem","position":1,"name":"In\u00edcio","item":"https:\/\/blogdacondessa.com.br\/blog\/"},{"@type":"ListItem","position":2,"name":"Poder Judici\u00e1rio inaugura novo F\u00f3rum de V\u00e1rzea Grande"}]},{"@type":"WebSite","@id":"https:\/\/blogdacondessa.com.br\/blog\/#website","url":"https:\/\/blogdacondessa.com.br\/blog\/","name":"Blog da Condessa","description":"Com Shirley de Souza O\u2019Campos","potentialAction":[{"@type":"SearchAction","target":{"@type":"EntryPoint","urlTemplate":"https:\/\/blogdacondessa.com.br\/blog\/?s={search_term_string}"},"query-input":{"@type":"PropertyValueSpecification","valueRequired":true,"valueName":"search_term_string"}}],"inLanguage":"pt-BR"},{"@type":"Person","@id":"https:\/\/blogdacondessa.com.br\/blog\/#\/schema\/person\/1d667ff8b785195b568677489d266035","name":"Blog da Condessa","image":{"@type":"ImageObject","inLanguage":"pt-BR","@id":"https:\/\/secure.gravatar.com\/avatar\/377c0eb8b4ad2bfc25461b41564b5971e721ca34a57642868fc7b0c8ac7b52c5?s=96&d=mm&r=g","url":"https:\/\/secure.gravatar.com\/avatar\/377c0eb8b4ad2bfc25461b41564b5971e721ca34a57642868fc7b0c8ac7b52c5?s=96&d=mm&r=g","contentUrl":"https:\/\/secure.gravatar.com\/avatar\/377c0eb8b4ad2bfc25461b41564b5971e721ca34a57642868fc7b0c8ac7b52c5?s=96&d=mm&r=g","caption":"Blog da Condessa"},"url":"https:\/\/blogdacondessa.com.br\/blog\/author\/beatriz\/"}]}},"_links":{"self":[{"href":"https:\/\/blogdacondessa.com.br\/blog\/wp-json\/wp\/v2\/posts\/4235","targetHints":{"allow":["GET"]}}],"collection":[{"href":"https:\/\/blogdacondessa.com.br\/blog\/wp-json\/wp\/v2\/posts"}],"about":[{"href":"https:\/\/blogdacondessa.com.br\/blog\/wp-json\/wp\/v2\/types\/post"}],"author":[{"embeddable":true,"href":"https:\/\/blogdacondessa.com.br\/blog\/wp-json\/wp\/v2\/users\/2"}],"replies":[{"embeddable":true,"href":"https:\/\/blogdacondessa.com.br\/blog\/wp-json\/wp\/v2\/comments?post=4235"}],"version-history":[{"count":0,"href":"https:\/\/blogdacondessa.com.br\/blog\/wp-json\/wp\/v2\/posts\/4235\/revisions"}],"wp:featuredmedia":[{"embeddable":true,"href":"https:\/\/blogdacondessa.com.br\/blog\/wp-json\/wp\/v2\/media\/4236"}],"wp:attachment":[{"href":"https:\/\/blogdacondessa.com.br\/blog\/wp-json\/wp\/v2\/media?parent=4235"}],"wp:term":[{"taxonomy":"category","embeddable":true,"href":"https:\/\/blogdacondessa.com.br\/blog\/wp-json\/wp\/v2\/categories?post=4235"},{"taxonomy":"post_tag","embeddable":true,"href":"https:\/\/blogdacondessa.com.br\/blog\/wp-json\/wp\/v2\/tags?post=4235"}],"curies":[{"name":"wp","href":"https:\/\/api.w.org\/{rel}","templated":true}]}}