{"id":4148,"date":"2022-06-22T05:00:42","date_gmt":"2022-06-22T09:00:42","guid":{"rendered":"http:\/\/blogdacondessa.com.br\/?p=4148"},"modified":"2022-06-21T18:55:27","modified_gmt":"2022-06-21T22:55:27","slug":"chapada-fashion","status":"publish","type":"post","link":"https:\/\/blogdacondessa.com.br\/blog\/moda\/chapada-fashion\/","title":{"rendered":"Chapada Fashion"},"content":{"rendered":"<p>No pr\u00f3ximo final de semana, Chapada dos Guimar\u00e3es ser\u00e1 palco da 2\u00ba edi\u00e7\u00e3o do Chapada Fashion. O evento que une moda, solidariedade, inclus\u00e3o social e neg\u00f3cios vai ser realizado nos dias 24, 25 e 26 de junho.<\/p>\n<p>A Pra\u00e7a do Festival vai ser transformada em uma grande passarela e tamb\u00e9m em um espa\u00e7o de conviv\u00eancia e neg\u00f3cios. Para montar o casting dos desfiles, os idealizadores realizaram uma seletiva na Chapada e dentre os inscritos, 50 mulheres e 10 homens dos mais diversos perfis e idades, foram selecionados. Os novos modelos ganharam curso de passarela e etiqueta, e v\u00e3o participar do evento.<\/p>\n<p>\u201cVamos mostrar que al\u00e9m de maior produtor brasileiro de algod\u00e3o, mat\u00e9ria prima essencial para o mundo fashion, Mato Grosso tamb\u00e9m acontece na moda\u201d, explica o produtor de moda e eventos, Edson Guilherme, idealizador do Chapada Fashion.<\/p>\n<p>Edson destaca ainda que \u201cj\u00e1 est\u00e1 na hora de participarmos ativamente desse mercado, mostrando que temos identidade, profissionais de alto n\u00edvel e queremos ocupar um lugar no cen\u00e1rio nacional e mundial da moda\u201d.<\/p>\n<p>Os convites para o Chapada Fashion podem ser trocados por alimentos n\u00e3o perec\u00edveis nas lojas participantes. Os produtos arrecadados ser\u00e3o doados para fam\u00edlias de Chapada dos Guimar\u00e3es em situa\u00e7\u00e3o de vulnerabilidade.<\/p>\n<p><strong>PROGRAMA\u00c7\u00c3O<\/strong><\/p>\n<p>Na sexta-feira, dia 24, a partir das 20h, o estilista Vitor Zerbinato, conhecido internacionalmente pelo estilo luxuoso e elegante de suas pe\u00e7as que proporcionam sensualidade e beleza enaltecendo o corpo feminino, vai apresentar na passarela a cole\u00e7\u00e3o \u2018Ver\u00e3o 23\u2019, a mesma que ele vai levar para a Semana de Moda de Mil\u00e3o e Paris, em setembro.<\/p>\n<p>No dia 25, s\u00e1bado, a passarela recebe uma cole\u00e7\u00e3o criada especialmente para o evento pelo estilista mato-grossense, Josemar Correa e ainda looks das lojas Pimenta Doce, Amora Miura, Maison D, Puro Charme e Onng.<\/p>\n<p>No domingo, \u00e0s 18h tem o Fashion Show, momento pensando especialmente para os pequenos lojistas e na sequ\u00eancia, Ellus por Eddy Eddy Shop, Petite Lulu com looks infanto-juvenil, BLM por Puro Charme e Vista LB.<\/p>\n<p>Para o encerramento do evento, a designer Maria Fernanda Meirelles, participa de talk show para falar sobre moda e sustentabilidade, e apresenta cole\u00e7\u00e3o.<\/p>\n<p>O Chapada Fashion est\u00e1 sendo realizado pela Prefeitura de Chapada do Guimar\u00e3es e tem como anfitri\u00e3 a Primeira-dama do munic\u00edpio, H\u00e9lia Mello e como embaixador Gilberto Mello. O Deputado Dilmar Dalbosco, a Secret\u00e1rio de Estado de Cultura, Esporte e Lazer e o Governo do Estado de Mato Grosso s\u00e3o apoiadores do evento.<\/p>\n","protected":false},"excerpt":{"rendered":"<p>No pr\u00f3ximo final de semana, Chapada dos Guimar\u00e3es ser\u00e1 palco da 2\u00ba edi\u00e7\u00e3o do Chapada Fashion. O evento que une moda, solidariedade, inclus\u00e3o social e neg\u00f3cios vai ser realizado nos dias 24, 25 e 26 de junho. A Pra\u00e7a do Festival vai ser transformada em uma grande passarela e tamb\u00e9m em um espa\u00e7o de conviv\u00eancia [&hellip;]<\/p>\n","protected":false},"author":2,"featured_media":4149,"comment_status":"closed","ping_status":"closed","sticky":false,"template":"","format":"standard","meta":{"iawp_total_views":8,"footnotes":""},"categories":[21],"tags":[],"class_list":["post-4148","post","type-post","status-publish","format-standard","has-post-thumbnail","hentry","category-moda"],"yoast_head":"<!-- This site is optimized with the Yoast SEO plugin v27.3 - https:\/\/yoast.com\/product\/yoast-seo-wordpress\/ -->\n<title>Chapada Fashion &#8902; Blog da Condessa<\/title>\n<meta name=\"robots\" content=\"index, follow, max-snippet:-1, max-image-preview:large, max-video-preview:-1\" \/>\n<link rel=\"canonical\" href=\"https:\/\/blogdacondessa.com.br\/blog\/moda\/chapada-fashion\/\" \/>\n<meta property=\"og:locale\" content=\"pt_BR\" \/>\n<meta property=\"og:type\" content=\"article\" \/>\n<meta property=\"og:title\" content=\"Chapada Fashion &#8902; Blog da Condessa\" \/>\n<meta property=\"og:description\" content=\"No pr\u00f3ximo final de semana, Chapada dos Guimar\u00e3es ser\u00e1 palco da 2\u00ba edi\u00e7\u00e3o do Chapada Fashion. O evento que une moda, solidariedade, inclus\u00e3o social e neg\u00f3cios vai ser realizado nos dias 24, 25 e 26 de junho. A Pra\u00e7a do Festival vai ser transformada em uma grande passarela e tamb\u00e9m em um espa\u00e7o de conviv\u00eancia [&hellip;]\" \/>\n<meta property=\"og:url\" content=\"https:\/\/blogdacondessa.com.br\/blog\/moda\/chapada-fashion\/\" \/>\n<meta property=\"og:site_name\" content=\"Blog da Condessa\" \/>\n<meta property=\"article:published_time\" content=\"2022-06-22T09:00:42+00:00\" \/>\n<meta property=\"og:image\" content=\"https:\/\/blogdacondessa.com.br\/blog\/wp-content\/uploads\/2022\/06\/chapada-fashion.jpeg\" \/>\n\t<meta property=\"og:image:width\" content=\"1600\" \/>\n\t<meta property=\"og:image:height\" content=\"1200\" \/>\n\t<meta property=\"og:image:type\" content=\"image\/jpeg\" \/>\n<meta name=\"author\" content=\"Blog da Condessa\" \/>\n<meta name=\"twitter:card\" content=\"summary_large_image\" \/>\n<meta name=\"twitter:label1\" content=\"Escrito por\" \/>\n\t<meta name=\"twitter:data1\" content=\"Blog da Condessa\" \/>\n\t<meta name=\"twitter:label2\" content=\"Est. tempo de leitura\" \/>\n\t<meta name=\"twitter:data2\" content=\"3 minutos\" \/>\n<script type=\"application\/ld+json\" class=\"yoast-schema-graph\">{\"@context\":\"https:\\\/\\\/schema.org\",\"@graph\":[{\"@type\":\"Article\",\"@id\":\"https:\\\/\\\/blogdacondessa.com.br\\\/blog\\\/moda\\\/chapada-fashion\\\/#article\",\"isPartOf\":{\"@id\":\"https:\\\/\\\/blogdacondessa.com.br\\\/blog\\\/moda\\\/chapada-fashion\\\/\"},\"author\":{\"name\":\"Blog da Condessa\",\"@id\":\"https:\\\/\\\/blogdacondessa.com.br\\\/blog\\\/#\\\/schema\\\/person\\\/1d667ff8b785195b568677489d266035\"},\"headline\":\"Chapada Fashion\",\"datePublished\":\"2022-06-22T09:00:42+00:00\",\"mainEntityOfPage\":{\"@id\":\"https:\\\/\\\/blogdacondessa.com.br\\\/blog\\\/moda\\\/chapada-fashion\\\/\"},\"wordCount\":432,\"image\":{\"@id\":\"https:\\\/\\\/blogdacondessa.com.br\\\/blog\\\/moda\\\/chapada-fashion\\\/#primaryimage\"},\"thumbnailUrl\":\"https:\\\/\\\/blogdacondessa.com.br\\\/blog\\\/wp-content\\\/uploads\\\/2022\\\/06\\\/chapada-fashion.jpeg\",\"articleSection\":[\"Moda\"],\"inLanguage\":\"pt-BR\"},{\"@type\":\"WebPage\",\"@id\":\"https:\\\/\\\/blogdacondessa.com.br\\\/blog\\\/moda\\\/chapada-fashion\\\/\",\"url\":\"https:\\\/\\\/blogdacondessa.com.br\\\/blog\\\/moda\\\/chapada-fashion\\\/\",\"name\":\"Chapada Fashion &#8902; Blog da Condessa\",\"isPartOf\":{\"@id\":\"https:\\\/\\\/blogdacondessa.com.br\\\/blog\\\/#website\"},\"primaryImageOfPage\":{\"@id\":\"https:\\\/\\\/blogdacondessa.com.br\\\/blog\\\/moda\\\/chapada-fashion\\\/#primaryimage\"},\"image\":{\"@id\":\"https:\\\/\\\/blogdacondessa.com.br\\\/blog\\\/moda\\\/chapada-fashion\\\/#primaryimage\"},\"thumbnailUrl\":\"https:\\\/\\\/blogdacondessa.com.br\\\/blog\\\/wp-content\\\/uploads\\\/2022\\\/06\\\/chapada-fashion.jpeg\",\"datePublished\":\"2022-06-22T09:00:42+00:00\",\"author\":{\"@id\":\"https:\\\/\\\/blogdacondessa.com.br\\\/blog\\\/#\\\/schema\\\/person\\\/1d667ff8b785195b568677489d266035\"},\"breadcrumb\":{\"@id\":\"https:\\\/\\\/blogdacondessa.com.br\\\/blog\\\/moda\\\/chapada-fashion\\\/#breadcrumb\"},\"inLanguage\":\"pt-BR\",\"potentialAction\":[{\"@type\":\"ReadAction\",\"target\":[\"https:\\\/\\\/blogdacondessa.com.br\\\/blog\\\/moda\\\/chapada-fashion\\\/\"]}]},{\"@type\":\"ImageObject\",\"inLanguage\":\"pt-BR\",\"@id\":\"https:\\\/\\\/blogdacondessa.com.br\\\/blog\\\/moda\\\/chapada-fashion\\\/#primaryimage\",\"url\":\"https:\\\/\\\/blogdacondessa.com.br\\\/blog\\\/wp-content\\\/uploads\\\/2022\\\/06\\\/chapada-fashion.jpeg\",\"contentUrl\":\"https:\\\/\\\/blogdacondessa.com.br\\\/blog\\\/wp-content\\\/uploads\\\/2022\\\/06\\\/chapada-fashion.jpeg\",\"width\":1600,\"height\":1200},{\"@type\":\"BreadcrumbList\",\"@id\":\"https:\\\/\\\/blogdacondessa.com.br\\\/blog\\\/moda\\\/chapada-fashion\\\/#breadcrumb\",\"itemListElement\":[{\"@type\":\"ListItem\",\"position\":1,\"name\":\"In\u00edcio\",\"item\":\"https:\\\/\\\/blogdacondessa.com.br\\\/blog\\\/\"},{\"@type\":\"ListItem\",\"position\":2,\"name\":\"Chapada Fashion\"}]},{\"@type\":\"WebSite\",\"@id\":\"https:\\\/\\\/blogdacondessa.com.br\\\/blog\\\/#website\",\"url\":\"https:\\\/\\\/blogdacondessa.com.br\\\/blog\\\/\",\"name\":\"Blog da Condessa\",\"description\":\"Com Shirley de Souza O\u2019Campos\",\"potentialAction\":[{\"@type\":\"SearchAction\",\"target\":{\"@type\":\"EntryPoint\",\"urlTemplate\":\"https:\\\/\\\/blogdacondessa.com.br\\\/blog\\\/?s={search_term_string}\"},\"query-input\":{\"@type\":\"PropertyValueSpecification\",\"valueRequired\":true,\"valueName\":\"search_term_string\"}}],\"inLanguage\":\"pt-BR\"},{\"@type\":\"Person\",\"@id\":\"https:\\\/\\\/blogdacondessa.com.br\\\/blog\\\/#\\\/schema\\\/person\\\/1d667ff8b785195b568677489d266035\",\"name\":\"Blog da Condessa\",\"image\":{\"@type\":\"ImageObject\",\"inLanguage\":\"pt-BR\",\"@id\":\"https:\\\/\\\/secure.gravatar.com\\\/avatar\\\/377c0eb8b4ad2bfc25461b41564b5971e721ca34a57642868fc7b0c8ac7b52c5?s=96&d=mm&r=g\",\"url\":\"https:\\\/\\\/secure.gravatar.com\\\/avatar\\\/377c0eb8b4ad2bfc25461b41564b5971e721ca34a57642868fc7b0c8ac7b52c5?s=96&d=mm&r=g\",\"contentUrl\":\"https:\\\/\\\/secure.gravatar.com\\\/avatar\\\/377c0eb8b4ad2bfc25461b41564b5971e721ca34a57642868fc7b0c8ac7b52c5?s=96&d=mm&r=g\",\"caption\":\"Blog da Condessa\"},\"url\":\"https:\\\/\\\/blogdacondessa.com.br\\\/blog\\\/author\\\/beatriz\\\/\"}]}<\/script>\n<!-- \/ Yoast SEO plugin. -->","yoast_head_json":{"title":"Chapada Fashion &#8902; Blog da Condessa","robots":{"index":"index","follow":"follow","max-snippet":"max-snippet:-1","max-image-preview":"max-image-preview:large","max-video-preview":"max-video-preview:-1"},"canonical":"https:\/\/blogdacondessa.com.br\/blog\/moda\/chapada-fashion\/","og_locale":"pt_BR","og_type":"article","og_title":"Chapada Fashion &#8902; Blog da Condessa","og_description":"No pr\u00f3ximo final de semana, Chapada dos Guimar\u00e3es ser\u00e1 palco da 2\u00ba edi\u00e7\u00e3o do Chapada Fashion. O evento que une moda, solidariedade, inclus\u00e3o social e neg\u00f3cios vai ser realizado nos dias 24, 25 e 26 de junho. A Pra\u00e7a do Festival vai ser transformada em uma grande passarela e tamb\u00e9m em um espa\u00e7o de conviv\u00eancia [&hellip;]","og_url":"https:\/\/blogdacondessa.com.br\/blog\/moda\/chapada-fashion\/","og_site_name":"Blog da Condessa","article_published_time":"2022-06-22T09:00:42+00:00","og_image":[{"width":1600,"height":1200,"url":"https:\/\/blogdacondessa.com.br\/blog\/wp-content\/uploads\/2022\/06\/chapada-fashion.jpeg","type":"image\/jpeg"}],"author":"Blog da Condessa","twitter_card":"summary_large_image","twitter_misc":{"Escrito por":"Blog da Condessa","Est. tempo de leitura":"3 minutos"},"schema":{"@context":"https:\/\/schema.org","@graph":[{"@type":"Article","@id":"https:\/\/blogdacondessa.com.br\/blog\/moda\/chapada-fashion\/#article","isPartOf":{"@id":"https:\/\/blogdacondessa.com.br\/blog\/moda\/chapada-fashion\/"},"author":{"name":"Blog da Condessa","@id":"https:\/\/blogdacondessa.com.br\/blog\/#\/schema\/person\/1d667ff8b785195b568677489d266035"},"headline":"Chapada Fashion","datePublished":"2022-06-22T09:00:42+00:00","mainEntityOfPage":{"@id":"https:\/\/blogdacondessa.com.br\/blog\/moda\/chapada-fashion\/"},"wordCount":432,"image":{"@id":"https:\/\/blogdacondessa.com.br\/blog\/moda\/chapada-fashion\/#primaryimage"},"thumbnailUrl":"https:\/\/blogdacondessa.com.br\/blog\/wp-content\/uploads\/2022\/06\/chapada-fashion.jpeg","articleSection":["Moda"],"inLanguage":"pt-BR"},{"@type":"WebPage","@id":"https:\/\/blogdacondessa.com.br\/blog\/moda\/chapada-fashion\/","url":"https:\/\/blogdacondessa.com.br\/blog\/moda\/chapada-fashion\/","name":"Chapada Fashion &#8902; Blog da Condessa","isPartOf":{"@id":"https:\/\/blogdacondessa.com.br\/blog\/#website"},"primaryImageOfPage":{"@id":"https:\/\/blogdacondessa.com.br\/blog\/moda\/chapada-fashion\/#primaryimage"},"image":{"@id":"https:\/\/blogdacondessa.com.br\/blog\/moda\/chapada-fashion\/#primaryimage"},"thumbnailUrl":"https:\/\/blogdacondessa.com.br\/blog\/wp-content\/uploads\/2022\/06\/chapada-fashion.jpeg","datePublished":"2022-06-22T09:00:42+00:00","author":{"@id":"https:\/\/blogdacondessa.com.br\/blog\/#\/schema\/person\/1d667ff8b785195b568677489d266035"},"breadcrumb":{"@id":"https:\/\/blogdacondessa.com.br\/blog\/moda\/chapada-fashion\/#breadcrumb"},"inLanguage":"pt-BR","potentialAction":[{"@type":"ReadAction","target":["https:\/\/blogdacondessa.com.br\/blog\/moda\/chapada-fashion\/"]}]},{"@type":"ImageObject","inLanguage":"pt-BR","@id":"https:\/\/blogdacondessa.com.br\/blog\/moda\/chapada-fashion\/#primaryimage","url":"https:\/\/blogdacondessa.com.br\/blog\/wp-content\/uploads\/2022\/06\/chapada-fashion.jpeg","contentUrl":"https:\/\/blogdacondessa.com.br\/blog\/wp-content\/uploads\/2022\/06\/chapada-fashion.jpeg","width":1600,"height":1200},{"@type":"BreadcrumbList","@id":"https:\/\/blogdacondessa.com.br\/blog\/moda\/chapada-fashion\/#breadcrumb","itemListElement":[{"@type":"ListItem","position":1,"name":"In\u00edcio","item":"https:\/\/blogdacondessa.com.br\/blog\/"},{"@type":"ListItem","position":2,"name":"Chapada Fashion"}]},{"@type":"WebSite","@id":"https:\/\/blogdacondessa.com.br\/blog\/#website","url":"https:\/\/blogdacondessa.com.br\/blog\/","name":"Blog da Condessa","description":"Com Shirley de Souza O\u2019Campos","potentialAction":[{"@type":"SearchAction","target":{"@type":"EntryPoint","urlTemplate":"https:\/\/blogdacondessa.com.br\/blog\/?s={search_term_string}"},"query-input":{"@type":"PropertyValueSpecification","valueRequired":true,"valueName":"search_term_string"}}],"inLanguage":"pt-BR"},{"@type":"Person","@id":"https:\/\/blogdacondessa.com.br\/blog\/#\/schema\/person\/1d667ff8b785195b568677489d266035","name":"Blog da Condessa","image":{"@type":"ImageObject","inLanguage":"pt-BR","@id":"https:\/\/secure.gravatar.com\/avatar\/377c0eb8b4ad2bfc25461b41564b5971e721ca34a57642868fc7b0c8ac7b52c5?s=96&d=mm&r=g","url":"https:\/\/secure.gravatar.com\/avatar\/377c0eb8b4ad2bfc25461b41564b5971e721ca34a57642868fc7b0c8ac7b52c5?s=96&d=mm&r=g","contentUrl":"https:\/\/secure.gravatar.com\/avatar\/377c0eb8b4ad2bfc25461b41564b5971e721ca34a57642868fc7b0c8ac7b52c5?s=96&d=mm&r=g","caption":"Blog da Condessa"},"url":"https:\/\/blogdacondessa.com.br\/blog\/author\/beatriz\/"}]}},"_links":{"self":[{"href":"https:\/\/blogdacondessa.com.br\/blog\/wp-json\/wp\/v2\/posts\/4148","targetHints":{"allow":["GET"]}}],"collection":[{"href":"https:\/\/blogdacondessa.com.br\/blog\/wp-json\/wp\/v2\/posts"}],"about":[{"href":"https:\/\/blogdacondessa.com.br\/blog\/wp-json\/wp\/v2\/types\/post"}],"author":[{"embeddable":true,"href":"https:\/\/blogdacondessa.com.br\/blog\/wp-json\/wp\/v2\/users\/2"}],"replies":[{"embeddable":true,"href":"https:\/\/blogdacondessa.com.br\/blog\/wp-json\/wp\/v2\/comments?post=4148"}],"version-history":[{"count":0,"href":"https:\/\/blogdacondessa.com.br\/blog\/wp-json\/wp\/v2\/posts\/4148\/revisions"}],"wp:featuredmedia":[{"embeddable":true,"href":"https:\/\/blogdacondessa.com.br\/blog\/wp-json\/wp\/v2\/media\/4149"}],"wp:attachment":[{"href":"https:\/\/blogdacondessa.com.br\/blog\/wp-json\/wp\/v2\/media?parent=4148"}],"wp:term":[{"taxonomy":"category","embeddable":true,"href":"https:\/\/blogdacondessa.com.br\/blog\/wp-json\/wp\/v2\/categories?post=4148"},{"taxonomy":"post_tag","embeddable":true,"href":"https:\/\/blogdacondessa.com.br\/blog\/wp-json\/wp\/v2\/tags?post=4148"}],"curies":[{"name":"wp","href":"https:\/\/api.w.org\/{rel}","templated":true}]}}