{"id":4139,"date":"2022-06-22T05:00:57","date_gmt":"2022-06-22T09:00:57","guid":{"rendered":"http:\/\/blogdacondessa.com.br\/?p=4139"},"modified":"2022-06-21T12:25:15","modified_gmt":"2022-06-21T16:25:15","slug":"hospitais-deverao-comunicar-as-entidades-de-referencia-sobre-o-nascimento-de-bebes-com-fissura-labiopalatal","status":"publish","type":"post","link":"https:\/\/blogdacondessa.com.br\/blog\/politica\/hospitais-deverao-comunicar-as-entidades-de-referencia-sobre-o-nascimento-de-bebes-com-fissura-labiopalatal\/","title":{"rendered":"Hospitais dever\u00e3o comunicar \u00e0s entidades de refer\u00eancia sobre o nascimento de beb\u00eas com fissura labiopalatal"},"content":{"rendered":"<p>Agora \u00e9 lei a medida n\u00b0 6.829\/2022 que disp\u00f5e sobre a comunica\u00e7\u00e3o por hospitais de rec\u00e9m-nascidos com fissura labiopalatal \u00e0s institui\u00e7\u00f5es que especifica. De autoria do vereador Dr. Luiz Fernando (Republicanos), o objetivo \u00e9 aprimorar o servi\u00e7o de sa\u00fade do munic\u00edpio no caso espec\u00edfico do tratamento da fissura.<\/p>\n<p>A C\u00e2mara Municipal de Cuiab\u00e1 derrubou o veto parcial da lei no dia 10 de maio e o prefeito sancionou no dia 14 de junho, entrando na Gazeta Municipal na segunda-feira (20).<\/p>\n<p>A orienta\u00e7\u00e3o \u00e9 para que institui\u00e7\u00f5es hospitalares da capital, p\u00fablicas ou privadas, que realizarem partos de rec\u00e9m-nascidos diagnosticados com Fissura Labiopalatal, devem comunicar \u00e0s entidades de refer\u00eancia na cidade, com o prazo de at\u00e9 15 (quinze) dias. A notifica\u00e7\u00e3o n\u00e3o deve gerar custo aos hospitais.<\/p>\n<p>J\u00e1 a entidade que for comunicada referente ao nascimento do beb\u00ea com a m\u00e1 forma\u00e7\u00e3o do l\u00e1bio e\/ou palato, dever\u00e1 entrar em contato com os pais ou respons\u00e1veis do rec\u00e9m-nascido para prestar orienta\u00e7\u00e3o sobre a disponibilidade de atendimento pela entidade ou \u00f3rg\u00e3os p\u00fablicos para auxiliar no tratamento. No par\u00e1grafo \u00fanico do Artigo 2\u00b0 especifica que s\u00e3o entidades de refer\u00eancia as organiza\u00e7\u00f5es da sociedade civil, sem fins lucrativos, bem como, outras entidades p\u00fablicas ou privadas que prestam atendimento a pessoas.<\/p>\n<p>Autor da Lei, o vereador Dr. Luiz Fernando (Republicanos), defendeu em justificativa enviada junto ao Projeto de Lei ao Poder Legislativo, que a lei visa melhorar com a notifica\u00e7\u00e3o do hospital \u00e0 entidade espec\u00edfica, a qualidade no resultado final do tratamento da labiopalatal.<\/p>\n<p>&#8220;\u00c9 fundamental a cria\u00e7\u00e3o de uma lei de notifica\u00e7\u00e3o visando que hospitais que precedem o parto de rec\u00e9m nascidos comuniquem as institui\u00e7\u00f5es que d\u00e3o atendimento na \u00e1rea de tal deformidade, e estas entrarem em contato com os familiares das crian\u00e7as para orient\u00e1-los sobre a disponibiliza\u00e7\u00e3o de atendimento e assist\u00eancia, com \u00a0in\u00edcio do tratamento j\u00e1 nos primeiros dias de vida, passando pelas diversas especialidades de sa\u00fade a fim de que o tratamento tenha cronologia adequada. Melhorar, assim, a qualidade do resultado final do tratamento, al\u00e9m de minimizar a quantidade de tratamento fora de domic\u00edlio (TFD)&#8221;, diz trecho da justificativa.<\/p>\n","protected":false},"excerpt":{"rendered":"<p>Agora \u00e9 lei a medida n\u00b0 6.829\/2022 que disp\u00f5e sobre a comunica\u00e7\u00e3o por hospitais de rec\u00e9m-nascidos com fissura labiopalatal \u00e0s institui\u00e7\u00f5es que especifica. De autoria do vereador Dr. Luiz Fernando (Republicanos), o objetivo \u00e9 aprimorar o servi\u00e7o de sa\u00fade do munic\u00edpio no caso espec\u00edfico do tratamento da fissura. A C\u00e2mara Municipal de Cuiab\u00e1 derrubou o [&hellip;]<\/p>\n","protected":false},"author":2,"featured_media":4140,"comment_status":"closed","ping_status":"closed","sticky":false,"template":"","format":"standard","meta":{"iawp_total_views":0,"footnotes":""},"categories":[10],"tags":[],"class_list":["post-4139","post","type-post","status-publish","format-standard","has-post-thumbnail","hentry","category-politica"],"yoast_head":"<!-- This site is optimized with the Yoast SEO plugin v27.3 - https:\/\/yoast.com\/product\/yoast-seo-wordpress\/ -->\n<title>Hospitais dever\u00e3o comunicar \u00e0s entidades de refer\u00eancia sobre o nascimento de beb\u00eas com fissura labiopalatal &#8902; Blog da Condessa<\/title>\n<meta name=\"robots\" content=\"index, follow, max-snippet:-1, max-image-preview:large, max-video-preview:-1\" \/>\n<link rel=\"canonical\" href=\"https:\/\/blogdacondessa.com.br\/blog\/politica\/hospitais-deverao-comunicar-as-entidades-de-referencia-sobre-o-nascimento-de-bebes-com-fissura-labiopalatal\/\" \/>\n<meta property=\"og:locale\" content=\"pt_BR\" \/>\n<meta property=\"og:type\" content=\"article\" \/>\n<meta property=\"og:title\" content=\"Hospitais dever\u00e3o comunicar \u00e0s entidades de refer\u00eancia sobre o nascimento de beb\u00eas com fissura labiopalatal &#8902; Blog da Condessa\" \/>\n<meta property=\"og:description\" content=\"Agora \u00e9 lei a medida n\u00b0 6.829\/2022 que disp\u00f5e sobre a comunica\u00e7\u00e3o por hospitais de rec\u00e9m-nascidos com fissura labiopalatal \u00e0s institui\u00e7\u00f5es que especifica. De autoria do vereador Dr. Luiz Fernando (Republicanos), o objetivo \u00e9 aprimorar o servi\u00e7o de sa\u00fade do munic\u00edpio no caso espec\u00edfico do tratamento da fissura. A C\u00e2mara Municipal de Cuiab\u00e1 derrubou o [&hellip;]\" \/>\n<meta property=\"og:url\" content=\"https:\/\/blogdacondessa.com.br\/blog\/politica\/hospitais-deverao-comunicar-as-entidades-de-referencia-sobre-o-nascimento-de-bebes-com-fissura-labiopalatal\/\" \/>\n<meta property=\"og:site_name\" content=\"Blog da Condessa\" \/>\n<meta property=\"article:published_time\" content=\"2022-06-22T09:00:57+00:00\" \/>\n<meta property=\"og:image\" content=\"https:\/\/blogdacondessa.com.br\/blog\/wp-content\/uploads\/2022\/06\/fissura-labiopalatal.jpg\" \/>\n\t<meta property=\"og:image:width\" content=\"1500\" \/>\n\t<meta property=\"og:image:height\" content=\"1000\" \/>\n\t<meta property=\"og:image:type\" content=\"image\/jpeg\" \/>\n<meta name=\"author\" content=\"Blog da Condessa\" \/>\n<meta name=\"twitter:card\" content=\"summary_large_image\" \/>\n<meta name=\"twitter:label1\" content=\"Escrito por\" \/>\n\t<meta name=\"twitter:data1\" content=\"Blog da Condessa\" \/>\n\t<meta name=\"twitter:label2\" content=\"Est. tempo de leitura\" \/>\n\t<meta name=\"twitter:data2\" content=\"2 minutos\" \/>\n<script type=\"application\/ld+json\" class=\"yoast-schema-graph\">{\"@context\":\"https:\\\/\\\/schema.org\",\"@graph\":[{\"@type\":\"Article\",\"@id\":\"https:\\\/\\\/blogdacondessa.com.br\\\/blog\\\/politica\\\/hospitais-deverao-comunicar-as-entidades-de-referencia-sobre-o-nascimento-de-bebes-com-fissura-labiopalatal\\\/#article\",\"isPartOf\":{\"@id\":\"https:\\\/\\\/blogdacondessa.com.br\\\/blog\\\/politica\\\/hospitais-deverao-comunicar-as-entidades-de-referencia-sobre-o-nascimento-de-bebes-com-fissura-labiopalatal\\\/\"},\"author\":{\"name\":\"Blog da Condessa\",\"@id\":\"https:\\\/\\\/blogdacondessa.com.br\\\/blog\\\/#\\\/schema\\\/person\\\/1d667ff8b785195b568677489d266035\"},\"headline\":\"Hospitais dever\u00e3o comunicar \u00e0s entidades de refer\u00eancia sobre o nascimento de beb\u00eas com fissura labiopalatal\",\"datePublished\":\"2022-06-22T09:00:57+00:00\",\"mainEntityOfPage\":{\"@id\":\"https:\\\/\\\/blogdacondessa.com.br\\\/blog\\\/politica\\\/hospitais-deverao-comunicar-as-entidades-de-referencia-sobre-o-nascimento-de-bebes-com-fissura-labiopalatal\\\/\"},\"wordCount\":396,\"image\":{\"@id\":\"https:\\\/\\\/blogdacondessa.com.br\\\/blog\\\/politica\\\/hospitais-deverao-comunicar-as-entidades-de-referencia-sobre-o-nascimento-de-bebes-com-fissura-labiopalatal\\\/#primaryimage\"},\"thumbnailUrl\":\"https:\\\/\\\/blogdacondessa.com.br\\\/blog\\\/wp-content\\\/uploads\\\/2022\\\/06\\\/fissura-labiopalatal.jpg\",\"articleSection\":[\"Pol\u00edtica\"],\"inLanguage\":\"pt-BR\"},{\"@type\":\"WebPage\",\"@id\":\"https:\\\/\\\/blogdacondessa.com.br\\\/blog\\\/politica\\\/hospitais-deverao-comunicar-as-entidades-de-referencia-sobre-o-nascimento-de-bebes-com-fissura-labiopalatal\\\/\",\"url\":\"https:\\\/\\\/blogdacondessa.com.br\\\/blog\\\/politica\\\/hospitais-deverao-comunicar-as-entidades-de-referencia-sobre-o-nascimento-de-bebes-com-fissura-labiopalatal\\\/\",\"name\":\"Hospitais dever\u00e3o comunicar \u00e0s entidades de refer\u00eancia sobre o nascimento de beb\u00eas com fissura labiopalatal &#8902; Blog da Condessa\",\"isPartOf\":{\"@id\":\"https:\\\/\\\/blogdacondessa.com.br\\\/blog\\\/#website\"},\"primaryImageOfPage\":{\"@id\":\"https:\\\/\\\/blogdacondessa.com.br\\\/blog\\\/politica\\\/hospitais-deverao-comunicar-as-entidades-de-referencia-sobre-o-nascimento-de-bebes-com-fissura-labiopalatal\\\/#primaryimage\"},\"image\":{\"@id\":\"https:\\\/\\\/blogdacondessa.com.br\\\/blog\\\/politica\\\/hospitais-deverao-comunicar-as-entidades-de-referencia-sobre-o-nascimento-de-bebes-com-fissura-labiopalatal\\\/#primaryimage\"},\"thumbnailUrl\":\"https:\\\/\\\/blogdacondessa.com.br\\\/blog\\\/wp-content\\\/uploads\\\/2022\\\/06\\\/fissura-labiopalatal.jpg\",\"datePublished\":\"2022-06-22T09:00:57+00:00\",\"author\":{\"@id\":\"https:\\\/\\\/blogdacondessa.com.br\\\/blog\\\/#\\\/schema\\\/person\\\/1d667ff8b785195b568677489d266035\"},\"breadcrumb\":{\"@id\":\"https:\\\/\\\/blogdacondessa.com.br\\\/blog\\\/politica\\\/hospitais-deverao-comunicar-as-entidades-de-referencia-sobre-o-nascimento-de-bebes-com-fissura-labiopalatal\\\/#breadcrumb\"},\"inLanguage\":\"pt-BR\",\"potentialAction\":[{\"@type\":\"ReadAction\",\"target\":[\"https:\\\/\\\/blogdacondessa.com.br\\\/blog\\\/politica\\\/hospitais-deverao-comunicar-as-entidades-de-referencia-sobre-o-nascimento-de-bebes-com-fissura-labiopalatal\\\/\"]}]},{\"@type\":\"ImageObject\",\"inLanguage\":\"pt-BR\",\"@id\":\"https:\\\/\\\/blogdacondessa.com.br\\\/blog\\\/politica\\\/hospitais-deverao-comunicar-as-entidades-de-referencia-sobre-o-nascimento-de-bebes-com-fissura-labiopalatal\\\/#primaryimage\",\"url\":\"https:\\\/\\\/blogdacondessa.com.br\\\/blog\\\/wp-content\\\/uploads\\\/2022\\\/06\\\/fissura-labiopalatal.jpg\",\"contentUrl\":\"https:\\\/\\\/blogdacondessa.com.br\\\/blog\\\/wp-content\\\/uploads\\\/2022\\\/06\\\/fissura-labiopalatal.jpg\",\"width\":1500,\"height\":1000},{\"@type\":\"BreadcrumbList\",\"@id\":\"https:\\\/\\\/blogdacondessa.com.br\\\/blog\\\/politica\\\/hospitais-deverao-comunicar-as-entidades-de-referencia-sobre-o-nascimento-de-bebes-com-fissura-labiopalatal\\\/#breadcrumb\",\"itemListElement\":[{\"@type\":\"ListItem\",\"position\":1,\"name\":\"In\u00edcio\",\"item\":\"https:\\\/\\\/blogdacondessa.com.br\\\/blog\\\/\"},{\"@type\":\"ListItem\",\"position\":2,\"name\":\"Hospitais dever\u00e3o comunicar \u00e0s entidades de refer\u00eancia sobre o nascimento de beb\u00eas com fissura labiopalatal\"}]},{\"@type\":\"WebSite\",\"@id\":\"https:\\\/\\\/blogdacondessa.com.br\\\/blog\\\/#website\",\"url\":\"https:\\\/\\\/blogdacondessa.com.br\\\/blog\\\/\",\"name\":\"Blog da Condessa\",\"description\":\"Com Shirley de Souza O\u2019Campos\",\"potentialAction\":[{\"@type\":\"SearchAction\",\"target\":{\"@type\":\"EntryPoint\",\"urlTemplate\":\"https:\\\/\\\/blogdacondessa.com.br\\\/blog\\\/?s={search_term_string}\"},\"query-input\":{\"@type\":\"PropertyValueSpecification\",\"valueRequired\":true,\"valueName\":\"search_term_string\"}}],\"inLanguage\":\"pt-BR\"},{\"@type\":\"Person\",\"@id\":\"https:\\\/\\\/blogdacondessa.com.br\\\/blog\\\/#\\\/schema\\\/person\\\/1d667ff8b785195b568677489d266035\",\"name\":\"Blog da Condessa\",\"image\":{\"@type\":\"ImageObject\",\"inLanguage\":\"pt-BR\",\"@id\":\"https:\\\/\\\/secure.gravatar.com\\\/avatar\\\/377c0eb8b4ad2bfc25461b41564b5971e721ca34a57642868fc7b0c8ac7b52c5?s=96&d=mm&r=g\",\"url\":\"https:\\\/\\\/secure.gravatar.com\\\/avatar\\\/377c0eb8b4ad2bfc25461b41564b5971e721ca34a57642868fc7b0c8ac7b52c5?s=96&d=mm&r=g\",\"contentUrl\":\"https:\\\/\\\/secure.gravatar.com\\\/avatar\\\/377c0eb8b4ad2bfc25461b41564b5971e721ca34a57642868fc7b0c8ac7b52c5?s=96&d=mm&r=g\",\"caption\":\"Blog da Condessa\"},\"url\":\"https:\\\/\\\/blogdacondessa.com.br\\\/blog\\\/author\\\/beatriz\\\/\"}]}<\/script>\n<!-- \/ Yoast SEO plugin. -->","yoast_head_json":{"title":"Hospitais dever\u00e3o comunicar \u00e0s entidades de refer\u00eancia sobre o nascimento de beb\u00eas com fissura labiopalatal &#8902; Blog da Condessa","robots":{"index":"index","follow":"follow","max-snippet":"max-snippet:-1","max-image-preview":"max-image-preview:large","max-video-preview":"max-video-preview:-1"},"canonical":"https:\/\/blogdacondessa.com.br\/blog\/politica\/hospitais-deverao-comunicar-as-entidades-de-referencia-sobre-o-nascimento-de-bebes-com-fissura-labiopalatal\/","og_locale":"pt_BR","og_type":"article","og_title":"Hospitais dever\u00e3o comunicar \u00e0s entidades de refer\u00eancia sobre o nascimento de beb\u00eas com fissura labiopalatal &#8902; Blog da Condessa","og_description":"Agora \u00e9 lei a medida n\u00b0 6.829\/2022 que disp\u00f5e sobre a comunica\u00e7\u00e3o por hospitais de rec\u00e9m-nascidos com fissura labiopalatal \u00e0s institui\u00e7\u00f5es que especifica. De autoria do vereador Dr. Luiz Fernando (Republicanos), o objetivo \u00e9 aprimorar o servi\u00e7o de sa\u00fade do munic\u00edpio no caso espec\u00edfico do tratamento da fissura. A C\u00e2mara Municipal de Cuiab\u00e1 derrubou o [&hellip;]","og_url":"https:\/\/blogdacondessa.com.br\/blog\/politica\/hospitais-deverao-comunicar-as-entidades-de-referencia-sobre-o-nascimento-de-bebes-com-fissura-labiopalatal\/","og_site_name":"Blog da Condessa","article_published_time":"2022-06-22T09:00:57+00:00","og_image":[{"width":1500,"height":1000,"url":"https:\/\/blogdacondessa.com.br\/blog\/wp-content\/uploads\/2022\/06\/fissura-labiopalatal.jpg","type":"image\/jpeg"}],"author":"Blog da Condessa","twitter_card":"summary_large_image","twitter_misc":{"Escrito por":"Blog da Condessa","Est. tempo de leitura":"2 minutos"},"schema":{"@context":"https:\/\/schema.org","@graph":[{"@type":"Article","@id":"https:\/\/blogdacondessa.com.br\/blog\/politica\/hospitais-deverao-comunicar-as-entidades-de-referencia-sobre-o-nascimento-de-bebes-com-fissura-labiopalatal\/#article","isPartOf":{"@id":"https:\/\/blogdacondessa.com.br\/blog\/politica\/hospitais-deverao-comunicar-as-entidades-de-referencia-sobre-o-nascimento-de-bebes-com-fissura-labiopalatal\/"},"author":{"name":"Blog da Condessa","@id":"https:\/\/blogdacondessa.com.br\/blog\/#\/schema\/person\/1d667ff8b785195b568677489d266035"},"headline":"Hospitais dever\u00e3o comunicar \u00e0s entidades de refer\u00eancia sobre o nascimento de beb\u00eas com fissura labiopalatal","datePublished":"2022-06-22T09:00:57+00:00","mainEntityOfPage":{"@id":"https:\/\/blogdacondessa.com.br\/blog\/politica\/hospitais-deverao-comunicar-as-entidades-de-referencia-sobre-o-nascimento-de-bebes-com-fissura-labiopalatal\/"},"wordCount":396,"image":{"@id":"https:\/\/blogdacondessa.com.br\/blog\/politica\/hospitais-deverao-comunicar-as-entidades-de-referencia-sobre-o-nascimento-de-bebes-com-fissura-labiopalatal\/#primaryimage"},"thumbnailUrl":"https:\/\/blogdacondessa.com.br\/blog\/wp-content\/uploads\/2022\/06\/fissura-labiopalatal.jpg","articleSection":["Pol\u00edtica"],"inLanguage":"pt-BR"},{"@type":"WebPage","@id":"https:\/\/blogdacondessa.com.br\/blog\/politica\/hospitais-deverao-comunicar-as-entidades-de-referencia-sobre-o-nascimento-de-bebes-com-fissura-labiopalatal\/","url":"https:\/\/blogdacondessa.com.br\/blog\/politica\/hospitais-deverao-comunicar-as-entidades-de-referencia-sobre-o-nascimento-de-bebes-com-fissura-labiopalatal\/","name":"Hospitais dever\u00e3o comunicar \u00e0s entidades de refer\u00eancia sobre o nascimento de beb\u00eas com fissura labiopalatal &#8902; Blog da Condessa","isPartOf":{"@id":"https:\/\/blogdacondessa.com.br\/blog\/#website"},"primaryImageOfPage":{"@id":"https:\/\/blogdacondessa.com.br\/blog\/politica\/hospitais-deverao-comunicar-as-entidades-de-referencia-sobre-o-nascimento-de-bebes-com-fissura-labiopalatal\/#primaryimage"},"image":{"@id":"https:\/\/blogdacondessa.com.br\/blog\/politica\/hospitais-deverao-comunicar-as-entidades-de-referencia-sobre-o-nascimento-de-bebes-com-fissura-labiopalatal\/#primaryimage"},"thumbnailUrl":"https:\/\/blogdacondessa.com.br\/blog\/wp-content\/uploads\/2022\/06\/fissura-labiopalatal.jpg","datePublished":"2022-06-22T09:00:57+00:00","author":{"@id":"https:\/\/blogdacondessa.com.br\/blog\/#\/schema\/person\/1d667ff8b785195b568677489d266035"},"breadcrumb":{"@id":"https:\/\/blogdacondessa.com.br\/blog\/politica\/hospitais-deverao-comunicar-as-entidades-de-referencia-sobre-o-nascimento-de-bebes-com-fissura-labiopalatal\/#breadcrumb"},"inLanguage":"pt-BR","potentialAction":[{"@type":"ReadAction","target":["https:\/\/blogdacondessa.com.br\/blog\/politica\/hospitais-deverao-comunicar-as-entidades-de-referencia-sobre-o-nascimento-de-bebes-com-fissura-labiopalatal\/"]}]},{"@type":"ImageObject","inLanguage":"pt-BR","@id":"https:\/\/blogdacondessa.com.br\/blog\/politica\/hospitais-deverao-comunicar-as-entidades-de-referencia-sobre-o-nascimento-de-bebes-com-fissura-labiopalatal\/#primaryimage","url":"https:\/\/blogdacondessa.com.br\/blog\/wp-content\/uploads\/2022\/06\/fissura-labiopalatal.jpg","contentUrl":"https:\/\/blogdacondessa.com.br\/blog\/wp-content\/uploads\/2022\/06\/fissura-labiopalatal.jpg","width":1500,"height":1000},{"@type":"BreadcrumbList","@id":"https:\/\/blogdacondessa.com.br\/blog\/politica\/hospitais-deverao-comunicar-as-entidades-de-referencia-sobre-o-nascimento-de-bebes-com-fissura-labiopalatal\/#breadcrumb","itemListElement":[{"@type":"ListItem","position":1,"name":"In\u00edcio","item":"https:\/\/blogdacondessa.com.br\/blog\/"},{"@type":"ListItem","position":2,"name":"Hospitais dever\u00e3o comunicar \u00e0s entidades de refer\u00eancia sobre o nascimento de beb\u00eas com fissura labiopalatal"}]},{"@type":"WebSite","@id":"https:\/\/blogdacondessa.com.br\/blog\/#website","url":"https:\/\/blogdacondessa.com.br\/blog\/","name":"Blog da Condessa","description":"Com Shirley de Souza O\u2019Campos","potentialAction":[{"@type":"SearchAction","target":{"@type":"EntryPoint","urlTemplate":"https:\/\/blogdacondessa.com.br\/blog\/?s={search_term_string}"},"query-input":{"@type":"PropertyValueSpecification","valueRequired":true,"valueName":"search_term_string"}}],"inLanguage":"pt-BR"},{"@type":"Person","@id":"https:\/\/blogdacondessa.com.br\/blog\/#\/schema\/person\/1d667ff8b785195b568677489d266035","name":"Blog da Condessa","image":{"@type":"ImageObject","inLanguage":"pt-BR","@id":"https:\/\/secure.gravatar.com\/avatar\/377c0eb8b4ad2bfc25461b41564b5971e721ca34a57642868fc7b0c8ac7b52c5?s=96&d=mm&r=g","url":"https:\/\/secure.gravatar.com\/avatar\/377c0eb8b4ad2bfc25461b41564b5971e721ca34a57642868fc7b0c8ac7b52c5?s=96&d=mm&r=g","contentUrl":"https:\/\/secure.gravatar.com\/avatar\/377c0eb8b4ad2bfc25461b41564b5971e721ca34a57642868fc7b0c8ac7b52c5?s=96&d=mm&r=g","caption":"Blog da Condessa"},"url":"https:\/\/blogdacondessa.com.br\/blog\/author\/beatriz\/"}]}},"_links":{"self":[{"href":"https:\/\/blogdacondessa.com.br\/blog\/wp-json\/wp\/v2\/posts\/4139","targetHints":{"allow":["GET"]}}],"collection":[{"href":"https:\/\/blogdacondessa.com.br\/blog\/wp-json\/wp\/v2\/posts"}],"about":[{"href":"https:\/\/blogdacondessa.com.br\/blog\/wp-json\/wp\/v2\/types\/post"}],"author":[{"embeddable":true,"href":"https:\/\/blogdacondessa.com.br\/blog\/wp-json\/wp\/v2\/users\/2"}],"replies":[{"embeddable":true,"href":"https:\/\/blogdacondessa.com.br\/blog\/wp-json\/wp\/v2\/comments?post=4139"}],"version-history":[{"count":0,"href":"https:\/\/blogdacondessa.com.br\/blog\/wp-json\/wp\/v2\/posts\/4139\/revisions"}],"wp:featuredmedia":[{"embeddable":true,"href":"https:\/\/blogdacondessa.com.br\/blog\/wp-json\/wp\/v2\/media\/4140"}],"wp:attachment":[{"href":"https:\/\/blogdacondessa.com.br\/blog\/wp-json\/wp\/v2\/media?parent=4139"}],"wp:term":[{"taxonomy":"category","embeddable":true,"href":"https:\/\/blogdacondessa.com.br\/blog\/wp-json\/wp\/v2\/categories?post=4139"},{"taxonomy":"post_tag","embeddable":true,"href":"https:\/\/blogdacondessa.com.br\/blog\/wp-json\/wp\/v2\/tags?post=4139"}],"curies":[{"name":"wp","href":"https:\/\/api.w.org\/{rel}","templated":true}]}}