{"id":4124,"date":"2022-06-20T05:00:12","date_gmt":"2022-06-20T09:00:12","guid":{"rendered":"http:\/\/blogdacondessa.com.br\/?p=4124"},"modified":"2022-06-19T18:57:24","modified_gmt":"2022-06-19T22:57:24","slug":"comunicacao-assertiva-5-conselhos-para-cultivar-postura-clara-e-direta","status":"publish","type":"post","link":"https:\/\/blogdacondessa.com.br\/blog\/cotidiano\/comunicacao-assertiva-5-conselhos-para-cultivar-postura-clara-e-direta\/","title":{"rendered":"Comunica\u00e7\u00e3o assertiva: 5 conselhos para cultivar postura clara e direta"},"content":{"rendered":"<p>Espero que voc\u00ea n\u00e3o se importe que eu diga isso&#8230; Sinto muito incomod\u00e1-lo&#8230; Desculpe, tenho muito o que fazer, mas se voc\u00ea quiser&#8230;<\/p>\n<p>Essas s\u00e3o frases cl\u00e1ssicas que costumam ser usadas quando pedimos ou expressamos o que queremos de maneira pouco clara ou de forma indireta \u2014 e, h\u00e1 mais de quatro d\u00e9cadas, objeto de estudo da psic\u00f3loga e escritora Anne Dickson, que ensina o poder da comunica\u00e7\u00e3o assertiva.<\/p>\n<p>Em suas pr\u00f3prias palavras, a comunica\u00e7\u00e3o assertiva \u00e9 aquela &#8220;direta e clara, mas n\u00e3o violenta&#8221;. &#8220;Isso \u00e9 importante. Voc\u00ea n\u00e3o anula, diminui ou menospreza algu\u00e9m, mas se comunica colocando suas necessidades e \u00e0s do interlocutor como iguais.&#8221;<\/p>\n<p>&#8220;Significa que voc\u00ea deve assumir responsabilidade pelo que quer e ter clareza sobre isso&#8221;, acrescenta a psic\u00f3loga.<\/p>\n<p>&#8220;Imagine que algu\u00e9m o criticou \u2014 ningu\u00e9m gosta de ser criticado \u2014 e colocou um r\u00f3tulo em voc\u00ea: que voc\u00ea colabora pouco, por exemplo&#8221;, ilustra ela. &#8220;Uma op\u00e7\u00e3o \u00e9 reagir abruptamente e ficar na defensiva, atacar a outra pessoa, apontar suas falhas. E a\u00ed voc\u00ea se envolve em uma pequena batalha.&#8221;<\/p>\n<p>&#8220;Outra op\u00e7\u00e3o seria dizer: &#8216;N\u00e3o concordo muito que eu n\u00e3o esteja cooperando. \u00c9 muito gen\u00e9rico. Estou interessado no que voc\u00ea quer dizer, mas voc\u00ea pode ser mais espec\u00edfico?'&#8221;<\/p>\n<p>&#8220;Esse \u00e9 apenas um exemplo \u2014 voc\u00ea mant\u00e9m um di\u00e1logo em vez de simplesmente encerrar a conversa\u201d. Isso n\u00e3o significa que voc\u00ea deixe seus sentimentos de lado, enfatiza a especialista. Estar consciente sobre eles &#8220;\u00e9 uma parte muito importante, porque, se n\u00e3o o fizermos, tendemos a distorcer nossa linguagem corporal ou tom de voz, a maneira como olhamos para algu\u00e9m \u2014 e esse tipo de coisa comunica tr\u00eas quartos do que expressamos, n\u00e3o apenas palavras.&#8221;<\/p>\n<p>Assim, a especialista compartilha 5 dicas r\u00e1pidas para melhorar a assertividade da nossa comunica\u00e7\u00e3o.<\/p>\n<p><strong>1) D\u00ea espa\u00e7o a si mesmo para refletir<\/strong><\/p>\n<p>&#8220;Muitas vezes \u00e9 dif\u00edcil para n\u00f3s dizer &#8216;n\u00e3o&#8217; de cara quando algu\u00e9m nos pede alguma coisa&#8221;, diz Dickson. &#8220;Em vez de balbuciar algo vago ou concordar com algo que voc\u00ea n\u00e3o quer fazer e depois ter que inventar uma desculpa, d\u00ea tempo a si mesmo. Se voc\u00ea sentir alguma hesita\u00e7\u00e3o quando perguntado sobre algo, diga claramente: &#8216;Eu n\u00e3o sei. Eu gostaria de uma hora (um dia ou uma semana) para pensar sobre isso.&#8221;<\/p>\n<p>&#8220;Dessa forma, voc\u00ea tem uma chance de elaborar melhor sua resposta sem a press\u00e3o do momento.&#8221;<\/p>\n<p><strong>2) Reconhe\u00e7a seus sentimentos<\/strong><\/p>\n<p>&#8220;Aprenda a identificar e reconhecer um sentimento (ansiedade, desconforto, raiva, dor) sem se autocensurar. Reconhecer seus sentimentos \u00e9 um primeiro passo importante na comunica\u00e7\u00e3o assertiva, porque fingir n\u00e3o sentir algo enfraquece e distorce o que voc\u00ea quer dizer.&#8221;<\/p>\n<p>&#8220;Depois de fazer isso, voc\u00ea pode aprender a expressar seus sentimentos em palavras.&#8221;<\/p>\n<p><strong>3) Ou\u00e7a o que sua intui\u00e7\u00e3o lhe diz<\/strong><\/p>\n<p>&#8220;Se sua intui\u00e7\u00e3o lhe diz que voc\u00ea n\u00e3o pode confiar em uma pessoa ou situa\u00e7\u00e3o, essa \u00e9 a sua realidade.&#8221;<\/p>\n<p>&#8220;Confie em sua voz interior em vez de dizer a si mesmo que voc\u00ea deve ser racional ou se apegar a uma fantasia que voc\u00ea gostaria que fosse real.&#8221;<\/p>\n<p><strong>4) N\u00e3o tente ser querido o tempo todo<\/strong><\/p>\n<p>&#8220;A necessidade de aprova\u00e7\u00e3o mina nossa autoridade.&#8221;<\/p>\n<p>&#8220;Sair de uma situa\u00e7\u00e3o com seu respeito pr\u00f3prio preservado tamb\u00e9m inspirar\u00e1 respeito nos outros, o que em muitas situa\u00e7\u00f5es \u00e9 mais apropriado do que fazer com que as pessoas gostem de voc\u00ea o tempo todo.&#8221;<\/p>\n<p>&#8220;Pratique o exerc\u00edcio da autoridade de forma n\u00e3o-agressiva. Quando voc\u00ea emite decis\u00f5es, d\u00e1 instru\u00e7\u00f5es ou faz cr\u00edticas com clareza, um compromisso com a igualdade significa dar \u00e0 outra pessoa o espa\u00e7o para expressar sua resposta ao que voc\u00ea diz.&#8221;<\/p>\n<p><strong>5) Espere at\u00e9 ter aten\u00e7\u00e3o plena<\/strong><\/p>\n<p>&#8220;Nunca comece a falar com algu\u00e9m enquanto est\u00e1 olhando para uma tela, est\u00e1 ao telefone, lendo um jornal ou conversando com outra pessoa \u2014 ou seja, quando n\u00e3o est\u00e1 prestando aten\u00e7\u00e3o em voc\u00ea.&#8221;<\/p>\n<p>&#8220;\u00c9 preciso pr\u00e1tica, e voc\u00ea provavelmente vai se sentir desconfort\u00e1vel enquanto espera. Mas se come\u00e7ar a falar enquanto a aten\u00e7\u00e3o de algu\u00e9m est\u00e1 em outro lugar, isso envia uma mensagem sutil de que o que voc\u00ea est\u00e1 dizendo n\u00e3o vale a pena ouvir.&#8221;<\/p>\n<p><strong>Uma ferramenta poderosa<\/strong><\/p>\n<p>Dickson come\u00e7ou a trabalhar com esse tema no in\u00edcio dos anos 1980, quando muitas mulheres viviam com medo de serem rotuladas de dominadoras, m\u00e1s ou irritantes quando expressavam o que queriam, fosse um aumento de sal\u00e1rio ou um pedido de ajuda ao parceiro nas tarefas dom\u00e9sticas. Seu livro\u00a0A Woman in Your Own Right\u00a0(&#8220;Uma Mulher em Seu Pr\u00f3prio Direito&#8221;, em tradu\u00e7\u00e3o literal) se tornou um cl\u00e1ssico da literatura feminista e foi reeditado v\u00e1rias vezes desde ent\u00e3o.<\/p>\n<p>Mas ser\u00e1 que a comunica\u00e7\u00e3o assertiva ainda \u00e9 uma habilidade que as mulheres precisam aprender, agora que parecem mais confiantes?<\/p>\n<p>&#8220;O que falta ainda \u00e9 uma compreens\u00e3o de como lidar com as coisas quando elas acontecem&#8221;, disse ela \u00e0 BBC.<\/p>\n<p>&#8220;Uma coisa \u00e9 se sentir confiante nas redes sociais e promover sua imagem. Mas n\u00e3o importa a sua idade, voc\u00ea ainda enfrenta uma situa\u00e7\u00e3o estrutural.&#8221;<\/p>\n<p>&#8220;Digamos, por exemplo, que uma mulher esteja no topo de sua profiss\u00e3o &#8211; talvez ela seja uma m\u00e9dica de muito sucesso. Mas, quando confrontada com um colega ou chefe, ela pode se sentir intimidada, desconfort\u00e1vel, sem saber o que dizer.&#8221;<\/p>\n<p>&#8220;Por qu\u00ea? Porque o homem nunca ter\u00e1 d\u00favidas sobre seu direito de estar no topo, j\u00e1 que ele tem s\u00e9culos de tradi\u00e7\u00e3o atr\u00e1s de si. E uma mulher mais jovem, mesmo que tenha sido criada com um senso de g\u00eanero muito mais igualit\u00e1rio, ainda pode entrar em um emprego em que se desdenha de seutrabalho ou se pede que ela fa\u00e7a atividades menores em vez da fun\u00e7\u00e3o para a qual foi contratada.&#8221;<\/p>\n<p>&#8220;Uma das coisas mais empoderadoras \u00e9 saber lidar com situa\u00e7\u00f5es como essas.&#8221; (BBC Radio 4)<\/p>\n","protected":false},"excerpt":{"rendered":"<p>Espero que voc\u00ea n\u00e3o se importe que eu diga isso&#8230; Sinto muito incomod\u00e1-lo&#8230; Desculpe, tenho muito o que fazer, mas se voc\u00ea quiser&#8230; Essas s\u00e3o frases cl\u00e1ssicas que costumam ser usadas quando pedimos ou expressamos o que queremos de maneira pouco clara ou de forma indireta \u2014 e, h\u00e1 mais de quatro d\u00e9cadas, objeto de [&hellip;]<\/p>\n","protected":false},"author":2,"featured_media":4125,"comment_status":"closed","ping_status":"closed","sticky":false,"template":"","format":"standard","meta":{"iawp_total_views":1,"footnotes":""},"categories":[24],"tags":[],"class_list":["post-4124","post","type-post","status-publish","format-standard","has-post-thumbnail","hentry","category-cotidiano"],"yoast_head":"<!-- This site is optimized with the Yoast SEO plugin v27.3 - https:\/\/yoast.com\/product\/yoast-seo-wordpress\/ -->\n<title>Comunica\u00e7\u00e3o assertiva: 5 conselhos para cultivar postura clara e direta &#8902; Blog da Condessa<\/title>\n<meta name=\"robots\" content=\"index, follow, max-snippet:-1, max-image-preview:large, max-video-preview:-1\" \/>\n<link rel=\"canonical\" href=\"https:\/\/blogdacondessa.com.br\/blog\/cotidiano\/comunicacao-assertiva-5-conselhos-para-cultivar-postura-clara-e-direta\/\" \/>\n<meta property=\"og:locale\" content=\"pt_BR\" \/>\n<meta property=\"og:type\" content=\"article\" \/>\n<meta property=\"og:title\" content=\"Comunica\u00e7\u00e3o assertiva: 5 conselhos para cultivar postura clara e direta &#8902; Blog da Condessa\" \/>\n<meta property=\"og:description\" content=\"Espero que voc\u00ea n\u00e3o se importe que eu diga isso&#8230; Sinto muito incomod\u00e1-lo&#8230; Desculpe, tenho muito o que fazer, mas se voc\u00ea quiser&#8230; Essas s\u00e3o frases cl\u00e1ssicas que costumam ser usadas quando pedimos ou expressamos o que queremos de maneira pouco clara ou de forma indireta \u2014 e, h\u00e1 mais de quatro d\u00e9cadas, objeto de [&hellip;]\" \/>\n<meta property=\"og:url\" content=\"https:\/\/blogdacondessa.com.br\/blog\/cotidiano\/comunicacao-assertiva-5-conselhos-para-cultivar-postura-clara-e-direta\/\" \/>\n<meta property=\"og:site_name\" content=\"Blog da Condessa\" \/>\n<meta property=\"article:published_time\" content=\"2022-06-20T09:00:12+00:00\" \/>\n<meta property=\"og:image\" content=\"https:\/\/blogdacondessa.com.br\/blog\/wp-content\/uploads\/2022\/06\/comunicacao-assertiva.webp\" \/>\n\t<meta property=\"og:image:width\" content=\"800\" \/>\n\t<meta property=\"og:image:height\" content=\"450\" \/>\n\t<meta property=\"og:image:type\" content=\"image\/webp\" \/>\n<meta name=\"author\" content=\"Blog da Condessa\" \/>\n<meta name=\"twitter:card\" content=\"summary_large_image\" \/>\n<meta name=\"twitter:label1\" content=\"Escrito por\" \/>\n\t<meta name=\"twitter:data1\" content=\"Blog da Condessa\" \/>\n\t<meta name=\"twitter:label2\" content=\"Est. tempo de leitura\" \/>\n\t<meta name=\"twitter:data2\" content=\"6 minutos\" \/>\n<script type=\"application\/ld+json\" class=\"yoast-schema-graph\">{\"@context\":\"https:\\\/\\\/schema.org\",\"@graph\":[{\"@type\":\"Article\",\"@id\":\"https:\\\/\\\/blogdacondessa.com.br\\\/blog\\\/cotidiano\\\/comunicacao-assertiva-5-conselhos-para-cultivar-postura-clara-e-direta\\\/#article\",\"isPartOf\":{\"@id\":\"https:\\\/\\\/blogdacondessa.com.br\\\/blog\\\/cotidiano\\\/comunicacao-assertiva-5-conselhos-para-cultivar-postura-clara-e-direta\\\/\"},\"author\":{\"name\":\"Blog da Condessa\",\"@id\":\"https:\\\/\\\/blogdacondessa.com.br\\\/blog\\\/#\\\/schema\\\/person\\\/1d667ff8b785195b568677489d266035\"},\"headline\":\"Comunica\u00e7\u00e3o assertiva: 5 conselhos para cultivar postura clara e direta\",\"datePublished\":\"2022-06-20T09:00:12+00:00\",\"mainEntityOfPage\":{\"@id\":\"https:\\\/\\\/blogdacondessa.com.br\\\/blog\\\/cotidiano\\\/comunicacao-assertiva-5-conselhos-para-cultivar-postura-clara-e-direta\\\/\"},\"wordCount\":1018,\"image\":{\"@id\":\"https:\\\/\\\/blogdacondessa.com.br\\\/blog\\\/cotidiano\\\/comunicacao-assertiva-5-conselhos-para-cultivar-postura-clara-e-direta\\\/#primaryimage\"},\"thumbnailUrl\":\"https:\\\/\\\/blogdacondessa.com.br\\\/blog\\\/wp-content\\\/uploads\\\/2022\\\/06\\\/comunicacao-assertiva.webp\",\"articleSection\":[\"Cotidiano\"],\"inLanguage\":\"pt-BR\"},{\"@type\":\"WebPage\",\"@id\":\"https:\\\/\\\/blogdacondessa.com.br\\\/blog\\\/cotidiano\\\/comunicacao-assertiva-5-conselhos-para-cultivar-postura-clara-e-direta\\\/\",\"url\":\"https:\\\/\\\/blogdacondessa.com.br\\\/blog\\\/cotidiano\\\/comunicacao-assertiva-5-conselhos-para-cultivar-postura-clara-e-direta\\\/\",\"name\":\"Comunica\u00e7\u00e3o assertiva: 5 conselhos para cultivar postura clara e direta &#8902; Blog da Condessa\",\"isPartOf\":{\"@id\":\"https:\\\/\\\/blogdacondessa.com.br\\\/blog\\\/#website\"},\"primaryImageOfPage\":{\"@id\":\"https:\\\/\\\/blogdacondessa.com.br\\\/blog\\\/cotidiano\\\/comunicacao-assertiva-5-conselhos-para-cultivar-postura-clara-e-direta\\\/#primaryimage\"},\"image\":{\"@id\":\"https:\\\/\\\/blogdacondessa.com.br\\\/blog\\\/cotidiano\\\/comunicacao-assertiva-5-conselhos-para-cultivar-postura-clara-e-direta\\\/#primaryimage\"},\"thumbnailUrl\":\"https:\\\/\\\/blogdacondessa.com.br\\\/blog\\\/wp-content\\\/uploads\\\/2022\\\/06\\\/comunicacao-assertiva.webp\",\"datePublished\":\"2022-06-20T09:00:12+00:00\",\"author\":{\"@id\":\"https:\\\/\\\/blogdacondessa.com.br\\\/blog\\\/#\\\/schema\\\/person\\\/1d667ff8b785195b568677489d266035\"},\"breadcrumb\":{\"@id\":\"https:\\\/\\\/blogdacondessa.com.br\\\/blog\\\/cotidiano\\\/comunicacao-assertiva-5-conselhos-para-cultivar-postura-clara-e-direta\\\/#breadcrumb\"},\"inLanguage\":\"pt-BR\",\"potentialAction\":[{\"@type\":\"ReadAction\",\"target\":[\"https:\\\/\\\/blogdacondessa.com.br\\\/blog\\\/cotidiano\\\/comunicacao-assertiva-5-conselhos-para-cultivar-postura-clara-e-direta\\\/\"]}]},{\"@type\":\"ImageObject\",\"inLanguage\":\"pt-BR\",\"@id\":\"https:\\\/\\\/blogdacondessa.com.br\\\/blog\\\/cotidiano\\\/comunicacao-assertiva-5-conselhos-para-cultivar-postura-clara-e-direta\\\/#primaryimage\",\"url\":\"https:\\\/\\\/blogdacondessa.com.br\\\/blog\\\/wp-content\\\/uploads\\\/2022\\\/06\\\/comunicacao-assertiva.webp\",\"contentUrl\":\"https:\\\/\\\/blogdacondessa.com.br\\\/blog\\\/wp-content\\\/uploads\\\/2022\\\/06\\\/comunicacao-assertiva.webp\",\"width\":800,\"height\":450,\"caption\":\"Foto: Getty Imagens\"},{\"@type\":\"BreadcrumbList\",\"@id\":\"https:\\\/\\\/blogdacondessa.com.br\\\/blog\\\/cotidiano\\\/comunicacao-assertiva-5-conselhos-para-cultivar-postura-clara-e-direta\\\/#breadcrumb\",\"itemListElement\":[{\"@type\":\"ListItem\",\"position\":1,\"name\":\"In\u00edcio\",\"item\":\"https:\\\/\\\/blogdacondessa.com.br\\\/blog\\\/\"},{\"@type\":\"ListItem\",\"position\":2,\"name\":\"Comunica\u00e7\u00e3o assertiva: 5 conselhos para cultivar postura clara e direta\"}]},{\"@type\":\"WebSite\",\"@id\":\"https:\\\/\\\/blogdacondessa.com.br\\\/blog\\\/#website\",\"url\":\"https:\\\/\\\/blogdacondessa.com.br\\\/blog\\\/\",\"name\":\"Blog da Condessa\",\"description\":\"Com Shirley de Souza O\u2019Campos\",\"potentialAction\":[{\"@type\":\"SearchAction\",\"target\":{\"@type\":\"EntryPoint\",\"urlTemplate\":\"https:\\\/\\\/blogdacondessa.com.br\\\/blog\\\/?s={search_term_string}\"},\"query-input\":{\"@type\":\"PropertyValueSpecification\",\"valueRequired\":true,\"valueName\":\"search_term_string\"}}],\"inLanguage\":\"pt-BR\"},{\"@type\":\"Person\",\"@id\":\"https:\\\/\\\/blogdacondessa.com.br\\\/blog\\\/#\\\/schema\\\/person\\\/1d667ff8b785195b568677489d266035\",\"name\":\"Blog da Condessa\",\"image\":{\"@type\":\"ImageObject\",\"inLanguage\":\"pt-BR\",\"@id\":\"https:\\\/\\\/secure.gravatar.com\\\/avatar\\\/377c0eb8b4ad2bfc25461b41564b5971e721ca34a57642868fc7b0c8ac7b52c5?s=96&d=mm&r=g\",\"url\":\"https:\\\/\\\/secure.gravatar.com\\\/avatar\\\/377c0eb8b4ad2bfc25461b41564b5971e721ca34a57642868fc7b0c8ac7b52c5?s=96&d=mm&r=g\",\"contentUrl\":\"https:\\\/\\\/secure.gravatar.com\\\/avatar\\\/377c0eb8b4ad2bfc25461b41564b5971e721ca34a57642868fc7b0c8ac7b52c5?s=96&d=mm&r=g\",\"caption\":\"Blog da Condessa\"},\"url\":\"https:\\\/\\\/blogdacondessa.com.br\\\/blog\\\/author\\\/beatriz\\\/\"}]}<\/script>\n<!-- \/ Yoast SEO plugin. -->","yoast_head_json":{"title":"Comunica\u00e7\u00e3o assertiva: 5 conselhos para cultivar postura clara e direta &#8902; Blog da Condessa","robots":{"index":"index","follow":"follow","max-snippet":"max-snippet:-1","max-image-preview":"max-image-preview:large","max-video-preview":"max-video-preview:-1"},"canonical":"https:\/\/blogdacondessa.com.br\/blog\/cotidiano\/comunicacao-assertiva-5-conselhos-para-cultivar-postura-clara-e-direta\/","og_locale":"pt_BR","og_type":"article","og_title":"Comunica\u00e7\u00e3o assertiva: 5 conselhos para cultivar postura clara e direta &#8902; Blog da Condessa","og_description":"Espero que voc\u00ea n\u00e3o se importe que eu diga isso&#8230; Sinto muito incomod\u00e1-lo&#8230; Desculpe, tenho muito o que fazer, mas se voc\u00ea quiser&#8230; Essas s\u00e3o frases cl\u00e1ssicas que costumam ser usadas quando pedimos ou expressamos o que queremos de maneira pouco clara ou de forma indireta \u2014 e, h\u00e1 mais de quatro d\u00e9cadas, objeto de [&hellip;]","og_url":"https:\/\/blogdacondessa.com.br\/blog\/cotidiano\/comunicacao-assertiva-5-conselhos-para-cultivar-postura-clara-e-direta\/","og_site_name":"Blog da Condessa","article_published_time":"2022-06-20T09:00:12+00:00","og_image":[{"width":800,"height":450,"url":"https:\/\/blogdacondessa.com.br\/blog\/wp-content\/uploads\/2022\/06\/comunicacao-assertiva.webp","type":"image\/webp"}],"author":"Blog da Condessa","twitter_card":"summary_large_image","twitter_misc":{"Escrito por":"Blog da Condessa","Est. tempo de leitura":"6 minutos"},"schema":{"@context":"https:\/\/schema.org","@graph":[{"@type":"Article","@id":"https:\/\/blogdacondessa.com.br\/blog\/cotidiano\/comunicacao-assertiva-5-conselhos-para-cultivar-postura-clara-e-direta\/#article","isPartOf":{"@id":"https:\/\/blogdacondessa.com.br\/blog\/cotidiano\/comunicacao-assertiva-5-conselhos-para-cultivar-postura-clara-e-direta\/"},"author":{"name":"Blog da Condessa","@id":"https:\/\/blogdacondessa.com.br\/blog\/#\/schema\/person\/1d667ff8b785195b568677489d266035"},"headline":"Comunica\u00e7\u00e3o assertiva: 5 conselhos para cultivar postura clara e direta","datePublished":"2022-06-20T09:00:12+00:00","mainEntityOfPage":{"@id":"https:\/\/blogdacondessa.com.br\/blog\/cotidiano\/comunicacao-assertiva-5-conselhos-para-cultivar-postura-clara-e-direta\/"},"wordCount":1018,"image":{"@id":"https:\/\/blogdacondessa.com.br\/blog\/cotidiano\/comunicacao-assertiva-5-conselhos-para-cultivar-postura-clara-e-direta\/#primaryimage"},"thumbnailUrl":"https:\/\/blogdacondessa.com.br\/blog\/wp-content\/uploads\/2022\/06\/comunicacao-assertiva.webp","articleSection":["Cotidiano"],"inLanguage":"pt-BR"},{"@type":"WebPage","@id":"https:\/\/blogdacondessa.com.br\/blog\/cotidiano\/comunicacao-assertiva-5-conselhos-para-cultivar-postura-clara-e-direta\/","url":"https:\/\/blogdacondessa.com.br\/blog\/cotidiano\/comunicacao-assertiva-5-conselhos-para-cultivar-postura-clara-e-direta\/","name":"Comunica\u00e7\u00e3o assertiva: 5 conselhos para cultivar postura clara e direta &#8902; Blog da Condessa","isPartOf":{"@id":"https:\/\/blogdacondessa.com.br\/blog\/#website"},"primaryImageOfPage":{"@id":"https:\/\/blogdacondessa.com.br\/blog\/cotidiano\/comunicacao-assertiva-5-conselhos-para-cultivar-postura-clara-e-direta\/#primaryimage"},"image":{"@id":"https:\/\/blogdacondessa.com.br\/blog\/cotidiano\/comunicacao-assertiva-5-conselhos-para-cultivar-postura-clara-e-direta\/#primaryimage"},"thumbnailUrl":"https:\/\/blogdacondessa.com.br\/blog\/wp-content\/uploads\/2022\/06\/comunicacao-assertiva.webp","datePublished":"2022-06-20T09:00:12+00:00","author":{"@id":"https:\/\/blogdacondessa.com.br\/blog\/#\/schema\/person\/1d667ff8b785195b568677489d266035"},"breadcrumb":{"@id":"https:\/\/blogdacondessa.com.br\/blog\/cotidiano\/comunicacao-assertiva-5-conselhos-para-cultivar-postura-clara-e-direta\/#breadcrumb"},"inLanguage":"pt-BR","potentialAction":[{"@type":"ReadAction","target":["https:\/\/blogdacondessa.com.br\/blog\/cotidiano\/comunicacao-assertiva-5-conselhos-para-cultivar-postura-clara-e-direta\/"]}]},{"@type":"ImageObject","inLanguage":"pt-BR","@id":"https:\/\/blogdacondessa.com.br\/blog\/cotidiano\/comunicacao-assertiva-5-conselhos-para-cultivar-postura-clara-e-direta\/#primaryimage","url":"https:\/\/blogdacondessa.com.br\/blog\/wp-content\/uploads\/2022\/06\/comunicacao-assertiva.webp","contentUrl":"https:\/\/blogdacondessa.com.br\/blog\/wp-content\/uploads\/2022\/06\/comunicacao-assertiva.webp","width":800,"height":450,"caption":"Foto: Getty Imagens"},{"@type":"BreadcrumbList","@id":"https:\/\/blogdacondessa.com.br\/blog\/cotidiano\/comunicacao-assertiva-5-conselhos-para-cultivar-postura-clara-e-direta\/#breadcrumb","itemListElement":[{"@type":"ListItem","position":1,"name":"In\u00edcio","item":"https:\/\/blogdacondessa.com.br\/blog\/"},{"@type":"ListItem","position":2,"name":"Comunica\u00e7\u00e3o assertiva: 5 conselhos para cultivar postura clara e direta"}]},{"@type":"WebSite","@id":"https:\/\/blogdacondessa.com.br\/blog\/#website","url":"https:\/\/blogdacondessa.com.br\/blog\/","name":"Blog da Condessa","description":"Com Shirley de Souza O\u2019Campos","potentialAction":[{"@type":"SearchAction","target":{"@type":"EntryPoint","urlTemplate":"https:\/\/blogdacondessa.com.br\/blog\/?s={search_term_string}"},"query-input":{"@type":"PropertyValueSpecification","valueRequired":true,"valueName":"search_term_string"}}],"inLanguage":"pt-BR"},{"@type":"Person","@id":"https:\/\/blogdacondessa.com.br\/blog\/#\/schema\/person\/1d667ff8b785195b568677489d266035","name":"Blog da Condessa","image":{"@type":"ImageObject","inLanguage":"pt-BR","@id":"https:\/\/secure.gravatar.com\/avatar\/377c0eb8b4ad2bfc25461b41564b5971e721ca34a57642868fc7b0c8ac7b52c5?s=96&d=mm&r=g","url":"https:\/\/secure.gravatar.com\/avatar\/377c0eb8b4ad2bfc25461b41564b5971e721ca34a57642868fc7b0c8ac7b52c5?s=96&d=mm&r=g","contentUrl":"https:\/\/secure.gravatar.com\/avatar\/377c0eb8b4ad2bfc25461b41564b5971e721ca34a57642868fc7b0c8ac7b52c5?s=96&d=mm&r=g","caption":"Blog da Condessa"},"url":"https:\/\/blogdacondessa.com.br\/blog\/author\/beatriz\/"}]}},"_links":{"self":[{"href":"https:\/\/blogdacondessa.com.br\/blog\/wp-json\/wp\/v2\/posts\/4124","targetHints":{"allow":["GET"]}}],"collection":[{"href":"https:\/\/blogdacondessa.com.br\/blog\/wp-json\/wp\/v2\/posts"}],"about":[{"href":"https:\/\/blogdacondessa.com.br\/blog\/wp-json\/wp\/v2\/types\/post"}],"author":[{"embeddable":true,"href":"https:\/\/blogdacondessa.com.br\/blog\/wp-json\/wp\/v2\/users\/2"}],"replies":[{"embeddable":true,"href":"https:\/\/blogdacondessa.com.br\/blog\/wp-json\/wp\/v2\/comments?post=4124"}],"version-history":[{"count":0,"href":"https:\/\/blogdacondessa.com.br\/blog\/wp-json\/wp\/v2\/posts\/4124\/revisions"}],"wp:featuredmedia":[{"embeddable":true,"href":"https:\/\/blogdacondessa.com.br\/blog\/wp-json\/wp\/v2\/media\/4125"}],"wp:attachment":[{"href":"https:\/\/blogdacondessa.com.br\/blog\/wp-json\/wp\/v2\/media?parent=4124"}],"wp:term":[{"taxonomy":"category","embeddable":true,"href":"https:\/\/blogdacondessa.com.br\/blog\/wp-json\/wp\/v2\/categories?post=4124"},{"taxonomy":"post_tag","embeddable":true,"href":"https:\/\/blogdacondessa.com.br\/blog\/wp-json\/wp\/v2\/tags?post=4124"}],"curies":[{"name":"wp","href":"https:\/\/api.w.org\/{rel}","templated":true}]}}