{"id":4061,"date":"2022-06-13T05:00:23","date_gmt":"2022-06-13T09:00:23","guid":{"rendered":"http:\/\/blogdacondessa.com.br\/?p=4061"},"modified":"2022-06-13T12:37:02","modified_gmt":"2022-06-13T16:37:02","slug":"encontro-juridico-ira-avaliar-as-lutas-e-o-protagonismo-feminino-na-historia","status":"publish","type":"post","link":"https:\/\/blogdacondessa.com.br\/blog\/juridico\/encontro-juridico-ira-avaliar-as-lutas-e-o-protagonismo-feminino-na-historia\/","title":{"rendered":"Encontro jur\u00eddico ir\u00e1 avaliar as lutas e o protagonismo feminino na hist\u00f3ria"},"content":{"rendered":"<p>Nos dias 23 e 24 de junho, em Barra do Gar\u00e7as, 513 km de Cuiab\u00e1, acontece o VIII Encontro da Associa\u00e7\u00e3o Brasileira de Mulheres de Carreira Jur\u00eddica (ABMCJ) da Regi\u00e3o Centro-Oeste, com o tema \u201cLutas e Reivindica\u00e7\u00f5es &#8211; O Protagonismo das Mulheres\u201d. O evento tem apoio da Defensoria P\u00fablica de Mato Grosso e coordena\u00e7\u00e3o geral da defensora p\u00fablica, Lindalva de F\u00e1tima Ramos.<\/p>\n<p>O VII Encontro ser\u00e1 no formato h\u00edbrido, presencial e virtual, com transmiss\u00e3o pelo canal do\u00a0<a href=\"https:\/\/www.youtube.com\/channel\/UC0xkCXZA3dAO1UFq_4xqSkg\">Youtube<\/a>\u00a0da ABMCJ Nacional. A defensora informa que a expectativa \u00e9 de reunir 120 pessoas presencialmente e cerca de 2 mil virtualmente. As inscri\u00e7\u00f5es s\u00e3o gratuitas e para quem vai participar presencialmente, podem ser feitas ao clicar\u00a0no https:\/\/www.sympla.com.br\/evento\/viii-encontro-da-abmcj-regiao-centro-oeste\/1557365.\u00a0Ap\u00f3s abrir a p\u00e1gina,\u00a0v\u00e1 at\u00e9 o\u00a0canto direito, onde est\u00e1 escrito ingresso,\u00a0clique no sinal de (+) e depois no bot\u00e3o continuar para abrir e preencher o formul\u00e1rio.<\/p>\n<p>O encontro ter\u00e1 palestras, pain\u00e9is, debates e apresenta\u00e7\u00f5es que abordar\u00e3o a tem\u00e1tica da luta e protagonismo da mulher. A abertura ser\u00e1 na noite do dia 23 de junho, \u00e0s 19h, no Centro de Cultura e Artes Valdon Varj\u00e3o; avenida Ant\u00f4nio Paulo da Costa Bilego, bairro: Jardim Mariano, em Barra do Gar\u00e7as.<\/p>\n<p>Lindalva informa que os temas do evento foram escolhidos para possibilitar uma an\u00e1lise do ponto de vista hist\u00f3rico, social e qualitativo da participa\u00e7\u00e3o da mulher na sociedade. \u201cMuito se fala das conquistas das mulheres ao longo dos anos, mas \u00e9 preciso parar e fazer um balan\u00e7o, ver como est\u00e1 caminhando essa hist\u00f3ria, o que temos de positivo, de negativo, fazer o contrapeso e etc. Onde fomos, onde estamos, onde vamos, quem sou e como estou, quem serei, como estarei?\u201d, disse.<\/p>\n<p>Ela afirma ainda que existem espa\u00e7os a serem preenchidos pelas mulheres. \u201cEsse cotejo de fatos, informa\u00e7\u00f5es, constru\u00e7\u00f5es e realiza\u00e7\u00f5es, bem ainda, as frestas a serem preenchidas no campo da igualdade de g\u00eanero, ser\u00e3o foco de debate nesse VIII Encontro Nacional da ABMCJ &#8211; Regi\u00e3o Centro-Oeste. E por isso, acreditamos que todos devem participar\u201d, convida a defensora.<\/p>\n<p>A palestra magna est\u00e1 marcada para \u00e0s 20h30 do dia 23 de junho e ser\u00e1 feita pela ju\u00edza\u00a0 Amini Haddad de Campos sobre: Mulheres nos Espa\u00e7os de Poder e Decis\u00e3o.<\/p>\n<p>Na manh\u00e3 do dia seguinte, a partir das 8h30, um painel apresentar\u00e1 informa\u00e7\u00f5es sobre os 200 anos de independ\u00eancia do Brasil e a participa\u00e7\u00e3o da mulher na sociedade ao longo desse per\u00edodo. O painel ser\u00e1 conduzido pela professora Maysa Bergamo e pela doutora em hist\u00f3ria social pela Universidade de S\u00e3o Paulo (USP), Marinete Aparecida Zacharias Rodrigues.<\/p>\n<p>A defensora lembra que a escolha de Barra do Gar\u00e7as como local para sediar o evento foi feita por causa da atua\u00e7\u00e3o da Defensoria P\u00fablica na defesa da mulher no munic\u00edpio, por meio de a\u00e7\u00f5es e atua\u00e7\u00f5es na Rede de Enfrentamento \u00e0 Viol\u00eancia Dom\u00e9stica contra a Mulher de Barra do Gar\u00e7as e Pontal do Araguaia.<\/p>\n","protected":false},"excerpt":{"rendered":"<p>Nos dias 23 e 24 de junho, em Barra do Gar\u00e7as, 513 km de Cuiab\u00e1, acontece o VIII Encontro da Associa\u00e7\u00e3o Brasileira de Mulheres de Carreira Jur\u00eddica (ABMCJ) da Regi\u00e3o Centro-Oeste, com o tema \u201cLutas e Reivindica\u00e7\u00f5es &#8211; O Protagonismo das Mulheres\u201d. O evento tem apoio da Defensoria P\u00fablica de Mato Grosso e coordena\u00e7\u00e3o geral [&hellip;]<\/p>\n","protected":false},"author":2,"featured_media":4062,"comment_status":"closed","ping_status":"closed","sticky":false,"template":"","format":"standard","meta":{"iawp_total_views":0,"footnotes":""},"categories":[26],"tags":[],"class_list":["post-4061","post","type-post","status-publish","format-standard","has-post-thumbnail","hentry","category-juridico"],"yoast_head":"<!-- This site is optimized with the Yoast SEO plugin v27.3 - https:\/\/yoast.com\/product\/yoast-seo-wordpress\/ -->\n<title>Encontro jur\u00eddico ir\u00e1 avaliar as lutas e o protagonismo feminino na hist\u00f3ria &#8902; Blog da Condessa<\/title>\n<meta name=\"robots\" content=\"index, follow, max-snippet:-1, max-image-preview:large, max-video-preview:-1\" \/>\n<link rel=\"canonical\" href=\"https:\/\/blogdacondessa.com.br\/blog\/juridico\/encontro-juridico-ira-avaliar-as-lutas-e-o-protagonismo-feminino-na-historia\/\" \/>\n<meta property=\"og:locale\" content=\"pt_BR\" \/>\n<meta property=\"og:type\" content=\"article\" \/>\n<meta property=\"og:title\" content=\"Encontro jur\u00eddico ir\u00e1 avaliar as lutas e o protagonismo feminino na hist\u00f3ria &#8902; Blog da Condessa\" \/>\n<meta property=\"og:description\" content=\"Nos dias 23 e 24 de junho, em Barra do Gar\u00e7as, 513 km de Cuiab\u00e1, acontece o VIII Encontro da Associa\u00e7\u00e3o Brasileira de Mulheres de Carreira Jur\u00eddica (ABMCJ) da Regi\u00e3o Centro-Oeste, com o tema \u201cLutas e Reivindica\u00e7\u00f5es &#8211; O Protagonismo das Mulheres\u201d. O evento tem apoio da Defensoria P\u00fablica de Mato Grosso e coordena\u00e7\u00e3o geral [&hellip;]\" \/>\n<meta property=\"og:url\" content=\"https:\/\/blogdacondessa.com.br\/blog\/juridico\/encontro-juridico-ira-avaliar-as-lutas-e-o-protagonismo-feminino-na-historia\/\" \/>\n<meta property=\"og:site_name\" content=\"Blog da Condessa\" \/>\n<meta property=\"article:published_time\" content=\"2022-06-13T09:00:23+00:00\" \/>\n<meta property=\"article:modified_time\" content=\"2022-06-13T16:37:02+00:00\" \/>\n<meta property=\"og:image\" content=\"https:\/\/blogdacondessa.com.br\/blog\/wp-content\/uploads\/2022\/06\/defensoria-publica.jpg\" \/>\n\t<meta property=\"og:image:width\" content=\"1024\" \/>\n\t<meta property=\"og:image:height\" content=\"621\" \/>\n\t<meta property=\"og:image:type\" content=\"image\/jpeg\" \/>\n<meta name=\"author\" content=\"Blog da Condessa\" \/>\n<meta name=\"twitter:card\" content=\"summary_large_image\" \/>\n<meta name=\"twitter:label1\" content=\"Escrito por\" \/>\n\t<meta name=\"twitter:data1\" content=\"Blog da Condessa\" \/>\n\t<meta name=\"twitter:label2\" content=\"Est. tempo de leitura\" \/>\n\t<meta name=\"twitter:data2\" content=\"3 minutos\" \/>\n<script type=\"application\/ld+json\" class=\"yoast-schema-graph\">{\"@context\":\"https:\\\/\\\/schema.org\",\"@graph\":[{\"@type\":\"Article\",\"@id\":\"https:\\\/\\\/blogdacondessa.com.br\\\/blog\\\/juridico\\\/encontro-juridico-ira-avaliar-as-lutas-e-o-protagonismo-feminino-na-historia\\\/#article\",\"isPartOf\":{\"@id\":\"https:\\\/\\\/blogdacondessa.com.br\\\/blog\\\/juridico\\\/encontro-juridico-ira-avaliar-as-lutas-e-o-protagonismo-feminino-na-historia\\\/\"},\"author\":{\"name\":\"Blog da Condessa\",\"@id\":\"https:\\\/\\\/blogdacondessa.com.br\\\/blog\\\/#\\\/schema\\\/person\\\/1d667ff8b785195b568677489d266035\"},\"headline\":\"Encontro jur\u00eddico ir\u00e1 avaliar as lutas e o protagonismo feminino na hist\u00f3ria\",\"datePublished\":\"2022-06-13T09:00:23+00:00\",\"dateModified\":\"2022-06-13T16:37:02+00:00\",\"mainEntityOfPage\":{\"@id\":\"https:\\\/\\\/blogdacondessa.com.br\\\/blog\\\/juridico\\\/encontro-juridico-ira-avaliar-as-lutas-e-o-protagonismo-feminino-na-historia\\\/\"},\"wordCount\":535,\"image\":{\"@id\":\"https:\\\/\\\/blogdacondessa.com.br\\\/blog\\\/juridico\\\/encontro-juridico-ira-avaliar-as-lutas-e-o-protagonismo-feminino-na-historia\\\/#primaryimage\"},\"thumbnailUrl\":\"https:\\\/\\\/blogdacondessa.com.br\\\/blog\\\/wp-content\\\/uploads\\\/2022\\\/06\\\/defensoria-publica.jpg\",\"articleSection\":[\"Jur\u00eddico\"],\"inLanguage\":\"pt-BR\"},{\"@type\":\"WebPage\",\"@id\":\"https:\\\/\\\/blogdacondessa.com.br\\\/blog\\\/juridico\\\/encontro-juridico-ira-avaliar-as-lutas-e-o-protagonismo-feminino-na-historia\\\/\",\"url\":\"https:\\\/\\\/blogdacondessa.com.br\\\/blog\\\/juridico\\\/encontro-juridico-ira-avaliar-as-lutas-e-o-protagonismo-feminino-na-historia\\\/\",\"name\":\"Encontro jur\u00eddico ir\u00e1 avaliar as lutas e o protagonismo feminino na hist\u00f3ria &#8902; Blog da Condessa\",\"isPartOf\":{\"@id\":\"https:\\\/\\\/blogdacondessa.com.br\\\/blog\\\/#website\"},\"primaryImageOfPage\":{\"@id\":\"https:\\\/\\\/blogdacondessa.com.br\\\/blog\\\/juridico\\\/encontro-juridico-ira-avaliar-as-lutas-e-o-protagonismo-feminino-na-historia\\\/#primaryimage\"},\"image\":{\"@id\":\"https:\\\/\\\/blogdacondessa.com.br\\\/blog\\\/juridico\\\/encontro-juridico-ira-avaliar-as-lutas-e-o-protagonismo-feminino-na-historia\\\/#primaryimage\"},\"thumbnailUrl\":\"https:\\\/\\\/blogdacondessa.com.br\\\/blog\\\/wp-content\\\/uploads\\\/2022\\\/06\\\/defensoria-publica.jpg\",\"datePublished\":\"2022-06-13T09:00:23+00:00\",\"dateModified\":\"2022-06-13T16:37:02+00:00\",\"author\":{\"@id\":\"https:\\\/\\\/blogdacondessa.com.br\\\/blog\\\/#\\\/schema\\\/person\\\/1d667ff8b785195b568677489d266035\"},\"breadcrumb\":{\"@id\":\"https:\\\/\\\/blogdacondessa.com.br\\\/blog\\\/juridico\\\/encontro-juridico-ira-avaliar-as-lutas-e-o-protagonismo-feminino-na-historia\\\/#breadcrumb\"},\"inLanguage\":\"pt-BR\",\"potentialAction\":[{\"@type\":\"ReadAction\",\"target\":[\"https:\\\/\\\/blogdacondessa.com.br\\\/blog\\\/juridico\\\/encontro-juridico-ira-avaliar-as-lutas-e-o-protagonismo-feminino-na-historia\\\/\"]}]},{\"@type\":\"ImageObject\",\"inLanguage\":\"pt-BR\",\"@id\":\"https:\\\/\\\/blogdacondessa.com.br\\\/blog\\\/juridico\\\/encontro-juridico-ira-avaliar-as-lutas-e-o-protagonismo-feminino-na-historia\\\/#primaryimage\",\"url\":\"https:\\\/\\\/blogdacondessa.com.br\\\/blog\\\/wp-content\\\/uploads\\\/2022\\\/06\\\/defensoria-publica.jpg\",\"contentUrl\":\"https:\\\/\\\/blogdacondessa.com.br\\\/blog\\\/wp-content\\\/uploads\\\/2022\\\/06\\\/defensoria-publica.jpg\",\"width\":1024,\"height\":621},{\"@type\":\"BreadcrumbList\",\"@id\":\"https:\\\/\\\/blogdacondessa.com.br\\\/blog\\\/juridico\\\/encontro-juridico-ira-avaliar-as-lutas-e-o-protagonismo-feminino-na-historia\\\/#breadcrumb\",\"itemListElement\":[{\"@type\":\"ListItem\",\"position\":1,\"name\":\"In\u00edcio\",\"item\":\"https:\\\/\\\/blogdacondessa.com.br\\\/blog\\\/\"},{\"@type\":\"ListItem\",\"position\":2,\"name\":\"Encontro jur\u00eddico ir\u00e1 avaliar as lutas e o protagonismo feminino na hist\u00f3ria\"}]},{\"@type\":\"WebSite\",\"@id\":\"https:\\\/\\\/blogdacondessa.com.br\\\/blog\\\/#website\",\"url\":\"https:\\\/\\\/blogdacondessa.com.br\\\/blog\\\/\",\"name\":\"Blog da Condessa\",\"description\":\"Com Shirley de Souza O\u2019Campos\",\"potentialAction\":[{\"@type\":\"SearchAction\",\"target\":{\"@type\":\"EntryPoint\",\"urlTemplate\":\"https:\\\/\\\/blogdacondessa.com.br\\\/blog\\\/?s={search_term_string}\"},\"query-input\":{\"@type\":\"PropertyValueSpecification\",\"valueRequired\":true,\"valueName\":\"search_term_string\"}}],\"inLanguage\":\"pt-BR\"},{\"@type\":\"Person\",\"@id\":\"https:\\\/\\\/blogdacondessa.com.br\\\/blog\\\/#\\\/schema\\\/person\\\/1d667ff8b785195b568677489d266035\",\"name\":\"Blog da Condessa\",\"image\":{\"@type\":\"ImageObject\",\"inLanguage\":\"pt-BR\",\"@id\":\"https:\\\/\\\/secure.gravatar.com\\\/avatar\\\/377c0eb8b4ad2bfc25461b41564b5971e721ca34a57642868fc7b0c8ac7b52c5?s=96&d=mm&r=g\",\"url\":\"https:\\\/\\\/secure.gravatar.com\\\/avatar\\\/377c0eb8b4ad2bfc25461b41564b5971e721ca34a57642868fc7b0c8ac7b52c5?s=96&d=mm&r=g\",\"contentUrl\":\"https:\\\/\\\/secure.gravatar.com\\\/avatar\\\/377c0eb8b4ad2bfc25461b41564b5971e721ca34a57642868fc7b0c8ac7b52c5?s=96&d=mm&r=g\",\"caption\":\"Blog da Condessa\"},\"url\":\"https:\\\/\\\/blogdacondessa.com.br\\\/blog\\\/author\\\/beatriz\\\/\"}]}<\/script>\n<!-- \/ Yoast SEO plugin. -->","yoast_head_json":{"title":"Encontro jur\u00eddico ir\u00e1 avaliar as lutas e o protagonismo feminino na hist\u00f3ria &#8902; Blog da Condessa","robots":{"index":"index","follow":"follow","max-snippet":"max-snippet:-1","max-image-preview":"max-image-preview:large","max-video-preview":"max-video-preview:-1"},"canonical":"https:\/\/blogdacondessa.com.br\/blog\/juridico\/encontro-juridico-ira-avaliar-as-lutas-e-o-protagonismo-feminino-na-historia\/","og_locale":"pt_BR","og_type":"article","og_title":"Encontro jur\u00eddico ir\u00e1 avaliar as lutas e o protagonismo feminino na hist\u00f3ria &#8902; Blog da Condessa","og_description":"Nos dias 23 e 24 de junho, em Barra do Gar\u00e7as, 513 km de Cuiab\u00e1, acontece o VIII Encontro da Associa\u00e7\u00e3o Brasileira de Mulheres de Carreira Jur\u00eddica (ABMCJ) da Regi\u00e3o Centro-Oeste, com o tema \u201cLutas e Reivindica\u00e7\u00f5es &#8211; O Protagonismo das Mulheres\u201d. O evento tem apoio da Defensoria P\u00fablica de Mato Grosso e coordena\u00e7\u00e3o geral [&hellip;]","og_url":"https:\/\/blogdacondessa.com.br\/blog\/juridico\/encontro-juridico-ira-avaliar-as-lutas-e-o-protagonismo-feminino-na-historia\/","og_site_name":"Blog da Condessa","article_published_time":"2022-06-13T09:00:23+00:00","article_modified_time":"2022-06-13T16:37:02+00:00","og_image":[{"width":1024,"height":621,"url":"https:\/\/blogdacondessa.com.br\/blog\/wp-content\/uploads\/2022\/06\/defensoria-publica.jpg","type":"image\/jpeg"}],"author":"Blog da Condessa","twitter_card":"summary_large_image","twitter_misc":{"Escrito por":"Blog da Condessa","Est. tempo de leitura":"3 minutos"},"schema":{"@context":"https:\/\/schema.org","@graph":[{"@type":"Article","@id":"https:\/\/blogdacondessa.com.br\/blog\/juridico\/encontro-juridico-ira-avaliar-as-lutas-e-o-protagonismo-feminino-na-historia\/#article","isPartOf":{"@id":"https:\/\/blogdacondessa.com.br\/blog\/juridico\/encontro-juridico-ira-avaliar-as-lutas-e-o-protagonismo-feminino-na-historia\/"},"author":{"name":"Blog da Condessa","@id":"https:\/\/blogdacondessa.com.br\/blog\/#\/schema\/person\/1d667ff8b785195b568677489d266035"},"headline":"Encontro jur\u00eddico ir\u00e1 avaliar as lutas e o protagonismo feminino na hist\u00f3ria","datePublished":"2022-06-13T09:00:23+00:00","dateModified":"2022-06-13T16:37:02+00:00","mainEntityOfPage":{"@id":"https:\/\/blogdacondessa.com.br\/blog\/juridico\/encontro-juridico-ira-avaliar-as-lutas-e-o-protagonismo-feminino-na-historia\/"},"wordCount":535,"image":{"@id":"https:\/\/blogdacondessa.com.br\/blog\/juridico\/encontro-juridico-ira-avaliar-as-lutas-e-o-protagonismo-feminino-na-historia\/#primaryimage"},"thumbnailUrl":"https:\/\/blogdacondessa.com.br\/blog\/wp-content\/uploads\/2022\/06\/defensoria-publica.jpg","articleSection":["Jur\u00eddico"],"inLanguage":"pt-BR"},{"@type":"WebPage","@id":"https:\/\/blogdacondessa.com.br\/blog\/juridico\/encontro-juridico-ira-avaliar-as-lutas-e-o-protagonismo-feminino-na-historia\/","url":"https:\/\/blogdacondessa.com.br\/blog\/juridico\/encontro-juridico-ira-avaliar-as-lutas-e-o-protagonismo-feminino-na-historia\/","name":"Encontro jur\u00eddico ir\u00e1 avaliar as lutas e o protagonismo feminino na hist\u00f3ria &#8902; Blog da Condessa","isPartOf":{"@id":"https:\/\/blogdacondessa.com.br\/blog\/#website"},"primaryImageOfPage":{"@id":"https:\/\/blogdacondessa.com.br\/blog\/juridico\/encontro-juridico-ira-avaliar-as-lutas-e-o-protagonismo-feminino-na-historia\/#primaryimage"},"image":{"@id":"https:\/\/blogdacondessa.com.br\/blog\/juridico\/encontro-juridico-ira-avaliar-as-lutas-e-o-protagonismo-feminino-na-historia\/#primaryimage"},"thumbnailUrl":"https:\/\/blogdacondessa.com.br\/blog\/wp-content\/uploads\/2022\/06\/defensoria-publica.jpg","datePublished":"2022-06-13T09:00:23+00:00","dateModified":"2022-06-13T16:37:02+00:00","author":{"@id":"https:\/\/blogdacondessa.com.br\/blog\/#\/schema\/person\/1d667ff8b785195b568677489d266035"},"breadcrumb":{"@id":"https:\/\/blogdacondessa.com.br\/blog\/juridico\/encontro-juridico-ira-avaliar-as-lutas-e-o-protagonismo-feminino-na-historia\/#breadcrumb"},"inLanguage":"pt-BR","potentialAction":[{"@type":"ReadAction","target":["https:\/\/blogdacondessa.com.br\/blog\/juridico\/encontro-juridico-ira-avaliar-as-lutas-e-o-protagonismo-feminino-na-historia\/"]}]},{"@type":"ImageObject","inLanguage":"pt-BR","@id":"https:\/\/blogdacondessa.com.br\/blog\/juridico\/encontro-juridico-ira-avaliar-as-lutas-e-o-protagonismo-feminino-na-historia\/#primaryimage","url":"https:\/\/blogdacondessa.com.br\/blog\/wp-content\/uploads\/2022\/06\/defensoria-publica.jpg","contentUrl":"https:\/\/blogdacondessa.com.br\/blog\/wp-content\/uploads\/2022\/06\/defensoria-publica.jpg","width":1024,"height":621},{"@type":"BreadcrumbList","@id":"https:\/\/blogdacondessa.com.br\/blog\/juridico\/encontro-juridico-ira-avaliar-as-lutas-e-o-protagonismo-feminino-na-historia\/#breadcrumb","itemListElement":[{"@type":"ListItem","position":1,"name":"In\u00edcio","item":"https:\/\/blogdacondessa.com.br\/blog\/"},{"@type":"ListItem","position":2,"name":"Encontro jur\u00eddico ir\u00e1 avaliar as lutas e o protagonismo feminino na hist\u00f3ria"}]},{"@type":"WebSite","@id":"https:\/\/blogdacondessa.com.br\/blog\/#website","url":"https:\/\/blogdacondessa.com.br\/blog\/","name":"Blog da Condessa","description":"Com Shirley de Souza O\u2019Campos","potentialAction":[{"@type":"SearchAction","target":{"@type":"EntryPoint","urlTemplate":"https:\/\/blogdacondessa.com.br\/blog\/?s={search_term_string}"},"query-input":{"@type":"PropertyValueSpecification","valueRequired":true,"valueName":"search_term_string"}}],"inLanguage":"pt-BR"},{"@type":"Person","@id":"https:\/\/blogdacondessa.com.br\/blog\/#\/schema\/person\/1d667ff8b785195b568677489d266035","name":"Blog da Condessa","image":{"@type":"ImageObject","inLanguage":"pt-BR","@id":"https:\/\/secure.gravatar.com\/avatar\/377c0eb8b4ad2bfc25461b41564b5971e721ca34a57642868fc7b0c8ac7b52c5?s=96&d=mm&r=g","url":"https:\/\/secure.gravatar.com\/avatar\/377c0eb8b4ad2bfc25461b41564b5971e721ca34a57642868fc7b0c8ac7b52c5?s=96&d=mm&r=g","contentUrl":"https:\/\/secure.gravatar.com\/avatar\/377c0eb8b4ad2bfc25461b41564b5971e721ca34a57642868fc7b0c8ac7b52c5?s=96&d=mm&r=g","caption":"Blog da Condessa"},"url":"https:\/\/blogdacondessa.com.br\/blog\/author\/beatriz\/"}]}},"_links":{"self":[{"href":"https:\/\/blogdacondessa.com.br\/blog\/wp-json\/wp\/v2\/posts\/4061","targetHints":{"allow":["GET"]}}],"collection":[{"href":"https:\/\/blogdacondessa.com.br\/blog\/wp-json\/wp\/v2\/posts"}],"about":[{"href":"https:\/\/blogdacondessa.com.br\/blog\/wp-json\/wp\/v2\/types\/post"}],"author":[{"embeddable":true,"href":"https:\/\/blogdacondessa.com.br\/blog\/wp-json\/wp\/v2\/users\/2"}],"replies":[{"embeddable":true,"href":"https:\/\/blogdacondessa.com.br\/blog\/wp-json\/wp\/v2\/comments?post=4061"}],"version-history":[{"count":0,"href":"https:\/\/blogdacondessa.com.br\/blog\/wp-json\/wp\/v2\/posts\/4061\/revisions"}],"wp:featuredmedia":[{"embeddable":true,"href":"https:\/\/blogdacondessa.com.br\/blog\/wp-json\/wp\/v2\/media\/4062"}],"wp:attachment":[{"href":"https:\/\/blogdacondessa.com.br\/blog\/wp-json\/wp\/v2\/media?parent=4061"}],"wp:term":[{"taxonomy":"category","embeddable":true,"href":"https:\/\/blogdacondessa.com.br\/blog\/wp-json\/wp\/v2\/categories?post=4061"},{"taxonomy":"post_tag","embeddable":true,"href":"https:\/\/blogdacondessa.com.br\/blog\/wp-json\/wp\/v2\/tags?post=4061"}],"curies":[{"name":"wp","href":"https:\/\/api.w.org\/{rel}","templated":true}]}}